{"id":15968,"date":"2022-09-17T22:53:59","date_gmt":"2022-09-17T20:53:59","guid":{"rendered":"http:\/\/uscatletica.ch\/wp\/?p=15968"},"modified":"2022-09-18T20:02:12","modified_gmt":"2022-09-18T18:02:12","slug":"ct-assoluti-sabato-giada-oro-matilda-argento","status":"publish","type":"post","link":"https:\/\/uscatletica.ch\/wp\/?p=15968","title":{"rendered":"CT ASSOLUTI GIADA TITOLO E BRONZO MATILDA DOPPIO ARGENTO NUOVO"},"content":{"rendered":"\n<p>Le forti folate di vento \u00a0hanno caratterizzato la prima giornata dei campionati ticinesi assoluti disputatesi sabato al Lido di Locarno. \u00a0Un&#8217;ottima giornata per l&#8217;USC che con Giada ha vinto il titolo nel peso e con Matilda ha vinto l&#8217;argento sui 100 m. Mattia ha meritato la finale dei 100 m. Nuovo personale per Federica sui 1500 m \u00a0e podio sfiorato da Gaia sui 400 . Bene anche Michele, Lea, Leila e Pauline.<\/p>\n<p><span style=\"color: #ff0000;\">Nella seconda giornata sono arrivati due primati ticinesi dal settore lancio nel disco maschile Gian Vetterli e nel Giavellotto Joanne Hartmeier . Dalla pedana del disco \u00e8 arrivato il bronzo di Giada mentre in pista sui 200 m secondo argento per Matilda e finale per Jennis. Nel lungo finale per Matilda\u00a0<\/span><\/p>\n<p>\u00a0<\/p>\n<p>In North Carolina invece Letizia al college ha cominciato la stagione dei cross chiudendo la prova di 5 km al 24 posto in 17&#8217;19, migliore atleta del suo Queen&#8217;s College\u00a0<\/p>\n<p><a href=\"https:\/\/slv.laportal.net\/Competitions\/Details\/8235\" target=\"_blank\" rel=\"noopener\">I risultati Live <\/a><\/p>\n<p><a href=\"https:\/\/i0.wp.com\/uscatletica.ch\/wp\/wp-content\/uploads\/2022\/09\/22o.jpg?ssl=1\"><img data-recalc-dims=\"1\" loading=\"lazy\" decoding=\"async\" data-attachment-id=\"15969\" data-permalink=\"https:\/\/uscatletica.ch\/wp\/?attachment_id=15969\" data-orig-file=\"https:\/\/i0.wp.com\/uscatletica.ch\/wp\/wp-content\/uploads\/2022\/09\/22o.jpg?fit=432%2C411&amp;ssl=1\" data-orig-size=\"432,411\" data-comments-opened=\"0\" data-image-meta=\"{&quot;aperture&quot;:&quot;5.3&quot;,&quot;credit&quot;:&quot;&quot;,&quot;camera&quot;:&quot;DC-TZ91&quot;,&quot;caption&quot;:&quot;&quot;,&quot;created_timestamp&quot;:&quot;1663438527&quot;,&quot;copyright&quot;:&quot;&quot;,&quot;focal_length&quot;:&quot;24.2&quot;,&quot;iso&quot;:&quot;80&quot;,&quot;shutter_speed&quot;:&quot;0.008&quot;,&quot;title&quot;:&quot;&quot;,&quot;orientation&quot;:&quot;1&quot;}\" data-image-title=\"22o\" data-image-description=\"\" data-image-caption=\"\" data-large-file=\"https:\/\/i0.wp.com\/uscatletica.ch\/wp\/wp-content\/uploads\/2022\/09\/22o.jpg?fit=432%2C411&amp;ssl=1\" class=\"alignnone size-full wp-image-15969\" src=\"https:\/\/i0.wp.com\/uscatletica.ch\/wp\/wp-content\/uploads\/2022\/09\/22o.jpg?resize=432%2C411&#038;ssl=1\" alt=\"\" width=\"432\" height=\"411\" srcset=\"https:\/\/i0.wp.com\/uscatletica.ch\/wp\/wp-content\/uploads\/2022\/09\/22o.jpg?w=432&amp;ssl=1 432w, https:\/\/i0.wp.com\/uscatletica.ch\/wp\/wp-content\/uploads\/2022\/09\/22o.jpg?resize=300%2C285&amp;ssl=1 300w\" sizes=\"auto, (max-width: 432px) 100vw, 432px\" \/><\/a> <a href=\"https:\/\/i0.wp.com\/uscatletica.ch\/wp\/wp-content\/uploads\/2022\/09\/Giadapodio220916.jpg?ssl=1\"><img data-recalc-dims=\"1\" loading=\"lazy\" decoding=\"async\" data-attachment-id=\"15970\" data-permalink=\"https:\/\/uscatletica.ch\/wp\/?attachment_id=15970\" data-orig-file=\"https:\/\/i0.wp.com\/uscatletica.ch\/wp\/wp-content\/uploads\/2022\/09\/Giadapodio220916.jpg?fit=498%2C413&amp;ssl=1\" data-orig-size=\"498,413\" data-comments-opened=\"0\" data-image-meta=\"{&quot;aperture&quot;:&quot;5.3&quot;,&quot;credit&quot;:&quot;&quot;,&quot;camera&quot;:&quot;DC-TZ91&quot;,&quot;caption&quot;:&quot;&quot;,&quot;created_timestamp&quot;:&quot;1663440425&quot;,&quot;copyright&quot;:&quot;&quot;,&quot;focal_length&quot;:&quot;24.2&quot;,&quot;iso&quot;:&quot;80&quot;,&quot;shutter_speed&quot;:&quot;0.0125&quot;,&quot;title&quot;:&quot;&quot;,&quot;orientation&quot;:&quot;1&quot;}\" data-image-title=\"Giadapodio220916\" data-image-description=\"\" data-image-caption=\"\" data-large-file=\"https:\/\/i0.wp.com\/uscatletica.ch\/wp\/wp-content\/uploads\/2022\/09\/Giadapodio220916.jpg?fit=498%2C413&amp;ssl=1\" class=\"alignnone size-full wp-image-15970\" src=\"https:\/\/i0.wp.com\/uscatletica.ch\/wp\/wp-content\/uploads\/2022\/09\/Giadapodio220916.jpg?resize=498%2C413&#038;ssl=1\" alt=\"\" width=\"498\" height=\"413\" srcset=\"https:\/\/i0.wp.com\/uscatletica.ch\/wp\/wp-content\/uploads\/2022\/09\/Giadapodio220916.jpg?w=498&amp;ssl=1 498w, https:\/\/i0.wp.com\/uscatletica.ch\/wp\/wp-content\/uploads\/2022\/09\/Giadapodio220916.jpg?resize=300%2C249&amp;ssl=1 300w\" sizes=\"auto, (max-width: 498px) 100vw, 498px\" \/><\/a><\/p>\n<p><span style=\"color: #ff0000;\">La domenica comincia con il 53.15 di Gian Vetterli nella pedana del disco che vale il nuovo primato ticinese , In pista Matilda vince agilmente la sua batteria in 27&#8243;14 davanti a Jennis 27&#8243;75 cio\u00e8 l&#8217;ultimo posto in finale. Nella seconda batteria vinta in 26&#8243;34 da Petra Crescini, Lea corre in 28&#8243;10. \u00a0Nella finale vince Petra Crescini in 26&#8243;33 su Matilda, reduce dal Lungo, 26&#8243;88, terza Lia Patriarca 27&#8243;09. Jennis chiude quinta in 28&#8243;07. \u00a0Nella pedana del disco Giada esordisce con 37.17 prendendo il comando della gara Al secondo giro arrivano le risposte Gillian Ferrari scaglia il disco a 42.34 \u00a0per assicurarsi il titolo Giada Borin piazza un 37.47 che relega la nostra Giada al terzo rango. Negli ultimi tre lanci si alza la tensione si rischia tutto diversi lanci sono nulli arriva ancora un 40.97 di Borin per chiudere la classifica. Tra i due turni dei 200 m si gareggia anche nella pedana del lungo Matilda vola a 4.87 per prendersi l&#8217;ottavo ed ultimo posto in finale, Pauline si attesta a 4.75 con tre salti regolari. Laura. Ma\u00ebva Tahou con 5.69 soffia il secondo titolo a Laura Torino Imberti 5.61 m. \u00a0Sui 200 m maschili Nathan Oberti vince in 22&#8243;13 su Matteo D&#8217;Anna e Joao Sepulveda Moreira. Nel lungo vince Nicola Fumagalli 6.88 m su Nathan Codiroli e Matteo De Biasio. \u00a0Tripletta del GAB sugli 800 con Siro Gentilini 1.56.66 su Filippo Balestra ed Enea Ratti. Tra le donne Ilaria Arini vince in2&#8217;13&#8243;33 su Sara Salvad\u00e9 e Siria Cariboni. In chiusura di giornata Joanne Hartmeier vince \u00a0con il nuovo primato ticinese il lancio del giavellotto 43.25 il nuovo limite su Emile Zitter e Gillian Ferrari. Tra gli uomini \u00e8 il direttore del CAT Stefano Rossetti a vincere lo scudetto, Brenno Della Santa guida la tripletta USA nell&#8217;Asta<\/span><\/p>\n<p>\u00a0<\/p>\n<p>A fine pomeriggio Giada scende nella pedana del peso, dove in stagione ha avuto diversi problemi, si parte con prudenza un lancio di sicurezza a 9.96 che le permette di chiudere il primo turno al comando al secondo lancio arriva il 10.52 che le regala un buona sicurezza. Al terzo c&#8217;\u00e8 un nullo Parravicini arriva 10.50 m \u00a0Giada risponde al quarto con 10.85 per assicurarsi il titolo. Titolo maschile Gian Vetterli con 14.80 su Jan Colombini e Giona Erdmann che ha vinto il martello 48.65 per la tripletta Virtus.<\/p>\n<p>La prima a scendere in pista \u00e8 Matilda che in 13.13 \u00a0(-1.4)vince agilmente la sua batteria dei 100 e si issa in finale . Nella seconda batteria Lea chiude in 13.56 nella batteria pi\u00f9 veloce vinta da Ma\u00ebva Tahou in 12&#8243;80. Nella terza in un bufera di vento contrario (-2.3) Leila corre in 13.89. Tra i ragazzi Mattia in prima batteria chiude terzo in 11&#8243;65 e conquista la finale . In finale Matilda lotta fino all&#8217;ultimo metro ed in 12&#8243;61 arriva ad un solo decimo dalla nuova campionessa ticinese Ma\u00ebva Tahou completa il podio Lia Patriarca.\u00a0<\/p>\n<p>Al maschile domina Nathan Oberti 11&#8243;12 \u00a0su Joao Sepulveda Moreira e Nathan Codiroli. Mattia chiude la stagione su una nota positiva in 11&#8243;68 per un buon quinto rango. \u00a0Sui 400 m Gaia chiude quarta \u00a0in 63&#8243;67 \u00a0 \u00a0mostrando una buona base su cui lavorare. Petra Crescini con un ottimi 58&#8243;55 vince il titolo su Siria Cariboni e Margherita Croci Torti. Mattia Tajana vince il titolo maschile in 49&#8243;78 su Hagos Boo e Matteo D&#8217;Anna.\u00a0<\/p>\n<p>Velocissima la gara dei 1500 femminile che premia Giulia Salvad\u00e9 su Ilaria Arini e Sara Salvad\u00e9. Federica lotta fino alla fine e con il nuovo personale di 4&#8217;56&#8243;07 \u00a0chiude quinta vicinissima al quarto rango. \u00a0L&#8217;avvio tattico della gara maschile \u00e8 sugli stessi ritmi di quella femminile dopo 700 m inizia la progressione letale di Pietro Calamai che regola i giovani GAB Siro Gentilini ed Enea Ratti. Michele ottiene un bel sesto rango in 4&#8217;18&#8243;61 tempo figlio dell&#8217;avvio decisamente guardingo di tutto il gruppo.\u00a0<\/p>\n<p>Nel salto in alto \u00a0Pauline pareggia il personale a 1.40 m, il titolo va ad Ulla Rossi 1.65 su Emma Rosa e Aicha Pirotta. Al maschile vince Daniel Barta 1.93 su Remy Piffaretti 1.90 \u00a0e Nicolas Lazaro. Nel triplo femminile vince l&#8217;ex primatista ticinese Laura Torino Imberti sulle giovani biaschesi Katia Castelli e Aline Falconi.\u00a0<\/p>\n<p>\u00a0<\/p>\n","protected":false},"excerpt":{"rendered":"<p>Le forti folate di vento \u00a0hanno caratterizzato la prima giornata dei campionati ticinesi assoluti disputatesi sabato al Lido di Locarno. \u00a0Un&#8217;ottima giornata per l&#8217;USC che con Giada ha vinto il titolo nel peso e con Matilda ha vinto l&#8217;argento sui 100 m. Mattia ha meritato la finale dei 100 m. Nuovo personale per Federica sui 1500 m \u00a0e podio sfiorato da Gaia sui 400 . Bene anche Michele, Lea, Leila e Pauline. Nella seconda giornata&#8230;<\/p>\n","protected":false},"author":4,"featured_media":15970,"comment_status":"closed","ping_status":"closed","sticky":false,"template":"","format":"standard","meta":{"jetpack_post_was_ever_published":false,"_jetpack_newsletter_access":"","_jetpack_dont_email_post_to_subs":false,"_jetpack_newsletter_tier_id":0,"_jetpack_memberships_contains_paywalled_content":false,"_jetpack_memberships_contains_paid_content":false,"footnotes":"","jetpack_publicize_message":"","jetpack_publicize_feature_enabled":true,"jetpack_social_post_already_shared":false,"jetpack_social_options":{"image_generator_settings":{"template":"highway","default_image_id":0,"font":"","enabled":false},"version":2}},"categories":[4,9],"tags":[],"class_list":["post-15968","post","type-post","status-publish","format-standard","has-post-thumbnail","hentry","category-pista","category-sport"],"jetpack_publicize_connections":[],"jetpack_featured_media_url":"https:\/\/i0.wp.com\/uscatletica.ch\/wp\/wp-content\/uploads\/2022\/09\/Giadapodio220916.jpg?fit=498%2C413&ssl=1","jetpack_sharing_enabled":true,"jetpack_shortlink":"https:\/\/wp.me\/p6V7Ck-49y","jetpack-related-posts":[{"id":8487,"url":"https:\/\/uscatletica.ch\/wp\/?p=8487","url_meta":{"origin":15968,"position":0},"title":"Poker di medaglie ai CT ASSOLUTI Chiara tris di medaglie agli italiani","author":"Leonida Stampanoni","date":"15 Giugno 2019","format":false,"excerpt":"Bella la prima giornata die campionati ticinesi assoluti a Locarno. Nel getto del peso ottima prestazione per l'USC che ha firmato con Giada e C\u00e9line che firmano la doppietta nel getto del peso mentre neil giavellotto Giada si prende una medaglia di Bronzo. Domenica il bottino si arrichisce con due\u2026","rel":"","context":"In &quot;Non catalogato&quot;","block_context":{"text":"Non catalogato","link":"https:\/\/uscatletica.ch\/wp\/?cat=6"},"img":{"alt_text":"","src":"https:\/\/i0.wp.com\/uscatletica.ch\/wp\/wp-content\/uploads\/2019\/06\/IMG20198874.jpg?fit=432%2C263&ssl=1&resize=350%2C200","width":350,"height":200},"classes":[]},{"id":17865,"url":"https:\/\/uscatletica.ch\/wp\/?p=17865","url_meta":{"origin":15968,"position":1},"title":"Kora bronzo e titolo U20 nel Getto del peso","author":"Leonida Stampanoni","date":"26 Agosto 2023","format":false,"excerpt":"La prima giornata dei campionati ticinesi assoluti ha regalato all'USC l'argento nel getto del peso nel segno della tradizione \u00a0dopo la lunga serie di medaglie iniziate da C\u00e8line (2016-2019) e Giada (2018-2022). Venerd\u00ec sera \u00e8 arrivato il turno di Kora che ha vinto pure il titolo U20. Matilda invece sfiora\u2026","rel":"","context":"In &quot;Pista&quot;","block_context":{"text":"Pista","link":"https:\/\/uscatletica.ch\/wp\/?cat=4"},"img":{"alt_text":"","src":"https:\/\/i0.wp.com\/uscatletica.ch\/wp\/wp-content\/uploads\/2023\/08\/230825kora.jpg?fit=352%2C284&ssl=1&resize=350%2C200","width":350,"height":200},"classes":[]},{"id":6277,"url":"https:\/\/uscatletica.ch\/wp\/?p=6277","url_meta":{"origin":15968,"position":2},"title":"CS Regionali  Giada argento nel peso Gaia Bronzo in alto","author":"Leonida Stampanoni","date":"23 Giugno 2018","format":false,"excerpt":"La seconda giornata di gare ha regalato un'altra medaglia all'USC stesse splendide condizioni e mattinata cominciata in apprensione per un mal di pancia a Gaia, che dopo aver recuperato le forze \u00e8 stata brava a vincere una medaglia di bronzo nel salto in alto. Nel frattempo le sue compagne sfidavano\u2026","rel":"","context":"In &quot;Pista&quot;","block_context":{"text":"Pista","link":"https:\/\/uscatletica.ch\/wp\/?cat=4"},"img":{"alt_text":"","src":"https:\/\/i0.wp.com\/uscatletica.ch\/wp\/wp-content\/uploads\/2018\/06\/podisabcrreg18.jpg?fit=422%2C317&ssl=1&resize=350%2C200","width":350,"height":200},"classes":[]},{"id":12086,"url":"https:\/\/uscatletica.ch\/wp\/?p=12086","url_meta":{"origin":15968,"position":3},"title":"Giada record Ticinese  U20 a Sarnen e due argenti A Biasca","author":"Leonida Stampanoni","date":"24 Aprile 2021","format":false,"excerpt":"La stagione all\u2019aperto 2021 parte col Botto per gli USCini. Il doppio impegno ci regala immense soddisfazioni. infatti a Sarnen Giada demolisce il primato ticinese U20 nel lancio del disco raggiungendo la quota di 44.13, mentre al Vallone di Biasca le nostre ragazze ottengono ottime prestazioni nelle staffette veloci cogliendo\u2026","rel":"","context":"In &quot;Pista&quot;","block_context":{"text":"Pista","link":"https:\/\/uscatletica.ch\/wp\/?cat=4"},"img":{"alt_text":"","src":"https:\/\/i0.wp.com\/uscatletica.ch\/wp\/wp-content\/uploads\/2021\/04\/P10702624x100medaglie.jpg?resize=350%2C200","width":350,"height":200},"classes":[]},{"id":6641,"url":"https:\/\/uscatletica.ch\/wp\/?p=6641","url_meta":{"origin":15968,"position":4},"title":"CT U16 U18 5 Medaglie USC AL Lido  tris di Giada (Classifiche)","author":"Leonida Stampanoni","date":"29 Settembre 2018","format":false,"excerpt":"Al Lido di Locarno una calda giornata estiva d'inizio autunno, ha permesso un ideale svolgimento dei campionati ticinesi giovanili. Una quindicina gli USCini impegnati a correre saltare e lanciare. Quest'ultimo settore \u00e8 quello che ci ha regalato le maggiori soddisfazioni Giada ha vinto un set completo di medaglie con la\u2026","rel":"","context":"In &quot;Non catalogato&quot;","block_context":{"text":"Non catalogato","link":"https:\/\/uscatletica.ch\/wp\/?cat=6"},"img":{"alt_text":"","src":"https:\/\/i0.wp.com\/uscatletica.ch\/wp\/wp-content\/uploads\/2018\/09\/gidactu16.jpg?resize=350%2C200&ssl=1","width":350,"height":200},"classes":[]},{"id":10878,"url":"https:\/\/uscatletica.ch\/wp\/?p=10878","url_meta":{"origin":15968,"position":5},"title":"FINE SETTIMANA DAI CS AL RAGAZZO + VELOCE 8 medaglie ticinesi","author":"Leonida Stampanoni","date":"10 Settembre 2020","format":false,"excerpt":"Nel fine settimana Basel ospiter\u00e0 i campionati svizzeri assoluti che avrebbero dovuto svolgersi a Bellinzona per festeggiare il mezzo secolo del FTAL. Sulle rive del Reno l'USC torner\u00e0 alla massima rassegna nazionale dopo 10 anni e sar\u00e0 Giada la nostra atleta in mezzo ai migliori talenti rossocrociati. A Lugano invece\u2026","rel":"","context":"In &quot;Pista&quot;","block_context":{"text":"Pista","link":"https:\/\/uscatletica.ch\/wp\/?cat=4"},"img":{"alt_text":"","src":"https:\/\/i0.wp.com\/uscatletica.ch\/wp\/wp-content\/uploads\/2020\/08\/Giadapeso2002podio.jpg?fit=321%2C428&ssl=1&resize=350%2C200","width":350,"height":200},"classes":[]}],"_links":{"self":[{"href":"https:\/\/uscatletica.ch\/wp\/index.php?rest_route=\/wp\/v2\/posts\/15968","targetHints":{"allow":["GET"]}}],"collection":[{"href":"https:\/\/uscatletica.ch\/wp\/index.php?rest_route=\/wp\/v2\/posts"}],"about":[{"href":"https:\/\/uscatletica.ch\/wp\/index.php?rest_route=\/wp\/v2\/types\/post"}],"author":[{"embeddable":true,"href":"https:\/\/uscatletica.ch\/wp\/index.php?rest_route=\/wp\/v2\/users\/4"}],"replies":[{"embeddable":true,"href":"https:\/\/uscatletica.ch\/wp\/index.php?rest_route=%2Fwp%2Fv2%2Fcomments&post=15968"}],"version-history":[{"count":7,"href":"https:\/\/uscatletica.ch\/wp\/index.php?rest_route=\/wp\/v2\/posts\/15968\/revisions"}],"predecessor-version":[{"id":15984,"href":"https:\/\/uscatletica.ch\/wp\/index.php?rest_route=\/wp\/v2\/posts\/15968\/revisions\/15984"}],"wp:featuredmedia":[{"embeddable":true,"href":"https:\/\/uscatletica.ch\/wp\/index.php?rest_route=\/wp\/v2\/media\/15970"}],"wp:attachment":[{"href":"https:\/\/uscatletica.ch\/wp\/index.php?rest_route=%2Fwp%2Fv2%2Fmedia&parent=15968"}],"wp:term":[{"taxonomy":"category","embeddable":true,"href":"https:\/\/uscatletica.ch\/wp\/index.php?rest_route=%2Fwp%2Fv2%2Fcategories&post=15968"},{"taxonomy":"post_tag","embeddable":true,"href":"https:\/\/uscatletica.ch\/wp\/index.php?rest_route=%2Fwp%2Fv2%2Ftags&post=15968"}],"curies":[{"name":"wp","href":"https:\/\/api.w.org\/{rel}","templated":true}]}}