{"id":16067,"date":"2022-09-23T20:27:58","date_gmt":"2022-09-23T18:27:58","guid":{"rendered":"http:\/\/uscatletica.ch\/wp\/?p=16067"},"modified":"2022-09-23T20:28:01","modified_gmt":"2022-09-23T18:28:01","slug":"da-salzburg-a-ginevra-in-pista-passando-dal-trail-san-giorgio","status":"publish","type":"post","link":"https:\/\/uscatletica.ch\/wp\/?p=16067","title":{"rendered":"Da Salzburg a Ginevra in pista passando dal Trail San Giorgio"},"content":{"rendered":"\n<p>Fine settimana intenso per l&#8217;USC tre le presenze USC con la selezione Ticino FTAL che sar\u00e0 a Salzburg per l&#8217;incontro Arge Alp. Il nostro No\u00e9 sar\u00e0 alla quarta finale MilLe Gruy\u00e8re consecutiva la trasferta lo porter\u00e0 fino al bout du monde a Ginevra. In Ticino ci sar\u00e0 il Trail San Giorgio penultima prova della coppa ASTi Trail\u00a0<\/p>\n<p><a href=\"https:\/\/slv.laportal.net\/Competitions\/Details\/8160\" target=\"_blank\" rel=\"noopener\">Risultati della finale MilLe Gruy\u00e8re<\/a>\u00a0<a href=\"https:\/\/www.performancesportlive.ch\/g-live.html?f=races\/sangiorgiotrail\/2022\/SGT2022.clax\" target=\"_blank\" rel=\"noopener\">\u00a0 Risultati dal Trail San Giorgio<\/a>\u00a0<\/p>\n<p>A Salzburg al via troveremo Giada nel peso, Matilda nella velocit\u00e0 e nella staffetta e Michele sui 5000 m\u00a0<\/p>\n<p>Tra i 360 finalisti del MilLe Gruy\u00e8re con la quarta partecipazione No\u00e9 diventa l&#8217;USCino con il maggior numero di presenze.\u00a0<\/p>\n<p class=\"western\"><span style=\"color: #0563c1;\"><span style=\"color: #000000;\"><span lang=\"it-IT\">Sabato al Bout du monde di Ginevra saranno i giovani mezzofondisti a chiudere il trittico delle finali nazionali dei progetti Swiss Athletics. Sulle Rive del Lemano si disputer\u00e0 il MilLe Gruy\u00e8re e saranno 360 i ragazzi a sfidarsi sui due giri e mezzo di pista. Oltre alla vittoria, per i miglior 4 di ogni categoria ci sar\u00e0 anche un biglietto per l\u2019edizione 2023 del Weltklasse Zurich che si terr\u00e0 il 31 agosto. Saranno 24 i giovani talenti Ticinesi impegnati nella finale che meno ha regalato soddisfazioni ai colori rossobl\u00f9. Infatti, solo il vicecampione europeo Ricky Petrucciani fin\u00ec secondo nel 2013 ad Aarau, poi Tosca Del Siro che si aggiudic\u00f2 l\u2019argento a Locarno. Lo scorso anno i tre ticinesi del 2006 finirono ai piedi del podio.<\/span><\/span><\/span><\/p>\n<p class=\"western\"><span style=\"color: #0563c1;\"><span style=\"color: #000000;\"><span lang=\"it-IT\">L\u2019edizione 2022 promette per\u00f2 migliori soddisfazioni. Tra le ragazze ci sar\u00e0 al via il podio completo del 600 m corso al recente Gal\u00e0 dei Castelli. Tiziana Rosamilia (USA), Tosca Del Siro (GAD) hanno corso due delle quattro migliori prestazioni ticinesi U20 di sempre sui 600 m, seguite a pochi metri da Aurora De Marco (GAB). <br \/>Nelle W14 Rosamilia e Del Siro saranno per\u00f2 al cospetto di Fiona Von Fl\u00fce atleta che sta dominando il mezzofondo giovanile svizzero. Tra i ragazzi M15 ci saranno i primi due del Gal\u00e0: Elia Marcoli (FGM) e Leonhard Haller (GAB) che sicuramente potranno ambire ad un diploma finendo tra i primi 8.<br \/>All\u2019ultima finale nelle W15 la De Marco, che correr\u00e0 con la compagna Ester Felice, ha i mezzi per completare la sua progressione. Tra gli M14 saranno i due asconesi Ilian Pirotta e Samuele Iaconi a difendere i colori del Ticino. <br \/>Tra gli M11 Raphael Pontarolo (SAB), correr\u00e0 in compagnia di Maylon Pongelli (ASM). Tra le ragazze ci saranno Giorgia Blani e Rebecca Mariotti per la SAL. <br \/>Terza atleta luganese sar\u00e0 Azzurra Visetti che con Aline Oliva (GAD), Geremia Pontarolo (SAB) e No\u00e9 Volger (USC) forma il quartetto del 2009. <br \/>Poker di atleti locarnesi per il 2010 con il multi-talento Sara Bomio Pacciorini (USA), Alyssa Ferrari (SAG), Matteo Iaconi (USA) e Lorenzo Bracchi (Virtus). <br \/>Alla prima finale invece Tiago Antonietti (FGM), Nevan De Nardo (GAD) e due ragazze GAB Nora T\u00fcrkyilmaz e Giovanna Turrini.<\/span><\/span><\/span><\/p>\n<p class=\"western\"><span style=\"color: #0563c1;\"><span style=\"color: #000000;\"><span lang=\"it-IT\">Dal settore corsa in montagna arrivano ottime notizie da Swiss Athletics: Roberto Delorenzi (USC) \u00e8 stato convocato in nazionale per correre la distanza corta del Trail ai campionati del mondo di Chian Mai (Tailandia) in programma dal 3 al 6 novembre. In squadra anche la pluricampionessa mondiale ed europea Maude Mathys. <\/span><\/span><\/span><\/p>\n<p class=\"western\"><span style=\"color: #0563c1;\"><span style=\"color: #000000;\"><span lang=\"it-IT\">Nel primo fine settimana di ottobre si chiuder\u00e0 la stagione in pista: sabato, al comunale di Bellinzona, si terranno i campionati ticinesi giovanili, mentre domenica a Mendrisio la Vigor proporr\u00e0 il meeting di chiusura. <\/span><\/span><\/span><\/p>\n<p class=\"western\"><span style=\"font-size: small;\"><br \/><\/span>Qualificati ticinesi per la finale MilLe Gruy\u00e8re del 24 settembre a Ginevra<\/p>\n<p class=\"western\">2007 <span lang=\"it-IT\">Leonard Haller GAB Elia Marcoli FGM<\/span><\/p>\n<p class=\"western\">Aurora De Marco GAB Ester Felice GAB<\/p>\n<p class=\"western\"><span style=\"font-size: xx-small;\"><br \/><\/span>2008 Ilian Pirotta USA Samuele Iaconi USA<\/p>\n<p class=\"western\" align=\"justify\"><span style=\"color: #00000a;\">Tiziana Rosamilia USA <\/span><span style=\"color: #00000a;\">Tosca Del Siro GAD<\/span><\/p>\n<p class=\"western\"><span style=\"font-size: xx-small;\"><br \/><\/span>2009 Geremia Pontarolo SAB N<span lang=\"it-IT\">o\u00e9 Volger USC <\/span><\/p>\n<p class=\"western\"><span style=\"color: #00000a;\">Oliva Aline GAD Azzurra Visetti SAL<\/span><\/p>\n<p class=\"western\" align=\"justify\"><span style=\"color: #00000a;\"><span style=\"font-size: xx-small;\"><span lang=\"it-IT\"><br \/><\/span><\/span><\/span><span style=\"color: #00000a;\"><span lang=\"it-IT\">2010 Iaconi Matteo USA Lorenzo Bracchi Virtus<\/span><\/span><\/p>\n<p class=\"western\" align=\"justify\"><span style=\"color: #00000a;\"><span lang=\"it-IT\">Sara Bomio Pacciorini USA <\/span><\/span><span style=\"color: #00000a;\"><span lang=\"it-IT\">Alyssa Ferrari SAG<\/span><\/span><\/p>\n<p class=\"western\"><span style=\"font-size: xx-small;\"><br \/><\/span>2011 <span style=\"color: #00000a;\">Raphael Pontarolo<\/span> SAB <span style=\"color: #00000a;\">Maylon Pongelli <\/span>ASM<\/p>\n<p class=\"western\" align=\"justify\"><span style=\"color: #00000a;\"><span lang=\"it-IT\">Giorgia Blani <\/span><\/span><span style=\"color: #00000a;\"><span lang=\"it-IT\">SAL Rebecca Mariotti SAL<\/span><\/span><\/p>\n<p class=\"western\"><span style=\"font-size: xx-small;\"><br \/><\/span>2012 Tiago Antonietti FGM<span style=\"color: #00000a;\"><span lang=\"it-IT\"> Nevan De Nardo GAD<\/span><\/span><\/p>\n<p class=\"western\"><span style=\"color: #00000a;\"><span lang=\"it-IT\">Nora T\u00fcrkyilmaz SAB Giovanna Turrini GAB<\/span><\/span><\/p>\n","protected":false},"excerpt":{"rendered":"<p>Fine settimana intenso per l&#8217;USC tre le presenze USC con la selezione Ticino FTAL che sar\u00e0 a Salzburg per l&#8217;incontro Arge Alp. Il nostro No\u00e9 sar\u00e0 alla quarta finale MilLe Gruy\u00e8re consecutiva la trasferta lo porter\u00e0 fino al bout du monde a Ginevra. In Ticino ci sar\u00e0 il Trail San Giorgio penultima prova della coppa ASTi Trail\u00a0 Risultati della finale MilLe Gruy\u00e8re\u00a0\u00a0 Risultati dal Trail San Giorgio\u00a0 A Salzburg al via troveremo Giada nel peso,&#8230;<\/p>\n","protected":false},"author":4,"featured_media":13370,"comment_status":"closed","ping_status":"closed","sticky":false,"template":"","format":"standard","meta":{"jetpack_post_was_ever_published":false,"_jetpack_newsletter_access":"","_jetpack_dont_email_post_to_subs":false,"_jetpack_newsletter_tier_id":0,"_jetpack_memberships_contains_paywalled_content":false,"_jetpack_memberships_contains_paid_content":false,"footnotes":"","jetpack_publicize_message":"","jetpack_publicize_feature_enabled":true,"jetpack_social_post_already_shared":false,"jetpack_social_options":{"image_generator_settings":{"template":"highway","default_image_id":0,"font":"","enabled":false},"version":2}},"categories":[16,4,5,9],"tags":[],"class_list":["post-16067","post","type-post","status-publish","format-standard","has-post-thumbnail","hentry","category-montagna","category-pista","category-podismo","category-sport"],"jetpack_publicize_connections":[],"jetpack_featured_media_url":"https:\/\/i0.wp.com\/uscatletica.ch\/wp\/wp-content\/uploads\/2021\/09\/210914U14post.jpg?fit=324%2C432&ssl=1","jetpack_sharing_enabled":true,"jetpack_shortlink":"https:\/\/wp.me\/p6V7Ck-4b9","jetpack-related-posts":[{"id":13441,"url":"https:\/\/uscatletica.ch\/wp\/?p=13441","url_meta":{"origin":16067,"position":0},"title":"TEMPO DI FINALI DA APPENZELLO A BELLINZONA","author":"Leonida Stampanoni","date":"24 Settembre 2021","format":false,"excerpt":"Nel fine settimana il calendario prevede tre impegni, due finali ed il meeting dedicato ai masters. In Ticino sar\u00e0 il comunale di Bellinzona il centro dell'azione: sabato in pista saranno i Masters (Meeting master valido anche come Campionato svizzero), domenica ci sar\u00e0 la tappa finale del BancaStato Grand Prix Ticino,\u2026","rel":"","context":"In &quot;Pista&quot;","block_context":{"text":"Pista","link":"https:\/\/uscatletica.ch\/wp\/?cat=4"},"img":{"alt_text":"","src":"https:\/\/i0.wp.com\/uscatletica.ch\/wp\/wp-content\/uploads\/2021\/05\/210513100ma.jpg?fit=432%2C324&ssl=1&resize=350%2C200","width":350,"height":200},"classes":[]},{"id":11112,"url":"https:\/\/uscatletica.ch\/wp\/?p=11112","url_meta":{"origin":16067,"position":1},"title":"Monthey Bellinzona Tesserete Lugano si chiude la stagione con i giovanili","author":"Leonida Stampanoni","date":"25 Settembre 2020","format":false,"excerpt":"Intenso fine settimana per gli atleti USC ,sabato No\u00e9, Jennis, e Federica saranno a Monthey per la finale del MilLe Gruyere Kariem Hussein far\u00e0 tappa ai campionati svizzeri Masters dove Elia chiuder\u00e0 la sua stagione. Domenica dopo la seconda edizione del Gir dal Diavol a Lugano ci saranno i Campionati\u2026","rel":"","context":"In &quot;Pista&quot;","block_context":{"text":"Pista","link":"https:\/\/uscatletica.ch\/wp\/?cat=4"},"img":{"alt_text":"","src":"https:\/\/i0.wp.com\/uscatletica.ch\/wp\/wp-content\/uploads\/2020\/09\/1.jpeg?fit=420%2C315&ssl=1&resize=350%2C200","width":350,"height":200},"classes":[]},{"id":12468,"url":"https:\/\/uscatletica.ch\/wp\/?p=12468","url_meta":{"origin":16067,"position":2},"title":"Al comunale la sfida del MilLe Gruyere","author":"Leonida Stampanoni","date":"9 Giugno 2021","format":false,"excerpt":"\u00a0Mercoled\u00ec sera il comunale di Bellinzona ospiter\u00e0 la finale del MilLe Gruy\u00e8re\u00a0\u00a0il progetto giovanile di Swiss Athletics dedicato ai mezzofondisti che ha regalato molte soddisfazione all'USC. A partire dalle 18.10 in pista ci saranno ben 17 USCini\/e a guidare il gruppo pi\u00f9 numeroso di sempre ci saranno Pietro tra i\u2026","rel":"","context":"In &quot;Pista&quot;","block_context":{"text":"Pista","link":"https:\/\/uscatletica.ch\/wp\/?cat=4"},"img":{"alt_text":"","src":"https:\/\/i0.wp.com\/uscatletica.ch\/wp\/wp-content\/uploads\/2021\/05\/210513st600m.jpg?fit=432%2C324&ssl=1&resize=350%2C200","width":350,"height":200},"classes":[]},{"id":21263,"url":"https:\/\/uscatletica.ch\/wp\/?p=21263","url_meta":{"origin":16067,"position":3},"title":"IL FINE SETTIMANA TRA SANGALLO LOSANNA E BELLINZONA","author":"Leonida Stampanoni","date":"18 Settembre 2025","format":false,"excerpt":"Nel fine settimana poker di impegni in pista per l'USC, la selezione Ticino sar\u00e0 all'incontro Arge Alp a San Gallo dove \u00a0Marta e Michele difenderanno i colori USC. Un terzetto sar\u00e0 alla Pontaise alla finale MilLe Gruyere \u00a0Nicole che ritrova la finale mentre Mattia e Remo debutteranno sulle rive del\u2026","rel":"","context":"In &quot;Pista&quot;","block_context":{"text":"Pista","link":"https:\/\/uscatletica.ch\/wp\/?cat=4"},"img":{"alt_text":"","src":"https:\/\/i0.wp.com\/uscatletica.ch\/wp\/wp-content\/uploads\/2025\/05\/2025ct5kmichilardi.jpg?fit=439%2C261&ssl=1&resize=350%2C200","width":350,"height":200},"classes":[]},{"id":9109,"url":"https:\/\/uscatletica.ch\/wp\/?p=9109","url_meta":{"origin":16067,"position":4},"title":"Bellinzona Isone Basodino Locarno Uster USC a 360 gradi","author":"Leonida Stampanoni","date":"20 Settembre 2019","format":false,"excerpt":"Il primo fine settimana autunnale sar\u00e0 veramente ricco di impegni per gli atleti USC. In pista si chiude il Gran Prix FTAL al comunale di Bellinzona con i palio pure i titoli suo 5000 m e 3000 m prima di ospitare il classico meeting Masters giunto alla 19 edizioni. Locarno\u2026","rel":"","context":"In &quot;Montagna&quot;","block_context":{"text":"Montagna","link":"https:\/\/uscatletica.ch\/wp\/?cat=16"},"img":{"alt_text":"","src":"https:\/\/i0.wp.com\/uscatletica.ch\/wp\/wp-content\/uploads\/2019\/08\/caratschlausc190815.jpg?fit=432%2C324&ssl=1&resize=350%2C200","width":350,"height":200},"classes":[]},{"id":14965,"url":"https:\/\/uscatletica.ch\/wp\/?p=14965","url_meta":{"origin":16067,"position":5},"title":"MilLe Gruyere No\u00e9 quarta finale  podio per Viola e Jennis","author":"Leonida Stampanoni","date":"28 Aprile 2022","format":false,"excerpt":"Una splendida serata primaverile per accogliere i 331 partecipanti alla prima delle 12 finali regionali\u00a0 del MilLe Gruyere.\u00a0 Sotto la direzione attenta del GAB l'USC ha portato ben 18 giovani promesse sulla linea di partenza, No\u00e9 secondo si merita la quarta finale consecutiva, mentre Viola e Jennis salgono sul podio\u2026","rel":"","context":"In &quot;Pista&quot;","block_context":{"text":"Pista","link":"https:\/\/uscatletica.ch\/wp\/?cat=4"},"img":{"alt_text":"","src":"https:\/\/i0.wp.com\/uscatletica.ch\/wp\/wp-content\/uploads\/2022\/04\/220427migrpodiom13.jpg?fit=432%2C324&ssl=1&resize=350%2C200","width":350,"height":200},"classes":[]}],"_links":{"self":[{"href":"https:\/\/uscatletica.ch\/wp\/index.php?rest_route=\/wp\/v2\/posts\/16067","targetHints":{"allow":["GET"]}}],"collection":[{"href":"https:\/\/uscatletica.ch\/wp\/index.php?rest_route=\/wp\/v2\/posts"}],"about":[{"href":"https:\/\/uscatletica.ch\/wp\/index.php?rest_route=\/wp\/v2\/types\/post"}],"author":[{"embeddable":true,"href":"https:\/\/uscatletica.ch\/wp\/index.php?rest_route=\/wp\/v2\/users\/4"}],"replies":[{"embeddable":true,"href":"https:\/\/uscatletica.ch\/wp\/index.php?rest_route=%2Fwp%2Fv2%2Fcomments&post=16067"}],"version-history":[{"count":1,"href":"https:\/\/uscatletica.ch\/wp\/index.php?rest_route=\/wp\/v2\/posts\/16067\/revisions"}],"predecessor-version":[{"id":16068,"href":"https:\/\/uscatletica.ch\/wp\/index.php?rest_route=\/wp\/v2\/posts\/16067\/revisions\/16068"}],"wp:featuredmedia":[{"embeddable":true,"href":"https:\/\/uscatletica.ch\/wp\/index.php?rest_route=\/wp\/v2\/media\/13370"}],"wp:attachment":[{"href":"https:\/\/uscatletica.ch\/wp\/index.php?rest_route=%2Fwp%2Fv2%2Fmedia&parent=16067"}],"wp:term":[{"taxonomy":"category","embeddable":true,"href":"https:\/\/uscatletica.ch\/wp\/index.php?rest_route=%2Fwp%2Fv2%2Fcategories&post=16067"},{"taxonomy":"post_tag","embeddable":true,"href":"https:\/\/uscatletica.ch\/wp\/index.php?rest_route=%2Fwp%2Fv2%2Ftags&post=16067"}],"curies":[{"name":"wp","href":"https:\/\/api.w.org\/{rel}","templated":true}]}}