{"id":16071,"date":"2022-09-25T18:05:44","date_gmt":"2022-09-25T16:05:44","guid":{"rendered":"http:\/\/uscatletica.ch\/wp\/?p=16071"},"modified":"2022-09-25T18:18:45","modified_gmt":"2022-09-25T16:18:45","slug":"da-berlino-a-salisburgo","status":"publish","type":"post","link":"https:\/\/uscatletica.ch\/wp\/?p=16071","title":{"rendered":"Da Berlino al San Giorgio podio per Giancarlo"},"content":{"rendered":"\n<p>Nel fine settimana due atleti USC erano alla Berlin Marathon dove hanno potuto vivere l&#8217;emozione di correre nella stessa competizione dove \u00e8 stato ottenuto il nuovo primato del mondo della maratona grazie ad Eliud Kipchoge che ha chiuso i 42.195 km in 2h01&#8217;09, tra le donne l&#8217;etiope Assefa Tigista ha corso la terza prestazione di sempre in 3h15&#8243;47. AL San Giorgioal via c&#8217;era Giancarlo \u00a0la vittoria \u00e8 andata a Lukas Oehen e Ylenia Polti.\u00a0<\/p>\n<p>Sempre ottime notizie dal North Carolina dove Letizia<a href=\"https:\/\/queensathletics.com\/news\/2022\/9\/23\/letizia-martinelli-places-first-as-royals-cross-country-competes-at-queen-city-invite.aspx\" target=\"_blank\" rel=\"noopener\"> ha vinto il suo primo cross\u00a0<\/a><\/p>\n<p>\u00a0<\/p>\n<p><a href=\"https:\/\/berlin.r.mikatiming.com\/2022\/?page=12&amp;event=BML&amp;pid=search&amp;pidp=start&amp;search%5Bage_class%5D=%25&amp;search%5Bsex%5D=%25&amp;search%5Bnation%5D=SUI&amp;search_sort=name\" target=\"_blank\" rel=\"noopener\">risultati dal Generoso<\/a>\u00a0<a href=\"https:\/\/berlin.r.mikatiming.com\/2022\/?page=12&amp;event=BML&amp;pid=search&amp;pidp=start&amp;search%5Bage_class%5D=%25&amp;search%5Bsex%5D=%25&amp;search%5Bnation%5D=SUI&amp;search_sort=name\" target=\"_blank\" rel=\"noopener\">risultati da Berlin<\/a><\/p>\n<p>Al via della maratona pi\u00f9 veloce del mondo, dove sono stati ottenuti gli ultimi 3-4 primati del mondo, buona prova per Davide che dopo un passaggio alla mezza in 1h25&#8217;57 ha terminato la sua fatica in 2h56&#8243;59. David ha chiuso in 4h08&#8217;22. Al Trail del San Giorgio terzo rango di categoria per Giancarlo che ha corso gli 11 km con 900 m di dislivello in 1h23&#8217;51<\/p>\n","protected":false},"excerpt":{"rendered":"<p>Nel fine settimana due atleti USC erano alla Berlin Marathon dove hanno potuto vivere l&#8217;emozione di correre nella stessa competizione dove \u00e8 stato ottenuto il nuovo primato del mondo della maratona grazie ad Eliud Kipchoge che ha chiuso i 42.195 km in 2h01&#8217;09, tra le donne l&#8217;etiope Assefa Tigista ha corso la terza prestazione di sempre in 3h15&#8243;47. AL San Giorgioal via c&#8217;era Giancarlo \u00a0la vittoria \u00e8 andata a Lukas Oehen e Ylenia Polti.\u00a0 Sempre&#8230;<\/p>\n","protected":false},"author":4,"featured_media":0,"comment_status":"closed","ping_status":"closed","sticky":false,"template":"","format":"standard","meta":{"jetpack_post_was_ever_published":false,"_jetpack_newsletter_access":"","_jetpack_dont_email_post_to_subs":false,"_jetpack_newsletter_tier_id":0,"_jetpack_memberships_contains_paywalled_content":false,"_jetpack_memberships_contains_paid_content":false,"footnotes":"","jetpack_publicize_message":"","jetpack_publicize_feature_enabled":true,"jetpack_social_post_already_shared":false,"jetpack_social_options":{"image_generator_settings":{"template":"highway","default_image_id":0,"font":"","enabled":false},"version":2}},"categories":[4,5,9],"tags":[],"class_list":["post-16071","post","type-post","status-publish","format-standard","hentry","category-pista","category-podismo","category-sport"],"jetpack_publicize_connections":[],"jetpack_featured_media_url":"","jetpack_sharing_enabled":true,"jetpack_shortlink":"https:\/\/wp.me\/p6V7Ck-4bd","jetpack-related-posts":[{"id":6559,"url":"https:\/\/uscatletica.ch\/wp\/?p=6559","url_meta":{"origin":16071,"position":0},"title":"Giornico grande USC Berlin  Kipchoge Mondiale","author":"Leonida Stampanoni","date":"15 Settembre 2018","format":false,"excerpt":"Un fine settimana intenso per i nostri atleti, i piccoli al via nel TAS\u00a0 a Rivera, i podisti\u00a0 tra Giornico e Berlin mentre Giada e C\u00e9line ci rappresentano al meeting Arge Alp di Bregenz con la selezione Ticino . CORSA DELLE 7 CHIESE GIORNICO La corsa delle 7 Chiese era\u2026","rel":"","context":"In &quot;Pista&quot;","block_context":{"text":"Pista","link":"https:\/\/uscatletica.ch\/wp\/?cat=4"},"img":{"alt_text":"","src":"https:\/\/i0.wp.com\/uscatletica.ch\/wp\/wp-content\/uploads\/2018\/06\/tuttivigor18.jpg?fit=532%2C259&ssl=1&resize=350%2C200","width":350,"height":200,"srcset":"https:\/\/i0.wp.com\/uscatletica.ch\/wp\/wp-content\/uploads\/2018\/06\/tuttivigor18.jpg?fit=532%2C259&ssl=1&resize=350%2C200 1x, https:\/\/i0.wp.com\/uscatletica.ch\/wp\/wp-content\/uploads\/2018\/06\/tuttivigor18.jpg?fit=532%2C259&ssl=1&resize=525%2C300 1.5x"},"classes":[]},{"id":10616,"url":"https:\/\/uscatletica.ch\/wp\/?p=10616","url_meta":{"origin":16071,"position":1},"title":"Morena bene a Langenthal due podi per Roby al SANBERNARDINO","author":"Leonida Stampanoni","date":"10 Agosto 2020","format":false,"excerpt":"Il fine settimana si \u00e8 sviluppato tra il moesano e Langenthal dove Morena ha partecipato con successo ai campionati svizzeri di gare multiple. Al Sanbernardino in programma una due giorni con il trail i l sabato ed il vertical domenica, Robi ha chiuso secondo e terzo mentre Marco sempre nei\u2026","rel":"","context":"In &quot;CO&quot;","block_context":{"text":"CO","link":"https:\/\/uscatletica.ch\/wp\/?cat=19"},"img":{"alt_text":"","src":"https:\/\/i0.wp.com\/uscatletica.ch\/wp\/wp-content\/uploads\/2020\/01\/campaccio2020.jpg?fit=432%2C285&ssl=1&resize=350%2C200","width":350,"height":200},"classes":[]},{"id":18123,"url":"https:\/\/uscatletica.ch\/wp\/?p=18123","url_meta":{"origin":16071,"position":2},"title":"Elia PRIMO al Basodino","author":"Stampa E","date":"17 Settembre 2023","format":false,"excerpt":"L\u2019undicesima Corsa del Basodino, corsa domenica mattina da San Carlo alla Capanna Basodino (6.130 Km, +1025m \/ -109m) ha visto imporsi Elia S., primo assoluto e primo di categoria in un ottimo 48\u201932\u2019\u2019. Al femminile la vittoria \u00e8 restata in famiglia con la vittoria di Paola S. in 50\u201916\u2019\u2019, nuovo\u2026","rel":"","context":"In &quot;Montagna&quot;","block_context":{"text":"Montagna","link":"https:\/\/uscatletica.ch\/wp\/?cat=16"},"img":{"alt_text":"","src":"https:\/\/i0.wp.com\/uscatletica.ch\/wp\/wp-content\/uploads\/2023\/09\/2c44acfc-3dbb-410f-9341-9da5b3b19fec.jpg?fit=768%2C1024&ssl=1&resize=350%2C200","width":350,"height":200,"srcset":"https:\/\/i0.wp.com\/uscatletica.ch\/wp\/wp-content\/uploads\/2023\/09\/2c44acfc-3dbb-410f-9341-9da5b3b19fec.jpg?fit=768%2C1024&ssl=1&resize=350%2C200 1x, https:\/\/i0.wp.com\/uscatletica.ch\/wp\/wp-content\/uploads\/2023\/09\/2c44acfc-3dbb-410f-9341-9da5b3b19fec.jpg?fit=768%2C1024&ssl=1&resize=525%2C300 1.5x, https:\/\/i0.wp.com\/uscatletica.ch\/wp\/wp-content\/uploads\/2023\/09\/2c44acfc-3dbb-410f-9341-9da5b3b19fec.jpg?fit=768%2C1024&ssl=1&resize=700%2C400 2x"},"classes":[]},{"id":17971,"url":"https:\/\/uscatletica.ch\/wp\/?p=17971","url_meta":{"origin":16071,"position":3},"title":"Coppa ASTi montagna: di nuovo Elia e Giancarlo sul podio","author":"Stampa E","date":"3 Settembre 2023","format":false,"excerpt":"S\u2019\u00e8 corsa sabato la penultima prova della Coppa ASTi BancaStato di montagna, con la ripida salita ai Monti della Ganna, la CronoverticalCDO. Dopo 1'050 metri di dislivello in soli 4.9 km, hanno vinto Paola Stampanoni (GAB) e Ga\u00ebl Droz (GhSk), mentre per l\u2019USC erano presenti i \u201csoliti\u201d Elia S. e\u2026","rel":"","context":"In &quot;Montagna&quot;","block_context":{"text":"Montagna","link":"https:\/\/uscatletica.ch\/wp\/?cat=16"},"img":{"alt_text":"","src":"https:\/\/i0.wp.com\/uscatletica.ch\/wp\/wp-content\/uploads\/2023\/09\/CDO.jpg?fit=638%2C498&ssl=1&resize=350%2C200","width":350,"height":200,"srcset":"https:\/\/i0.wp.com\/uscatletica.ch\/wp\/wp-content\/uploads\/2023\/09\/CDO.jpg?fit=638%2C498&ssl=1&resize=350%2C200 1x, https:\/\/i0.wp.com\/uscatletica.ch\/wp\/wp-content\/uploads\/2023\/09\/CDO.jpg?fit=638%2C498&ssl=1&resize=525%2C300 1.5x"},"classes":[]},{"id":19673,"url":"https:\/\/uscatletica.ch\/wp\/?p=19673","url_meta":{"origin":16071,"position":4},"title":"Cronometro del Nara","author":"Stampa E","date":"28 Luglio 2024","format":false,"excerpt":"In una torrida mattinata s\u2019\u00e8 corsa domenica la Cronometro del Nara, con partenza individuale da Prugiasco e arrivo a Add\u00ec. Sul ripido percorso di 5.8 km con 960 metri di salita, miglior tempo maschile per Elia che ha cos\u00ec incamerato altri 30 punti per la Coppa montagna, dove consolida il\u2026","rel":"","context":"In &quot;Montagna&quot;","block_context":{"text":"Montagna","link":"https:\/\/uscatletica.ch\/wp\/?cat=16"},"img":{"alt_text":"","src":"https:\/\/i0.wp.com\/uscatletica.ch\/wp\/wp-content\/uploads\/2024\/07\/EliaPaolaNara2024.png?fit=707%2C708&ssl=1&resize=350%2C200","width":350,"height":200,"srcset":"https:\/\/i0.wp.com\/uscatletica.ch\/wp\/wp-content\/uploads\/2024\/07\/EliaPaolaNara2024.png?fit=707%2C708&ssl=1&resize=350%2C200 1x, https:\/\/i0.wp.com\/uscatletica.ch\/wp\/wp-content\/uploads\/2024\/07\/EliaPaolaNara2024.png?fit=707%2C708&ssl=1&resize=525%2C300 1.5x, https:\/\/i0.wp.com\/uscatletica.ch\/wp\/wp-content\/uploads\/2024\/07\/EliaPaolaNara2024.png?fit=707%2C708&ssl=1&resize=700%2C400 2x"},"classes":[]},{"id":10679,"url":"https:\/\/uscatletica.ch\/wp\/?p=10679","url_meta":{"origin":16071,"position":5},"title":"Doppietta Delorenzi tra la Greina e la rampigada","author":"Leonida Stampanoni","date":"24 Agosto 2020","format":false,"excerpt":"Altro doppio impegno in montagna per i fratelli Delorenzi che sabato erano alla Rampigada di San Domenico in Varzo mente Domenica a campo Belnio hanno firmato la doppietta al Greina Trail\u00a0 sabato si correva anche la prima edizione della MonteBaro Run con per l'USC una doppietta nei veterani e nelle\u2026","rel":"","context":"In &quot;Pista&quot;","block_context":{"text":"Pista","link":"https:\/\/uscatletica.ch\/wp\/?cat=4"},"img":{"alt_text":"","src":"https:\/\/i0.wp.com\/uscatletica.ch\/wp\/wp-content\/uploads\/2019\/12\/moschwra191226.jpg?fit=432%2C324&ssl=1&resize=350%2C200","width":350,"height":200},"classes":[]}],"_links":{"self":[{"href":"https:\/\/uscatletica.ch\/wp\/index.php?rest_route=\/wp\/v2\/posts\/16071","targetHints":{"allow":["GET"]}}],"collection":[{"href":"https:\/\/uscatletica.ch\/wp\/index.php?rest_route=\/wp\/v2\/posts"}],"about":[{"href":"https:\/\/uscatletica.ch\/wp\/index.php?rest_route=\/wp\/v2\/types\/post"}],"author":[{"embeddable":true,"href":"https:\/\/uscatletica.ch\/wp\/index.php?rest_route=\/wp\/v2\/users\/4"}],"replies":[{"embeddable":true,"href":"https:\/\/uscatletica.ch\/wp\/index.php?rest_route=%2Fwp%2Fv2%2Fcomments&post=16071"}],"version-history":[{"count":4,"href":"https:\/\/uscatletica.ch\/wp\/index.php?rest_route=\/wp\/v2\/posts\/16071\/revisions"}],"predecessor-version":[{"id":16078,"href":"https:\/\/uscatletica.ch\/wp\/index.php?rest_route=\/wp\/v2\/posts\/16071\/revisions\/16078"}],"wp:attachment":[{"href":"https:\/\/uscatletica.ch\/wp\/index.php?rest_route=%2Fwp%2Fv2%2Fmedia&parent=16071"}],"wp:term":[{"taxonomy":"category","embeddable":true,"href":"https:\/\/uscatletica.ch\/wp\/index.php?rest_route=%2Fwp%2Fv2%2Fcategories&post=16071"},{"taxonomy":"post_tag","embeddable":true,"href":"https:\/\/uscatletica.ch\/wp\/index.php?rest_route=%2Fwp%2Fv2%2Ftags&post=16071"}],"curies":[{"name":"wp","href":"https:\/\/api.w.org\/{rel}","templated":true}]}}