{"id":16106,"date":"2022-09-30T19:56:03","date_gmt":"2022-09-30T17:56:03","guid":{"rendered":"http:\/\/uscatletica.ch\/wp\/?p=16106"},"modified":"2022-09-30T20:00:21","modified_gmt":"2022-09-30T18:00:21","slug":"ct-giovanili-e-tas-sagno-il-fine-settimana-usc","status":"publish","type":"post","link":"https:\/\/uscatletica.ch\/wp\/?p=16106","title":{"rendered":"CT GIOVANILI E TAS SAGNO IL FINE SETTIMANA USC"},"content":{"rendered":"\n\n\n<p>Nel fine settimana si chiuder\u00e0 la stagione ticinese in pista con un doppio l&#8217;ultimo appuntamento sar\u00e0 a Mendrisio con tutte le prove di corsa dai 100 agli 800 mentre sabato al comunale di Bellinzona si disputeranno i campionati ticinesi giovanili di atletica leggera. \u00a0Domenica sar\u00e0 idealmente il trofeo ASTi BancaStato Staffette a raccogliere il testimone per lanciare il finale di stagione con la Staffetta di Sagno. Per i podisti appuntamenti di prestigio con la Morat Fribourg e \u00a0la Claro Pizzo.<\/p>\n<p>Sabato al comunale saranno una ventina gli atleti USC al via capitanate dalle nostre due reduci dai campionati svizzeri Matilda e Federica sapranno cogliere l&#8217;occasione e regalarci grandi soddisfazioni.\u00a0<\/p>\n<p>Nella velocit\u00e0 sar\u00e0 Matilda una delle favorite sui sui 100 m affiancata da Lea e Carolina mentre sui 400 ci saranno Gaia, Lara ed Elia. Sugli 80 m Marta, Alice, Jennis, Melissa proveranno a prendersi un posto in finale. Jennis poi scender\u00e0 in pista anche sugli 80 m ostacoli. Federica \u00e8 tra le favorite sui 1500 m mentre sui 600 attenzione a Martina \u00a0accompagnata da Cecilia ,Olivia O. e S. Tra i ragazzi No\u00e9 correr\u00e0 i 600 m e scender\u00e0 in pedana nel lungo. Disciplina che avr\u00e0 ben 47 U16W al via con anche le nostre Marta, Alice, Jennis, Olivia O. Tra le U18 Pauline \u00e8 la nostra saltatrice in pedana sia nel lungo che nell&#8217;alto, Morena la nostra lanciatrice in pedana tra peso e giavellotto dove sar\u00e0 affiancata da Lara.\u00a0<\/p>\n<p>Domenica a Sagno riprender\u00e0 il TAS \u00a0con la staffetta di Sagno \u00a0dopo una primavera tribolata l&#8217;USC contrariamente alla tradizione \u00a0\u00e8 quasi certa di non festeggiare nemmeno una vittoria parziale. I nostri ragazzi per\u00f2 potranno divertirsi nei tre appuntamenti consecutivi con le staffette. Infatti dopo Sagno in 14 giorni di correr\u00e0 anche a Riva San Vitale e Isone.\u00a0<\/p>\n<p><blockquote class=\"wp-embedded-content\" data-secret=\"vpAefFjY7i\"><a href=\"https:\/\/ftal.ch\/a-bellinzona-in-palio-i-titoli-giovanili-chiusura-a-mendrisio\/\">A BELLINZONA IN PALIO I TITOLI GIOVANILI , CHIUSURA A MENDRISIO<\/a><\/blockquote><iframe loading=\"lazy\" class=\"wp-embedded-content\" sandbox=\"allow-scripts\" security=\"restricted\" style=\"position: absolute; clip: rect(1px, 1px, 1px, 1px);\" title=\"&#8220;A BELLINZONA IN PALIO I TITOLI GIOVANILI , CHIUSURA A MENDRISIO&#8221; &#8212; FTAL\" src=\"https:\/\/ftal.ch\/a-bellinzona-in-palio-i-titoli-giovanili-chiusura-a-mendrisio\/embed\/#?secret=dkrolM23Ay#?secret=vpAefFjY7i\" data-secret=\"vpAefFjY7i\" width=\"600\" height=\"338\" frameborder=\"0\" marginwidth=\"0\" marginheight=\"0\" scrolling=\"no\"><\/iframe><\/p>\n<table border=\"0\" cellspacing=\"0\"><colgroup width=\"184\"><\/colgroup><colgroup width=\"98\"><\/colgroup><colgroup width=\"130\"><\/colgroup><colgroup width=\"45\"><\/colgroup>\n<tbody>\n<tr>\n<td align=\"left\" valign=\"top\" height=\"23\"><span style=\"font-family: Verdana; font-size: xx-small;\">Cocconi Lea<\/span><\/td>\n<td align=\"left\" valign=\"top\"><span style=\"font-family: Verdana; font-size: xx-small;\">100 m<\/span><\/td>\n<td align=\"left\" valign=\"top\"><span style=\"font-family: Verdana; font-size: xx-small;\">\u00a0<\/span><\/td>\n<td align=\"left\" valign=\"top\"><span style=\"font-family: Verdana; font-size: xx-small;\">\u00a0<\/span><\/td>\n<\/tr>\n<tr>\n<td align=\"left\" valign=\"top\" height=\"23\"><span style=\"font-family: Verdana; font-size: xx-small;\">Rosa Matilda<\/span><\/td>\n<td align=\"left\" valign=\"top\"><span style=\"font-family: Verdana; font-size: xx-small;\">100 m<\/span><\/td>\n<td align=\"left\" valign=\"top\"><span style=\"font-family: Verdana; font-size: xx-small;\">\u00a0<\/span><\/td>\n<td align=\"left\" valign=\"top\"><span style=\"font-family: Verdana; font-size: xx-small;\">\u00a0<\/span><\/td>\n<\/tr>\n<tr>\n<td align=\"left\" valign=\"top\" height=\"23\"><span style=\"font-family: Verdana; font-size: xx-small;\">Campana Carolina<\/span><\/td>\n<td align=\"left\" valign=\"top\"><span style=\"font-family: Verdana; font-size: xx-small;\">100 m<\/span><\/td>\n<td align=\"left\" valign=\"top\"><span style=\"font-family: Verdana; font-size: xx-small;\">\u00a0<\/span><\/td>\n<td align=\"left\" valign=\"top\"><span style=\"font-family: Verdana; font-size: xx-small;\">\u00a0<\/span><\/td>\n<\/tr>\n<tr>\n<td align=\"left\" valign=\"top\" height=\"23\"><span style=\"font-family: Verdana; font-size: xx-small;\">Baldi Federica<\/span><\/td>\n<td align=\"left\" valign=\"top\"><span style=\"font-family: Verdana; font-size: xx-small;\">1500 m<\/span><\/td>\n<td align=\"left\" valign=\"top\"><span style=\"font-family: Verdana; font-size: xx-small;\">\u00a0<\/span><\/td>\n<td align=\"left\" valign=\"top\"><span style=\"font-family: Verdana; font-size: xx-small;\">\u00a0<\/span><\/td>\n<\/tr>\n<tr>\n<td align=\"left\" valign=\"top\" height=\"23\"><span style=\"font-family: Verdana; font-size: xx-small;\">Sasselli Lara<\/span><\/td>\n<td align=\"left\" valign=\"top\"><span style=\"font-family: Verdana; font-size: xx-small;\">400 m<\/span><\/td>\n<td align=\"left\" valign=\"top\"><span style=\"font-family: Verdana; font-size: xx-small;\">Giavellotto 500 gr<\/span><\/td>\n<td align=\"left\" valign=\"top\"><span style=\"font-family: Verdana; font-size: xx-small;\">\u00a0<\/span><\/td>\n<\/tr>\n<tr>\n<td align=\"left\" valign=\"top\" height=\"23\"><span style=\"font-family: Verdana; font-size: xx-small;\">Iten Gaia<\/span><\/td>\n<td align=\"left\" valign=\"top\"><span style=\"font-family: Verdana; font-size: xx-small;\">400 m<\/span><\/td>\n<td align=\"left\" valign=\"top\"><span style=\"font-family: Verdana; font-size: xx-small;\">\u00a0<\/span><\/td>\n<td align=\"left\" valign=\"top\"><span style=\"font-family: Verdana; font-size: xx-small;\">\u00a0<\/span><\/td>\n<\/tr>\n<tr>\n<td align=\"left\" valign=\"top\" height=\"23\"><span style=\"font-family: Verdana; font-size: xx-small;\">Magistra Pauline<\/span><\/td>\n<td align=\"left\" valign=\"top\"><span style=\"font-family: Verdana; font-size: xx-small;\">Alto<\/span><\/td>\n<td align=\"left\" valign=\"top\"><span style=\"font-family: Verdana; font-size: xx-small;\">Lungo<\/span><\/td>\n<td align=\"left\" valign=\"top\"><span style=\"font-family: Verdana; font-size: xx-small;\">\u00a0<\/span><\/td>\n<\/tr>\n<tr>\n<td align=\"left\" valign=\"top\" height=\"23\"><span style=\"font-family: Verdana; font-size: xx-small;\">Hutter Morena<\/span><\/td>\n<td align=\"left\" valign=\"top\"><span style=\"font-family: Verdana; font-size: xx-small;\">Peso 3.00 kg<\/span><\/td>\n<td align=\"left\" valign=\"top\"><span style=\"font-family: Verdana; font-size: xx-small;\">Giavellotto 500 gr<\/span><\/td>\n<td align=\"left\" valign=\"top\"><span style=\"font-family: Verdana; font-size: xx-small;\">\u00a0<\/span><\/td>\n<\/tr>\n<tr>\n<td align=\"left\" valign=\"top\" height=\"23\"><span style=\"font-family: Verdana; font-size: xx-small;\">Botti Elia<\/span><\/td>\n<td align=\"left\" valign=\"top\"><span style=\"font-family: Verdana; font-size: xx-small;\">400 m<\/span><\/td>\n<td align=\"left\" valign=\"top\"><span style=\"font-family: Verdana; font-size: xx-small;\">\u00a0<\/span><\/td>\n<td align=\"left\" valign=\"top\"><span style=\"font-family: Verdana; font-size: xx-small;\">\u00a0<\/span><\/td>\n<\/tr>\n<tr>\n<td align=\"left\" valign=\"top\" height=\"23\"><span style=\"font-family: Verdana; font-size: xx-small;\">Buri Martina<\/span><\/td>\n<td align=\"left\" valign=\"top\"><span style=\"font-family: Verdana; font-size: xx-small;\">600 m<\/span><\/td>\n<td align=\"left\" valign=\"top\"><span style=\"font-family: Verdana; font-size: xx-small;\">\u00a0<\/span><\/td>\n<td align=\"left\" valign=\"top\"><span style=\"font-family: Verdana; font-size: xx-small;\">\u00a0<\/span><\/td>\n<\/tr>\n<tr>\n<td align=\"left\" valign=\"top\" height=\"23\"><span style=\"font-family: Verdana; font-size: xx-small;\">Orsi Olivia<\/span><\/td>\n<td align=\"left\" valign=\"top\"><span style=\"font-family: Verdana; font-size: xx-small;\">600 m<\/span><\/td>\n<td align=\"left\" valign=\"top\"><span style=\"font-family: Verdana; font-size: xx-small;\">Lungo<\/span><\/td>\n<td align=\"left\" valign=\"top\"><span style=\"font-family: Verdana; font-size: xx-small;\">\u00a0<\/span><\/td>\n<\/tr>\n<tr>\n<td align=\"left\" valign=\"top\" height=\"23\"><span style=\"font-family: Verdana; font-size: xx-small;\">Volger Cecilia<\/span><\/td>\n<td align=\"left\" valign=\"top\"><span style=\"font-family: Verdana; font-size: xx-small;\">600 m<\/span><\/td>\n<td align=\"left\" valign=\"top\"><span style=\"font-family: Verdana; font-size: xx-small;\">\u00a0<\/span><\/td>\n<td align=\"left\" valign=\"top\"><span style=\"font-family: Verdana; font-size: xx-small;\">\u00a0<\/span><\/td>\n<\/tr>\n<tr>\n<td align=\"left\" valign=\"top\" height=\"23\"><span style=\"font-family: Verdana; font-size: xx-small;\">Stampanoni Olivia<\/span><\/td>\n<td align=\"left\" valign=\"top\"><span style=\"font-family: Verdana; font-size: xx-small;\">600 m<\/span><\/td>\n<td align=\"left\" valign=\"top\"><span style=\"font-family: Verdana; font-size: xx-small;\">\u00a0<\/span><\/td>\n<td align=\"left\" valign=\"top\"><span style=\"font-family: Verdana; font-size: xx-small;\">\u00a0<\/span><\/td>\n<\/tr>\n<tr>\n<td align=\"left\" valign=\"top\" height=\"23\"><span style=\"font-family: Verdana; font-size: xx-small;\">Brenna Melissa<\/span><\/td>\n<td align=\"left\" valign=\"top\"><span style=\"font-family: Verdana; font-size: xx-small;\">80 m<\/span><\/td>\n<td align=\"left\" valign=\"top\"><span style=\"font-family: Verdana; font-size: xx-small;\">Lungo<\/span><\/td>\n<td align=\"left\" valign=\"top\"><span style=\"font-family: Verdana; font-size: xx-small;\">\u00a0<\/span><\/td>\n<\/tr>\n<tr>\n<td align=\"left\" valign=\"top\" height=\"23\"><span style=\"font-family: Verdana; font-size: xx-small;\">Petralli Alice<\/span><\/td>\n<td align=\"left\" valign=\"top\"><span style=\"font-family: Verdana; font-size: xx-small;\">80 m<\/span><\/td>\n<td align=\"left\" valign=\"top\"><span style=\"font-family: Verdana; font-size: xx-small;\">Lungo<\/span><\/td>\n<td align=\"left\" valign=\"top\"><span style=\"font-family: Verdana; font-size: xx-small;\">\u00a0<\/span><\/td>\n<\/tr>\n<tr>\n<td align=\"left\" valign=\"top\" height=\"23\"><span style=\"font-family: Verdana; font-size: xx-small;\">Mulattieri Marta<\/span><\/td>\n<td align=\"left\" valign=\"top\"><span style=\"font-family: Verdana; font-size: xx-small;\">80 m<\/span><\/td>\n<td align=\"left\" valign=\"top\"><span style=\"font-family: Verdana; font-size: xx-small;\">Lungo<\/span><\/td>\n<td align=\"left\" valign=\"top\"><span style=\"font-family: Verdana; font-size: xx-small;\">\u00a0<\/span><\/td>\n<\/tr>\n<tr>\n<td align=\"left\" valign=\"top\" height=\"23\"><span style=\"font-family: Verdana; font-size: xx-small;\">Berger Jennis<\/span><\/td>\n<td align=\"left\" valign=\"top\"><span style=\"font-family: Verdana; font-size: xx-small;\">80 m H 76.2<\/span><\/td>\n<td align=\"left\" valign=\"top\"><span style=\"font-family: Verdana; font-size: xx-small;\">Lungo<\/span><\/td>\n<td align=\"left\" valign=\"top\"><span style=\"font-family: Verdana; font-size: xx-small;\">80 m<\/span><\/td>\n<\/tr>\n<tr>\n<td align=\"left\" valign=\"top\" height=\"23\"><span style=\"font-family: Verdana; font-size: xx-small;\">Volger No\u00e8<\/span><\/td>\n<td align=\"left\" valign=\"top\"><span style=\"font-family: Verdana; font-size: xx-small;\">600 m<\/span><\/td>\n<td align=\"left\" valign=\"top\"><span style=\"font-family: Verdana; font-size: xx-small;\">Lungo<\/span><\/td>\n<td align=\"left\" valign=\"top\">\u00a0<\/td>\n<\/tr>\n<\/tbody>\n<\/table>\n<p class=\"ql-align-justify\">Comunicato 29.09.2022 TROFEO ASTI BancaStato STAFFETTE\u00a0<\/p>\n<p>IL TROFEO ASTI BancaStato STAFFETTE CHIUDE CON TRE GARE AUTUNNALI<\/p>\n<p>Domenica il buon successo del San Giorgio Trail, corso sul tracciato che attraversa il territorio patrimonio mondiale dell\u2019Unesco, ha confermato la buona riuscita della prima stagione della coppa ASTi Trail. Tra i 120 partecipanti, i pi\u00f9 veloci sono stati Lukas Oehen (GAB) ed Ylenia Polti (Moesa) che prima del Generoso Trail ha gi\u00e0 vinto la coppa.\u00a0<\/p>\n<p>Mercoled\u00ec erano 90 gli atleti al via di tutti in pista. I pi\u00f9 veloci sui 5000 m sono stati Andrea Alagona e Sara Solari. Una trentina i giovani della coppa ASTi Giovanile che idealmente hanno lanciato la gara di domenica a Sagno dove la SVAM organizzer\u00e0 la quinta tappa del Trofeo ASTI BancaStato Staffette. Il TAS, con tre prove in 14 giorni, si correr\u00e0 anche a Riva San Vitale e Isone e vedr\u00e0 i giovani U12 ed U14 di una decina di societ\u00e0 disputarsi gli ultimi 5 trofei. A giugno la Vigor ha vinto la classifica tra gli M16, mentre tra le F16 AS Monteceneri ed atletica Mendrisiotto hanno terminato a pari punti.<\/p>\n<p>Le gare nell\u2019alta valle di Muggio cominceranno alle 14.00 con le staffette a coppie per le categorie U10, mentre alle 15.10 ci saranno le quattro gare valide per i trofei che si correranno lungo gli impegnativi saliscendi di Sagno con le tratte 520-400-400 .\u00a0<\/p>\n<p>Nella categoria U14F, dopo quattro gare, Vigor Ligornetto e SAM Massagno sono appaiate al comando con un netto margine sulla SVAM che, in casa, potrebbe piazzare l\u2019allungo decisivo per il terzo posto nei confronti delle inseguitrici guidate dall\u2019USC.\u00a0<\/p>\n<p>SAM che guida pure tra gli U14M con un margine rassicurante sull\u2019AS Monteceneri che dovr\u00e0 cercare la difficile rimonta. L\u2019USC guida il gruppo che lotter\u00e0 per il terzo rango.\u00a0<\/p>\n<p>Tra le U12 le ragazze dell\u2019ASSPO Riva San Vitale hanno un ampio margine \u00e8 gi\u00e0 nell\u2019appuntamento casalingo potrebbero festeggiare matematicamente la vittoria. Vigor, USC , SAM e ASM sono raccolte in pochissimi punti e lotteranno per spartirsi i rimanenti posti sul podio.\u00a0<\/p>\n<p>Tra gli U12M AS Monteceneri vanta un piccolo margine sulla SAM, la lotta per la vittoria sar\u00e0 avvincente. Vigor e SAV Vacallo si contenderanno il terzo rango.\u00a0<\/p>\n<p>Nel Supertrofeo guida la SAM che, undici anni dopo aver chiuso la serie di cinque vittorie, vorrebbe di nuovo alzare il trofeo. ASM e Vigor inseguono a caccia del terzo trofeo.\u00a0<\/p>\n<p>La festa di chiusura della stagione ASTi con tutte le premiazioni si terr\u00e0 sabato 19 novembre ospiti della SAM Massagno.<\/p>\n<p>Tutte le informazioni le trovate su http:\/\/www.asti-ticino.ch\/asti-new\/asti<\/p>\n<p>\u00a0<\/p>\n","protected":false},"excerpt":{"rendered":"<p>Nel fine settimana si chiuder\u00e0 la stagione ticinese in pista con un doppio l&#8217;ultimo appuntamento sar\u00e0 a Mendrisio con tutte le prove di corsa dai 100 agli 800 mentre sabato al comunale di Bellinzona si disputeranno i campionati ticinesi giovanili di atletica leggera. \u00a0Domenica sar\u00e0 idealmente il trofeo ASTi BancaStato Staffette a raccogliere il testimone per lanciare il finale di stagione con la Staffetta di Sagno. Per i podisti appuntamenti di prestigio con la Morat&#8230;<\/p>\n","protected":false},"author":4,"featured_media":15969,"comment_status":"closed","ping_status":"closed","sticky":false,"template":"","format":"standard","meta":{"jetpack_post_was_ever_published":false,"_jetpack_newsletter_access":"","_jetpack_dont_email_post_to_subs":false,"_jetpack_newsletter_tier_id":0,"_jetpack_memberships_contains_paywalled_content":false,"_jetpack_memberships_contains_paid_content":false,"footnotes":"","jetpack_publicize_message":"","jetpack_publicize_feature_enabled":true,"jetpack_social_post_already_shared":false,"jetpack_social_options":{"image_generator_settings":{"template":"highway","default_image_id":0,"font":"","enabled":false},"version":2}},"categories":[6],"tags":[],"class_list":["post-16106","post","type-post","status-publish","format-standard","has-post-thumbnail","hentry","category-non-catalogato"],"jetpack_publicize_connections":[],"jetpack_featured_media_url":"https:\/\/i0.wp.com\/uscatletica.ch\/wp\/wp-content\/uploads\/2022\/09\/22o.jpg?fit=432%2C411&ssl=1","jetpack_sharing_enabled":true,"jetpack_shortlink":"https:\/\/wp.me\/p6V7Ck-4bM","jetpack-related-posts":[{"id":13515,"url":"https:\/\/uscatletica.ch\/wp\/?p=13515","url_meta":{"origin":16106,"position":0},"title":"Locarno Giornico Sagno chiude la pista con i CT Giovanili partono le staffette","author":"Leonida Stampanoni","date":"1 Ottobre 2021","format":false,"excerpt":"A due anni di distanza torna un classico fine settimana autunnale carico di impegni agonistici per l'USC. Al Lido di Locarno saranno una quindicina le presenze USC ai campionati ticinesi giovanili ultimo appuntamento FTAL su suolo cantonale. Tra i favoriti possiamo citare Matilda, Lara S, Pietro, Morena. \u00a0I Podisti faranno\u2026","rel":"","context":"In &quot;Pista&quot;","block_context":{"text":"Pista","link":"https:\/\/uscatletica.ch\/wp\/?cat=4"},"img":{"alt_text":"","src":"https:\/\/i0.wp.com\/uscatletica.ch\/wp\/wp-content\/uploads\/2021\/09\/TASSagno20211002-724x1024.jpg?resize=350%2C200&ssl=1","width":350,"height":200,"srcset":"https:\/\/i0.wp.com\/uscatletica.ch\/wp\/wp-content\/uploads\/2021\/09\/TASSagno20211002-724x1024.jpg?resize=350%2C200&ssl=1 1x, https:\/\/i0.wp.com\/uscatletica.ch\/wp\/wp-content\/uploads\/2021\/09\/TASSagno20211002-724x1024.jpg?resize=525%2C300&ssl=1 1.5x"},"classes":[]},{"id":6635,"url":"https:\/\/uscatletica.ch\/wp\/?p=6635","url_meta":{"origin":16106,"position":1},"title":"CT  U16 U18 AL LIDO GLI U14 A SAGNO CHIARA A MADEIRA CT CO SPRINT","author":"Leonida Stampanoni","date":"28 Settembre 2018","format":false,"excerpt":"L'ultimo fine settimana di settembre sar\u00e0 abbastanza intenso per gli atleti USC sull'asse\u00a0 Locarno Bellinzona in programma i campionati ticinesi giovanili di atletica sabato e domenica i CT sprint di CO.Domenica si correr\u00e0 il TAS a Sagno mentre Chiara partir\u00e0 per i mondiali di Madeira. Al Lido di Locarno saranno\u2026","rel":"","context":"In &quot;CO&quot;","block_context":{"text":"CO","link":"https:\/\/uscatletica.ch\/wp\/?cat=19"},"img":{"alt_text":"","src":"https:\/\/i0.wp.com\/uscatletica.ch\/wp\/wp-content\/uploads\/2018\/06\/tuttivigor18.jpg?fit=532%2C259&ssl=1&resize=350%2C200","width":350,"height":200,"srcset":"https:\/\/i0.wp.com\/uscatletica.ch\/wp\/wp-content\/uploads\/2018\/06\/tuttivigor18.jpg?fit=532%2C259&ssl=1&resize=350%2C200 1x, https:\/\/i0.wp.com\/uscatletica.ch\/wp\/wp-content\/uploads\/2018\/06\/tuttivigor18.jpg?fit=532%2C259&ssl=1&resize=525%2C300 1.5x"},"classes":[]},{"id":5012,"url":"https:\/\/uscatletica.ch\/wp\/?p=5012","url_meta":{"origin":16106,"position":2},"title":"Campionati ticinesi giovanili e TAS","author":"Leonida Stampanoni","date":"29 Settembre 2017","format":false,"excerpt":"Il primo fine settimana di ottobre chiuder\u00e0 la lunga stagione atletica ticinese con i campionati ticinesi giovanili al comunale di Bellinzona Una quindicina \u00a0gli USCini impegnati. Per i giovanissimi ci sar\u00e0 la staffetta di Sagno la prima del trittico finale del TAS \u00a0ottima opportunit\u00e0 per i numerosissimi giovani di scoprire\u2026","rel":"","context":"In &quot;CO&quot;","block_context":{"text":"CO","link":"https:\/\/uscatletica.ch\/wp\/?cat=19"},"img":{"alt_text":"","src":"https:\/\/i0.wp.com\/uscatletica.ch\/wp\/wp-content\/uploads\/2017\/06\/P1470475.jpg?fit=563%2C422&ssl=1&resize=350%2C200","width":350,"height":200,"srcset":"https:\/\/i0.wp.com\/uscatletica.ch\/wp\/wp-content\/uploads\/2017\/06\/P1470475.jpg?fit=563%2C422&ssl=1&resize=350%2C200 1x, https:\/\/i0.wp.com\/uscatletica.ch\/wp\/wp-content\/uploads\/2017\/06\/P1470475.jpg?fit=563%2C422&ssl=1&resize=525%2C300 1.5x"},"classes":[]},{"id":13069,"url":"https:\/\/uscatletica.ch\/wp\/?p=13069","url_meta":{"origin":16106,"position":3},"title":"A Cornaredo riparte la stagione la nostra 4&#215;100 ambiziosa","author":"Leonida Stampanoni","date":"20 Agosto 2021","format":false,"excerpt":"Sabato sera saranno una decina gli atleti USC al via del Meeting Serale di Lugano abbinato ai campionati ticinesi di 4x100 e staffetta Olimpionica. Il nostro quartetto sar\u00e0 al via della 4x100 m femminile \u00a0sei atleti al via nelle gare individuali \u00a0su 100 m e 600 m. Nei prossimi due\u2026","rel":"","context":"In &quot;Pista&quot;","block_context":{"text":"Pista","link":"https:\/\/uscatletica.ch\/wp\/?cat=4"},"img":{"alt_text":"","src":"https:\/\/i0.wp.com\/uscatletica.ch\/wp\/wp-content\/uploads\/2021\/07\/210721leilamatilda.jpg?fit=432%2C324&ssl=1&resize=350%2C200","width":350,"height":200},"classes":[]},{"id":2880,"url":"https:\/\/uscatletica.ch\/wp\/?p=2880","url_meta":{"origin":16106,"position":4},"title":"Dal Lido a Sagno il primo fine settimana di ottobre","author":"Leonida Stampanoni","date":"30 Settembre 2016","format":false,"excerpt":"Il primo fine settimana di ottobre porta con se i campionati Ticinesi assoluti sulle nuove piste del Lido di Locarno e la seconda staffetta delle quattro staffette scolari a Sagno . Per i podisti due gli appuntamenti la 83 edizione della Morat Fribourg\u00a0 la pi\u00f9 antica classica del panorama nazionale\u00a0\u2026","rel":"","context":"In &quot;Pista&quot;","block_context":{"text":"Pista","link":"https:\/\/uscatletica.ch\/wp\/?cat=4"},"img":{"alt_text":"","src":"https:\/\/i0.wp.com\/uscatletica.ch\/wp\/wp-content\/uploads\/2016\/09\/U10U8CAMINGNOLOap.jpg?fit=563%2C316&ssl=1&resize=350%2C200","width":350,"height":200,"srcset":"https:\/\/i0.wp.com\/uscatletica.ch\/wp\/wp-content\/uploads\/2016\/09\/U10U8CAMINGNOLOap.jpg?fit=563%2C316&ssl=1&resize=350%2C200 1x, https:\/\/i0.wp.com\/uscatletica.ch\/wp\/wp-content\/uploads\/2016\/09\/U10U8CAMINGNOLOap.jpg?fit=563%2C316&ssl=1&resize=525%2C300 1.5x"},"classes":[]},{"id":5874,"url":"https:\/\/uscatletica.ch\/wp\/?p=5874","url_meta":{"origin":16106,"position":5},"title":"A Locarno debutta la stagione in pista a Tesserete la nostra staffetta","author":"Leonida Stampanoni","date":"20 Aprile 2018","format":false,"excerpt":"Le staffette saranno il tema dell'intenso fine settimana che aspetta i giovani atleti dell'USC, Sabato al Lido di Locarno con i campionati ticinesi giovanili di Staffette parte la stagione FTAL 2018 all'aperto. Sulle rive del Verbano tra le 58 squadre al via ben 5 porteranno le maglie rosse dell'USC. Domenica\u2026","rel":"","context":"In &quot;Pista&quot;","block_context":{"text":"Pista","link":"https:\/\/uscatletica.ch\/wp\/?cat=4"},"img":{"alt_text":"","src":"https:\/\/i0.wp.com\/uscatletica.ch\/wp\/wp-content\/uploads\/2018\/04\/tasav2018.teamu12b.jpg?fit=532%2C399&ssl=1&resize=350%2C200","width":350,"height":200,"srcset":"https:\/\/i0.wp.com\/uscatletica.ch\/wp\/wp-content\/uploads\/2018\/04\/tasav2018.teamu12b.jpg?fit=532%2C399&ssl=1&resize=350%2C200 1x, https:\/\/i0.wp.com\/uscatletica.ch\/wp\/wp-content\/uploads\/2018\/04\/tasav2018.teamu12b.jpg?fit=532%2C399&ssl=1&resize=525%2C300 1.5x"},"classes":[]}],"_links":{"self":[{"href":"https:\/\/uscatletica.ch\/wp\/index.php?rest_route=\/wp\/v2\/posts\/16106","targetHints":{"allow":["GET"]}}],"collection":[{"href":"https:\/\/uscatletica.ch\/wp\/index.php?rest_route=\/wp\/v2\/posts"}],"about":[{"href":"https:\/\/uscatletica.ch\/wp\/index.php?rest_route=\/wp\/v2\/types\/post"}],"author":[{"embeddable":true,"href":"https:\/\/uscatletica.ch\/wp\/index.php?rest_route=\/wp\/v2\/users\/4"}],"replies":[{"embeddable":true,"href":"https:\/\/uscatletica.ch\/wp\/index.php?rest_route=%2Fwp%2Fv2%2Fcomments&post=16106"}],"version-history":[{"count":3,"href":"https:\/\/uscatletica.ch\/wp\/index.php?rest_route=\/wp\/v2\/posts\/16106\/revisions"}],"predecessor-version":[{"id":16110,"href":"https:\/\/uscatletica.ch\/wp\/index.php?rest_route=\/wp\/v2\/posts\/16106\/revisions\/16110"}],"wp:featuredmedia":[{"embeddable":true,"href":"https:\/\/uscatletica.ch\/wp\/index.php?rest_route=\/wp\/v2\/media\/15969"}],"wp:attachment":[{"href":"https:\/\/uscatletica.ch\/wp\/index.php?rest_route=%2Fwp%2Fv2%2Fmedia&parent=16106"}],"wp:term":[{"taxonomy":"category","embeddable":true,"href":"https:\/\/uscatletica.ch\/wp\/index.php?rest_route=%2Fwp%2Fv2%2Fcategories&post=16106"},{"taxonomy":"post_tag","embeddable":true,"href":"https:\/\/uscatletica.ch\/wp\/index.php?rest_route=%2Fwp%2Fv2%2Ftags&post=16106"}],"curies":[{"name":"wp","href":"https:\/\/api.w.org\/{rel}","templated":true}]}}