{"id":16130,"date":"2022-10-02T21:24:05","date_gmt":"2022-10-02T19:24:05","guid":{"rendered":"http:\/\/uscatletica.ch\/wp\/?p=16130"},"modified":"2022-10-03T10:44:22","modified_gmt":"2022-10-03T08:44:22","slug":"podismo-e-staffette-uscini-a-sagno-claro-poschiavo-e-friborgo","status":"publish","type":"post","link":"https:\/\/uscatletica.ch\/wp\/?p=16130","title":{"rendered":"Podismo e Staffette  USCini a Sagno, Claro, Poschiavo e Friborgo (Aggiornata)"},"content":{"rendered":"\n<p>Il fine settimana ha visto gli atleti e le atlete USC impegnati su diversi fronti \u00a0i nostri giovani erano impegnati nel Trofeo ASTi BancaStato Staffette \u00a0a Sagno dove hanno ottenuto due podi. Michele ha corso il giro di Poschiavo chiudendo sul podio di categoria. Mauro ha tenuto viva la tradizione USC alla Morat Fribourg una delle grandi classiche del panorama svizzero. Alcuni USCini erano tra i 300 atleti che \u00a0alla Claro Pizzo hanno raggiunto il lago di Cane. <span style=\"color: #ff0000;\">Alla Staffetta di Sagno in un bel pomeriggio autunnale erano 150 gli atleti presenti. 5 le squadre USC al via della prima tappa autunnale del trofeo ASTi BancaStato Staffette grande impegno e passione \u00a0con la vittoria per \u00a0gli U14 \u00a0e il secondo posto per le U12.\u00a0<\/span><\/p>\n<p><a href=\"https:\/\/sgposchiavo.ch\">il giro del lago di Poschiavo<\/a>\u00a0<a href=\"https:\/\/www.datasport.com\/live\/ranking\/?racenr=24109\" target=\"_blank\" rel=\"noopener\">le classifiche dell&#8217;88 edizione della Morat Fribourg\u00a0<\/a>\u00a0<\/p>\n<p><a href=\"https:\/\/www.datasport.com\/live\/ranking\/?racenr=24891\" target=\"_blank\" rel=\"noopener\">Classifica della Claro Pizzo<\/a>\u00a0 <a href=\"https:\/\/uscatletica.ch\/wp\/wp-content\/uploads\/2022\/10\/ClassificheSagno2022.pdf\">Classifiche Sagno 2022<\/a><\/p>\n<p><span style=\"color: #ff0000;\">Alla Staffetta di Sagno in un bel pomeriggio autunnale si parte bene alla prima gara Anais, Asia Viola arrivano ad un soffio dalla Vigor finendo seconde, seste Lia, Michelle e Agata. In chiusura No\u00e9 Mattia ed Elliot sono i pi\u00f9 veloci e vanno a prendersi la vittoria. Am\u00e9lie, Camilla e Dalia sono quinte nella gara U14 vinta dall&#8217;ASM. \u00a0Noah, Giosu\u00e8. Jacopo chiudono la loro fatica al settimo rango nella gara vinta dal Monteceneri.\u00a0<\/span><\/p>\n<p>Alla Morat Fribourg la vittoria \u00e8 andata al primatista mondiale M40 della Mezza maratona Tadesse Abraham che ha percorso i 17.150 i n 52&#8243;50 il ticinese Tobia Pezzati in 56.35 ha chiuso al nono rango \u00a0mentre \u00a0il nostro atleta Mauro ha chiuso la sua fatica in 1h19&#8243;25.\u00a0<\/p>\n<p>Alla Claro Pizzo che causa ha abbassato il traguardo ai 1910 m del lago di Can\u00e9 Elhousine Elazzaoui(1h12&#8217;14) ha vinto battendo Roberto Delorenzi \u00a0(1h18&#8217;22), successo tra le donne per Paola Stampanoni (1h37&#8217;18). Alessandro, dopo il podio nella coppa ASTi BancaStato di Montagna, ha chiuso in 1h55&#8243;55 mentre Memorino \u00e8 giunto in vetta in 2h12&#8217;22.\u00a0<\/p>\n<p>Ritorno alle origini per Michele che ha corso il Giro di Poschiavo chiudendo al sesto rango di seguito il suo commento :&#8221;<\/p>\n<div>Oggi giornata impegnativa a Poschiavo. Dopo una settimana di raffreddore ho deciso comunque di gareggiare per onorare la corsa in patria. Ho fatto fatica e non avevo molte energie ma alla fine ho comunque concluso al 6\u00ba posto assoluto e 3\u00ba di categoria. Nonostante la mia condizione odierna sono contento di aver partecipato per la prima volta a questa gara. &#8220;<\/div>\n<div><a href=\"https:\/\/i0.wp.com\/uscatletica.ch\/wp\/wp-content\/uploads\/2022\/10\/221002puschlav.jpg?ssl=1\"><img data-recalc-dims=\"1\" loading=\"lazy\" decoding=\"async\" data-attachment-id=\"16131\" data-permalink=\"https:\/\/uscatletica.ch\/wp\/?attachment_id=16131\" data-orig-file=\"https:\/\/i0.wp.com\/uscatletica.ch\/wp\/wp-content\/uploads\/2022\/10\/221002puschlav.jpg?fit=432%2C288&amp;ssl=1\" data-orig-size=\"432,288\" data-comments-opened=\"0\" data-image-meta=\"{&quot;aperture&quot;:&quot;0&quot;,&quot;credit&quot;:&quot;&quot;,&quot;camera&quot;:&quot;&quot;,&quot;caption&quot;:&quot;&quot;,&quot;created_timestamp&quot;:&quot;0&quot;,&quot;copyright&quot;:&quot;&quot;,&quot;focal_length&quot;:&quot;0&quot;,&quot;iso&quot;:&quot;0&quot;,&quot;shutter_speed&quot;:&quot;0&quot;,&quot;title&quot;:&quot;&quot;,&quot;orientation&quot;:&quot;1&quot;}\" data-image-title=\"221002puschlav\" data-image-description=\"\" data-image-caption=\"\" data-large-file=\"https:\/\/i0.wp.com\/uscatletica.ch\/wp\/wp-content\/uploads\/2022\/10\/221002puschlav.jpg?fit=432%2C288&amp;ssl=1\" class=\"alignnone size-full wp-image-16131\" src=\"https:\/\/i0.wp.com\/uscatletica.ch\/wp\/wp-content\/uploads\/2022\/10\/221002puschlav.jpg?resize=432%2C288&#038;ssl=1\" alt=\"\" width=\"432\" height=\"288\" srcset=\"https:\/\/i0.wp.com\/uscatletica.ch\/wp\/wp-content\/uploads\/2022\/10\/221002puschlav.jpg?w=432&amp;ssl=1 432w, https:\/\/i0.wp.com\/uscatletica.ch\/wp\/wp-content\/uploads\/2022\/10\/221002puschlav.jpg?resize=300%2C200&amp;ssl=1 300w, https:\/\/i0.wp.com\/uscatletica.ch\/wp\/wp-content\/uploads\/2022\/10\/221002puschlav.jpg?resize=95%2C62&amp;ssl=1 95w\" sizes=\"auto, (max-width: 432px) 100vw, 432px\" \/><\/a><\/div>\n<div><a href=\"https:\/\/i0.wp.com\/uscatletica.ch\/wp\/wp-content\/uploads\/2022\/10\/221992sagnoU14W.jpg?ssl=1\"><img data-recalc-dims=\"1\" loading=\"lazy\" decoding=\"async\" data-attachment-id=\"16133\" data-permalink=\"https:\/\/uscatletica.ch\/wp\/?attachment_id=16133\" data-orig-file=\"https:\/\/i0.wp.com\/uscatletica.ch\/wp\/wp-content\/uploads\/2022\/10\/221992sagnoU14W.jpg?fit=480%2C640&amp;ssl=1\" data-orig-size=\"480,640\" data-comments-opened=\"0\" data-image-meta=\"{&quot;aperture&quot;:&quot;1.6&quot;,&quot;credit&quot;:&quot;&quot;,&quot;camera&quot;:&quot;iPhone 12 mini&quot;,&quot;caption&quot;:&quot;&quot;,&quot;created_timestamp&quot;:&quot;1664726656&quot;,&quot;copyright&quot;:&quot;&quot;,&quot;focal_length&quot;:&quot;4.2&quot;,&quot;iso&quot;:&quot;32&quot;,&quot;shutter_speed&quot;:&quot;0.00094161958568738&quot;,&quot;title&quot;:&quot;&quot;,&quot;orientation&quot;:&quot;1&quot;}\" data-image-title=\"221992sagnoU14W\" data-image-description=\"\" data-image-caption=\"\" data-large-file=\"https:\/\/i0.wp.com\/uscatletica.ch\/wp\/wp-content\/uploads\/2022\/10\/221992sagnoU14W.jpg?fit=480%2C640&amp;ssl=1\" class=\"alignnone size-full wp-image-16133\" src=\"https:\/\/i0.wp.com\/uscatletica.ch\/wp\/wp-content\/uploads\/2022\/10\/221992sagnoU14W.jpg?resize=480%2C640&#038;ssl=1\" alt=\"\" width=\"480\" height=\"640\" srcset=\"https:\/\/i0.wp.com\/uscatletica.ch\/wp\/wp-content\/uploads\/2022\/10\/221992sagnoU14W.jpg?w=480&amp;ssl=1 480w, https:\/\/i0.wp.com\/uscatletica.ch\/wp\/wp-content\/uploads\/2022\/10\/221992sagnoU14W.jpg?resize=225%2C300&amp;ssl=1 225w\" sizes=\"auto, (max-width: 480px) 100vw, 480px\" \/><\/a> <a href=\"https:\/\/i0.wp.com\/uscatletica.ch\/wp\/wp-content\/uploads\/2022\/10\/221992sagnoU14M.jpg?ssl=1\"><img data-recalc-dims=\"1\" loading=\"lazy\" decoding=\"async\" data-attachment-id=\"16134\" data-permalink=\"https:\/\/uscatletica.ch\/wp\/?attachment_id=16134\" data-orig-file=\"https:\/\/i0.wp.com\/uscatletica.ch\/wp\/wp-content\/uploads\/2022\/10\/221992sagnoU14M.jpg?fit=480%2C640&amp;ssl=1\" data-orig-size=\"480,640\" data-comments-opened=\"0\" data-image-meta=\"{&quot;aperture&quot;:&quot;1.6&quot;,&quot;credit&quot;:&quot;&quot;,&quot;camera&quot;:&quot;iPhone 12 mini&quot;,&quot;caption&quot;:&quot;&quot;,&quot;created_timestamp&quot;:&quot;1664727113&quot;,&quot;copyright&quot;:&quot;&quot;,&quot;focal_length&quot;:&quot;4.2&quot;,&quot;iso&quot;:&quot;32&quot;,&quot;shutter_speed&quot;:&quot;0.0012033694344164&quot;,&quot;title&quot;:&quot;&quot;,&quot;orientation&quot;:&quot;1&quot;}\" data-image-title=\"221992sagnoU14M\" data-image-description=\"\" data-image-caption=\"\" data-large-file=\"https:\/\/i0.wp.com\/uscatletica.ch\/wp\/wp-content\/uploads\/2022\/10\/221992sagnoU14M.jpg?fit=480%2C640&amp;ssl=1\" class=\"alignnone size-large wp-image-16134\" src=\"https:\/\/i0.wp.com\/uscatletica.ch\/wp\/wp-content\/uploads\/2022\/10\/221992sagnoU14M.jpg?resize=480%2C640&#038;ssl=1\" alt=\"\" width=\"480\" height=\"640\" srcset=\"https:\/\/i0.wp.com\/uscatletica.ch\/wp\/wp-content\/uploads\/2022\/10\/221992sagnoU14M.jpg?w=480&amp;ssl=1 480w, https:\/\/i0.wp.com\/uscatletica.ch\/wp\/wp-content\/uploads\/2022\/10\/221992sagnoU14M.jpg?resize=225%2C300&amp;ssl=1 225w\" sizes=\"auto, (max-width: 480px) 100vw, 480px\" \/><\/a><\/div>\n","protected":false},"excerpt":{"rendered":"<p>Il fine settimana ha visto gli atleti e le atlete USC impegnati su diversi fronti \u00a0i nostri giovani erano impegnati nel Trofeo ASTi BancaStato Staffette \u00a0a Sagno dove hanno ottenuto due podi. Michele ha corso il giro di Poschiavo chiudendo sul podio di categoria. Mauro ha tenuto viva la tradizione USC alla Morat Fribourg una delle grandi classiche del panorama svizzero. Alcuni USCini erano tra i 300 atleti che \u00a0alla Claro Pizzo hanno raggiunto il&#8230;<\/p>\n","protected":false},"author":4,"featured_media":16131,"comment_status":"closed","ping_status":"closed","sticky":false,"template":"","format":"standard","meta":{"jetpack_post_was_ever_published":false,"_jetpack_newsletter_access":"","_jetpack_dont_email_post_to_subs":false,"_jetpack_newsletter_tier_id":0,"_jetpack_memberships_contains_paywalled_content":false,"_jetpack_memberships_contains_paid_content":false,"footnotes":"","jetpack_publicize_message":"","jetpack_publicize_feature_enabled":true,"jetpack_social_post_already_shared":false,"jetpack_social_options":{"image_generator_settings":{"template":"highway","default_image_id":0,"font":"","enabled":false},"version":2}},"categories":[16,5,9,8],"tags":[],"class_list":["post-16130","post","type-post","status-publish","format-standard","has-post-thumbnail","hentry","category-montagna","category-podismo","category-sport","category-staffette"],"jetpack_publicize_connections":[],"jetpack_featured_media_url":"https:\/\/i0.wp.com\/uscatletica.ch\/wp\/wp-content\/uploads\/2022\/10\/221002puschlav.jpg?fit=432%2C288&ssl=1","jetpack_sharing_enabled":true,"jetpack_shortlink":"https:\/\/wp.me\/p6V7Ck-4ca","jetpack-related-posts":[{"id":13547,"url":"https:\/\/uscatletica.ch\/wp\/?p=13547","url_meta":{"origin":16130,"position":0},"title":"SAGNO QUATTRO PODI USC &#8211; DUE PODI TRA MORAT E CLARO","author":"Leonida Stampanoni","date":"5 Ottobre 2021","format":false,"excerpt":"La prima staffetta autunnale a Sagno \u00e8 stata un'ottima esperienza per l'USC presente con una ventina di giovani atlete\/i, una vittoria e tre podi il bilancio delle staffette, buona la partecipazione anche nelle gare individuali. \u00a0Dal settore podismo i nostri atleti erano sia alla Claro Pizzo che alla Classicissima Morat-\u2026","rel":"","context":"In &quot;Montagna&quot;","block_context":{"text":"Montagna","link":"https:\/\/uscatletica.ch\/wp\/?cat=16"},"img":{"alt_text":"","src":"https:\/\/i0.wp.com\/uscatletica.ch\/wp\/wp-content\/uploads\/2019\/10\/safgnou10m.png?fit=359%2C640&ssl=1&resize=350%2C200","width":350,"height":200},"classes":[]},{"id":16106,"url":"https:\/\/uscatletica.ch\/wp\/?p=16106","url_meta":{"origin":16130,"position":1},"title":"CT GIOVANILI E TAS SAGNO IL FINE SETTIMANA USC","author":"Leonida Stampanoni","date":"30 Settembre 2022","format":false,"excerpt":"Nel fine settimana si chiuder\u00e0 la stagione ticinese in pista con un doppio l'ultimo appuntamento sar\u00e0 a Mendrisio con tutte le prove di corsa dai 100 agli 800 mentre sabato al comunale di Bellinzona si disputeranno i campionati ticinesi giovanili di atletica leggera. \u00a0Domenica sar\u00e0 idealmente il trofeo ASTi BancaStato\u2026","rel":"","context":"In &quot;Non catalogato&quot;","block_context":{"text":"Non catalogato","link":"https:\/\/uscatletica.ch\/wp\/?cat=6"},"img":{"alt_text":"","src":"https:\/\/i0.wp.com\/uscatletica.ch\/wp\/wp-content\/uploads\/2022\/09\/22o.jpg?fit=432%2C411&ssl=1&resize=350%2C200","width":350,"height":200},"classes":[]},{"id":5012,"url":"https:\/\/uscatletica.ch\/wp\/?p=5012","url_meta":{"origin":16130,"position":2},"title":"Campionati ticinesi giovanili e TAS","author":"Leonida Stampanoni","date":"29 Settembre 2017","format":false,"excerpt":"Il primo fine settimana di ottobre chiuder\u00e0 la lunga stagione atletica ticinese con i campionati ticinesi giovanili al comunale di Bellinzona Una quindicina \u00a0gli USCini impegnati. Per i giovanissimi ci sar\u00e0 la staffetta di Sagno la prima del trittico finale del TAS \u00a0ottima opportunit\u00e0 per i numerosissimi giovani di scoprire\u2026","rel":"","context":"In &quot;CO&quot;","block_context":{"text":"CO","link":"https:\/\/uscatletica.ch\/wp\/?cat=19"},"img":{"alt_text":"","src":"https:\/\/i0.wp.com\/uscatletica.ch\/wp\/wp-content\/uploads\/2017\/06\/P1470475.jpg?fit=563%2C422&ssl=1&resize=350%2C200","width":350,"height":200,"srcset":"https:\/\/i0.wp.com\/uscatletica.ch\/wp\/wp-content\/uploads\/2017\/06\/P1470475.jpg?fit=563%2C422&ssl=1&resize=350%2C200 1x, https:\/\/i0.wp.com\/uscatletica.ch\/wp\/wp-content\/uploads\/2017\/06\/P1470475.jpg?fit=563%2C422&ssl=1&resize=525%2C300 1.5x"},"classes":[]},{"id":14189,"url":"https:\/\/uscatletica.ch\/wp\/?p=14189","url_meta":{"origin":16130,"position":3},"title":"Le prime novit\u00e0 ASTi per il 2022","author":"Stampa E","date":"25 Gennaio 2022","format":false,"excerpt":"In attesa degli ultimi cross del 2022, ecco le prime novit\u00e0 ASTi per il 2022 --- 2 gare USC valide per la Coppa ASTi di podismo nella stagione 2022: - Giro podistico di Stabio - Stralosone - BancaStato Comano Run - Gran Premio Rossa - SanBeRun - StraMassagno - StraLugano\u2026","rel":"","context":"In &quot;I nostri appuntamenti&quot;","block_context":{"text":"I nostri appuntamenti","link":"https:\/\/uscatletica.ch\/wp\/?cat=12"},"img":{"alt_text":"","src":"https:\/\/i0.wp.com\/uscatletica.ch\/wp\/wp-content\/uploads\/2021\/04\/CalAsti21.jpg?fit=1079%2C749&ssl=1&resize=350%2C200","width":350,"height":200,"srcset":"https:\/\/i0.wp.com\/uscatletica.ch\/wp\/wp-content\/uploads\/2021\/04\/CalAsti21.jpg?fit=1079%2C749&ssl=1&resize=350%2C200 1x, https:\/\/i0.wp.com\/uscatletica.ch\/wp\/wp-content\/uploads\/2021\/04\/CalAsti21.jpg?fit=1079%2C749&ssl=1&resize=525%2C300 1.5x, https:\/\/i0.wp.com\/uscatletica.ch\/wp\/wp-content\/uploads\/2021\/04\/CalAsti21.jpg?fit=1079%2C749&ssl=1&resize=700%2C400 2x, https:\/\/i0.wp.com\/uscatletica.ch\/wp\/wp-content\/uploads\/2021\/04\/CalAsti21.jpg?fit=1079%2C749&ssl=1&resize=1050%2C600 3x"},"classes":[]},{"id":21006,"url":"https:\/\/uscatletica.ch\/wp\/?p=21006","url_meta":{"origin":16130,"position":4},"title":"TAS USC VINCE TRA GLI M17+ ALTRI DUE PODI","author":"Leonida Stampanoni","date":"10 Giugno 2025","format":false,"excerpt":"La quarta tappa del Trofeo ASTi BancaStato Staffette svoltasi sabato a Ligornetto ha chiuso la fase primaverile. Nel mendrisiotto si assegnavano i primi quattro trofei. Nella categoria \u00a0M17+ l'USC ha vinto a parimerito con la SAM. Le nostre U16 pur assenti nell'ultima gara hanno salvato il secondo rango. Le nostre\u2026","rel":"","context":"In &quot;Pista&quot;","block_context":{"text":"Pista","link":"https:\/\/uscatletica.ch\/wp\/?cat=4"},"img":{"alt_text":"","src":"https:\/\/i0.wp.com\/uscatletica.ch\/wp\/wp-content\/uploads\/2025\/06\/2025TASCLASSIFICHEIV.jpg?fit=841%2C595&ssl=1&resize=350%2C200","width":350,"height":200,"srcset":"https:\/\/i0.wp.com\/uscatletica.ch\/wp\/wp-content\/uploads\/2025\/06\/2025TASCLASSIFICHEIV.jpg?fit=841%2C595&ssl=1&resize=350%2C200 1x, https:\/\/i0.wp.com\/uscatletica.ch\/wp\/wp-content\/uploads\/2025\/06\/2025TASCLASSIFICHEIV.jpg?fit=841%2C595&ssl=1&resize=525%2C300 1.5x, https:\/\/i0.wp.com\/uscatletica.ch\/wp\/wp-content\/uploads\/2025\/06\/2025TASCLASSIFICHEIV.jpg?fit=841%2C595&ssl=1&resize=700%2C400 2x"},"classes":[]},{"id":4484,"url":"https:\/\/uscatletica.ch\/wp\/?p=4484","url_meta":{"origin":16130,"position":5},"title":"TAS DECIMO TROFEO FEMMINILE UNA PRIMAVERA IN CHIAROSCURO","author":"Leonida Stampanoni","date":"9 Giugno 2017","format":false,"excerpt":"Domenica sulle strade di Ligornetto una ventina di USCini hanno corso la quarta ed ultima tappa primaverile del TAS. Sabato 3 settembre a Camignolo. saranno U14, U12 e piccolini impegnati nelle gare indviduali scendere di nuovo in pista per le staffette. La primavera 2017 \u00e8 stata buona per gli atleti\u2026","rel":"","context":"In &quot;Sport&quot;","block_context":{"text":"Sport","link":"https:\/\/uscatletica.ch\/wp\/?cat=9"},"img":{"alt_text":"","src":"https:\/\/i0.wp.com\/uscatletica.ch\/wp\/wp-content\/uploads\/2017\/06\/P1470177.jpg?fit=563%2C422&ssl=1&resize=350%2C200","width":350,"height":200,"srcset":"https:\/\/i0.wp.com\/uscatletica.ch\/wp\/wp-content\/uploads\/2017\/06\/P1470177.jpg?fit=563%2C422&ssl=1&resize=350%2C200 1x, https:\/\/i0.wp.com\/uscatletica.ch\/wp\/wp-content\/uploads\/2017\/06\/P1470177.jpg?fit=563%2C422&ssl=1&resize=525%2C300 1.5x"},"classes":[]}],"_links":{"self":[{"href":"https:\/\/uscatletica.ch\/wp\/index.php?rest_route=\/wp\/v2\/posts\/16130","targetHints":{"allow":["GET"]}}],"collection":[{"href":"https:\/\/uscatletica.ch\/wp\/index.php?rest_route=\/wp\/v2\/posts"}],"about":[{"href":"https:\/\/uscatletica.ch\/wp\/index.php?rest_route=\/wp\/v2\/types\/post"}],"author":[{"embeddable":true,"href":"https:\/\/uscatletica.ch\/wp\/index.php?rest_route=\/wp\/v2\/users\/4"}],"replies":[{"embeddable":true,"href":"https:\/\/uscatletica.ch\/wp\/index.php?rest_route=%2Fwp%2Fv2%2Fcomments&post=16130"}],"version-history":[{"count":6,"href":"https:\/\/uscatletica.ch\/wp\/index.php?rest_route=\/wp\/v2\/posts\/16130\/revisions"}],"predecessor-version":[{"id":16143,"href":"https:\/\/uscatletica.ch\/wp\/index.php?rest_route=\/wp\/v2\/posts\/16130\/revisions\/16143"}],"wp:featuredmedia":[{"embeddable":true,"href":"https:\/\/uscatletica.ch\/wp\/index.php?rest_route=\/wp\/v2\/media\/16131"}],"wp:attachment":[{"href":"https:\/\/uscatletica.ch\/wp\/index.php?rest_route=%2Fwp%2Fv2%2Fmedia&parent=16130"}],"wp:term":[{"taxonomy":"category","embeddable":true,"href":"https:\/\/uscatletica.ch\/wp\/index.php?rest_route=%2Fwp%2Fv2%2Fcategories&post=16130"},{"taxonomy":"post_tag","embeddable":true,"href":"https:\/\/uscatletica.ch\/wp\/index.php?rest_route=%2Fwp%2Fv2%2Ftags&post=16130"}],"curies":[{"name":"wp","href":"https:\/\/api.w.org\/{rel}","templated":true}]}}