{"id":16179,"date":"2022-10-08T16:25:58","date_gmt":"2022-10-08T14:25:58","guid":{"rendered":"http:\/\/uscatletica.ch\/wp\/?p=16179"},"modified":"2022-10-08T21:06:13","modified_gmt":"2022-10-08T19:06:13","slug":"alle-7-chiese-pioggia-di-podi-giovanili","status":"publish","type":"post","link":"https:\/\/uscatletica.ch\/wp\/?p=16179","title":{"rendered":"ALLE 7 CHIESE PIOGGIA DI PODI GIOVANILI"},"content":{"rendered":"\n<p>Una bella mattinata di mezz&#8217;autunno in Bassa Leventina per la dozzina di USCine e Uscini al Giro delle 7 Chiese di giornico, <strong>penultima<\/strong> prova delle Coppe ASTi BancaStato podismo e giovanile prima del gran finale al nostro<a href=\"https:\/\/uscatletica.ch\/wp\/?page_id=8892\"><strong><span style=\"text-decoration: underline;\"> Gir dal Diavol<\/span><\/strong><\/a> che chiuder\u00e0 la stagione ASTi di podismo. \u00a0Tra ponti, isole abitate e chiese, l&#8217;USC ha raccolto un bottino abbondante con un 4 vittorie (No\u00e9, Olivia, Anais, Amelie) e 6 piazzamenti sul podio nella gara giovanile. Sui 7 km, buona prova per il quartetto al via: Jonathan, Gionata, Selina, Leonida. Nell<span style=\"color: #000000;\">a <\/span><span style=\"color: #ff0000;\"><span style=\"color: #000000;\">classifica a squadre dell&#8217;ASTI<\/span> <strong><span style=\"color: #000000;\">(Coppa ASTI per societ\u00e0)<\/span><\/strong><\/span> \u00e8 ancora possibile agguantare il RCB, che \u00e8 per ora ancora al comando, ma non ha pi\u00f9 cos\u00ec tanti punti di margine. Come detto, prossimo (decisivo) appuntamento in Capriasca il 22 ottobre per il <strong><a href=\"https:\/\/uscatletica.ch\/wp\/?page_id=8892\"><span style=\"text-decoration: underline;\">Gir dal Diavol<\/span><\/a>, <\/strong>seguito il 23 dal Generoso Trail.<\/p>\n<p><a href=\"https:\/\/www.performancesportlive.ch\/g-live.html?f=races\/7chiese\/2022\/7C2022.clax\" target=\"_blank\" rel=\"noopener\">Le classifiche della gara adulti<\/a>\u00a0<\/p>\n<p><a href=\"https:\/\/www.performancesportlive.ch\/g-live.html?f=races\/7chiese\/2022\/7CKIDS2022.clax\" target=\"_blank\" rel=\"noopener\">La classifica della coppa Giovanile<\/a><\/p>\n<p>I nostri giovani partono tutti assieme. Il primo a tagliare il traguardo dopo un giro di 1.5 km nel centro \u00a0di Giornico \u00e8 No\u00e9 in 5&#8217;34&#8221;, che vince tra gli U14 seguito da Mattia in 6&#8217;04&#8221;. Anais vince tra le U12 in 6&#8217;10&#8221; davanti a Viola in 6&#8217;30&#8221; e Asia in 6&#8217;33&#8221;, quarto tra i ragazzi Giosu\u00e8 in 6&#8217;36&#8221;. Am\u00e9lie in 6&#8217;25&#8221; vince nelle U12 con Dalia terza in 6&#8217;33&#8221;. Il terzetto delle U16 al primo giro si studia, poi Olivia va a vincere in 14&#8217;40&#8221; davanti a Elsa in 14&#8217;44&#8221;, terza Cecilia in 15&#8217;05&#8221;.\u00a0<\/p>\n<p>Lungo i 7 km di saliscendi del Giro delle 7 Chiese, dove Elia \u00e8 stato protagonista negli ultimi anni, a vincere sono i masters Ivan Boggini e Manuela Falconi. Jonathan in 27&#8217;44&#8221; arrivaa pochi secondi dal podio M50 . Il miglior USC \u00e8 Gionata in 27&#8217;00&#8221;, quinto M40, mentre Leonida chiude in 29&#8217;00&#8221;. Buona prova di Selina che chiude in 35&#8217;38&#8221;.<\/p>\n<p>La stagione <strong>NCAA<\/strong> di cross continua e Letizia continua a brillare. Venerd\u00ec al Royals Challenge di Charlotte (NC) Letizia in 17&#8217;12&#8221; ha chiuso terza e prima delle atlete affiliate ai college guidando la sua squadra al secondo posto.<a href=\"https:\/\/queensathletics.com\/sports\/womens-cross-country\/schedule\" target=\"_blank\" rel=\"noopener\"> Link per seguire la stagione<\/a>\u00a0<a href=\"https:\/\/queensathletics.com\/news\/2022\/10\/7\/mens-cross-country-queens-cross-country-makes-big-strides-in-royals-challenge.aspx\" target=\"_blank\" rel=\"noopener\">l&#8217;articolo<\/a><\/p>\n","protected":false},"excerpt":{"rendered":"<p>Una bella mattinata di mezz&#8217;autunno in Bassa Leventina per la dozzina di USCine e Uscini al Giro delle 7 Chiese di giornico, penultima prova delle Coppe ASTi BancaStato podismo e giovanile prima del gran finale al nostro Gir dal Diavol che chiuder\u00e0 la stagione ASTi di podismo. \u00a0Tra ponti, isole abitate e chiese, l&#8217;USC ha raccolto un bottino abbondante con un 4 vittorie (No\u00e9, Olivia, Anais, Amelie) e 6 piazzamenti sul podio nella gara giovanile&#8230;.<\/p>\n","protected":false},"author":4,"featured_media":15885,"comment_status":"closed","ping_status":"closed","sticky":false,"template":"","format":"standard","meta":{"jetpack_post_was_ever_published":false,"_jetpack_newsletter_access":"","_jetpack_dont_email_post_to_subs":false,"_jetpack_newsletter_tier_id":0,"_jetpack_memberships_contains_paywalled_content":false,"_jetpack_memberships_contains_paid_content":false,"footnotes":"","jetpack_publicize_message":"","jetpack_publicize_feature_enabled":true,"jetpack_social_post_already_shared":false,"jetpack_social_options":{"image_generator_settings":{"template":"highway","default_image_id":0,"font":"","enabled":false},"version":2}},"categories":[5,9,8],"tags":[],"class_list":["post-16179","post","type-post","status-publish","format-standard","has-post-thumbnail","hentry","category-podismo","category-sport","category-staffette"],"jetpack_publicize_connections":[],"jetpack_featured_media_url":"https:\/\/i0.wp.com\/uscatletica.ch\/wp\/wp-content\/uploads\/2022\/09\/NOah22.jpg?fit=432%2C242&ssl=1","jetpack_sharing_enabled":true,"jetpack_shortlink":"https:\/\/wp.me\/p6V7Ck-4cX","jetpack-related-posts":[{"id":17024,"url":"https:\/\/uscatletica.ch\/wp\/?p=17024","url_meta":{"origin":16179,"position":0},"title":"Le coppe ASTi debuttano a Stabio bene le USCine","author":"Leonida Stampanoni","date":"16 Aprile 2023","format":false,"excerpt":"La Coppa ASTi BancaStato Podismo e la Coppa ASTi BancaStato giovanile sono partite domenica con la 38a edizione del Giro Podistico di Stabio. Al via c'erano 150 partecipanti nelle diverse categorie e l'USC ha brillato nelle gare giovanili, dove sono arrivati ben tre podi con Viola, Anais ed Elsa. Tra\u2026","rel":"","context":"In &quot;Podismo&quot;","block_context":{"text":"Podismo","link":"https:\/\/uscatletica.ch\/wp\/?cat=5"},"img":{"alt_text":"","src":"https:\/\/i0.wp.com\/uscatletica.ch\/wp\/wp-content\/uploads\/2023\/04\/IMG_6940.jpeg?fit=1200%2C801&ssl=1&resize=350%2C200","width":350,"height":200,"srcset":"https:\/\/i0.wp.com\/uscatletica.ch\/wp\/wp-content\/uploads\/2023\/04\/IMG_6940.jpeg?fit=1200%2C801&ssl=1&resize=350%2C200 1x, https:\/\/i0.wp.com\/uscatletica.ch\/wp\/wp-content\/uploads\/2023\/04\/IMG_6940.jpeg?fit=1200%2C801&ssl=1&resize=525%2C300 1.5x, https:\/\/i0.wp.com\/uscatletica.ch\/wp\/wp-content\/uploads\/2023\/04\/IMG_6940.jpeg?fit=1200%2C801&ssl=1&resize=700%2C400 2x, https:\/\/i0.wp.com\/uscatletica.ch\/wp\/wp-content\/uploads\/2023\/04\/IMG_6940.jpeg?fit=1200%2C801&ssl=1&resize=1050%2C600 3x"},"classes":[]},{"id":5846,"url":"https:\/\/uscatletica.ch\/wp\/?p=5846","url_meta":{"origin":16179,"position":1},"title":"Da Vacallo a Stabio per un fine settimana targato ASTi","author":"Leonida Stampanoni","date":"14 Aprile 2018","format":false,"excerpt":"Fine settimana con un doppio impegno mom\u00f2 per gli USCini sabato nel tardo pomeriggio ci sar\u00e0 la 54 edizione della Staffetta Vacallo seconda prova del TAS, domenica mattina a Stabio si correr\u00e0 ma 34 edizione del giro podistico\u00a0 seconda prova della coppa ASTi podismo e della coppa giovanile. Il programma\u2026","rel":"","context":"In &quot;Podismo&quot;","block_context":{"text":"Podismo","link":"https:\/\/uscatletica.ch\/wp\/?cat=5"},"img":{"alt_text":"","src":"https:\/\/i0.wp.com\/uscatletica.ch\/wp\/wp-content\/uploads\/2018\/04\/bct2018rdee.jpg?fit=532%2C354&ssl=1&resize=350%2C200","width":350,"height":200,"srcset":"https:\/\/i0.wp.com\/uscatletica.ch\/wp\/wp-content\/uploads\/2018\/04\/bct2018rdee.jpg?fit=532%2C354&ssl=1&resize=350%2C200 1x, https:\/\/i0.wp.com\/uscatletica.ch\/wp\/wp-content\/uploads\/2018\/04\/bct2018rdee.jpg?fit=532%2C354&ssl=1&resize=525%2C300 1.5x"},"classes":[]},{"id":14189,"url":"https:\/\/uscatletica.ch\/wp\/?p=14189","url_meta":{"origin":16179,"position":2},"title":"Le prime novit\u00e0 ASTi per il 2022","author":"Stampa E","date":"25 Gennaio 2022","format":false,"excerpt":"In attesa degli ultimi cross del 2022, ecco le prime novit\u00e0 ASTi per il 2022 --- 2 gare USC valide per la Coppa ASTi di podismo nella stagione 2022: - Giro podistico di Stabio - Stralosone - BancaStato Comano Run - Gran Premio Rossa - SanBeRun - StraMassagno - StraLugano\u2026","rel":"","context":"In &quot;I nostri appuntamenti&quot;","block_context":{"text":"I nostri appuntamenti","link":"https:\/\/uscatletica.ch\/wp\/?cat=12"},"img":{"alt_text":"","src":"https:\/\/i0.wp.com\/uscatletica.ch\/wp\/wp-content\/uploads\/2021\/04\/CalAsti21.jpg?fit=1079%2C749&ssl=1&resize=350%2C200","width":350,"height":200,"srcset":"https:\/\/i0.wp.com\/uscatletica.ch\/wp\/wp-content\/uploads\/2021\/04\/CalAsti21.jpg?fit=1079%2C749&ssl=1&resize=350%2C200 1x, https:\/\/i0.wp.com\/uscatletica.ch\/wp\/wp-content\/uploads\/2021\/04\/CalAsti21.jpg?fit=1079%2C749&ssl=1&resize=525%2C300 1.5x, https:\/\/i0.wp.com\/uscatletica.ch\/wp\/wp-content\/uploads\/2021\/04\/CalAsti21.jpg?fit=1079%2C749&ssl=1&resize=700%2C400 2x, https:\/\/i0.wp.com\/uscatletica.ch\/wp\/wp-content\/uploads\/2021\/04\/CalAsti21.jpg?fit=1079%2C749&ssl=1&resize=1050%2C600 3x"},"classes":[]},{"id":13515,"url":"https:\/\/uscatletica.ch\/wp\/?p=13515","url_meta":{"origin":16179,"position":3},"title":"Locarno Giornico Sagno chiude la pista con i CT Giovanili partono le staffette","author":"Leonida Stampanoni","date":"1 Ottobre 2021","format":false,"excerpt":"A due anni di distanza torna un classico fine settimana autunnale carico di impegni agonistici per l'USC. Al Lido di Locarno saranno una quindicina le presenze USC ai campionati ticinesi giovanili ultimo appuntamento FTAL su suolo cantonale. Tra i favoriti possiamo citare Matilda, Lara S, Pietro, Morena. \u00a0I Podisti faranno\u2026","rel":"","context":"In &quot;Pista&quot;","block_context":{"text":"Pista","link":"https:\/\/uscatletica.ch\/wp\/?cat=4"},"img":{"alt_text":"","src":"https:\/\/i0.wp.com\/uscatletica.ch\/wp\/wp-content\/uploads\/2021\/09\/TASSagno20211002-724x1024.jpg?resize=350%2C200&ssl=1","width":350,"height":200,"srcset":"https:\/\/i0.wp.com\/uscatletica.ch\/wp\/wp-content\/uploads\/2021\/09\/TASSagno20211002-724x1024.jpg?resize=350%2C200&ssl=1 1x, https:\/\/i0.wp.com\/uscatletica.ch\/wp\/wp-content\/uploads\/2021\/09\/TASSagno20211002-724x1024.jpg?resize=525%2C300&ssl=1 1.5x"},"classes":[]},{"id":21457,"url":"https:\/\/uscatletica.ch\/wp\/?p=21457","url_meta":{"origin":16179,"position":4},"title":"Coppe ASTi, primo l&#8217;USC","author":"Stampa E","date":"25 Ottobre 2025","format":false,"excerpt":"Con le ultime gare di fine settembre (StraLugano) e inizio ottobre (Corsa delle 7 chiese di Giornico Generoso trail) s\u2019\u00e8 chiusa l\u2019intensa stagione delle Coppe ASTi. Qui i risultati: https:\/\/www.asti-ticino.ch\/asti-new\/podismo\/classifiche e https:\/\/www.asti-ticino.ch\/asti-new\/podismo\/notizie Per l\u2019USC da sottolineare la vittoria assoluta e di categoria nella Coppa di montagna, cos\u00ec come tre vittorie\u2026","rel":"","context":"In &quot;Montagna&quot;","block_context":{"text":"Montagna","link":"https:\/\/uscatletica.ch\/wp\/?cat=16"},"img":{"alt_text":"","src":"https:\/\/i0.wp.com\/uscatletica.ch\/wp\/wp-content\/uploads\/2025\/05\/Gola-di-Lago-2024-Foto-Nicola-Carenini.jpg?fit=1200%2C1146&ssl=1&resize=350%2C200","width":350,"height":200,"srcset":"https:\/\/i0.wp.com\/uscatletica.ch\/wp\/wp-content\/uploads\/2025\/05\/Gola-di-Lago-2024-Foto-Nicola-Carenini.jpg?fit=1200%2C1146&ssl=1&resize=350%2C200 1x, https:\/\/i0.wp.com\/uscatletica.ch\/wp\/wp-content\/uploads\/2025\/05\/Gola-di-Lago-2024-Foto-Nicola-Carenini.jpg?fit=1200%2C1146&ssl=1&resize=525%2C300 1.5x, https:\/\/i0.wp.com\/uscatletica.ch\/wp\/wp-content\/uploads\/2025\/05\/Gola-di-Lago-2024-Foto-Nicola-Carenini.jpg?fit=1200%2C1146&ssl=1&resize=700%2C400 2x, https:\/\/i0.wp.com\/uscatletica.ch\/wp\/wp-content\/uploads\/2025\/05\/Gola-di-Lago-2024-Foto-Nicola-Carenini.jpg?fit=1200%2C1146&ssl=1&resize=1050%2C600 3x"},"classes":[]},{"id":21326,"url":"https:\/\/uscatletica.ch\/wp\/?p=21326","url_meta":{"origin":16179,"position":5},"title":"Bella USC a Giornico","author":"Leonida Stampanoni","date":"5 Ottobre 2025","format":false,"excerpt":"La nona edizione della corsa delle 7 Chiese valida anche come campionato ASTi ha chiuso la coppa ASTi BancaStato podismo e giovanile. Quasi 150 i partenti in piazza del museo Leventina, come da tradizioni folta la presenza USC con una ventina di atleti. Olivia vince il titolo ASTi, mentre a\u2026","rel":"","context":"In &quot;Podismo&quot;","block_context":{"text":"Podismo","link":"https:\/\/uscatletica.ch\/wp\/?cat=5"},"img":{"alt_text":"","src":"https:\/\/i0.wp.com\/uscatletica.ch\/wp\/wp-content\/uploads\/2025\/10\/202510047chiesee.jpg?fit=1200%2C901&ssl=1&resize=350%2C200","width":350,"height":200,"srcset":"https:\/\/i0.wp.com\/uscatletica.ch\/wp\/wp-content\/uploads\/2025\/10\/202510047chiesee.jpg?fit=1200%2C901&ssl=1&resize=350%2C200 1x, https:\/\/i0.wp.com\/uscatletica.ch\/wp\/wp-content\/uploads\/2025\/10\/202510047chiesee.jpg?fit=1200%2C901&ssl=1&resize=525%2C300 1.5x, https:\/\/i0.wp.com\/uscatletica.ch\/wp\/wp-content\/uploads\/2025\/10\/202510047chiesee.jpg?fit=1200%2C901&ssl=1&resize=700%2C400 2x, https:\/\/i0.wp.com\/uscatletica.ch\/wp\/wp-content\/uploads\/2025\/10\/202510047chiesee.jpg?fit=1200%2C901&ssl=1&resize=1050%2C600 3x"},"classes":[]}],"_links":{"self":[{"href":"https:\/\/uscatletica.ch\/wp\/index.php?rest_route=\/wp\/v2\/posts\/16179","targetHints":{"allow":["GET"]}}],"collection":[{"href":"https:\/\/uscatletica.ch\/wp\/index.php?rest_route=\/wp\/v2\/posts"}],"about":[{"href":"https:\/\/uscatletica.ch\/wp\/index.php?rest_route=\/wp\/v2\/types\/post"}],"author":[{"embeddable":true,"href":"https:\/\/uscatletica.ch\/wp\/index.php?rest_route=\/wp\/v2\/users\/4"}],"replies":[{"embeddable":true,"href":"https:\/\/uscatletica.ch\/wp\/index.php?rest_route=%2Fwp%2Fv2%2Fcomments&post=16179"}],"version-history":[{"count":6,"href":"https:\/\/uscatletica.ch\/wp\/index.php?rest_route=\/wp\/v2\/posts\/16179\/revisions"}],"predecessor-version":[{"id":16193,"href":"https:\/\/uscatletica.ch\/wp\/index.php?rest_route=\/wp\/v2\/posts\/16179\/revisions\/16193"}],"wp:featuredmedia":[{"embeddable":true,"href":"https:\/\/uscatletica.ch\/wp\/index.php?rest_route=\/wp\/v2\/media\/15885"}],"wp:attachment":[{"href":"https:\/\/uscatletica.ch\/wp\/index.php?rest_route=%2Fwp%2Fv2%2Fmedia&parent=16179"}],"wp:term":[{"taxonomy":"category","embeddable":true,"href":"https:\/\/uscatletica.ch\/wp\/index.php?rest_route=%2Fwp%2Fv2%2Fcategories&post=16179"},{"taxonomy":"post_tag","embeddable":true,"href":"https:\/\/uscatletica.ch\/wp\/index.php?rest_route=%2Fwp%2Fv2%2Ftags&post=16179"}],"curies":[{"name":"wp","href":"https:\/\/api.w.org\/{rel}","templated":true}]}}