{"id":16240,"date":"2022-10-17T16:50:55","date_gmt":"2022-10-17T14:50:55","guid":{"rendered":"http:\/\/uscatletica.ch\/wp\/?p=16240"},"modified":"2022-10-18T16:36:35","modified_gmt":"2022-10-18T14:36:35","slug":"a-isone-una-vittoria-per-le-u12-uscini-davide-vince-i-5km-a-locarno","status":"publish","type":"post","link":"https:\/\/uscatletica.ch\/wp\/?p=16240","title":{"rendered":"A Isone una vittoria per le U12 USCini Davide vince i 5km a Locarno"},"content":{"rendered":"\n<p>Nel fine settimana due impegni per l&#8217;USC sabato alla Ascona Locarno Run erano in 6 gli atleti USC presenti con la vittoria di categoria per Davide e Gionata . mentre domenica alla chiusura del TAS un bel gruppo di giovani entusiasti erano alla Sagra della staffetta di Isone dove \u00a0le U12 hanno colto una bella vittoria come pure Anna tra le scoiattole.\u00a0<\/p>\n<p><a href=\"http:\/\/asti-ticino.ch\/asti-new\/storage\/gare\/sagra-della-staffetta-isone-2022-risultati.pdf\" target=\"_blank\" rel=\"noopener\">le classifiche di Isone <\/a>\u00a0<a href=\"http:\/\/asti-ticino.ch\/asti-new\/staffette\/classifiche\" target=\"_blank\" rel=\"noopener\">Le classifiche del Trofeo ASTi BancaStato Staffette<\/a>\u00a0 <a href=\"https:\/\/www.datasport.com\/live\/ranking\/?racenr=24633\" target=\"_blank\" rel=\"noopener\">I risultati di Locarno\u00a0<\/a><\/p>\n<p>Alla Ascona Locarno Run sui 5 km due vittorie di categoria: Davide con il quarto tempo assoluto ha vinto tra gli m50 in 17&#8217;26 mentre Gionata ha corso in 17&#8217;56 per vincere tra gli M40 Sigi ha chiuso la sua fatica in 19&#8217;28. Nella gara giovanili miglior tempo per No\u00e9 negli U14 e bella prova per la piccola Kayla.\u00a0<\/p>\n<p>Domenica ad Isone si \u00e8 corsa l&#8217;ultima tappa del trofeo ASTi BancaStato Staffette 5 le squadre USC ai blocchi di partenza. Nelle U12 Asia Viola ed Anais hanno vinto benissimo anche Camilla Aubree e Lia seste. Le nostre ragazze sono arrivate a soli 4 punti dalla vittoria nel trofeo. andata all&#8217;ASSPO Riva S. Vitale. Negli U14 Elliot, Giosu\u00e8, No\u00e9 chiudono al quarto rango davanti a Ismael, Mattia e Oscar. nella gara vinta dalla SAM. Nel TAS i ragazzi per la prima volta con due squadre al via confermano il terzo rango . \u00a0Dalia, Camilla, Am\u00e9lie A. sono giunte seste tra le U14 nella gara vinta dalla ASM.\u00a0<\/p>\n<p><span style=\"color: #ff0000;\">Nelle gare individuali Anna ha vinto tra le cucciole seguita da Alma (6), Sophie (11), Irene (13) Olivia M. (15), Zoe (16). Martino ha finito al terzo rango negli \u00a0(U10) \u00a0mentre tra le ragazze prima gara per Natalie (26) seguita da Julia (32).\u00a0<\/span><\/p>\n<p>\u00a0<\/p>\n","protected":false},"excerpt":{"rendered":"<p>Nel fine settimana due impegni per l&#8217;USC sabato alla Ascona Locarno Run erano in 6 gli atleti USC presenti con la vittoria di categoria per Davide e Gionata . mentre domenica alla chiusura del TAS un bel gruppo di giovani entusiasti erano alla Sagra della staffetta di Isone dove \u00a0le U12 hanno colto una bella vittoria come pure Anna tra le scoiattole.\u00a0 le classifiche di Isone \u00a0Le classifiche del Trofeo ASTi BancaStato Staffette\u00a0 I risultati&#8230;<\/p>\n","protected":false},"author":4,"featured_media":16133,"comment_status":"closed","ping_status":"closed","sticky":false,"template":"","format":"standard","meta":{"jetpack_post_was_ever_published":false,"_jetpack_newsletter_access":"","_jetpack_dont_email_post_to_subs":false,"_jetpack_newsletter_tier_id":0,"_jetpack_memberships_contains_paywalled_content":false,"_jetpack_memberships_contains_paid_content":false,"footnotes":"","jetpack_publicize_message":"","jetpack_publicize_feature_enabled":true,"jetpack_social_post_already_shared":false,"jetpack_social_options":{"image_generator_settings":{"template":"highway","default_image_id":0,"font":"","enabled":false},"version":2}},"categories":[5,9,8],"tags":[],"class_list":["post-16240","post","type-post","status-publish","format-standard","has-post-thumbnail","hentry","category-podismo","category-sport","category-staffette"],"jetpack_publicize_connections":[],"jetpack_featured_media_url":"https:\/\/i0.wp.com\/uscatletica.ch\/wp\/wp-content\/uploads\/2022\/10\/221992sagnoU14W.jpg?fit=480%2C640&ssl=1","jetpack_sharing_enabled":true,"jetpack_shortlink":"https:\/\/wp.me\/p6V7Ck-4dW","jetpack-related-posts":[{"id":5087,"url":"https:\/\/uscatletica.ch\/wp\/?p=5087","url_meta":{"origin":16240,"position":0},"title":"TAS tutti in festa ad Isone Campionati ticinesi di maratona Ascona Locarno","author":"Leonida Stampanoni","date":"11 Ottobre 2017","format":false,"excerpt":"Domenica intensa per l'attivit\u00e0 su strada in mattinata da Piazza Grande di Locarno partir\u00e0 la Ascona Locarno run con Maratona mezza e 10 km, Nel pomeriggio Isone ospiter\u00e0 l'ultima prova del TAS\u00a0 in cima alla valle del Vedeggio sono attesi il solito folto gruppo USC. ASCONA LOCARNO Roby Difende il\u2026","rel":"","context":"In &quot;Podismo&quot;","block_context":{"text":"Podismo","link":"https:\/\/uscatletica.ch\/wp\/?cat=5"},"img":{"alt_text":"","src":"https:\/\/i0.wp.com\/uscatletica.ch\/wp\/wp-content\/uploads\/2017\/10\/P1490435u12sta.jpg?fit=532%2C399&ssl=1&resize=350%2C200","width":350,"height":200,"srcset":"https:\/\/i0.wp.com\/uscatletica.ch\/wp\/wp-content\/uploads\/2017\/10\/P1490435u12sta.jpg?fit=532%2C399&ssl=1&resize=350%2C200 1x, https:\/\/i0.wp.com\/uscatletica.ch\/wp\/wp-content\/uploads\/2017\/10\/P1490435u12sta.jpg?fit=532%2C399&ssl=1&resize=525%2C300 1.5x"},"classes":[]},{"id":2972,"url":"https:\/\/uscatletica.ch\/wp\/?p=2972","url_meta":{"origin":16240,"position":1},"title":"TAS Il Gran finale ad Isone Ascona-Locarno Maratona e Mezza","author":"Leonida Stampanoni","date":"12 Ottobre 2016","format":false,"excerpt":"Fine settimana finale per il calendario podistico cantonale in programma la Ascona -Locarno Marathon con in palio i titoli ticinesi di Maratona e mezza maratona mentre domenica pomeriggio \u00a0la SAIM festegger\u00e0 la 20 edizione della sagra della staffetta ultima prova del Trofeo Asti Staffette. La premiazione ASTi sar\u00e0 domenica 27\u2026","rel":"","context":"In &quot;Podismo&quot;","block_context":{"text":"Podismo","link":"https:\/\/uscatletica.ch\/wp\/?cat=5"},"img":{"alt_text":"","src":"https:\/\/i0.wp.com\/uscatletica.ch\/wp\/wp-content\/uploads\/2016\/09\/U10U8CAMINGNOLOap.jpg?fit=563%2C316&ssl=1&resize=350%2C200","width":350,"height":200,"srcset":"https:\/\/i0.wp.com\/uscatletica.ch\/wp\/wp-content\/uploads\/2016\/09\/U10U8CAMINGNOLOap.jpg?fit=563%2C316&ssl=1&resize=350%2C200 1x, https:\/\/i0.wp.com\/uscatletica.ch\/wp\/wp-content\/uploads\/2016\/09\/U10U8CAMINGNOLOap.jpg?fit=563%2C316&ssl=1&resize=525%2C300 1.5x"},"classes":[]},{"id":20279,"url":"https:\/\/uscatletica.ch\/wp\/?p=20279","url_meta":{"origin":16240,"position":2},"title":"USC BRILLANTE ALLE 7 CHIESE e a Locarno","author":"Leonida Stampanoni","date":"12 Ottobre 2024","format":false,"excerpt":"La corsa delle 7 Chiese Giornico ha chiuso la stagione delle Coppa ASTi BancaStato Podismo \u00a0e Giovanile. Una ventina gli USCini al via tra gli oltre 100 partecipanti presentatisi sulla linea di partenza in Leventina. Tre vittorie con Alex, Jonathan e Linda e podi per Giosu\u00e8, Remo, Anais, Viola, No\u00e9\u2026","rel":"","context":"In &quot;Podismo&quot;","block_context":{"text":"Podismo","link":"https:\/\/uscatletica.ch\/wp\/?cat=5"},"img":{"alt_text":"","src":"https:\/\/i0.wp.com\/uscatletica.ch\/wp\/wp-content\/uploads\/2024\/10\/20247CHIESELOGlogo.jpg?fit=218%2C224&ssl=1&resize=350%2C200","width":350,"height":200},"classes":[]},{"id":9131,"url":"https:\/\/uscatletica.ch\/wp\/?p=9131","url_meta":{"origin":16240,"position":3},"title":"TAS ISONE SI RIPARTE COL PIEDE GIUSTO NOE BRAVO A LOCARNO","author":"Leonida Stampanoni","date":"22 Settembre 2019","format":false,"excerpt":"Intensa domenica per i nostri scolari che erano impegnati ad Isone con la ripresa del TAS con No\u00e9 invece che al Lido di Locarno ha corso la sua prima finale del MilLe Gruyere mostrando un gran bel miglioramento. Ad Isone tantissime ragazze che ha trascinato il gruppo tre podi per\u2026","rel":"","context":"In &quot;Pista&quot;","block_context":{"text":"Pista","link":"https:\/\/uscatletica.ch\/wp\/?cat=4"},"img":{"alt_text":"","src":"https:\/\/i0.wp.com\/uscatletica.ch\/wp\/wp-content\/uploads\/2018\/04\/TGQUSC18U14-1.jpg?fit=532%2C259&ssl=1&resize=350%2C200","width":350,"height":200,"srcset":"https:\/\/i0.wp.com\/uscatletica.ch\/wp\/wp-content\/uploads\/2018\/04\/TGQUSC18U14-1.jpg?fit=532%2C259&ssl=1&resize=350%2C200 1x, https:\/\/i0.wp.com\/uscatletica.ch\/wp\/wp-content\/uploads\/2018\/04\/TGQUSC18U14-1.jpg?fit=532%2C259&ssl=1&resize=525%2C300 1.5x"},"classes":[]},{"id":21464,"url":"https:\/\/uscatletica.ch\/wp\/?p=21464","url_meta":{"origin":16240,"position":4},"title":"USC A PODIO ALLA SAGRA DELLA STAFFETTA AD ISONE (new)","author":"Leonida Stampanoni","date":"19 Ottobre 2025","format":false,"excerpt":"Domenica fresca ad Isone per il gran finale del Trofeo ASTi BancaStato Staffette 2025, dove erano una ventina le USCine\/i alla 28a edizione della Sagra della Staffetta che ha accolto calorosamente i 242 partecipanti. Nelle staffette bel podio U14F con Matilde, Michelle e Nicole e prova grintosa per le U12\u2026","rel":"","context":"In &quot;Sport&quot;","block_context":{"text":"Sport","link":"https:\/\/uscatletica.ch\/wp\/?cat=9"},"img":{"alt_text":"Trofeo ASTI Staffette 2025","src":"https:\/\/i0.wp.com\/uscatletica.ch\/wp\/wp-content\/uploads\/2025\/10\/Trofeo-ASTI-Staffette-2025-scaled.jpg?fit=1200%2C675&ssl=1&resize=350%2C200","width":350,"height":200,"srcset":"https:\/\/i0.wp.com\/uscatletica.ch\/wp\/wp-content\/uploads\/2025\/10\/Trofeo-ASTI-Staffette-2025-scaled.jpg?fit=1200%2C675&ssl=1&resize=350%2C200 1x, https:\/\/i0.wp.com\/uscatletica.ch\/wp\/wp-content\/uploads\/2025\/10\/Trofeo-ASTI-Staffette-2025-scaled.jpg?fit=1200%2C675&ssl=1&resize=525%2C300 1.5x, https:\/\/i0.wp.com\/uscatletica.ch\/wp\/wp-content\/uploads\/2025\/10\/Trofeo-ASTI-Staffette-2025-scaled.jpg?fit=1200%2C675&ssl=1&resize=700%2C400 2x, https:\/\/i0.wp.com\/uscatletica.ch\/wp\/wp-content\/uploads\/2025\/10\/Trofeo-ASTI-Staffette-2025-scaled.jpg?fit=1200%2C675&ssl=1&resize=1050%2C600 3x"},"classes":[]},{"id":5065,"url":"https:\/\/uscatletica.ch\/wp\/?p=5065","url_meta":{"origin":16240,"position":5},"title":"Staffetta Rivense bravissimi USCini  Roby Brilla a Lecco","author":"Leonida Stampanoni","date":"8 Ottobre 2017","format":false,"excerpt":"Quasi 300 i giovanissimi che sull'impegnativo e suggestivo percorso della 41 staffetta Rivense,\u00a0 Per l'USC oltre al solito folto gruppo di U10 e scoiattoli nelle gare individuali, al via in\u00a0 ben 7 squadre nelle staffette .\u00a0 Tra le U12\u00a0 terzo podio consecutivo per le nostre giovanissime,\u00a0 poi assaporano il podio\u2026","rel":"","context":"In &quot;Montagna&quot;","block_context":{"text":"Montagna","link":"https:\/\/uscatletica.ch\/wp\/?cat=16"},"img":{"alt_text":"","src":"https:\/\/i0.wp.com\/uscatletica.ch\/wp\/wp-content\/uploads\/2017\/10\/14rinse17a.jpg?fit=532%2C399&ssl=1&resize=350%2C200","width":350,"height":200,"srcset":"https:\/\/i0.wp.com\/uscatletica.ch\/wp\/wp-content\/uploads\/2017\/10\/14rinse17a.jpg?fit=532%2C399&ssl=1&resize=350%2C200 1x, https:\/\/i0.wp.com\/uscatletica.ch\/wp\/wp-content\/uploads\/2017\/10\/14rinse17a.jpg?fit=532%2C399&ssl=1&resize=525%2C300 1.5x"},"classes":[]}],"_links":{"self":[{"href":"https:\/\/uscatletica.ch\/wp\/index.php?rest_route=\/wp\/v2\/posts\/16240","targetHints":{"allow":["GET"]}}],"collection":[{"href":"https:\/\/uscatletica.ch\/wp\/index.php?rest_route=\/wp\/v2\/posts"}],"about":[{"href":"https:\/\/uscatletica.ch\/wp\/index.php?rest_route=\/wp\/v2\/types\/post"}],"author":[{"embeddable":true,"href":"https:\/\/uscatletica.ch\/wp\/index.php?rest_route=\/wp\/v2\/users\/4"}],"replies":[{"embeddable":true,"href":"https:\/\/uscatletica.ch\/wp\/index.php?rest_route=%2Fwp%2Fv2%2Fcomments&post=16240"}],"version-history":[{"count":2,"href":"https:\/\/uscatletica.ch\/wp\/index.php?rest_route=\/wp\/v2\/posts\/16240\/revisions"}],"predecessor-version":[{"id":16248,"href":"https:\/\/uscatletica.ch\/wp\/index.php?rest_route=\/wp\/v2\/posts\/16240\/revisions\/16248"}],"wp:featuredmedia":[{"embeddable":true,"href":"https:\/\/uscatletica.ch\/wp\/index.php?rest_route=\/wp\/v2\/media\/16133"}],"wp:attachment":[{"href":"https:\/\/uscatletica.ch\/wp\/index.php?rest_route=%2Fwp%2Fv2%2Fmedia&parent=16240"}],"wp:term":[{"taxonomy":"category","embeddable":true,"href":"https:\/\/uscatletica.ch\/wp\/index.php?rest_route=%2Fwp%2Fv2%2Fcategories&post=16240"},{"taxonomy":"post_tag","embeddable":true,"href":"https:\/\/uscatletica.ch\/wp\/index.php?rest_route=%2Fwp%2Fv2%2Ftags&post=16240"}],"curies":[{"name":"wp","href":"https:\/\/api.w.org\/{rel}","templated":true}]}}