{"id":16374,"date":"2022-11-05T12:00:00","date_gmt":"2022-11-05T11:00:00","guid":{"rendered":"http:\/\/uscatletica.ch\/wp\/?p=16374"},"modified":"2022-11-10T08:34:56","modified_gmt":"2022-11-10T07:34:56","slug":"votiamo-la-miglior-gara-asti","status":"publish","type":"post","link":"https:\/\/uscatletica.ch\/wp\/?p=16374","title":{"rendered":"Miglior gara ASTi e classifiche finali"},"content":{"rendered":"\n<p>Sul sito <span style=\"text-decoration: underline;\">h<\/span><a href=\"http:\/\/www.asti-ticino.ch\/asti-new\/podismo\"><span style=\"text-decoration: underline;\">ttp:\/\/www.asti-ticino.ch\/asti-new\/podismo<\/span><\/a> era possibile votare la miglior gara ASTi della stagione podistica 2022, <strong>entro il 7 novembre.<\/strong><\/p>\n<p>L&#8217;USC ha organizzato le seguenti manifestazioni, votiamo!!!<\/p>\n<div class=\"col-md-6\"><input id=\"cronoascesa-al-bigorio\" name=\"vote\" type=\"radio\" value=\"224\" \/><span style=\"color: #ff0000;\"><strong> <label for=\"cronoascesa-al-bigorio\">Cronoascesa al Bigorio<\/label><label for=\"generoso-trail\"><\/label><\/strong><\/span><\/div>\n<div class=\"col-md-6\"><span style=\"color: #ff0000;\"><strong><input id=\"gir-dal-diavol\" name=\"vote\" type=\"radio\" value=\"217\" \/> <label for=\"gir-dal-diavol\">Gir dal diavol<\/label><label for=\"tamaro-trail\"><\/label><\/strong><\/span><\/div>\n<div class=\"col-md-6\"><span style=\"color: #ff0000;\"><strong><input id=\"tesserete-gola-di-lago\" name=\"vote\" type=\"radio\" value=\"171\" \/> <label for=\"tesserete-gola-di-lago\">Tesserete &#8211; Gola di Lago<\/label><\/strong><\/span><\/div>\n<div class=\"col-md-6\"><span style=\"color: #ff0000;\"><strong><input id=\"tutti-in-pista-capriasca\" name=\"vote\" type=\"radio\" value=\"169\" \/> <label for=\"tutti-in-pista-capriasca\">Tutti in pista, Capriasca<\/label><\/strong><\/span><\/div>\n<div>\u00a0<\/div>\n<div>\n<div>Ogni partecipante pu\u00f2 votare una sola gara.<\/div>\n<div>La gara vincitrice ricever\u00e0 un omaggio in occasione della premiazione ASTi di novembre e, nel calendario 2023, la gara verr\u00e0 distinta con la menzione \u201cmiglior gara podistica ASTi 2022\u201d.<\/div>\nVotazione possibile dal 24 ottobre al 7 novembre.<\/div>\n<div>\u00a0<\/div>\n<div><span style=\"text-decoration: underline;\"><strong><a href=\"http:\/\/www.asti-ticino.ch\/asti-new\/podismo\/classifiche\">Qui<\/a> <\/strong><\/span>si trovano le classifiche finali delle COPPE ASTi 2022<\/div>\n<div>\u00a0<\/div>\n<div>\u00a0<\/div>\n<p>\u00a0<\/p>\n","protected":false},"excerpt":{"rendered":"<p>Sul sito http:\/\/www.asti-ticino.ch\/asti-new\/podismo era possibile votare la miglior gara ASTi della stagione podistica 2022, entro il 7 novembre. L&#8217;USC ha organizzato le seguenti manifestazioni, votiamo!!! Cronoascesa al Bigorio Gir dal diavol Tesserete &#8211; Gola di Lago Tutti in pista, Capriasca \u00a0 Ogni partecipante pu\u00f2 votare una sola gara. La gara vincitrice ricever\u00e0 un omaggio in occasione della premiazione ASTi di novembre e, nel calendario 2023, la gara verr\u00e0 distinta con la menzione \u201cmiglior gara podistica&#8230;<\/p>\n","protected":false},"author":3,"featured_media":8850,"comment_status":"closed","ping_status":"closed","sticky":false,"template":"","format":"standard","meta":{"jetpack_post_was_ever_published":false,"_jetpack_newsletter_access":"","_jetpack_dont_email_post_to_subs":false,"_jetpack_newsletter_tier_id":0,"_jetpack_memberships_contains_paywalled_content":false,"_jetpack_memberships_contains_paid_content":false,"footnotes":"","jetpack_publicize_message":"","jetpack_publicize_feature_enabled":true,"jetpack_social_post_already_shared":false,"jetpack_social_options":{"image_generator_settings":{"template":"highway","default_image_id":0,"font":"","enabled":false},"version":2}},"categories":[12,10,5,9],"tags":[],"class_list":["post-16374","post","type-post","status-publish","format-standard","has-post-thumbnail","hentry","category-nostregare","category-info","category-podismo","category-sport"],"jetpack_publicize_connections":[],"jetpack_featured_media_url":"https:\/\/i0.wp.com\/uscatletica.ch\/wp\/wp-content\/uploads\/2019\/08\/Gir-dal-Diavol-Sasso-E.S..jpg?fit=800%2C600&ssl=1","jetpack_sharing_enabled":true,"jetpack_shortlink":"https:\/\/wp.me\/p6V7Ck-4g6","jetpack-related-posts":[{"id":9297,"url":"https:\/\/uscatletica.ch\/wp\/?p=9297","url_meta":{"origin":16374,"position":0},"title":"Miglior gara podistica","author":"Stampa E","date":"14 Ottobre 2019","format":false,"excerpt":"Decidete voi qual \u00e8 la miglior gara podistica ASTi 2019! Dal 13 ottobre al 1 novembre \u00e8 possibile votare la gara podistica preferita della stagione ASTi. Entrano in considerazione tutte le gare podistiche del calendario ASTi (Coppa ASTi podismo, Coppa ASTi montagna salita vertical, altre gare podistiche e altre gare\u2026","rel":"","context":"In &quot;Informazioni&quot;","block_context":{"text":"Informazioni","link":"https:\/\/uscatletica.ch\/wp\/?cat=10"},"img":{"alt_text":"","src":"","width":0,"height":0},"classes":[]},{"id":6614,"url":"https:\/\/uscatletica.ch\/wp\/?p=6614","url_meta":{"origin":16374,"position":1},"title":"Miglior gara podistica ASTi 2018","author":"Stampa E","date":"23 Settembre 2018","format":false,"excerpt":"Decidete voi qual \u00e8 la miglior gara podistica ASTi! Dal 15 settembre al 27 ottobre \u00e8 possibile votare la vostra gara podistica preferita della stagione ASTi 2018 votando qui. Scegliete una delle gare USC: 5'000 ASTi Tesserete - Gola di Lago Cronoascesa al Bigorio La gara verr\u00e0 distinta con la\u2026","rel":"","context":"In &quot;I nostri appuntamenti&quot;","block_context":{"text":"I nostri appuntamenti","link":"https:\/\/uscatletica.ch\/wp\/?cat=12"},"img":{"alt_text":"","src":"https:\/\/i0.wp.com\/uscatletica.ch\/wp\/wp-content\/uploads\/2018\/09\/ASTi-COPERTINA-calendario.jpg?fit=639%2C852&ssl=1&resize=350%2C200","width":350,"height":200,"srcset":"https:\/\/i0.wp.com\/uscatletica.ch\/wp\/wp-content\/uploads\/2018\/09\/ASTi-COPERTINA-calendario.jpg?fit=639%2C852&ssl=1&resize=350%2C200 1x, https:\/\/i0.wp.com\/uscatletica.ch\/wp\/wp-content\/uploads\/2018\/09\/ASTi-COPERTINA-calendario.jpg?fit=639%2C852&ssl=1&resize=525%2C300 1.5x"},"classes":[]},{"id":17024,"url":"https:\/\/uscatletica.ch\/wp\/?p=17024","url_meta":{"origin":16374,"position":2},"title":"Le coppe ASTi debuttano a Stabio bene le USCine","author":"Leonida Stampanoni","date":"16 Aprile 2023","format":false,"excerpt":"La Coppa ASTi BancaStato Podismo e la Coppa ASTi BancaStato giovanile sono partite domenica con la 38a edizione del Giro Podistico di Stabio. Al via c'erano 150 partecipanti nelle diverse categorie e l'USC ha brillato nelle gare giovanili, dove sono arrivati ben tre podi con Viola, Anais ed Elsa. Tra\u2026","rel":"","context":"In &quot;Podismo&quot;","block_context":{"text":"Podismo","link":"https:\/\/uscatletica.ch\/wp\/?cat=5"},"img":{"alt_text":"","src":"https:\/\/i0.wp.com\/uscatletica.ch\/wp\/wp-content\/uploads\/2023\/04\/IMG_6940.jpeg?fit=1200%2C801&ssl=1&resize=350%2C200","width":350,"height":200,"srcset":"https:\/\/i0.wp.com\/uscatletica.ch\/wp\/wp-content\/uploads\/2023\/04\/IMG_6940.jpeg?fit=1200%2C801&ssl=1&resize=350%2C200 1x, https:\/\/i0.wp.com\/uscatletica.ch\/wp\/wp-content\/uploads\/2023\/04\/IMG_6940.jpeg?fit=1200%2C801&ssl=1&resize=525%2C300 1.5x, https:\/\/i0.wp.com\/uscatletica.ch\/wp\/wp-content\/uploads\/2023\/04\/IMG_6940.jpeg?fit=1200%2C801&ssl=1&resize=700%2C400 2x, https:\/\/i0.wp.com\/uscatletica.ch\/wp\/wp-content\/uploads\/2023\/04\/IMG_6940.jpeg?fit=1200%2C801&ssl=1&resize=1050%2C600 3x"},"classes":[]},{"id":15622,"url":"https:\/\/uscatletica.ch\/wp\/?p=15622","url_meta":{"origin":16374,"position":3},"title":"Tre medaglie USC in Calanca","author":"Stampa E","date":"3 Luglio 2022","format":false,"excerpt":"Il 3 luglio s\u2019\u00e8 disputato in Val Calanca il Gran Premio Rossa, valido per la Coppa ASTi e anche valido come CAMPIONATO ASTi di podismo 2022. La gara \u00e8 stata vinta dall\u2019italiano Mascherpa con il nuovo record del percorso di 37\u201928\u2019\u2019, mentre il titolo ASTi \u00e8 andata a Lukas Oehen\u2026","rel":"","context":"In &quot;Podismo&quot;","block_context":{"text":"Podismo","link":"https:\/\/uscatletica.ch\/wp\/?cat=5"},"img":{"alt_text":"","src":"","width":0,"height":0},"classes":[]},{"id":20339,"url":"https:\/\/uscatletica.ch\/wp\/?p=20339","url_meta":{"origin":16374,"position":4},"title":"Vota la miglior gara ASTi 2024","author":"Stampa E","date":"9 Novembre 2024","format":false,"excerpt":"Sul sito dell'ASTi, fino al 20 novembre \u00e8 possibile votare la manifestazione ASTi preferita. Si pu\u00f2 scegliere tra gare di podismo, montagna o trail (escluse le gare gi\u00e0 vincenti negli ultimi 5 anni) e votare. Come indicato sulla presentazione, vanno considerate la bellezza del percorso, l\u2019organizzazione, l\u2019ambiente, l\u2019accoglienza e tutto\u2026","rel":"","context":"In &quot;Diversi&quot;","block_context":{"text":"Diversi","link":"https:\/\/uscatletica.ch\/wp\/?cat=30"},"img":{"alt_text":"","src":"https:\/\/i0.wp.com\/uscatletica.ch\/wp\/wp-content\/uploads\/2023\/05\/MulattieraBigorio2023.jpg?fit=626%2C840&ssl=1&resize=350%2C200","width":350,"height":200,"srcset":"https:\/\/i0.wp.com\/uscatletica.ch\/wp\/wp-content\/uploads\/2023\/05\/MulattieraBigorio2023.jpg?fit=626%2C840&ssl=1&resize=350%2C200 1x, https:\/\/i0.wp.com\/uscatletica.ch\/wp\/wp-content\/uploads\/2023\/05\/MulattieraBigorio2023.jpg?fit=626%2C840&ssl=1&resize=525%2C300 1.5x"},"classes":[]},{"id":15666,"url":"https:\/\/uscatletica.ch\/wp\/?p=15666","url_meta":{"origin":16374,"position":5},"title":"Vittorie e titoli ASTi per l&#8217;USC in Bavona","author":"Stampa E","date":"2 Agosto 2022","format":false,"excerpt":"Titoli ASTi ai fratelli Volger Il 1\u00b0 agosto si \u00e8 corsa in Valle Bavona la Coppa Froda giovanile, che ha assegnato punti per la Coppa e anche i titoli ASTi giovanili di podismo. Tra i ragazzi il titolo ASTi 2022 di podismo \u00e8 andato a No\u00e9, primo U14 e primo\u2026","rel":"","context":"In &quot;Non catalogato&quot;","block_context":{"text":"Non catalogato","link":"https:\/\/uscatletica.ch\/wp\/?cat=6"},"img":{"alt_text":"","src":"https:\/\/i0.wp.com\/uscatletica.ch\/wp\/wp-content\/uploads\/2022\/08\/Bavona-Volger2.jpg?fit=900%2C1200&ssl=1&resize=350%2C200","width":350,"height":200,"srcset":"https:\/\/i0.wp.com\/uscatletica.ch\/wp\/wp-content\/uploads\/2022\/08\/Bavona-Volger2.jpg?fit=900%2C1200&ssl=1&resize=350%2C200 1x, https:\/\/i0.wp.com\/uscatletica.ch\/wp\/wp-content\/uploads\/2022\/08\/Bavona-Volger2.jpg?fit=900%2C1200&ssl=1&resize=525%2C300 1.5x, https:\/\/i0.wp.com\/uscatletica.ch\/wp\/wp-content\/uploads\/2022\/08\/Bavona-Volger2.jpg?fit=900%2C1200&ssl=1&resize=700%2C400 2x"},"classes":[]}],"_links":{"self":[{"href":"https:\/\/uscatletica.ch\/wp\/index.php?rest_route=\/wp\/v2\/posts\/16374","targetHints":{"allow":["GET"]}}],"collection":[{"href":"https:\/\/uscatletica.ch\/wp\/index.php?rest_route=\/wp\/v2\/posts"}],"about":[{"href":"https:\/\/uscatletica.ch\/wp\/index.php?rest_route=\/wp\/v2\/types\/post"}],"author":[{"embeddable":true,"href":"https:\/\/uscatletica.ch\/wp\/index.php?rest_route=\/wp\/v2\/users\/3"}],"replies":[{"embeddable":true,"href":"https:\/\/uscatletica.ch\/wp\/index.php?rest_route=%2Fwp%2Fv2%2Fcomments&post=16374"}],"version-history":[{"count":6,"href":"https:\/\/uscatletica.ch\/wp\/index.php?rest_route=\/wp\/v2\/posts\/16374\/revisions"}],"predecessor-version":[{"id":16427,"href":"https:\/\/uscatletica.ch\/wp\/index.php?rest_route=\/wp\/v2\/posts\/16374\/revisions\/16427"}],"wp:featuredmedia":[{"embeddable":true,"href":"https:\/\/uscatletica.ch\/wp\/index.php?rest_route=\/wp\/v2\/media\/8850"}],"wp:attachment":[{"href":"https:\/\/uscatletica.ch\/wp\/index.php?rest_route=%2Fwp%2Fv2%2Fmedia&parent=16374"}],"wp:term":[{"taxonomy":"category","embeddable":true,"href":"https:\/\/uscatletica.ch\/wp\/index.php?rest_route=%2Fwp%2Fv2%2Fcategories&post=16374"},{"taxonomy":"post_tag","embeddable":true,"href":"https:\/\/uscatletica.ch\/wp\/index.php?rest_route=%2Fwp%2Fv2%2Ftags&post=16374"}],"curies":[{"name":"wp","href":"https:\/\/api.w.org\/{rel}","templated":true}]}}