{"id":16441,"date":"2022-11-18T09:32:13","date_gmt":"2022-11-18T08:32:13","guid":{"rendered":"http:\/\/uscatletica.ch\/wp\/?p=16441"},"modified":"2022-11-18T21:01:18","modified_gmt":"2022-11-18T20:01:18","slug":"da-massagno-a-mendrisio-il-fine-settimana-tra-premiazione-e-cross","status":"publish","type":"post","link":"https:\/\/uscatletica.ch\/wp\/?p=16441","title":{"rendered":"Da Massagno a Mendrisio, fine settimana tra premiazioni e cross"},"content":{"rendered":"\n<p>Nel fine settimana \u00a0due gli appuntamenti per l&#8217;USC: sabato sera si terr\u00e0 al cinema Lux di Massagno la premiazione ASTi, mentre domenica al parco Casvegno di Mendrisio si correr\u00e0 la seconda tappa della coppa Ticino di cross FTAL AET.\u00a0<\/p>\n<p><a href=\"https:\/\/www.endu.net\/it\/events\/cross-mendrisio-ctc\/results\" target=\"_blank\" rel=\"noopener\">Risultati Live da Mendrisio <\/a>\u00a0\u00a0<\/p>\n<p>I premiati<\/p>\n<table style=\"border-collapse: collapse; width: 100%; height: 46px;\">\n<tbody>\n<tr style=\"height: 23px;\">\n<td style=\"width: 33.3333%; height: 23px;\"><a href=\"http:\/\/asti-ticino.ch\/asti-new\/storage\/documenti\/premiati-coppa-abs-podismo-2022.pdf\" target=\"_blank\" rel=\"noopener\">Podismo\u00a0<\/a><\/td>\n<td style=\"width: 33.3333%; height: 23px;\"><a href=\"http:\/\/asti-ticino.ch\/asti-new\/storage\/documenti\/premiati-coppa-abs-giovanile-2022.pdf\" target=\"_blank\" rel=\"noopener\">Podismo giovanile\u00a0<\/a><\/td>\n<td style=\"width: 33.3333%; height: 23px;\"><a href=\"http:\/\/asti-ticino.ch\/asti-new\/storage\/documenti\/premiati-coppa-abs-montagna-2022.pdf\" target=\"_blank\" rel=\"noopener\">\u00a0Montagna<\/a><\/td>\n<\/tr>\n<tr style=\"height: 23px;\">\n<td style=\"width: 33.3333%; height: 23px;\"><a href=\"http:\/\/asti-ticino.ch\/asti-new\/storage\/documenti\/premiati-coppa-a-trail-2022.pdf\" target=\"_blank\" rel=\"noopener\">Trail\u00a0<\/a><\/td>\n<td style=\"width: 33.3333%; height: 23px;\"><a href=\"http:\/\/asti-ticino.ch\/asti-new\/storage\/documenti\/premiati-coppa-abs-societa-2022.pdf\" target=\"_blank\" rel=\"noopener\">Coppa podismo per societ\u00e0\u00a0<\/a><\/td>\n<td style=\"width: 33.3333%; height: 23px;\"><a href=\"http:\/\/asti-ticino.ch\/asti-new\/storage\/documenti\/societa-premiate-per-il-tas-2022.pdf\" target=\"_blank\" rel=\"noopener\">TAS\u00a0<\/a><\/td>\n<\/tr>\n<\/tbody>\n<\/table>\n\n\n\n<p>Domenica saranno una sessantina le atlete e gli atleti USC la via del cross di Mendrisio, dove debutteranno gli U10 e i pi\u00f9 piccoli e rientreranno diversi assenti. Al via troveremo per\u00f2 anche i fedelissimi che gi\u00e0 hanno brillato a Dongio.\u00a0<\/p>\n<p><a href=\"https:\/\/uscatletica.ch\/wp\/wp-content\/uploads\/2022\/11\/VolantinoCross.pdf\">Il volantino con le informazioni per la trasferta<\/a><\/p>\n<p>Sabato sera al cinema Lux l&#8217;ASTi render\u00e0 omaggio a coloro che hanno saputo meritarsi un posto sul podio nelle diverse coppe e trofei. L&#8217;USC sar\u00e0 ben rappresentata come sempre, con la nuova generazione giovanile molto ben rappresentata, mentre nelle categorie maggiori la stagione non ha regalato cos\u00ec tante soddisfazioni come negli scorsi anni, ma comunque alcuni podi e una vittoria. \u00a0<\/p>\n<p>Nel TAS l&#8217;USC ha mancato il podio nel Supetrofeo dopo la vittoria dello scorso anno, ma podio per gli U14M, le U12F e le F15. Nella Coppa ASTi per societ\u00e0 del podismo, nonostante una volata travolgente abbiamo dovuto cedere il titolo per soli 49 punti al RCB. Preziosissimi i punti arrivati dalla coppa ASTi giovanile con le vittorie per Cecilia, No\u00e9, Dalia, Anais ed i podi per Olivia, Elsa, Giosu\u00e8, Asia ed Am\u00e9lie. In montagna Elia \u00e8 secondo nella generale e domina tra gli M40, accompagnato sul podio da Alessandro. Ralf \u00e8 invece terzo M50 nel podismo. Nella nuova coppa ASTi trail, invece, non siamo riusciti a trovare un posto sul podio .\u00a0<\/p>\n<p style=\"font-weight: 400;\"><strong>Premiazione ASTi 2022 di sabato 19 novembre 2022 al LUX di Massagno.<\/strong><\/p>\n<ul style=\"font-weight: 400;\">\n<li>Ore 16.00\u00a0\u00a0\u00a0\u00a0\u00a0\u00a0\u00a0 ritrovo all\u2019Arena Sportiva Capriasca (per coloro che effettuano la trasferta con il furgone)<\/li>\n<li>Ore 16.30\u00a0\u00a0\u00a0\u00a0\u00a0\u00a0\u00a0 l\u2019ASTi accoglie i premiati<\/li>\n<li>Ore 17.00\u00a0\u00a0\u00a0\u00a0\u00a0\u00a0\u00a0 ASTi e SAM danno il benvenuto ai presenti<\/li>\n<li>Ore17.15\u00a0\u00a0\u00a0\u00a0\u00a0\u00a0\u00a0 presentazione dei dirigenti ASTi<\/li>\n<li>Ore 17.30\u00a0\u00a0\u00a0\u00a0\u00a0\u00a0\u00a0 premiazione dei trofei podismo e staffette<\/li>\n<li>Ore 18.00\u00a0\u00a0\u00a0\u00a0\u00a0\u00a0\u00a0 premiazione dei trofei corsa orientamento<\/li>\n<li>Ore \u00a018.40\u00a0\u00a0\u00a0\u00a0\u00a0\u00a0 premiazione delle migliori societ\u00e0 di podismo e di orientamento<\/li>\n<li>Ore 19.00\u00a0\u00a0\u00a0\u00a0\u00a0\u00a0\u00a0 aperitivo<\/li>\n<\/ul>\n<p>\u00a0<\/p>\n<p>\u00a0<\/p>\n<p>\u00a0<\/p>\n","protected":false},"excerpt":{"rendered":"<p>Nel fine settimana \u00a0due gli appuntamenti per l&#8217;USC: sabato sera si terr\u00e0 al cinema Lux di Massagno la premiazione ASTi, mentre domenica al parco Casvegno di Mendrisio si correr\u00e0 la seconda tappa della coppa Ticino di cross FTAL AET.\u00a0 Risultati Live da Mendrisio \u00a0\u00a0 I premiati Podismo\u00a0 Podismo giovanile\u00a0 \u00a0Montagna Trail\u00a0 Coppa podismo per societ\u00e0\u00a0 TAS\u00a0 Domenica saranno una sessantina le atlete e gli atleti USC la via del cross di Mendrisio, dove debutteranno gli&#8230;<\/p>\n","protected":false},"author":4,"featured_media":16309,"comment_status":"closed","ping_status":"closed","sticky":false,"template":"","format":"standard","meta":{"jetpack_post_was_ever_published":false,"_jetpack_newsletter_access":"","_jetpack_dont_email_post_to_subs":false,"_jetpack_newsletter_tier_id":0,"_jetpack_memberships_contains_paywalled_content":false,"_jetpack_memberships_contains_paid_content":false,"footnotes":"","jetpack_publicize_message":"","jetpack_publicize_feature_enabled":true,"jetpack_social_post_already_shared":false,"jetpack_social_options":{"image_generator_settings":{"template":"highway","default_image_id":0,"font":"","enabled":false},"version":2}},"categories":[16,6,5,9,8],"tags":[],"class_list":["post-16441","post","type-post","status-publish","format-standard","has-post-thumbnail","hentry","category-montagna","category-non-catalogato","category-podismo","category-sport","category-staffette"],"jetpack_publicize_connections":[],"jetpack_featured_media_url":"https:\/\/i0.wp.com\/uscatletica.ch\/wp\/wp-content\/uploads\/2022\/10\/Campioni-sociali-USC-2022-podismo.jpg?fit=960%2C1280&ssl=1","jetpack_sharing_enabled":true,"jetpack_shortlink":"https:\/\/wp.me\/p6V7Ck-4hb","jetpack-related-posts":[{"id":21565,"url":"https:\/\/uscatletica.ch\/wp\/?p=21565","url_meta":{"origin":16441,"position":0},"title":"Il Fine settimana tra Mendrisio e Ascona","author":"Leonida Stampanoni","date":"19 Dicembre 2025","format":false,"excerpt":"Nel fine settimana la Coppa Ticino di cross vivr\u00e0 al parco OSC di Mendrisio la terza tappa l'ultima del 2025. Una ventina di giorni orsono a Camignolo l'USC festeggi\u00f2 ben cinque vittorie in coppa. Al via a Mendrisio sono attesi mezzo migliaio di atleti e atlete, oltre 60 provenienti dalla\u2026","rel":"","context":"In &quot;Cross&quot;","block_context":{"text":"Cross","link":"https:\/\/uscatletica.ch\/wp\/?cat=7"},"img":{"alt_text":"","src":"https:\/\/i0.wp.com\/uscatletica.ch\/wp\/wp-content\/uploads\/2025\/12\/251130nicpong.jpg?fit=432%2C336&ssl=1&resize=350%2C200","width":350,"height":200},"classes":[]},{"id":14664,"url":"https:\/\/uscatletica.ch\/wp\/?p=14664","url_meta":{"origin":16441,"position":1},"title":"Fine settimana tra Bigorio Mendrisio Zurich e S. Salvatore","author":"Leonida Stampanoni","date":"9 Aprile 2022","format":false,"excerpt":"Il secondo fine di aprile sar\u00e0 particolarmente intenso \u00a0con la 10 edizione della cronoascesa e la staffetta dI Mendrisio Sabato e la maratona di Zurich e la salita del S. Salvatore domenica . La cronoascesa giunta alla 10 edizione vedr\u00e0 al via una settantina di partecipanti. grazie alla passione dell'\u2026","rel":"","context":"In &quot;Podismo&quot;","block_context":{"text":"Podismo","link":"https:\/\/uscatletica.ch\/wp\/?cat=5"},"img":{"alt_text":"","src":"https:\/\/i0.wp.com\/uscatletica.ch\/wp\/wp-content\/uploads\/2022\/04\/P1170345.jpeg?fit=432%2C324&ssl=1&resize=350%2C200","width":350,"height":200},"classes":[]},{"id":20319,"url":"https:\/\/uscatletica.ch\/wp\/?p=20319","url_meta":{"origin":16441,"position":2},"title":"L\u2019USC TRIONFA NELLA CLASSIFICA ASTI PER SOCIET\u00c0-STASERA LA PREMIAZIONE","author":"Stampa E","date":"23 Novembre 2024","format":false,"excerpt":"Sono state publicate tutte le classifiche delle Coppe ASTi del 2024 (link). A livello individuale emergono i podi nelle classifiche generali di Elia (1\u00b0 nella montagna) e Alex (3\u00b0 nel podismo). Nelle categorie podi per Elia (1\u00b0 M40 montagna), Alex (1\u00b0M40 podismo), Alessandro (2\u00b0 M40 podismo), Selina (1\u00b0 U18+U20 podismo),\u2026","rel":"","context":"In &quot;I nostri appuntamenti&quot;","block_context":{"text":"I nostri appuntamenti","link":"https:\/\/uscatletica.ch\/wp\/?cat=12"},"img":{"alt_text":"","src":"https:\/\/i0.wp.com\/uscatletica.ch\/wp\/wp-content\/uploads\/2024\/10\/Alex-Corsa-Bigorio-2024-Foto-CeciV-scaled.jpg?fit=1180%2C1200&ssl=1&resize=350%2C200","width":350,"height":200,"srcset":"https:\/\/i0.wp.com\/uscatletica.ch\/wp\/wp-content\/uploads\/2024\/10\/Alex-Corsa-Bigorio-2024-Foto-CeciV-scaled.jpg?fit=1180%2C1200&ssl=1&resize=350%2C200 1x, https:\/\/i0.wp.com\/uscatletica.ch\/wp\/wp-content\/uploads\/2024\/10\/Alex-Corsa-Bigorio-2024-Foto-CeciV-scaled.jpg?fit=1180%2C1200&ssl=1&resize=525%2C300 1.5x, https:\/\/i0.wp.com\/uscatletica.ch\/wp\/wp-content\/uploads\/2024\/10\/Alex-Corsa-Bigorio-2024-Foto-CeciV-scaled.jpg?fit=1180%2C1200&ssl=1&resize=700%2C400 2x, https:\/\/i0.wp.com\/uscatletica.ch\/wp\/wp-content\/uploads\/2024\/10\/Alex-Corsa-Bigorio-2024-Foto-CeciV-scaled.jpg?fit=1180%2C1200&ssl=1&resize=1050%2C600 3x"},"classes":[]},{"id":9415,"url":"https:\/\/uscatletica.ch\/wp\/?p=9415","url_meta":{"origin":16441,"position":3},"title":"CROSS DONGIO E FESTE ATLETI FTAL E ASTI","author":"Leonida Stampanoni","date":"7 Novembre 2019","format":false,"excerpt":"Sar\u00e0 un fine settimana intenso parte la stagione stagione dei cross da Dongio sempre una cinquantina gli USCini al via domenica mattina lungo sui prati bleniesi Roby invece garegger\u00e0 a Regensdorf \u00a0nella prima prova di selezione in vista dei campionati europei di cross del 7 dicembre a Lisbona. In programma\u2026","rel":"","context":"In &quot;Cross&quot;","block_context":{"text":"Cross","link":"https:\/\/uscatletica.ch\/wp\/?cat=7"},"img":{"alt_text":"","src":"https:\/\/i0.wp.com\/uscatletica.ch\/wp\/wp-content\/uploads\/2019\/08\/caratschlausc190815.jpg?fit=432%2C324&ssl=1&resize=350%2C200","width":350,"height":200},"classes":[]},{"id":4406,"url":"https:\/\/uscatletica.ch\/wp\/?p=4406","url_meta":{"origin":16441,"position":4},"title":"TAS A LIGORNETTO IL GRAN FINALE","author":"Leonida Stampanoni","date":"30 Maggio 2017","format":false,"excerpt":"Domenica sulle strade di Ligornetto il Trofeo ASTi Staffette vivr\u00e0 la quarta tappa l'ultima gara per i trofei M15 e W15, mentre le categorie U12 ed U14 \u00a0riprenderanno il 3 settembre a Camignolo. \u00a0Una primavera \u00a0che ha visto un ottimo successo di partecipazione nelle prime 3 uscite di Vacallo, Tesserete\u2026","rel":"","context":"In &quot;Podismo&quot;","block_context":{"text":"Podismo","link":"https:\/\/uscatletica.ch\/wp\/?cat=5"},"img":{"alt_text":"","src":"https:\/\/i0.wp.com\/uscatletica.ch\/wp\/wp-content\/uploads\/2017\/04\/P1450780.jpg?fit=563%2C422&ssl=1&resize=350%2C200","width":350,"height":200,"srcset":"https:\/\/i0.wp.com\/uscatletica.ch\/wp\/wp-content\/uploads\/2017\/04\/P1450780.jpg?fit=563%2C422&ssl=1&resize=350%2C200 1x, https:\/\/i0.wp.com\/uscatletica.ch\/wp\/wp-content\/uploads\/2017\/04\/P1450780.jpg?fit=563%2C422&ssl=1&resize=525%2C300 1.5x"},"classes":[]},{"id":3198,"url":"https:\/\/uscatletica.ch\/wp\/?p=3198","url_meta":{"origin":16441,"position":5},"title":"Coppa Ticino il 2016 si chiude a Mendrisio","author":"Leonida Stampanoni","date":"10 Dicembre 2016","format":false,"excerpt":"Domenica il parco di Casvegno ospiter\u00e0 la terza prova di coppa Ticino con il contorno dei campionati insubrici di Polizia e la prima svizzera del cross staffetta, mezzo migliaio di atleti gareggeranno sul veloce circuito. Le prime partenze sono in programma alle 10.15. Una cinquantina o forse qualcosa in pi\u00f9\u2026","rel":"","context":"In &quot;Cross&quot;","block_context":{"text":"Cross","link":"https:\/\/uscatletica.ch\/wp\/?cat=7"},"img":{"alt_text":"","src":"https:\/\/i0.wp.com\/uscatletica.ch\/wp\/wp-content\/uploads\/2016\/11\/P1380227.jpg?fit=563%2C422&ssl=1&resize=350%2C200","width":350,"height":200,"srcset":"https:\/\/i0.wp.com\/uscatletica.ch\/wp\/wp-content\/uploads\/2016\/11\/P1380227.jpg?fit=563%2C422&ssl=1&resize=350%2C200 1x, https:\/\/i0.wp.com\/uscatletica.ch\/wp\/wp-content\/uploads\/2016\/11\/P1380227.jpg?fit=563%2C422&ssl=1&resize=525%2C300 1.5x"},"classes":[]}],"_links":{"self":[{"href":"https:\/\/uscatletica.ch\/wp\/index.php?rest_route=\/wp\/v2\/posts\/16441","targetHints":{"allow":["GET"]}}],"collection":[{"href":"https:\/\/uscatletica.ch\/wp\/index.php?rest_route=\/wp\/v2\/posts"}],"about":[{"href":"https:\/\/uscatletica.ch\/wp\/index.php?rest_route=\/wp\/v2\/types\/post"}],"author":[{"embeddable":true,"href":"https:\/\/uscatletica.ch\/wp\/index.php?rest_route=\/wp\/v2\/users\/4"}],"replies":[{"embeddable":true,"href":"https:\/\/uscatletica.ch\/wp\/index.php?rest_route=%2Fwp%2Fv2%2Fcomments&post=16441"}],"version-history":[{"count":4,"href":"https:\/\/uscatletica.ch\/wp\/index.php?rest_route=\/wp\/v2\/posts\/16441\/revisions"}],"predecessor-version":[{"id":16449,"href":"https:\/\/uscatletica.ch\/wp\/index.php?rest_route=\/wp\/v2\/posts\/16441\/revisions\/16449"}],"wp:featuredmedia":[{"embeddable":true,"href":"https:\/\/uscatletica.ch\/wp\/index.php?rest_route=\/wp\/v2\/media\/16309"}],"wp:attachment":[{"href":"https:\/\/uscatletica.ch\/wp\/index.php?rest_route=%2Fwp%2Fv2%2Fmedia&parent=16441"}],"wp:term":[{"taxonomy":"category","embeddable":true,"href":"https:\/\/uscatletica.ch\/wp\/index.php?rest_route=%2Fwp%2Fv2%2Fcategories&post=16441"},{"taxonomy":"post_tag","embeddable":true,"href":"https:\/\/uscatletica.ch\/wp\/index.php?rest_route=%2Fwp%2Fv2%2Ftags&post=16441"}],"curies":[{"name":"wp","href":"https:\/\/api.w.org\/{rel}","templated":true}]}}