{"id":16474,"date":"2022-11-26T21:24:24","date_gmt":"2022-11-26T20:24:24","guid":{"rendered":"http:\/\/uscatletica.ch\/wp\/?p=16474"},"modified":"2022-11-26T21:24:27","modified_gmt":"2022-11-26T20:24:27","slug":"cross-capriaschese-tutto-pronto-per-la-terza-prova-di-coppa","status":"publish","type":"post","link":"https:\/\/uscatletica.ch\/wp\/?p=16474","title":{"rendered":"Cross Capriaschese tutto pronto per la terza prova di coppa"},"content":{"rendered":"\n<p>Un sabato di lavoro per preparare al meglio il percorso per la terza prova della coppa Ticino di cross \u00a0FTAL AET. \u00a0La scorsa settimana a Mendrisio la seconda tappa ha segnato un nuovo primato di partecipazione, toccando quota 608, per domani sui prati capriaschesi sono attesi 426 specialisti della \u00a0corsa campestre.\u00a0<\/p>\n<p><a href=\"https:\/\/www.endu.net\/it\/events\/cross-tesserete-ctc\/results\" target=\"_blank\" rel=\"noopener\">Risultati live\u00a0\u00a0<\/a>\u00a0<a href=\"https:\/\/egs-eventi.s3.eu-west-1.amazonaws.com\/00000000\/00070000\/00071900\/00071903\/840dc3838e711a2ab0c26fab7913d1e2f319907115c56472a4980b7ac7063e5c.pdf\" target=\"_blank\" rel=\"noopener\">I risultati della coppa Ticino <\/a>\u00a0<a href=\"https:\/\/egs-eventi.s3.eu-west-1.amazonaws.com\/00000000\/00070000\/00071900\/00071903\/c7069f5bc7ed24eda789c317cab390686b6f8d079486767ab445ae0a533dfe70.pdf\" target=\"_blank\" rel=\"noopener\">la classifica per societ\u00e0 della coppa Ticino di cross<\/a><\/p>\n<p>La coppa Ticino vivr\u00e0 la terza tappa in Capriasca su di un percorso tra i pi\u00f9 attrattivi e completi del Ticino\u00a0<\/p>\n<h1 style=\"text-align: center;\"><img data-recalc-dims=\"1\" loading=\"lazy\" decoding=\"async\" data-attachment-id=\"257\" data-permalink=\"https:\/\/uscatletica.ch\/wp\/?attachment_id=257\" data-orig-file=\"https:\/\/i0.wp.com\/uscatletica.ch\/wp\/wp-content\/uploads\/2015\/11\/cross.jpg?fit=482%2C89&amp;ssl=1\" data-orig-size=\"482,89\" data-comments-opened=\"0\" data-image-meta=\"{&quot;aperture&quot;:&quot;0&quot;,&quot;credit&quot;:&quot;&quot;,&quot;camera&quot;:&quot;&quot;,&quot;caption&quot;:&quot;&quot;,&quot;created_timestamp&quot;:&quot;0&quot;,&quot;copyright&quot;:&quot;&quot;,&quot;focal_length&quot;:&quot;0&quot;,&quot;iso&quot;:&quot;0&quot;,&quot;shutter_speed&quot;:&quot;0&quot;,&quot;title&quot;:&quot;&quot;,&quot;orientation&quot;:&quot;0&quot;}\" data-image-title=\"cross\" data-image-description=\"\" data-image-caption=\"\" data-large-file=\"https:\/\/i0.wp.com\/uscatletica.ch\/wp\/wp-content\/uploads\/2015\/11\/cross.jpg?fit=482%2C89&amp;ssl=1\" class=\"wp-image-257 size-medium\" src=\"https:\/\/i0.wp.com\/uscatletica.ch\/wp\/wp-content\/uploads\/2015\/11\/cross.jpg?resize=300%2C55&#038;ssl=1\" alt=\"cross\" width=\"300\" height=\"55\" srcset=\"https:\/\/i0.wp.com\/uscatletica.ch\/wp\/wp-content\/uploads\/2015\/11\/cross.jpg?resize=300%2C55&amp;ssl=1 300w, https:\/\/i0.wp.com\/uscatletica.ch\/wp\/wp-content\/uploads\/2015\/11\/cross.jpg?w=482&amp;ssl=1 482w\" sizes=\"auto, (max-width: 300px) 100vw, 300px\" \/><strong><a href=\"https:\/\/uscatletica.ch\/wp\/wp-content\/uploads\/2015\/11\/LOGOCOPPATICROSS.png\"><br \/><\/a><\/strong>CROSS CAPRIASCHESE 2022<\/h1>\n<h3 style=\"text-align: center;\"><em>3<sup>a<\/sup> Prova COPPA TICINO DI CROSS FTAL 2022\/2023<\/em><\/h3>\n<h1 style=\"text-align: center;\">Domenica 27 novembre \u00a02022<\/h1>\n<h1 style=\"text-align: center;\"><span style=\"color: #ff0000;\"><a style=\"color: #ff0000;\" href=\"https:\/\/uscatletica.ch\/wp\/wp-content\/uploads\/2022\/11\/programma-cross-USC-2022.pdf\">programma cross Capriaschese 2022<\/a><\/span><\/h1>\n<h3 style=\"text-align: center;\">\u00a0<\/h3>\n<hr \/>\n<div class=\"fusion-post-title-meta-wrap\">\n<h3 style=\"text-align: center;\">Piano accesso zona di gara<\/h3>\n<p><a href=\"https:\/\/i0.wp.com\/uscatletica.ch\/wp\/wp-content\/uploads\/2021\/11\/Cross-USC-2021-zona-di-gara-e-posteggi.jpg?ssl=1\"><img data-recalc-dims=\"1\" loading=\"lazy\" decoding=\"async\" data-attachment-id=\"13926\" data-permalink=\"https:\/\/uscatletica.ch\/wp\/?attachment_id=13926\" data-orig-file=\"https:\/\/i0.wp.com\/uscatletica.ch\/wp\/wp-content\/uploads\/2021\/11\/Cross-USC-2021-zona-di-gara-e-posteggi.jpg?fit=897%2C859&amp;ssl=1\" data-orig-size=\"897,859\" data-comments-opened=\"0\" data-image-meta=\"{&quot;aperture&quot;:&quot;0&quot;,&quot;credit&quot;:&quot;Lenovo&quot;,&quot;camera&quot;:&quot;&quot;,&quot;caption&quot;:&quot;&quot;,&quot;created_timestamp&quot;:&quot;1636985832&quot;,&quot;copyright&quot;:&quot;&quot;,&quot;focal_length&quot;:&quot;0&quot;,&quot;iso&quot;:&quot;0&quot;,&quot;shutter_speed&quot;:&quot;0&quot;,&quot;title&quot;:&quot;&quot;,&quot;orientation&quot;:&quot;0&quot;}\" data-image-title=\"Cross USC 2021 &amp;#8211; zona di gara e posteggi\" data-image-description=\"\" data-image-caption=\"\" data-large-file=\"https:\/\/i0.wp.com\/uscatletica.ch\/wp\/wp-content\/uploads\/2021\/11\/Cross-USC-2021-zona-di-gara-e-posteggi.jpg?fit=640%2C613&amp;ssl=1\" class=\"wp-image-13926 aligncenter\" src=\"https:\/\/i0.wp.com\/uscatletica.ch\/wp\/wp-content\/uploads\/2021\/11\/Cross-USC-2021-zona-di-gara-e-posteggi.jpg?resize=448%2C429&#038;ssl=1\" alt=\"\" width=\"448\" height=\"429\" srcset=\"https:\/\/i0.wp.com\/uscatletica.ch\/wp\/wp-content\/uploads\/2021\/11\/Cross-USC-2021-zona-di-gara-e-posteggi.jpg?w=897&amp;ssl=1 897w, https:\/\/i0.wp.com\/uscatletica.ch\/wp\/wp-content\/uploads\/2021\/11\/Cross-USC-2021-zona-di-gara-e-posteggi.jpg?resize=300%2C287&amp;ssl=1 300w, https:\/\/i0.wp.com\/uscatletica.ch\/wp\/wp-content\/uploads\/2021\/11\/Cross-USC-2021-zona-di-gara-e-posteggi.jpg?resize=768%2C735&amp;ssl=1 768w\" sizes=\"auto, (max-width: 448px) 100vw, 448px\" \/><\/a><\/p>\n<h3 style=\"text-align: center;\">Mappa del percorso<\/h3>\n<table style=\"border-collapse: collapse; width: 100%;\">\n<tbody>\n<tr>\n<td style=\"width: 50%; text-align: center;\"><a href=\"https:\/\/i0.wp.com\/uscatletica.ch\/wp\/wp-content\/uploads\/2021\/11\/Cross-USC-2021-NUOVO-3D.jpg?ssl=1\"><img data-recalc-dims=\"1\" loading=\"lazy\" decoding=\"async\" data-attachment-id=\"14009\" data-permalink=\"https:\/\/uscatletica.ch\/wp\/?attachment_id=14009\" data-orig-file=\"https:\/\/i0.wp.com\/uscatletica.ch\/wp\/wp-content\/uploads\/2021\/11\/Cross-USC-2021-NUOVO-3D.jpg?fit=986%2C595&amp;ssl=1\" data-orig-size=\"986,595\" data-comments-opened=\"0\" data-image-meta=\"{&quot;aperture&quot;:&quot;0&quot;,&quot;credit&quot;:&quot;Lenovo&quot;,&quot;camera&quot;:&quot;&quot;,&quot;caption&quot;:&quot;&quot;,&quot;created_timestamp&quot;:&quot;1636824878&quot;,&quot;copyright&quot;:&quot;&quot;,&quot;focal_length&quot;:&quot;0&quot;,&quot;iso&quot;:&quot;0&quot;,&quot;shutter_speed&quot;:&quot;0&quot;,&quot;title&quot;:&quot;&quot;,&quot;orientation&quot;:&quot;1&quot;}\" data-image-title=\"Cross USC 2021 NUOVO 3D\" data-image-description=\"\" data-image-caption=\"\" data-large-file=\"https:\/\/i0.wp.com\/uscatletica.ch\/wp\/wp-content\/uploads\/2021\/11\/Cross-USC-2021-NUOVO-3D.jpg?fit=640%2C386&amp;ssl=1\" class=\"wp-image-14009 aligncenter\" src=\"https:\/\/i0.wp.com\/uscatletica.ch\/wp\/wp-content\/uploads\/2021\/11\/Cross-USC-2021-NUOVO-3D.jpg?resize=498%2C300&#038;ssl=1\" alt=\"\" width=\"498\" height=\"300\" srcset=\"https:\/\/i0.wp.com\/uscatletica.ch\/wp\/wp-content\/uploads\/2021\/11\/Cross-USC-2021-NUOVO-3D.jpg?w=986&amp;ssl=1 986w, https:\/\/i0.wp.com\/uscatletica.ch\/wp\/wp-content\/uploads\/2021\/11\/Cross-USC-2021-NUOVO-3D.jpg?resize=300%2C181&amp;ssl=1 300w, https:\/\/i0.wp.com\/uscatletica.ch\/wp\/wp-content\/uploads\/2021\/11\/Cross-USC-2021-NUOVO-3D.jpg?resize=768%2C463&amp;ssl=1 768w\" sizes=\"auto, (max-width: 498px) 100vw, 498px\" \/><\/a>Giro grande<\/td>\n<td style=\"width: 50%; text-align: center;\"><a href=\"https:\/\/i0.wp.com\/uscatletica.ch\/wp\/wp-content\/uploads\/2021\/11\/Cross-USC-2021-NUOVO.jpg?ssl=1\"><img data-recalc-dims=\"1\" loading=\"lazy\" decoding=\"async\" data-attachment-id=\"14008\" data-permalink=\"https:\/\/uscatletica.ch\/wp\/?attachment_id=14008\" data-orig-file=\"https:\/\/i0.wp.com\/uscatletica.ch\/wp\/wp-content\/uploads\/2021\/11\/Cross-USC-2021-NUOVO.jpg?fit=787%2C631&amp;ssl=1\" data-orig-size=\"787,631\" data-comments-opened=\"0\" data-image-meta=\"{&quot;aperture&quot;:&quot;0&quot;,&quot;credit&quot;:&quot;Lenovo&quot;,&quot;camera&quot;:&quot;&quot;,&quot;caption&quot;:&quot;&quot;,&quot;created_timestamp&quot;:&quot;1636825049&quot;,&quot;copyright&quot;:&quot;&quot;,&quot;focal_length&quot;:&quot;0&quot;,&quot;iso&quot;:&quot;0&quot;,&quot;shutter_speed&quot;:&quot;0&quot;,&quot;title&quot;:&quot;&quot;,&quot;orientation&quot;:&quot;1&quot;}\" data-image-title=\"Cross USC 2021 NUOVO\" data-image-description=\"\" data-image-caption=\"\" data-large-file=\"https:\/\/i0.wp.com\/uscatletica.ch\/wp\/wp-content\/uploads\/2021\/11\/Cross-USC-2021-NUOVO.jpg?fit=640%2C513&amp;ssl=1\" class=\"wp-image-14008 aligncenter\" src=\"https:\/\/i0.wp.com\/uscatletica.ch\/wp\/wp-content\/uploads\/2021\/11\/Cross-USC-2021-NUOVO.jpg?resize=348%2C279&#038;ssl=1\" alt=\"\" width=\"348\" height=\"279\" srcset=\"https:\/\/i0.wp.com\/uscatletica.ch\/wp\/wp-content\/uploads\/2021\/11\/Cross-USC-2021-NUOVO.jpg?w=787&amp;ssl=1 787w, https:\/\/i0.wp.com\/uscatletica.ch\/wp\/wp-content\/uploads\/2021\/11\/Cross-USC-2021-NUOVO.jpg?resize=300%2C241&amp;ssl=1 300w, https:\/\/i0.wp.com\/uscatletica.ch\/wp\/wp-content\/uploads\/2021\/11\/Cross-USC-2021-NUOVO.jpg?resize=768%2C616&amp;ssl=1 768w\" sizes=\"auto, (max-width: 348px) 100vw, 348px\" \/><\/a>Giro grande<\/td>\n<\/tr>\n<tr>\n<td style=\"width: 50%; text-align: center;\"><a href=\"https:\/\/i0.wp.com\/uscatletica.ch\/wp\/wp-content\/uploads\/2021\/11\/Cross-USC-2021-NUOVO-Aerea.jpg?ssl=1\"><img data-recalc-dims=\"1\" loading=\"lazy\" decoding=\"async\" data-attachment-id=\"14006\" data-permalink=\"https:\/\/uscatletica.ch\/wp\/?attachment_id=14006\" data-orig-file=\"https:\/\/i0.wp.com\/uscatletica.ch\/wp\/wp-content\/uploads\/2021\/11\/Cross-USC-2021-NUOVO-Aerea.jpg?fit=758%2C644&amp;ssl=1\" data-orig-size=\"758,644\" data-comments-opened=\"0\" data-image-meta=\"{&quot;aperture&quot;:&quot;0&quot;,&quot;credit&quot;:&quot;Lenovo&quot;,&quot;camera&quot;:&quot;&quot;,&quot;caption&quot;:&quot;&quot;,&quot;created_timestamp&quot;:&quot;1636836688&quot;,&quot;copyright&quot;:&quot;&quot;,&quot;focal_length&quot;:&quot;0&quot;,&quot;iso&quot;:&quot;0&quot;,&quot;shutter_speed&quot;:&quot;0&quot;,&quot;title&quot;:&quot;&quot;,&quot;orientation&quot;:&quot;1&quot;}\" data-image-title=\"Cross USC 2021 NUOVO Aerea\" data-image-description=\"\" data-image-caption=\"\" data-large-file=\"https:\/\/i0.wp.com\/uscatletica.ch\/wp\/wp-content\/uploads\/2021\/11\/Cross-USC-2021-NUOVO-Aerea.jpg?fit=640%2C544&amp;ssl=1\" class=\"size-full wp-image-14006 aligncenter\" src=\"https:\/\/i0.wp.com\/uscatletica.ch\/wp\/wp-content\/uploads\/2021\/11\/Cross-USC-2021-NUOVO-Aerea.jpg?resize=640%2C544&#038;ssl=1\" alt=\"\" width=\"640\" height=\"544\" srcset=\"https:\/\/i0.wp.com\/uscatletica.ch\/wp\/wp-content\/uploads\/2021\/11\/Cross-USC-2021-NUOVO-Aerea.jpg?w=758&amp;ssl=1 758w, https:\/\/i0.wp.com\/uscatletica.ch\/wp\/wp-content\/uploads\/2021\/11\/Cross-USC-2021-NUOVO-Aerea.jpg?resize=300%2C255&amp;ssl=1 300w, https:\/\/i0.wp.com\/uscatletica.ch\/wp\/wp-content\/uploads\/2021\/11\/Cross-USC-2021-NUOVO-Aerea.jpg?resize=100%2C85&amp;ssl=1 100w\" sizes=\"auto, (max-width: 640px) 100vw, 640px\" \/><\/a>Giro grande<\/td>\n<td style=\"width: 50%; text-align: center;\"><a href=\"https:\/\/i0.wp.com\/uscatletica.ch\/wp\/wp-content\/uploads\/2021\/11\/Cross-USC-2021-NUOVO-Giro-Corto-700-Aerea.jpg?ssl=1\"><img data-recalc-dims=\"1\" loading=\"lazy\" decoding=\"async\" data-attachment-id=\"14007\" data-permalink=\"https:\/\/uscatletica.ch\/wp\/?attachment_id=14007\" data-orig-file=\"https:\/\/i0.wp.com\/uscatletica.ch\/wp\/wp-content\/uploads\/2021\/11\/Cross-USC-2021-NUOVO-Giro-Corto-700-Aerea.jpg?fit=617%2C788&amp;ssl=1\" data-orig-size=\"617,788\" data-comments-opened=\"0\" data-image-meta=\"{&quot;aperture&quot;:&quot;0&quot;,&quot;credit&quot;:&quot;Lenovo&quot;,&quot;camera&quot;:&quot;&quot;,&quot;caption&quot;:&quot;&quot;,&quot;created_timestamp&quot;:&quot;1636836657&quot;,&quot;copyright&quot;:&quot;&quot;,&quot;focal_length&quot;:&quot;0&quot;,&quot;iso&quot;:&quot;0&quot;,&quot;shutter_speed&quot;:&quot;0&quot;,&quot;title&quot;:&quot;&quot;,&quot;orientation&quot;:&quot;1&quot;}\" data-image-title=\"Cross USC 2021 NUOVO Giro Corto 700 Aerea\" data-image-description=\"\" data-image-caption=\"\" data-large-file=\"https:\/\/i0.wp.com\/uscatletica.ch\/wp\/wp-content\/uploads\/2021\/11\/Cross-USC-2021-NUOVO-Giro-Corto-700-Aerea.jpg?fit=617%2C788&amp;ssl=1\" class=\"wp-image-14007 aligncenter\" src=\"https:\/\/i0.wp.com\/uscatletica.ch\/wp\/wp-content\/uploads\/2021\/11\/Cross-USC-2021-NUOVO-Giro-Corto-700-Aerea.jpg?resize=276%2C352&#038;ssl=1\" alt=\"\" width=\"276\" height=\"352\" srcset=\"https:\/\/i0.wp.com\/uscatletica.ch\/wp\/wp-content\/uploads\/2021\/11\/Cross-USC-2021-NUOVO-Giro-Corto-700-Aerea.jpg?w=617&amp;ssl=1 617w, https:\/\/i0.wp.com\/uscatletica.ch\/wp\/wp-content\/uploads\/2021\/11\/Cross-USC-2021-NUOVO-Giro-Corto-700-Aerea.jpg?resize=235%2C300&amp;ssl=1 235w\" sizes=\"auto, (max-width: 276px) 100vw, 276px\" \/><\/a>Giro piccolo<\/td>\n<\/tr>\n<\/tbody>\n<\/table>\n<h3 style=\"text-align: center;\">\u00a0<\/h3>\n<\/div>\n","protected":false},"excerpt":{"rendered":"<p>Un sabato di lavoro per preparare al meglio il percorso per la terza prova della coppa Ticino di cross \u00a0FTAL AET. \u00a0La scorsa settimana a Mendrisio la seconda tappa ha segnato un nuovo primato di partecipazione, toccando quota 608, per domani sui prati capriaschesi sono attesi 426 specialisti della \u00a0corsa campestre.\u00a0 Risultati live\u00a0\u00a0\u00a0I risultati della coppa Ticino \u00a0la classifica per societ\u00e0 della coppa Ticino di cross La coppa Ticino vivr\u00e0 la terza tappa in Capriasca&#8230;<\/p>\n","protected":false},"author":4,"featured_media":9474,"comment_status":"closed","ping_status":"closed","sticky":false,"template":"","format":"standard","meta":{"jetpack_post_was_ever_published":false,"_jetpack_newsletter_access":"","_jetpack_dont_email_post_to_subs":false,"_jetpack_newsletter_tier_id":0,"_jetpack_memberships_contains_paywalled_content":false,"_jetpack_memberships_contains_paid_content":false,"footnotes":"","jetpack_publicize_message":"","jetpack_publicize_feature_enabled":true,"jetpack_social_post_already_shared":false,"jetpack_social_options":{"image_generator_settings":{"template":"highway","default_image_id":0,"font":"","enabled":false},"version":2}},"categories":[7,12,9],"tags":[],"class_list":["post-16474","post","type-post","status-publish","format-standard","has-post-thumbnail","hentry","category-cross","category-nostregare","category-sport"],"jetpack_publicize_connections":[],"jetpack_featured_media_url":"https:\/\/i0.wp.com\/uscatletica.ch\/wp\/wp-content\/uploads\/2019\/11\/Cross-USC-2018-2-Foto-Nicola-Carenini.jpg?fit=1383%2C848&ssl=1","jetpack_sharing_enabled":true,"jetpack_shortlink":"https:\/\/wp.me\/p6V7Ck-4hI","jetpack-related-posts":[{"id":14030,"url":"https:\/\/uscatletica.ch\/wp\/?p=14030","url_meta":{"origin":16474,"position":0},"title":"CROSS CAPRIASCHESE, TERZA TAPPA DI COPPA","author":"Leonida Stampanoni","date":"25 Novembre 2021","format":false,"excerpt":"La coppa Ticino di cross torna in Capriasca domenica 28 novembre.L'USC \u00e8 fiera di ospitare il cross capriaschese, terza prova di coppa Ticino FTAL AET 2021\/2022. Al via a partire dalle 11 sono attesi quasi 400 atleti tra cui un centinaio di atleti USC. Dopo due prove di coppa di\u2026","rel":"","context":"In &quot;Cross&quot;","block_context":{"text":"Cross","link":"https:\/\/uscatletica.ch\/wp\/?cat=7"},"img":{"alt_text":"","src":"https:\/\/i0.wp.com\/uscatletica.ch\/wp\/wp-content\/uploads\/2015\/12\/P1360515.jpg?fit=563%2C422&ssl=1&resize=350%2C200","width":350,"height":200,"srcset":"https:\/\/i0.wp.com\/uscatletica.ch\/wp\/wp-content\/uploads\/2015\/12\/P1360515.jpg?fit=563%2C422&ssl=1&resize=350%2C200 1x, https:\/\/i0.wp.com\/uscatletica.ch\/wp\/wp-content\/uploads\/2015\/12\/P1360515.jpg?fit=563%2C422&ssl=1&resize=525%2C300 1.5x"},"classes":[]},{"id":5404,"url":"https:\/\/uscatletica.ch\/wp\/?p=5404","url_meta":{"origin":16474,"position":1},"title":"COPPA TICINO CROSS CLASSIFICA FINALE CAMPIONATI TICINESI DI CROSS Banco","author":"Leonida Stampanoni","date":"6 Gennaio 2018","format":false,"excerpt":"COPPA TICINO CROSS FTAL 2017-2018\u00a0 Laube -Greenkey \u00a0 La coppa Ticino 2017-2018\u00a0 patrocinata dalla FTAL\u00a0 avr\u00e0 iscrizioni e classifiche gestita per la prima volta da Mysdam tramite il portale \u00a0 Endu.net.\u00a0\u00a0 3 Marzo CAMPIONATI SVIZZERI DI CROSS GENEVE CLASSIFICHE FINALI COPPA TICINO CROSS Classifica finale coppa Ticino FTAL CAMPIONATI TICINESI\u2026","rel":"","context":"In &quot;Altro&quot;","block_context":{"text":"Altro","link":"https:\/\/uscatletica.ch\/wp\/?cat=11"},"img":{"alt_text":"","src":"https:\/\/i0.wp.com\/uscatletica.ch\/wp\/wp-content\/uploads\/2017\/12\/podiocrosspom1712m40.jpg?fit=532%2C399&ssl=1&resize=350%2C200","width":350,"height":200,"srcset":"https:\/\/i0.wp.com\/uscatletica.ch\/wp\/wp-content\/uploads\/2017\/12\/podiocrosspom1712m40.jpg?fit=532%2C399&ssl=1&resize=350%2C200 1x, https:\/\/i0.wp.com\/uscatletica.ch\/wp\/wp-content\/uploads\/2017\/12\/podiocrosspom1712m40.jpg?fit=532%2C399&ssl=1&resize=525%2C300 1.5x"},"classes":[]},{"id":6832,"url":"https:\/\/uscatletica.ch\/wp\/?p=6832","url_meta":{"origin":16474,"position":2},"title":"Cross Capriaschese III Prova di coppa Ticino FTAL","author":"Leonida Stampanoni","date":"17 Novembre 2018","format":false,"excerpt":"CROSS DI POM L'edizione 2018 del cross di POM si terr\u00e0 nel Domenica 9 dicembre 2018 3a Prova COPPA TICINO DI CROSS Domenica 9 dicembre 2018 CRONOMETRAGGIO CON MYSDAM\/ENDU \u00a0 \u00a0 \u00a0 programma18cross Risultati in del cross di pom 3.12.2017 su Endu.net Classifica con punti coppa Ticino Rsssegna stampa cdt171201pom\u2026","rel":"","context":"In &quot;Cross&quot;","block_context":{"text":"Cross","link":"https:\/\/uscatletica.ch\/wp\/?cat=7"},"img":{"alt_text":"","src":"https:\/\/i0.wp.com\/uscatletica.ch\/wp\/wp-content\/uploads\/2017\/11\/endutesserte.png?fit=960%2C420&ssl=1&resize=350%2C200","width":350,"height":200,"srcset":"https:\/\/i0.wp.com\/uscatletica.ch\/wp\/wp-content\/uploads\/2017\/11\/endutesserte.png?fit=960%2C420&ssl=1&resize=350%2C200 1x, https:\/\/i0.wp.com\/uscatletica.ch\/wp\/wp-content\/uploads\/2017\/11\/endutesserte.png?fit=960%2C420&ssl=1&resize=525%2C300 1.5x, https:\/\/i0.wp.com\/uscatletica.ch\/wp\/wp-content\/uploads\/2017\/11\/endutesserte.png?fit=960%2C420&ssl=1&resize=700%2C400 2x"},"classes":[]},{"id":3198,"url":"https:\/\/uscatletica.ch\/wp\/?p=3198","url_meta":{"origin":16474,"position":3},"title":"Coppa Ticino il 2016 si chiude a Mendrisio","author":"Leonida Stampanoni","date":"10 Dicembre 2016","format":false,"excerpt":"Domenica il parco di Casvegno ospiter\u00e0 la terza prova di coppa Ticino con il contorno dei campionati insubrici di Polizia e la prima svizzera del cross staffetta, mezzo migliaio di atleti gareggeranno sul veloce circuito. Le prime partenze sono in programma alle 10.15. Una cinquantina o forse qualcosa in pi\u00f9\u2026","rel":"","context":"In &quot;Cross&quot;","block_context":{"text":"Cross","link":"https:\/\/uscatletica.ch\/wp\/?cat=7"},"img":{"alt_text":"","src":"https:\/\/i0.wp.com\/uscatletica.ch\/wp\/wp-content\/uploads\/2016\/11\/P1380227.jpg?fit=563%2C422&ssl=1&resize=350%2C200","width":350,"height":200,"srcset":"https:\/\/i0.wp.com\/uscatletica.ch\/wp\/wp-content\/uploads\/2016\/11\/P1380227.jpg?fit=563%2C422&ssl=1&resize=350%2C200 1x, https:\/\/i0.wp.com\/uscatletica.ch\/wp\/wp-content\/uploads\/2016\/11\/P1380227.jpg?fit=563%2C422&ssl=1&resize=525%2C300 1.5x"},"classes":[]},{"id":5474,"url":"https:\/\/uscatletica.ch\/wp\/?p=5474","url_meta":{"origin":16474,"position":4},"title":"Vezia","author":"Leonida Stampanoni","date":"25 Gennaio 2018","format":false,"excerpt":"La coppa Ticino di cross FTAL Laube Greenkey vivr\u00e0 sabato a Vezia la quinta tappa.\u00a0 La gara organizzata dalla SAM sar\u00e0 la sola tappa ticinese della cross cup di Swiss Athletics che conta 12 prove.\u00a0 L'USC, che \u00e8 vicina a vincere per la 18 volta la classifica per societ\u00e0, sar\u00e0\u2026","rel":"","context":"In &quot;Cross&quot;","block_context":{"text":"Cross","link":"https:\/\/uscatletica.ch\/wp\/?cat=7"},"img":{"alt_text":"","src":"https:\/\/i0.wp.com\/uscatletica.ch\/wp\/wp-content\/uploads\/2017\/12\/crosspom201712b.jpg?fit=532%2C399&ssl=1&resize=350%2C200","width":350,"height":200,"srcset":"https:\/\/i0.wp.com\/uscatletica.ch\/wp\/wp-content\/uploads\/2017\/12\/crosspom201712b.jpg?fit=532%2C399&ssl=1&resize=350%2C200 1x, https:\/\/i0.wp.com\/uscatletica.ch\/wp\/wp-content\/uploads\/2017\/12\/crosspom201712b.jpg?fit=532%2C399&ssl=1&resize=525%2C300 1.5x"},"classes":[]},{"id":5163,"url":"https:\/\/uscatletica.ch\/wp\/?p=5163","url_meta":{"origin":16474,"position":5},"title":"COPPA TICINO CROSS le classifiche dopo tre gare prima parte","author":"Leonida Stampanoni","date":"6 Novembre 2017","format":false,"excerpt":"COPPA TICINO CROSS FTAL 2017-2018\u00a0 Laube -Greenkey \u00a0 La coppa Ticino 2017-2018\u00a0 patrocinata dalla FTAL\u00a0 avr\u00e0 iscrizioni e classifiche gestita per la prima volta da Mysdam tramite il portale \u00a0 Endu.net.\u00a0\u00a0 CLASSIFICHE COPPA TICINO DOPO LE PRIME TRE PROVE Classifica individuale Classifica Societa CROSS DI POM CAPRIASCA Domenica 3 Dicembre\u2026","rel":"","context":"In &quot;Cross&quot;","block_context":{"text":"Cross","link":"https:\/\/uscatletica.ch\/wp\/?cat=7"},"img":{"alt_text":"","src":"https:\/\/i0.wp.com\/uscatletica.ch\/wp\/wp-content\/uploads\/2017\/03\/P1450159.jpg?fit=563%2C422&ssl=1&resize=350%2C200","width":350,"height":200,"srcset":"https:\/\/i0.wp.com\/uscatletica.ch\/wp\/wp-content\/uploads\/2017\/03\/P1450159.jpg?fit=563%2C422&ssl=1&resize=350%2C200 1x, https:\/\/i0.wp.com\/uscatletica.ch\/wp\/wp-content\/uploads\/2017\/03\/P1450159.jpg?fit=563%2C422&ssl=1&resize=525%2C300 1.5x"},"classes":[]}],"_links":{"self":[{"href":"https:\/\/uscatletica.ch\/wp\/index.php?rest_route=\/wp\/v2\/posts\/16474","targetHints":{"allow":["GET"]}}],"collection":[{"href":"https:\/\/uscatletica.ch\/wp\/index.php?rest_route=\/wp\/v2\/posts"}],"about":[{"href":"https:\/\/uscatletica.ch\/wp\/index.php?rest_route=\/wp\/v2\/types\/post"}],"author":[{"embeddable":true,"href":"https:\/\/uscatletica.ch\/wp\/index.php?rest_route=\/wp\/v2\/users\/4"}],"replies":[{"embeddable":true,"href":"https:\/\/uscatletica.ch\/wp\/index.php?rest_route=%2Fwp%2Fv2%2Fcomments&post=16474"}],"version-history":[{"count":1,"href":"https:\/\/uscatletica.ch\/wp\/index.php?rest_route=\/wp\/v2\/posts\/16474\/revisions"}],"predecessor-version":[{"id":16479,"href":"https:\/\/uscatletica.ch\/wp\/index.php?rest_route=\/wp\/v2\/posts\/16474\/revisions\/16479"}],"wp:featuredmedia":[{"embeddable":true,"href":"https:\/\/uscatletica.ch\/wp\/index.php?rest_route=\/wp\/v2\/media\/9474"}],"wp:attachment":[{"href":"https:\/\/uscatletica.ch\/wp\/index.php?rest_route=%2Fwp%2Fv2%2Fmedia&parent=16474"}],"wp:term":[{"taxonomy":"category","embeddable":true,"href":"https:\/\/uscatletica.ch\/wp\/index.php?rest_route=%2Fwp%2Fv2%2Fcategories&post=16474"},{"taxonomy":"post_tag","embeddable":true,"href":"https:\/\/uscatletica.ch\/wp\/index.php?rest_route=%2Fwp%2Fv2%2Ftags&post=16474"}],"curies":[{"name":"wp","href":"https:\/\/api.w.org\/{rel}","templated":true}]}}