{"id":16545,"date":"2022-12-10T18:01:29","date_gmt":"2022-12-10T17:01:29","guid":{"rendered":"http:\/\/uscatletica.ch\/wp\/?p=16545"},"modified":"2022-12-10T18:30:09","modified_gmt":"2022-12-10T17:30:09","slug":"matteo-e-martina-vincono-a-tenero","status":"publish","type":"post","link":"https:\/\/uscatletica.ch\/wp\/?p=16545","title":{"rendered":"Matteo  e Martina vincono a Tenero"},"content":{"rendered":"\n<p>Una giornata tiepida d&#8217;inverno ha accolto a Tenero i 332 partecipanti alla 4 prova della coppa Ticino di cross FTAL AET. Al via c&#8217;erano 42 USCini che lungo l&#8217;insidioso tracciato di 1.5 km hanno brillato lottando con determinazione. A fine giornata l&#8217;USC ha festeggiato ben 2 successi con Matteo e Martina, sul podio John, Lara ,Davide , Federica, Jana Selina ,Patrizia.\u00a0<\/p>\n<p><a href=\"https:\/\/www.endu.net\/it\/events\/cross-gordola-ctc\/results\" target=\"_blank\" rel=\"noopener\">Tutti i risultati <\/a><\/p>\n<p>Nella gara principale sono gli orientasti della nazionale a dettare legge Tobia Pezzati vince su Florian Howald al termine dei 9 km. \u00a0Nella gara U20 , Matteo s&#8217;impone al termine di una gran volata, Elia invece termina quarto. \u00a0Negli M50 \u00a0John e Davide sono sul podio \u00a0battuti da Enrico Cavadini \u00a0sesto Ralf segue Silvano. \u00a0Negli M40 vince Omar Pagnamenta; Gionata (7) Alex (8), Guido (12), Leonida (14), Paolo (15) \u00a0sono i quarantenni in maglia USC. Quarto negli M60 Giancarlo.\u00a0<\/p>\n<p>Nella gara U18 Martina coglie la seconda vittoria consecutiva, alle sue spalle Selina lotta per il podio e si conquista il terzo \u00a0rango, brava anche Cecilia sesta.\u00a0<\/p>\n<p>Nella gara femminile la pi\u00f9 veloce \u00e8 Elena Roos. L&#8217;USC presente in forza \u00a0sale ben 4 volte sul podio. Nelle U20 vince Giulia Salvad\u00e9 davanti alla gemella, Federica \u00a0conquista il terzo posto regolando il gruppo. Sesta Matilde. \u00a0Nelle W50 poker di Jeannette Bragagnolo seguita sul podio da Lara A-Z e Patrizia, Lucia \u00e8 quarta. Nella W40 vince Susanna Serafini, Jana termina al terzo rango davanti a Nathalie.\u00a0<\/p>\n<p>Nelle categorie U14 folta la presenza di USCini\/e; Tra i ragazzi vince Matteo Iaconi Ismael finisce ai piedi del podio. Mattia \u00e8 decimo seguito da Dario (11) e Noah (17). Tra le ragazze vince Alyssa Ferrari, due USCine nelle prime 10 Am\u00e9lie \u00e8 sesta ed Anais decima, completano il poker Dalia (19) ed Asia (23). Nelle U12 Viola \u00e8 quinta seguita da Agata (29). Tra i ragazzi Remo \u00e8 decimo seguito Niccol\u00f2 (11) e Giosu\u00e8 (18). Negli U16 vince Sebastien Brunner \u00a0No\u00e9 arriva nono seguito \u00a0da Elliot (15). Tra le ragazze \u00e8 sempre Tiziana Rosamilia a vincere \u00a0nona Elsa seguita da Olivia (13).\u00a0<\/p>\n<p>Nelle U10 Anna sfiora il podio seguono Irene e Naelle\u00a0<\/p>\n<table border=\"0\" cellspacing=\"0\"><colgroup width=\"75\"><\/colgroup><colgroup width=\"278\"><\/colgroup><colgroup width=\"95\"><\/colgroup><colgroup width=\"61\"><\/colgroup><colgroup width=\"255\"><\/colgroup>\n<tbody>\n<tr>\n<td align=\"right\" height=\"42\">1<\/td>\n<td align=\"left\">BERTOZZI MATTEO<\/td>\n<td align=\"left\">1<br \/>U20M<\/td>\n<td align=\"right\">1<\/td>\n<td align=\"left\">21:17.64<br \/>&#8211;<\/td>\n<\/tr>\n<tr>\n<td align=\"right\" height=\"42\">1<\/td>\n<td align=\"left\">BURI MARTINA<\/td>\n<td align=\"left\">1<br \/>U18W<\/td>\n<td align=\"right\">1<\/td>\n<td align=\"left\">11:42.34<br \/>+1:15.29<\/td>\n<\/tr>\n<tr>\n<td align=\"right\" height=\"42\">2<\/td>\n<td align=\"left\">BALDI JOHN<\/td>\n<td align=\"left\">2<br \/>M50<\/td>\n<td align=\"right\">5<\/td>\n<td align=\"left\">21:31.35<br \/>+13.71<\/td>\n<\/tr>\n<tr>\n<td align=\"right\" height=\"42\">2<\/td>\n<td align=\"left\">ZAMBONI AMARO LARA<\/td>\n<td align=\"left\">2<br \/>W50<\/td>\n<td align=\"right\">9<\/td>\n<td align=\"left\">25:48.32<br \/>+4:46.84<\/td>\n<\/tr>\n<tr>\n<td align=\"right\" height=\"42\">3<\/td>\n<td align=\"left\">JERMINI DAVIDE<\/td>\n<td align=\"left\">3<br \/>M50<\/td>\n<td align=\"right\">10<\/td>\n<td align=\"left\">21:46.56<br \/>+28.91<\/td>\n<\/tr>\n<tr>\n<td align=\"right\" height=\"42\">3<\/td>\n<td align=\"left\">BALDI FEDERICA<\/td>\n<td align=\"left\">3<br \/>U20W<\/td>\n<td align=\"right\">5<\/td>\n<td align=\"left\">24:43.93<br \/>+3:42.45<\/td>\n<\/tr>\n<tr>\n<td align=\"right\" height=\"42\">3<\/td>\n<td align=\"left\">VICARI JANA<\/td>\n<td align=\"left\">3<br \/>W40<\/td>\n<td align=\"right\">11<\/td>\n<td align=\"left\">26:25.24<br \/>+5:23.76<\/td>\n<\/tr>\n<tr>\n<td align=\"right\" height=\"42\">3<\/td>\n<td align=\"left\">BESOMI PATRIZIA<\/td>\n<td align=\"left\">3<br \/>W50<\/td>\n<td align=\"right\">12<\/td>\n<td align=\"left\">27:02.82<br \/>+6:01.34<\/td>\n<\/tr>\n<tr>\n<td align=\"right\" height=\"42\">3<\/td>\n<td align=\"left\">STAMPANONI SELINA<\/td>\n<td align=\"left\">3<br \/>U18W<\/td>\n<td align=\"right\">3<\/td>\n<td align=\"left\">12:37.30<br \/>+2:10.25<\/td>\n<\/tr>\n<tr>\n<td align=\"right\" height=\"42\">4<\/td>\n<td align=\"left\">BORSARI ANNA<\/td>\n<td align=\"left\">4<br \/>U10W<\/td>\n<td align=\"right\">4<\/td>\n<td align=\"left\">03:16.71<br \/>+4.93<\/td>\n<\/tr>\n<tr>\n<td align=\"right\" height=\"42\">4<\/td>\n<td align=\"left\">SINGENBERGER ISMAEL<\/td>\n<td align=\"left\">4<br \/>U14M<\/td>\n<td align=\"right\">4<\/td>\n<td align=\"left\">12:05.62<br \/>+36.24<\/td>\n<\/tr>\n<tr>\n<td align=\"right\" height=\"42\">4<\/td>\n<td align=\"left\">REN ELIA<\/td>\n<td align=\"left\">4<br \/>U20M<\/td>\n<td align=\"right\">8<\/td>\n<td align=\"left\">21:45.34<br \/>+27.69<\/td>\n<\/tr>\n<tr>\n<td align=\"right\" height=\"42\">4<\/td>\n<td align=\"left\">FRAQUELLI GIANCARLO<\/td>\n<td align=\"left\">4<br \/>M60<\/td>\n<td align=\"right\">38<\/td>\n<td align=\"left\">28:32.11<br \/>+7:14.46<\/td>\n<\/tr>\n<tr>\n<td align=\"right\" height=\"42\">4<\/td>\n<td align=\"left\">BORSARI NATHALIE<\/td>\n<td align=\"left\">4<br \/>W40<\/td>\n<td align=\"right\">13<\/td>\n<td align=\"left\">27:14.87<br \/>+6:13.39<\/td>\n<\/tr>\n<tr>\n<td align=\"right\" height=\"42\">4<\/td>\n<td align=\"left\">BALDI LUCIA<\/td>\n<td align=\"left\">4<br \/>W50<\/td>\n<td align=\"right\">16<\/td>\n<td align=\"left\">29:10.04<br \/>+8:08.56<\/td>\n<\/tr>\n<tr>\n<td align=\"right\" height=\"42\">5<\/td>\n<td align=\"left\">GROPPI VIOLA<\/td>\n<td align=\"left\">5<br \/>U12W<\/td>\n<td align=\"right\">5<\/td>\n<td align=\"left\">06:30.83<br \/>+25.92<\/td>\n<\/tr>\n<tr>\n<td align=\"right\" height=\"42\">6<\/td>\n<td align=\"left\">ANDREOLI AMELIE<\/td>\n<td align=\"left\">6<br \/>U14W<\/td>\n<td align=\"right\">6<\/td>\n<td align=\"left\">06:10.35<br \/>+16.00<\/td>\n<\/tr>\n<tr>\n<td align=\"right\" height=\"42\">6<\/td>\n<td align=\"left\">MUREDDU RALF<\/td>\n<td align=\"left\">6<br \/>M50<\/td>\n<td align=\"right\">26<\/td>\n<td align=\"left\">23:43.85<br \/>+2:26.20<\/td>\n<\/tr>\n<tr>\n<td align=\"right\" height=\"42\">6<\/td>\n<td align=\"left\">JERMINI MATILDE<\/td>\n<td align=\"left\">6<br \/>U20W<\/td>\n<td align=\"right\">15<\/td>\n<td align=\"left\">28:47.51<br \/>+7:46.03<\/td>\n<\/tr>\n<tr>\n<td align=\"right\" height=\"42\">6<\/td>\n<td align=\"left\">VOLGER CECILIA<\/td>\n<td align=\"left\">6<br \/>U18W<\/td>\n<td align=\"right\">6<\/td>\n<td align=\"left\">14:01.24<br \/>+3:34.19<\/td>\n<\/tr>\n<tr>\n<td align=\"right\" height=\"42\">7<\/td>\n<td align=\"left\">VOLGER GIONATA<\/td>\n<td align=\"left\">7<br \/>M40<\/td>\n<td align=\"right\">16<\/td>\n<td align=\"left\">22:45.81<br \/>+1:28.16<\/td>\n<\/tr>\n<tr>\n<td align=\"right\" height=\"42\">8<\/td>\n<td align=\"left\">DOMENICONI ALEX<\/td>\n<td align=\"left\">8<br \/>M40<\/td>\n<td align=\"right\">18<\/td>\n<td align=\"left\">23:08.26<br \/>+1:50.62<\/td>\n<\/tr>\n<tr>\n<td align=\"right\" height=\"42\">8<\/td>\n<td align=\"left\">CAISSUTTI ELSA<\/td>\n<td align=\"left\">8<br \/>U16W<\/td>\n<td align=\"right\">8<\/td>\n<td align=\"left\">13:02.50<br \/>+2:07.18<\/td>\n<\/tr>\n<tr>\n<td align=\"right\" height=\"42\">9<\/td>\n<td align=\"left\">BERTOZZI SILVANO<\/td>\n<td align=\"left\">9<br \/>M50<\/td>\n<td align=\"right\">33<\/td>\n<td align=\"left\">25:16.89<br \/>+3:59.24<\/td>\n<\/tr>\n<tr>\n<td align=\"right\" height=\"42\">9<\/td>\n<td align=\"left\">VOLGER NO\u00c8<\/td>\n<td align=\"left\">9<br \/>U16M<\/td>\n<td align=\"right\">9<\/td>\n<td align=\"left\">11:31.31<br \/>+1:04.26<\/td>\n<\/tr>\n<tr>\n<td align=\"right\" height=\"42\">10<\/td>\n<td align=\"left\">PETRINI REMO<\/td>\n<td align=\"left\">10<br \/>U12M<\/td>\n<td align=\"right\">10<\/td>\n<td align=\"left\">06:36.54<br \/>+50.43<\/td>\n<\/tr>\n<tr>\n<td align=\"right\" height=\"42\">10<\/td>\n<td align=\"left\">GIANOTTI MATTIA<\/td>\n<td align=\"left\">10<br \/>U14M<\/td>\n<td align=\"right\">10<\/td>\n<td align=\"left\">12:36.39<br \/>+1:07.01<\/td>\n<\/tr>\n<tr>\n<td align=\"right\" height=\"42\">11<\/td>\n<td align=\"left\">PIATTINI ANAIS<\/td>\n<td align=\"left\">11<br \/>U14W<\/td>\n<td align=\"right\">11<\/td>\n<td align=\"left\">06:23.25<br \/>+28.89<\/td>\n<\/tr>\n<tr>\n<td align=\"right\" height=\"42\">11<\/td>\n<td align=\"left\">MACCONI DARIO<\/td>\n<td align=\"left\">11<br \/>U14M<\/td>\n<td align=\"right\">11<\/td>\n<td align=\"left\">12:39.04<br \/>+1:09.66<\/td>\n<\/tr>\n<tr>\n<td align=\"right\" height=\"42\">12<\/td>\n<td align=\"left\">MACCONI GUIDO<\/td>\n<td align=\"left\">12<br \/>M40<\/td>\n<td align=\"right\">25<\/td>\n<td align=\"left\">23:41.31<br \/>+2:23.66<\/td>\n<\/tr>\n<tr>\n<td align=\"right\" height=\"42\">13<\/td>\n<td align=\"left\">DOMENICONI NICOL\u00d2<\/td>\n<td align=\"left\">13<br \/>U12M<\/td>\n<td align=\"right\">13<\/td>\n<td align=\"left\">06:48.01<br \/>+1:01.90<\/td>\n<\/tr>\n<tr>\n<td align=\"right\" height=\"42\">13<\/td>\n<td align=\"left\">STAMPANONI OLIVIA<\/td>\n<td align=\"left\">13<br \/>U16W<\/td>\n<td align=\"right\">13<\/td>\n<td align=\"left\">13:30.26<br \/>+2:34.94<\/td>\n<\/tr>\n<tr>\n<td align=\"right\" height=\"42\">14<\/td>\n<td align=\"left\">STAMPANONI LEONIDA<\/td>\n<td align=\"left\">14<br \/>M40<\/td>\n<td align=\"right\">28<\/td>\n<td align=\"left\">24:10.91<br \/>+2:53.27<\/td>\n<\/tr>\n<tr>\n<td align=\"right\" height=\"42\">15<\/td>\n<td align=\"left\">PIATTINI PAOLO<\/td>\n<td align=\"left\">15<br \/>M40<\/td>\n<td align=\"right\">29<\/td>\n<td align=\"left\">24:31.63<\/td>\n<\/tr>\n<tr>\n<td align=\"right\" height=\"42\">16<\/td>\n<td align=\"left\">PERRIN ELIOTT<\/td>\n<td align=\"left\">15<br \/>U16M<\/td>\n<td align=\"right\">15<\/td>\n<td align=\"left\">12:13.14<br \/>+1:46.08<\/td>\n<\/tr>\n<tr>\n<td align=\"right\" height=\"42\">17<\/td>\n<td align=\"left\">BADER NOAH<\/td>\n<td align=\"left\">17<br \/>U14M<\/td>\n<td align=\"right\">17<\/td>\n<td align=\"left\">13:21.42<br \/>+1:52.0<\/td>\n<\/tr>\n<tr>\n<td align=\"right\" height=\"42\">18<\/td>\n<td align=\"left\">CAISSUTTI GIOSU\u00c8<\/td>\n<td align=\"left\">18<br \/>U12M<\/td>\n<td align=\"right\">18<\/td>\n<td align=\"left\">06:57.95<br \/>+1:11.84<\/td>\n<\/tr>\n<tr>\n<td align=\"right\" height=\"42\">19<\/td>\n<td align=\"left\">PICCARDO IRENE<\/td>\n<td align=\"left\">19<br \/>U10W<\/td>\n<td align=\"right\">19<\/td>\n<td align=\"left\">03:45.59<br \/>+33.81<\/td>\n<\/tr>\n<tr>\n<td align=\"right\" height=\"42\">19<\/td>\n<td align=\"left\">CAISSUTTI DALIA<\/td>\n<td align=\"left\">19<br \/>U14W<\/td>\n<td align=\"right\">19<\/td>\n<td align=\"left\">06:49.50<br \/>+55.15<\/td>\n<\/tr>\n<tr>\n<td align=\"right\" height=\"42\">20<\/td>\n<td align=\"left\">BADER NAELLE<\/td>\n<td align=\"left\">20<br \/>U10W<\/td>\n<td align=\"right\">20<\/td>\n<td align=\"left\">03:48.07<br \/>+36.29<\/td>\n<\/tr>\n<tr>\n<td align=\"right\" height=\"42\">23<\/td>\n<td align=\"left\">CORTI ASIA<\/td>\n<td align=\"left\">23<br \/>U14W<\/td>\n<td align=\"right\">23<\/td>\n<td align=\"left\">06:53.23<br \/>+58.87<\/td>\n<\/tr>\n<tr>\n<td align=\"right\" height=\"42\">29<\/td>\n<td align=\"left\">MACCONI AGATA<\/td>\n<td align=\"left\">29<br \/>U12W<\/td>\n<td align=\"right\">29<\/td>\n<td align=\"left\">08:49.33<br \/>+2:44.4<\/td>\n<\/tr>\n<\/tbody>\n<\/table>\n","protected":false},"excerpt":{"rendered":"<p>Una giornata tiepida d&#8217;inverno ha accolto a Tenero i 332 partecipanti alla 4 prova della coppa Ticino di cross FTAL AET. Al via c&#8217;erano 42 USCini che lungo l&#8217;insidioso tracciato di 1.5 km hanno brillato lottando con determinazione. A fine giornata l&#8217;USC ha festeggiato ben 2 successi con Matteo e Martina, sul podio John, Lara ,Davide , Federica, Jana Selina ,Patrizia.\u00a0 Tutti i risultati Nella gara principale sono gli orientasti della nazionale a dettare legge&#8230;<\/p>\n","protected":false},"author":4,"featured_media":16546,"comment_status":"closed","ping_status":"closed","sticky":false,"template":"","format":"standard","meta":{"jetpack_post_was_ever_published":false,"_jetpack_newsletter_access":"","_jetpack_dont_email_post_to_subs":false,"_jetpack_newsletter_tier_id":0,"_jetpack_memberships_contains_paywalled_content":false,"_jetpack_memberships_contains_paid_content":false,"footnotes":"","jetpack_publicize_message":"","jetpack_publicize_feature_enabled":true,"jetpack_social_post_already_shared":false,"jetpack_social_options":{"image_generator_settings":{"template":"highway","default_image_id":0,"font":"","enabled":false},"version":2}},"categories":[7,9],"tags":[],"class_list":["post-16545","post","type-post","status-publish","format-standard","has-post-thumbnail","hentry","category-cross","category-sport"],"jetpack_publicize_connections":[],"jetpack_featured_media_url":"https:\/\/i0.wp.com\/uscatletica.ch\/wp\/wp-content\/uploads\/2022\/12\/221210podioprima.jpg?fit=432%2C324&ssl=1","jetpack_sharing_enabled":true,"jetpack_shortlink":"https:\/\/wp.me\/p6V7Ck-4iR","jetpack-related-posts":[{"id":14211,"url":"https:\/\/uscatletica.ch\/wp\/?p=14211","url_meta":{"origin":16545,"position":0},"title":"POKER DI VITTORIE USC A VEZIA  9 PODI","author":"Leonida Stampanoni","date":"29 Gennaio 2022","format":false,"excerpt":"Una splendida giornata quasi primaverile ha accolto a Vezia i 341 partecipanti alla sesta tappa della Coppa Ticino di cross. Le 54 \u00a0partenze per l'USC a confermano la passione per la corsa campestre in Capriasca. Ben 4 le vittorie, doppietta per Robi con Federica e Lara A-Z. Nove i podi\u2026","rel":"","context":"In &quot;Cross&quot;","block_context":{"text":"Cross","link":"https:\/\/uscatletica.ch\/wp\/?cat=7"},"img":{"alt_text":"","src":"https:\/\/i0.wp.com\/uscatletica.ch\/wp\/wp-content\/uploads\/2022\/01\/P1170226.jpeg?fit=432%2C324&ssl=1&resize=350%2C200","width":350,"height":200},"classes":[]},{"id":14053,"url":"https:\/\/uscatletica.ch\/wp\/?p=14053","url_meta":{"origin":16545,"position":1},"title":"CROSS CAPRIASCHESE UNA GIORNATA DA RICORDARE","author":"Leonida Stampanoni","date":"28 Novembre 2021","format":false,"excerpt":"Il bianco inverno ha accolto i 345 (79 USC) partecipanti al cross Capriaschese \u00a0terza prova della coppa Ticino di cross FTAL AET. L'ottima prestazione organizzativa dell'USC supportata da Raiffeisen e Consulca ha offerto ai presenti condizioni ideali di gara nonostante la pazza nottata meteorologica. Una buona cornice di pubblico ha\u2026","rel":"","context":"In &quot;Cross&quot;","block_context":{"text":"Cross","link":"https:\/\/uscatletica.ch\/wp\/?cat=7"},"img":{"alt_text":"","src":"https:\/\/i0.wp.com\/uscatletica.ch\/wp\/wp-content\/uploads\/2021\/11\/Cross-USC-2021-NUOVO-3D.jpg?fit=986%2C595&ssl=1&resize=350%2C200","width":350,"height":200,"srcset":"https:\/\/i0.wp.com\/uscatletica.ch\/wp\/wp-content\/uploads\/2021\/11\/Cross-USC-2021-NUOVO-3D.jpg?fit=986%2C595&ssl=1&resize=350%2C200 1x, https:\/\/i0.wp.com\/uscatletica.ch\/wp\/wp-content\/uploads\/2021\/11\/Cross-USC-2021-NUOVO-3D.jpg?fit=986%2C595&ssl=1&resize=525%2C300 1.5x, https:\/\/i0.wp.com\/uscatletica.ch\/wp\/wp-content\/uploads\/2021\/11\/Cross-USC-2021-NUOVO-3D.jpg?fit=986%2C595&ssl=1&resize=700%2C400 2x"},"classes":[]},{"id":16637,"url":"https:\/\/uscatletica.ch\/wp\/?p=16637","url_meta":{"origin":16545,"position":2},"title":"Roberto e Jana vincono a Moghegno","author":"Leonida Stampanoni","date":"28 Gennaio 2023","format":false,"excerpt":"Una serena giornata in Vallemaggia ha salutato la riuscita prova generale dei campionati svizzeri 2024. L'ottima organizzazione della Virtus \u00e8 per\u00f2 stata premiata da soli 260 partecipanti, leggero calo quantitativo anche per l'USC con 37 presenze. La qualit\u00e0 non ne ha per\u00f2 risentito con le vittorie di Roberto e Jana\u2026","rel":"","context":"In &quot;Pista&quot;","block_context":{"text":"Pista","link":"https:\/\/uscatletica.ch\/wp\/?cat=4"},"img":{"alt_text":"","src":"https:\/\/i0.wp.com\/uscatletica.ch\/wp\/wp-content\/uploads\/2022\/10\/Torta-diavol-rotated.jpg?fit=900%2C1200&ssl=1&resize=350%2C200","width":350,"height":200,"srcset":"https:\/\/i0.wp.com\/uscatletica.ch\/wp\/wp-content\/uploads\/2022\/10\/Torta-diavol-rotated.jpg?fit=900%2C1200&ssl=1&resize=350%2C200 1x, https:\/\/i0.wp.com\/uscatletica.ch\/wp\/wp-content\/uploads\/2022\/10\/Torta-diavol-rotated.jpg?fit=900%2C1200&ssl=1&resize=525%2C300 1.5x, https:\/\/i0.wp.com\/uscatletica.ch\/wp\/wp-content\/uploads\/2022\/10\/Torta-diavol-rotated.jpg?fit=900%2C1200&ssl=1&resize=700%2C400 2x"},"classes":[]},{"id":14256,"url":"https:\/\/uscatletica.ch\/wp\/?p=14256","url_meta":{"origin":16545,"position":3},"title":"4 titoli USC ai campionati ticinesi di cross  12 podi.","author":"Leonida Stampanoni","date":"12 Febbraio 2022","format":false,"excerpt":"in una tiepida giornata invernale 350 partecipanti hanno animato i campionati ticinesi di cross organizzati a Moghegno dalla Virtus. L'USC con 55 presenze era la societ\u00e0 pi\u00f9 numerosa. Nelle 20 gare \u00a0abbiamo collezionato 4 vittorie (2 volte Roberto, Letizia e Federica) che sono valse altrettanti titoli cantonali e 11 podi\u2026","rel":"","context":"In &quot;Cross&quot;","block_context":{"text":"Cross","link":"https:\/\/uscatletica.ch\/wp\/?cat=7"},"img":{"alt_text":"","src":"https:\/\/i0.wp.com\/uscatletica.ch\/wp\/wp-content\/uploads\/2022\/01\/P1170226.jpeg?fit=432%2C324&ssl=1&resize=350%2C200","width":350,"height":200},"classes":[]},{"id":18551,"url":"https:\/\/uscatletica.ch\/wp\/?p=18551","url_meta":{"origin":16545,"position":4},"title":"DELORENZI E MARTINELLI USC PROTAGONISTA AL CROSS CAPRIASCHESE","author":"Leonida Stampanoni","date":"26 Novembre 2023","format":false,"excerpt":"Una splendida giornata di sole, il terreno in condizioni ideali e la perfetta organizzazione della squadra di collaboratori USC, hanno accolto i 400 partecipanti al cross Capriaschese 2023, seconda prova della stagione cantonale. Una settantina di atleti ed atlete USC hanno tagliato il traguardo con ottimi risultati. Roberto Delorenzi ha\u2026","rel":"","context":"In &quot;Cross&quot;","block_context":{"text":"Cross","link":"https:\/\/uscatletica.ch\/wp\/?cat=7"},"img":{"alt_text":"Cross USC 26.11.23 Roberto Delorenzi FotoEliSta","src":"https:\/\/i0.wp.com\/uscatletica.ch\/wp\/wp-content\/uploads\/2023\/11\/Cross-USC-26-11-23-Roberto-FotoEliSta.jpg?fit=877%2C1200&ssl=1&resize=350%2C200","width":350,"height":200,"srcset":"https:\/\/i0.wp.com\/uscatletica.ch\/wp\/wp-content\/uploads\/2023\/11\/Cross-USC-26-11-23-Roberto-FotoEliSta.jpg?fit=877%2C1200&ssl=1&resize=350%2C200 1x, https:\/\/i0.wp.com\/uscatletica.ch\/wp\/wp-content\/uploads\/2023\/11\/Cross-USC-26-11-23-Roberto-FotoEliSta.jpg?fit=877%2C1200&ssl=1&resize=525%2C300 1.5x, https:\/\/i0.wp.com\/uscatletica.ch\/wp\/wp-content\/uploads\/2023\/11\/Cross-USC-26-11-23-Roberto-FotoEliSta.jpg?fit=877%2C1200&ssl=1&resize=700%2C400 2x"},"classes":[]},{"id":3619,"url":"https:\/\/uscatletica.ch\/wp\/?p=3619","url_meta":{"origin":16545,"position":5},"title":"Banco grande USC per il finale di coppa (Foto)","author":"Leonida Stampanoni","date":"18 Febbraio 2017","format":false,"excerpt":"Una splendida giornata primvaerile ha chiuso a Banco l'edizione 2017 della coppa Ticino di cross, al via erano 367 i partenti, una cinquantina gli USCini che grinta, passione e determinazione hanno concluso la loro gara in una atmosfera festosa. \u00a0Grandi soddisfazioni dapprima il premio per la societ\u00e0 pi\u00f9 numerosa, ed\u2026","rel":"","context":"In &quot;Cross&quot;","block_context":{"text":"Cross","link":"https:\/\/uscatletica.ch\/wp\/?cat=7"},"img":{"alt_text":"","src":"https:\/\/i0.wp.com\/uscatletica.ch\/wp\/wp-content\/uploads\/2017\/02\/P1450068.jpg?fit=563%2C422&ssl=1&resize=350%2C200","width":350,"height":200,"srcset":"https:\/\/i0.wp.com\/uscatletica.ch\/wp\/wp-content\/uploads\/2017\/02\/P1450068.jpg?fit=563%2C422&ssl=1&resize=350%2C200 1x, https:\/\/i0.wp.com\/uscatletica.ch\/wp\/wp-content\/uploads\/2017\/02\/P1450068.jpg?fit=563%2C422&ssl=1&resize=525%2C300 1.5x"},"classes":[]}],"_links":{"self":[{"href":"https:\/\/uscatletica.ch\/wp\/index.php?rest_route=\/wp\/v2\/posts\/16545","targetHints":{"allow":["GET"]}}],"collection":[{"href":"https:\/\/uscatletica.ch\/wp\/index.php?rest_route=\/wp\/v2\/posts"}],"about":[{"href":"https:\/\/uscatletica.ch\/wp\/index.php?rest_route=\/wp\/v2\/types\/post"}],"author":[{"embeddable":true,"href":"https:\/\/uscatletica.ch\/wp\/index.php?rest_route=\/wp\/v2\/users\/4"}],"replies":[{"embeddable":true,"href":"https:\/\/uscatletica.ch\/wp\/index.php?rest_route=%2Fwp%2Fv2%2Fcomments&post=16545"}],"version-history":[{"count":2,"href":"https:\/\/uscatletica.ch\/wp\/index.php?rest_route=\/wp\/v2\/posts\/16545\/revisions"}],"predecessor-version":[{"id":16549,"href":"https:\/\/uscatletica.ch\/wp\/index.php?rest_route=\/wp\/v2\/posts\/16545\/revisions\/16549"}],"wp:featuredmedia":[{"embeddable":true,"href":"https:\/\/uscatletica.ch\/wp\/index.php?rest_route=\/wp\/v2\/media\/16546"}],"wp:attachment":[{"href":"https:\/\/uscatletica.ch\/wp\/index.php?rest_route=%2Fwp%2Fv2%2Fmedia&parent=16545"}],"wp:term":[{"taxonomy":"category","embeddable":true,"href":"https:\/\/uscatletica.ch\/wp\/index.php?rest_route=%2Fwp%2Fv2%2Fcategories&post=16545"},{"taxonomy":"post_tag","embeddable":true,"href":"https:\/\/uscatletica.ch\/wp\/index.php?rest_route=%2Fwp%2Fv2%2Ftags&post=16545"}],"curies":[{"name":"wp","href":"https:\/\/api.w.org\/{rel}","templated":true}]}}