{"id":16555,"date":"2022-12-18T16:20:45","date_gmt":"2022-12-18T15:20:45","guid":{"rendered":"http:\/\/uscatletica.ch\/wp\/?p=16555"},"modified":"2022-12-20T06:48:44","modified_gmt":"2022-12-20T05:48:44","slug":"il-2022-si-chiude-bene-alla-corsa-da-natal","status":"publish","type":"post","link":"https:\/\/uscatletica.ch\/wp\/?p=16555","title":{"rendered":"IL 2022 SI CHIUDE BENE ALLA CORSA DA NATAL"},"content":{"rendered":"\n<p>Un Serena \u00a0mattinata invernale erano 400 al via della 40 edizione della Corsa da Natal una delle grandi classiche podistiche del Ticino. Una ventina gli USCini al via si sono battuti nello spettacolare scenario del lungolago di Ascona, dove nell&#8217;ultima gara di stagione sono arrivate 2 vittorie con Matteo e Selina e \u00a0altri 5 podi Elisa, Jonathan, No\u00e9, Am\u00e9lie, Dario.\u00a0<\/p>\n<p><a href=\"https:\/\/www.performancesportlive.ch\/g-live.html?f=races\/corsa_da_natal\/2022\/CDN2022.clax\" target=\"_blank\" rel=\"noopener\">Tutti i risultati <\/a><\/p>\n<p>Sui 3km gara popolari e U18 bella vittoria per Selina che in 11&#8243;50 ha ottenuto il miglior tempo di categoria ed il quinto tempo femminile. <span style=\"color: #ff0000;\">Nella gara popolare in 15&#8217;46 ha chiuso Ramona.<\/span><\/p>\n<p>Nella corsa da Natal \u00e9lite vittoria casalinga con Adriano Engelhardt 16&#8217;48 su Tommaso Marani e Roberto Delorenzi. Tra le donne vittoria per la U20 Giulia Salvad\u00e9, Elisa ha chiuso in 21&#8217;42 terza F20 col tempo assoluto davanti a Jana 23&#8217;12 Elena ha dovuto fermarsi per problemi alla gamba. Tra gli U20 Matteo ha vinto in 20&#8217;30, Jonathan in 21&#8217;06 ha chiuso \u00a0secondo degli M50 preceduto di poco da Alex 21&#8217;01 settimo e miglior USC negli M40. Nella sua scia Guido 21&#8217;24 si \u00e8 salvato dal gran giro finale di Leonida in 21&#8217;28. Silvano \u00e8 settimo M50. in 22&#8217;46, Giancarlo in 28&#8217;12 decimo M60.\u00a0<\/p>\n<p><span style=\"color: #ff0000;\">Le piccole Agata (6) e Linda (19) si sono divertite correndo sul lungolago la gara dedicata ai alle pi\u00f9 piccole\u00a0<\/span><\/p>\n<p>I giovanissimi hanno sfidato il freddo mattutino correndo sul tracciato nel nucleo di 1.5 km. Negli U12 Dario ha chiuso secondo in 5&#8217;51, Giosu\u00e8 \u00e8 quinto in 6&#8217;20 seguito da Niccol\u00f2 6&#8217;28. No\u00e9 \u00e8 terzo tra gli U14. in 5&#8217;08 bravi anche Elliot sesto in 5&#8217;51 di misura su Mattia 5&#8217;53. Nella loro scia Am\u00e9lie si prende il podio tra le U14. Olivia in 6&#8217;04 \u00e8 quinta nelle U16 gara vinta dalla fortissima Tiziana Rosamilia<\/p>\n","protected":false},"excerpt":{"rendered":"<p>Un Serena \u00a0mattinata invernale erano 400 al via della 40 edizione della Corsa da Natal una delle grandi classiche podistiche del Ticino. Una ventina gli USCini al via si sono battuti nello spettacolare scenario del lungolago di Ascona, dove nell&#8217;ultima gara di stagione sono arrivate 2 vittorie con Matteo e Selina e \u00a0altri 5 podi Elisa, Jonathan, No\u00e9, Am\u00e9lie, Dario.\u00a0 Tutti i risultati Sui 3km gara popolari e U18 bella vittoria per Selina che in&#8230;<\/p>\n","protected":false},"author":4,"featured_media":5368,"comment_status":"closed","ping_status":"closed","sticky":false,"template":"","format":"standard","meta":{"jetpack_post_was_ever_published":false,"_jetpack_newsletter_access":"","_jetpack_dont_email_post_to_subs":false,"_jetpack_newsletter_tier_id":0,"_jetpack_memberships_contains_paywalled_content":false,"_jetpack_memberships_contains_paid_content":false,"footnotes":"","jetpack_publicize_message":"","jetpack_publicize_feature_enabled":true,"jetpack_social_post_already_shared":false,"jetpack_social_options":{"image_generator_settings":{"template":"highway","default_image_id":0,"font":"","enabled":false},"version":2}},"categories":[5,9],"tags":[],"class_list":["post-16555","post","type-post","status-publish","format-standard","has-post-thumbnail","hentry","category-podismo","category-sport"],"jetpack_publicize_connections":[],"jetpack_featured_media_url":"https:\/\/i0.wp.com\/uscatletica.ch\/wp\/wp-content\/uploads\/2017\/12\/robadricnatal17.jpg?fit=529%2C365&ssl=1","jetpack_sharing_enabled":true,"jetpack_shortlink":"https:\/\/wp.me\/p6V7Ck-4j1","jetpack-related-posts":[{"id":20460,"url":"https:\/\/uscatletica.ch\/wp\/?p=20460","url_meta":{"origin":16555,"position":0},"title":"CORSA DA NATAL una buona chiusura per gli USCini","author":"Leonida Stampanoni","date":"23 Dicembre 2024","format":false,"excerpt":"Ultimo appuntamento del 2024 sul lungolago di Ascona con la classica Corsa da Natal \u00a0USCini in gran forma. Valerio e Gionata \u00a0firmano la doppietta tra gli M50, Alex chiude secondo tra gli M40, Elisa ed Elena finiscono ai piedi nel podio nella gara giovanile \u00a0No\u00e9 chiude secondo come Linda e\u2026","rel":"","context":"In &quot;Podismo&quot;","block_context":{"text":"Podismo","link":"https:\/\/uscatletica.ch\/wp\/?cat=5"},"img":{"alt_text":"","src":"https:\/\/i0.wp.com\/uscatletica.ch\/wp\/wp-content\/uploads\/2017\/12\/robadricnatal17.jpg?fit=529%2C365&ssl=1&resize=350%2C200","width":350,"height":200,"srcset":"https:\/\/i0.wp.com\/uscatletica.ch\/wp\/wp-content\/uploads\/2017\/12\/robadricnatal17.jpg?fit=529%2C365&ssl=1&resize=350%2C200 1x, https:\/\/i0.wp.com\/uscatletica.ch\/wp\/wp-content\/uploads\/2017\/12\/robadricnatal17.jpg?fit=529%2C365&ssl=1&resize=525%2C300 1.5x"},"classes":[]},{"id":6989,"url":"https:\/\/uscatletica.ch\/wp\/?p=6989","url_meta":{"origin":16555,"position":1},"title":"CORSA DA NATAL USCINI VELOCI","author":"Leonida Stampanoni","date":"24 Dicembre 2018","format":false,"excerpt":"La corsa da Natal ha chiuso un'ottimo 2018 per l'USC Capriaschese sul lungolago di Ascona erano 560 gli atleti una quindicina gli USCini al via due vittorie e tre podi. Hassan ha vinto la gara elite mentre Jennis \u00e8 stata la migliore delle U12. Podi per Roby Elia, Lea le\u2026","rel":"","context":"In &quot;Podismo&quot;","block_context":{"text":"Podismo","link":"https:\/\/uscatletica.ch\/wp\/?cat=5"},"img":{"alt_text":"","src":"https:\/\/i0.wp.com\/uscatletica.ch\/wp\/wp-content\/uploads\/2017\/12\/robadricnatal17.jpg?fit=529%2C365&ssl=1&resize=350%2C200","width":350,"height":200,"srcset":"https:\/\/i0.wp.com\/uscatletica.ch\/wp\/wp-content\/uploads\/2017\/12\/robadricnatal17.jpg?fit=529%2C365&ssl=1&resize=350%2C200 1x, https:\/\/i0.wp.com\/uscatletica.ch\/wp\/wp-content\/uploads\/2017\/12\/robadricnatal17.jpg?fit=529%2C365&ssl=1&resize=525%2C300 1.5x"},"classes":[]},{"id":7944,"url":"https:\/\/uscatletica.ch\/wp\/?p=7944","url_meta":{"origin":16555,"position":2},"title":"Marco e Robi  Gran fine settimana Vertical bene gli orientisti (Stabio classifiche)","author":"Leonida Stampanoni","date":"13 Aprile 2019","format":false,"excerpt":"Sabato al Sass de Fer Vertical di Laveno grande exploit per Marco che si aggiudica la gara davanti a Roberto ed altri 220 partecipanti. I fratelli hanno dominato le due manche della prova alle 1.630 si dovevano scalare 830 m di dislivello in 3.2 km mentre la manche decisiva era\u2026","rel":"","context":"In &quot;CO&quot;","block_context":{"text":"CO","link":"https:\/\/uscatletica.ch\/wp\/?cat=19"},"img":{"alt_text":"","src":"https:\/\/i0.wp.com\/img.youtube.com\/vi\/_2LrH71aU0Y\/0.jpg?resize=350%2C200","width":350,"height":200},"classes":[]},{"id":3236,"url":"https:\/\/uscatletica.ch\/wp\/?p=3236","url_meta":{"origin":16555,"position":3},"title":"Corsa Da Natal ultima corsa prima delle feste","author":"Leonida Stampanoni","date":"18 Dicembre 2016","format":false,"excerpt":"La 35 edizione della Corsa Natal\u00a0ha richiamato ad Ascona quasi 400 atleti tra cui alcuni nomi di spicco come la duplice campionessa europea U18 Delia Sclabas. Sul veloce e spettacolare circuito cittadino c'erano molti USCini al via. John ha vinto tra gli M50. \u00a0Podio per Federica tra le U12. Risultati\u2026","rel":"","context":"In &quot;Podismo&quot;","block_context":{"text":"Podismo","link":"https:\/\/uscatletica.ch\/wp\/?cat=5"},"img":{"alt_text":"","src":"https:\/\/i0.wp.com\/uscatletica.ch\/wp\/wp-content\/uploads\/2016\/08\/uscselma2.jpg?fit=639%2C960&ssl=1&resize=350%2C200","width":350,"height":200,"srcset":"https:\/\/i0.wp.com\/uscatletica.ch\/wp\/wp-content\/uploads\/2016\/08\/uscselma2.jpg?fit=639%2C960&ssl=1&resize=350%2C200 1x, https:\/\/i0.wp.com\/uscatletica.ch\/wp\/wp-content\/uploads\/2016\/08\/uscselma2.jpg?fit=639%2C960&ssl=1&resize=525%2C300 1.5x"},"classes":[]},{"id":9949,"url":"https:\/\/uscatletica.ch\/wp\/?p=9949","url_meta":{"origin":16555,"position":4},"title":"Giorgia e Matilde brave in Sardegna bene gli orientisti a Lugano","author":"Leonida Stampanoni","date":"17 Febbraio 2020","format":false,"excerpt":"Splendido fine settimana per Giorgia e Matilde che con la selezione Ticino hanno potuto gareggiare ad Al\u00e0 dei Sardi sul percorso di un celebre cross internazionale. La sfida contro le selezioni di Lombardia Piemonte e Sardegna, nelle cui fila spicca il nome del vicecampione del mondo di corsa in montagna\u2026","rel":"","context":"In &quot;CO&quot;","block_context":{"text":"CO","link":"https:\/\/uscatletica.ch\/wp\/?cat=19"},"img":{"alt_text":"","src":"https:\/\/i0.wp.com\/uscatletica.ch\/wp\/wp-content\/uploads\/2020\/02\/elisamiglioreatletititi2020.jpg?fit=432%2C210&ssl=1&resize=350%2C200","width":350,"height":200},"classes":[]},{"id":4916,"url":"https:\/\/uscatletica.ch\/wp\/?p=4916","url_meta":{"origin":16555,"position":5},"title":"Roberto doppietta dal Cristallina a Massagno","author":"Leonida Stampanoni","date":"11 Settembre 2017","format":false,"excerpt":"Tempo decisamente invernale nel fine settimana in Ticino ma i nostri atleti non si sono lasciati intimidire ed sono stati i protagonisti nelle ultime due prove di coppa ASTI, Robi ha firmato la doppietta vincendo il mattino la Cristallina Challenge e nel pomeriggio ha vinto la Stramassagno imitato da altri\u2026","rel":"","context":"In &quot;Montagna&quot;","block_context":{"text":"Montagna","link":"https:\/\/uscatletica.ch\/wp\/?cat=16"},"img":{"alt_text":"","src":"https:\/\/i0.wp.com\/uscatletica.ch\/wp\/wp-content\/uploads\/2017\/04\/Staffetta-USC-2017.jpg?fit=461%2C691&ssl=1&resize=350%2C200","width":350,"height":200},"classes":[]}],"_links":{"self":[{"href":"https:\/\/uscatletica.ch\/wp\/index.php?rest_route=\/wp\/v2\/posts\/16555","targetHints":{"allow":["GET"]}}],"collection":[{"href":"https:\/\/uscatletica.ch\/wp\/index.php?rest_route=\/wp\/v2\/posts"}],"about":[{"href":"https:\/\/uscatletica.ch\/wp\/index.php?rest_route=\/wp\/v2\/types\/post"}],"author":[{"embeddable":true,"href":"https:\/\/uscatletica.ch\/wp\/index.php?rest_route=\/wp\/v2\/users\/4"}],"replies":[{"embeddable":true,"href":"https:\/\/uscatletica.ch\/wp\/index.php?rest_route=%2Fwp%2Fv2%2Fcomments&post=16555"}],"version-history":[{"count":6,"href":"https:\/\/uscatletica.ch\/wp\/index.php?rest_route=\/wp\/v2\/posts\/16555\/revisions"}],"predecessor-version":[{"id":16563,"href":"https:\/\/uscatletica.ch\/wp\/index.php?rest_route=\/wp\/v2\/posts\/16555\/revisions\/16563"}],"wp:featuredmedia":[{"embeddable":true,"href":"https:\/\/uscatletica.ch\/wp\/index.php?rest_route=\/wp\/v2\/media\/5368"}],"wp:attachment":[{"href":"https:\/\/uscatletica.ch\/wp\/index.php?rest_route=%2Fwp%2Fv2%2Fmedia&parent=16555"}],"wp:term":[{"taxonomy":"category","embeddable":true,"href":"https:\/\/uscatletica.ch\/wp\/index.php?rest_route=%2Fwp%2Fv2%2Fcategories&post=16555"},{"taxonomy":"post_tag","embeddable":true,"href":"https:\/\/uscatletica.ch\/wp\/index.php?rest_route=%2Fwp%2Fv2%2Ftags&post=16555"}],"curies":[{"name":"wp","href":"https:\/\/api.w.org\/{rel}","templated":true}]}}