{"id":16566,"date":"2023-01-01T00:00:00","date_gmt":"2022-12-31T23:00:00","guid":{"rendered":"http:\/\/uscatletica.ch\/wp\/?p=16566"},"modified":"2022-12-31T21:06:32","modified_gmt":"2022-12-31T20:06:32","slug":"buon-anno","status":"publish","type":"post","link":"https:\/\/uscatletica.ch\/wp\/?p=16566","title":{"rendered":"Buon Anno"},"content":{"rendered":"\n<p><a href=\"https:\/\/i0.wp.com\/uscatletica.ch\/wp\/wp-content\/uploads\/2022\/12\/BuonAnnoUSC.jpg?ssl=1\"><img data-recalc-dims=\"1\" loading=\"lazy\" decoding=\"async\" data-attachment-id=\"16569\" data-permalink=\"https:\/\/uscatletica.ch\/wp\/?attachment_id=16569\" data-orig-file=\"https:\/\/i0.wp.com\/uscatletica.ch\/wp\/wp-content\/uploads\/2022\/12\/BuonAnnoUSC.jpg?fit=502%2C716&amp;ssl=1\" data-orig-size=\"502,716\" data-comments-opened=\"0\" data-image-meta=\"{&quot;aperture&quot;:&quot;0&quot;,&quot;credit&quot;:&quot;Lenovo&quot;,&quot;camera&quot;:&quot;&quot;,&quot;caption&quot;:&quot;&quot;,&quot;created_timestamp&quot;:&quot;1672520506&quot;,&quot;copyright&quot;:&quot;&quot;,&quot;focal_length&quot;:&quot;0&quot;,&quot;iso&quot;:&quot;0&quot;,&quot;shutter_speed&quot;:&quot;0&quot;,&quot;title&quot;:&quot;&quot;,&quot;orientation&quot;:&quot;0&quot;}\" data-image-title=\"BuonAnnoUSC\" data-image-description=\"\" data-image-caption=\"\" data-large-file=\"https:\/\/i0.wp.com\/uscatletica.ch\/wp\/wp-content\/uploads\/2022\/12\/BuonAnnoUSC.jpg?fit=502%2C716&amp;ssl=1\" class=\"alignnone  wp-image-16569\" src=\"https:\/\/i0.wp.com\/uscatletica.ch\/wp\/wp-content\/uploads\/2022\/12\/BuonAnnoUSC.jpg?resize=423%2C604&#038;ssl=1\" alt=\"\" width=\"423\" height=\"604\" srcset=\"https:\/\/i0.wp.com\/uscatletica.ch\/wp\/wp-content\/uploads\/2022\/12\/BuonAnnoUSC.jpg?resize=210%2C300&amp;ssl=1 210w, https:\/\/i0.wp.com\/uscatletica.ch\/wp\/wp-content\/uploads\/2022\/12\/BuonAnnoUSC.jpg?w=502&amp;ssl=1 502w\" sizes=\"auto, (max-width: 423px) 100vw, 423px\" \/> <\/a><a href=\"https:\/\/uscatletica.ch\/wp\/wp-content\/uploads\/2023\/01\/Buon-Anno-23.pdf\">Buon Anno<\/a><\/p>\n<p><a href=\"https:\/\/i0.wp.com\/uscatletica.ch\/wp\/wp-content\/uploads\/2022\/12\/BuonAnnoUSC_INVITO.jpg?ssl=1\"><img data-recalc-dims=\"1\" loading=\"lazy\" decoding=\"async\" data-attachment-id=\"16568\" data-permalink=\"https:\/\/uscatletica.ch\/wp\/?attachment_id=16568\" data-orig-file=\"https:\/\/i0.wp.com\/uscatletica.ch\/wp\/wp-content\/uploads\/2022\/12\/BuonAnnoUSC_INVITO.jpg?fit=463%2C678&amp;ssl=1\" data-orig-size=\"463,678\" data-comments-opened=\"0\" data-image-meta=\"{&quot;aperture&quot;:&quot;0&quot;,&quot;credit&quot;:&quot;Lenovo&quot;,&quot;camera&quot;:&quot;&quot;,&quot;caption&quot;:&quot;&quot;,&quot;created_timestamp&quot;:&quot;1672520538&quot;,&quot;copyright&quot;:&quot;&quot;,&quot;focal_length&quot;:&quot;0&quot;,&quot;iso&quot;:&quot;0&quot;,&quot;shutter_speed&quot;:&quot;0&quot;,&quot;title&quot;:&quot;&quot;,&quot;orientation&quot;:&quot;0&quot;}\" data-image-title=\"BuonAnnoUSC_INVITO\" data-image-description=\"\" data-image-caption=\"\" data-large-file=\"https:\/\/i0.wp.com\/uscatletica.ch\/wp\/wp-content\/uploads\/2022\/12\/BuonAnnoUSC_INVITO.jpg?fit=463%2C678&amp;ssl=1\" class=\"alignnone  wp-image-16568\" src=\"https:\/\/i0.wp.com\/uscatletica.ch\/wp\/wp-content\/uploads\/2022\/12\/BuonAnnoUSC_INVITO.jpg?resize=237%2C347&#038;ssl=1\" alt=\"\" width=\"237\" height=\"347\" srcset=\"https:\/\/i0.wp.com\/uscatletica.ch\/wp\/wp-content\/uploads\/2022\/12\/BuonAnnoUSC_INVITO.jpg?resize=205%2C300&amp;ssl=1 205w, https:\/\/i0.wp.com\/uscatletica.ch\/wp\/wp-content\/uploads\/2022\/12\/BuonAnnoUSC_INVITO.jpg?w=463&amp;ssl=1 463w\" sizes=\"auto, (max-width: 237px) 100vw, 237px\" \/><\/a><\/p>\n<p><a href=\"https:\/\/uscatletica.ch\/wp\/wp-content\/uploads\/2022\/12\/Buon-Anno-USC-2023.pdf\">Buon Anno USC 2023<\/a><\/p>\n","protected":false},"excerpt":{"rendered":"<p>Buon Anno Buon Anno USC 2023<\/p>\n","protected":false},"author":3,"featured_media":16569,"comment_status":"closed","ping_status":"closed","sticky":false,"template":"","format":"standard","meta":{"jetpack_post_was_ever_published":false,"_jetpack_newsletter_access":"","_jetpack_dont_email_post_to_subs":false,"_jetpack_newsletter_tier_id":0,"_jetpack_memberships_contains_paywalled_content":false,"_jetpack_memberships_contains_paid_content":false,"footnotes":"","jetpack_publicize_message":"","jetpack_publicize_feature_enabled":true,"jetpack_social_post_already_shared":false,"jetpack_social_options":{"image_generator_settings":{"template":"highway","default_image_id":0,"font":"","enabled":false},"version":2}},"categories":[12,10,9],"tags":[],"class_list":["post-16566","post","type-post","status-publish","format-standard","has-post-thumbnail","hentry","category-nostregare","category-info","category-sport"],"jetpack_publicize_connections":[],"jetpack_featured_media_url":"https:\/\/i0.wp.com\/uscatletica.ch\/wp\/wp-content\/uploads\/2022\/12\/BuonAnnoUSC.jpg?fit=502%2C716&ssl=1","jetpack_sharing_enabled":true,"jetpack_shortlink":"https:\/\/wp.me\/p6V7Ck-4jc","jetpack-related-posts":[{"id":16595,"url":"https:\/\/uscatletica.ch\/wp\/?p=16595","url_meta":{"origin":16566,"position":0},"title":"CELEBRIAMO IL 2023 ASSIEME","author":"Leonida Stampanoni","date":"10 Gennaio 2023","format":false,"excerpt":"Carissimi,Abbiamo il piacere di invitarvi ad un pomeriggio ricreativo per scambiarci gli auguri di Buon Anno, guardare ai risultati passati e pensare e progettare gli obiettivi dell\u2019anno che abbiamo davanti.Un momento per lo scambio di idee e per sostenere i nostri atleti. Dove: Scuole elementari di Tesserete Quando: Sabato 14\u2026","rel":"","context":"In &quot;Altro&quot;","block_context":{"text":"Altro","link":"https:\/\/uscatletica.ch\/wp\/?cat=11"},"img":{"alt_text":"","src":"https:\/\/i0.wp.com\/uscatletica.ch\/wp\/wp-content\/uploads\/2022\/10\/Torta-diavol-rotated.jpg?fit=900%2C1200&ssl=1&resize=350%2C200","width":350,"height":200,"srcset":"https:\/\/i0.wp.com\/uscatletica.ch\/wp\/wp-content\/uploads\/2022\/10\/Torta-diavol-rotated.jpg?fit=900%2C1200&ssl=1&resize=350%2C200 1x, https:\/\/i0.wp.com\/uscatletica.ch\/wp\/wp-content\/uploads\/2022\/10\/Torta-diavol-rotated.jpg?fit=900%2C1200&ssl=1&resize=525%2C300 1.5x, https:\/\/i0.wp.com\/uscatletica.ch\/wp\/wp-content\/uploads\/2022\/10\/Torta-diavol-rotated.jpg?fit=900%2C1200&ssl=1&resize=700%2C400 2x"},"classes":[]},{"id":21588,"url":"https:\/\/uscatletica.ch\/wp\/?p=21588","url_meta":{"origin":16566,"position":1},"title":"BUON ANNO USC 2026","author":"Leonida Stampanoni","date":"4 Gennaio 2026","format":false,"excerpt":"Buon Anno USC Cari atleti, siamo felici di invitarvi a un pomeriggio insieme per scambiarci gli auguri di Buon Anno, ripercorrere i risultati raggiunti e guardare avanti ai progetti e agli obiettivi che ci attendono. Sar\u00e0 un momento di condivisione per sostenere e celebrare il percorso e l\u2019impegno di tutti.\u2026","rel":"","context":"In &quot;Diversi&quot;","block_context":{"text":"Diversi","link":"https:\/\/uscatletica.ch\/wp\/?cat=30"},"img":{"alt_text":"","src":"https:\/\/i0.wp.com\/uscatletica.ch\/wp\/wp-content\/uploads\/2026\/01\/BuonAnnoUSC2026.jpg?fit=595%2C841&ssl=1&resize=350%2C200","width":350,"height":200,"srcset":"https:\/\/i0.wp.com\/uscatletica.ch\/wp\/wp-content\/uploads\/2026\/01\/BuonAnnoUSC2026.jpg?fit=595%2C841&ssl=1&resize=350%2C200 1x, https:\/\/i0.wp.com\/uscatletica.ch\/wp\/wp-content\/uploads\/2026\/01\/BuonAnnoUSC2026.jpg?fit=595%2C841&ssl=1&resize=525%2C300 1.5x"},"classes":[]},{"id":18685,"url":"https:\/\/uscatletica.ch\/wp\/?p=18685","url_meta":{"origin":16566,"position":2},"title":"Pomeriggio di Buon Anno","author":"Stampa E","date":"24 Dicembre 2023","format":false,"excerpt":"Abbiamo il piacere di invitarvi ad un pomeriggio per scambiarci gli auguri di Buon Anno, guardare ai risultati passati e pensare ai progetti, agli obiettivi dell\u2019anno che abbiamo davanti. Un momentoper sostenere e festeggiare i nostri atleti. Vi chiediamo di confermare al seguente indirizzo la vostra presenza, entro il 10gennaio:\u2026","rel":"","context":"In &quot;I nostri appuntamenti&quot;","block_context":{"text":"I nostri appuntamenti","link":"https:\/\/uscatletica.ch\/wp\/?cat=12"},"img":{"alt_text":"","src":"https:\/\/i0.wp.com\/uscatletica.ch\/wp\/wp-content\/uploads\/2023\/12\/BuonAnnoUSCinvito-215x300.jpg?resize=350%2C200&ssl=1","width":350,"height":200},"classes":[]},{"id":20508,"url":"https:\/\/uscatletica.ch\/wp\/?p=20508","url_meta":{"origin":16566,"position":3},"title":"Buon anno USC 26.01.2025","author":"Siegmund Altendorfer","date":"17 Gennaio 2025","format":false,"excerpt":"Buon Anno USC 2025Download","rel":"","context":"In &quot;Altro&quot;","block_context":{"text":"Altro","link":"https:\/\/uscatletica.ch\/wp\/?cat=11"},"img":{"alt_text":"","src":"https:\/\/i0.wp.com\/uscatletica.ch\/wp\/wp-content\/uploads\/2025\/01\/titolo-sullimmagine-buon-anno-usc-deve-raffigurare-una-capretta-che-1.png?fit=1024%2C768&ssl=1&resize=350%2C200","width":350,"height":200,"srcset":"https:\/\/i0.wp.com\/uscatletica.ch\/wp\/wp-content\/uploads\/2025\/01\/titolo-sullimmagine-buon-anno-usc-deve-raffigurare-una-capretta-che-1.png?fit=1024%2C768&ssl=1&resize=350%2C200 1x, https:\/\/i0.wp.com\/uscatletica.ch\/wp\/wp-content\/uploads\/2025\/01\/titolo-sullimmagine-buon-anno-usc-deve-raffigurare-una-capretta-che-1.png?fit=1024%2C768&ssl=1&resize=525%2C300 1.5x, https:\/\/i0.wp.com\/uscatletica.ch\/wp\/wp-content\/uploads\/2025\/01\/titolo-sullimmagine-buon-anno-usc-deve-raffigurare-una-capretta-che-1.png?fit=1024%2C768&ssl=1&resize=700%2C400 2x"},"classes":[]},{"id":14137,"url":"https:\/\/uscatletica.ch\/wp\/?p=14137","url_meta":{"origin":16566,"position":4},"title":"Calendario ASTi 2022, le gare USC","author":"Stampa E","date":"23 Dicembre 2021","format":false,"excerpt":"Il calendario ASTi 2022 \u00e8 in fase di rifinitura \u00e8, con diverse novit\u00e0, sar\u00e0 presto visibile per intero qui. Segnaliamo gi\u00e0 sin d'ora le gare USC in programma nel 2022: 27 marzo, Staffetta Capriaschese, TAS 9 aprile, Cronoascesa al Bigorio, CMSV 7 maggio, Tesserete-Gola di Lago, CMSV\u00a0\u00a0\u00a0 21 settembre, 1000\u2026","rel":"","context":"In &quot;I nostri appuntamenti&quot;","block_context":{"text":"I nostri appuntamenti","link":"https:\/\/uscatletica.ch\/wp\/?cat=12"},"img":{"alt_text":"","src":"https:\/\/i0.wp.com\/uscatletica.ch\/wp\/wp-content\/uploads\/2021\/12\/CalASTi2022.jpg?fit=889%2C657&ssl=1&resize=350%2C200","width":350,"height":200,"srcset":"https:\/\/i0.wp.com\/uscatletica.ch\/wp\/wp-content\/uploads\/2021\/12\/CalASTi2022.jpg?fit=889%2C657&ssl=1&resize=350%2C200 1x, https:\/\/i0.wp.com\/uscatletica.ch\/wp\/wp-content\/uploads\/2021\/12\/CalASTi2022.jpg?fit=889%2C657&ssl=1&resize=525%2C300 1.5x, https:\/\/i0.wp.com\/uscatletica.ch\/wp\/wp-content\/uploads\/2021\/12\/CalASTi2022.jpg?fit=889%2C657&ssl=1&resize=700%2C400 2x"},"classes":[]},{"id":20515,"url":"https:\/\/uscatletica.ch\/wp\/?p=20515","url_meta":{"origin":16566,"position":5},"title":"BUON ANNO USC","author":"Leonida Stampanoni","date":"17 Gennaio 2025","format":false,"excerpt":"Buon Anno USC Carissimi, abbiamo il piacere di invitarvi ad un pomeriggio per scambiarci gli auguri di Buon Anno, guardare ai risultati passati e pensare ai progetti, agli obiettivi dell\u2019anno che abbiamo davanti. Un momento per sostenere e festeggiare i nostri atleti. Vi chiediamo di confermare al seguente indirizzo la\u2026","rel":"","context":"In &quot;Altro&quot;","block_context":{"text":"Altro","link":"https:\/\/uscatletica.ch\/wp\/?cat=11"},"img":{"alt_text":"","src":"https:\/\/i0.wp.com\/uscatletica.ch\/wp\/wp-content\/uploads\/2025\/01\/titolo-sullimmagine-buon-anno-usc-deve-raffigurare-una-capretta-che-1.png?fit=1024%2C768&ssl=1&resize=350%2C200","width":350,"height":200,"srcset":"https:\/\/i0.wp.com\/uscatletica.ch\/wp\/wp-content\/uploads\/2025\/01\/titolo-sullimmagine-buon-anno-usc-deve-raffigurare-una-capretta-che-1.png?fit=1024%2C768&ssl=1&resize=350%2C200 1x, https:\/\/i0.wp.com\/uscatletica.ch\/wp\/wp-content\/uploads\/2025\/01\/titolo-sullimmagine-buon-anno-usc-deve-raffigurare-una-capretta-che-1.png?fit=1024%2C768&ssl=1&resize=525%2C300 1.5x, https:\/\/i0.wp.com\/uscatletica.ch\/wp\/wp-content\/uploads\/2025\/01\/titolo-sullimmagine-buon-anno-usc-deve-raffigurare-una-capretta-che-1.png?fit=1024%2C768&ssl=1&resize=700%2C400 2x"},"classes":[]}],"_links":{"self":[{"href":"https:\/\/uscatletica.ch\/wp\/index.php?rest_route=\/wp\/v2\/posts\/16566","targetHints":{"allow":["GET"]}}],"collection":[{"href":"https:\/\/uscatletica.ch\/wp\/index.php?rest_route=\/wp\/v2\/posts"}],"about":[{"href":"https:\/\/uscatletica.ch\/wp\/index.php?rest_route=\/wp\/v2\/types\/post"}],"author":[{"embeddable":true,"href":"https:\/\/uscatletica.ch\/wp\/index.php?rest_route=\/wp\/v2\/users\/3"}],"replies":[{"embeddable":true,"href":"https:\/\/uscatletica.ch\/wp\/index.php?rest_route=%2Fwp%2Fv2%2Fcomments&post=16566"}],"version-history":[{"count":3,"href":"https:\/\/uscatletica.ch\/wp\/index.php?rest_route=\/wp\/v2\/posts\/16566\/revisions"}],"predecessor-version":[{"id":16574,"href":"https:\/\/uscatletica.ch\/wp\/index.php?rest_route=\/wp\/v2\/posts\/16566\/revisions\/16574"}],"wp:featuredmedia":[{"embeddable":true,"href":"https:\/\/uscatletica.ch\/wp\/index.php?rest_route=\/wp\/v2\/media\/16569"}],"wp:attachment":[{"href":"https:\/\/uscatletica.ch\/wp\/index.php?rest_route=%2Fwp%2Fv2%2Fmedia&parent=16566"}],"wp:term":[{"taxonomy":"category","embeddable":true,"href":"https:\/\/uscatletica.ch\/wp\/index.php?rest_route=%2Fwp%2Fv2%2Fcategories&post=16566"},{"taxonomy":"post_tag","embeddable":true,"href":"https:\/\/uscatletica.ch\/wp\/index.php?rest_route=%2Fwp%2Fv2%2Ftags&post=16566"}],"curies":[{"name":"wp","href":"https:\/\/api.w.org\/{rel}","templated":true}]}}