{"id":16662,"date":"2023-02-04T12:24:43","date_gmt":"2023-02-04T11:24:43","guid":{"rendered":"https:\/\/uscatletica.ch\/wp\/?p=16662"},"modified":"2023-02-04T15:12:49","modified_gmt":"2023-02-04T14:12:49","slug":"a-vezia-i-campionati-ticinesi-di-cross-chiudono-la-coppa-ticino-ftal-aet","status":"publish","type":"post","link":"https:\/\/uscatletica.ch\/wp\/?p=16662","title":{"rendered":"A Vezia i campionati ticinesi di cross chiudono la coppa Ticino FTAL AET"},"content":{"rendered":"\n<p>Domenica a Vezia in zona Malombra, sul percorso inaugurato lo scorso anno si correranno i campionati ticinesi di cross validi anche come ultima prova di coppa Ticino di cross FTAL AET. Si correr\u00e0 anche per la \u00a0Cross cup di Swiss Athletics. \u00a0L&#8217;USC con 65 presenze sar\u00e0 tra le societ\u00e0 pi\u00f9 numerose. <a href=\"https:\/\/uscatletica.ch\/wp\/?p=14256\" target=\"_blank\" rel=\"noopener\">Lo scorso anno \u00a0Moghegno\u00a0<\/a>\u00a0l&#8217;USC si aggiudic\u00f2 i due titoli assoluti con Roberto e Letizia che vinsero pure l&#8217;oro nel corto e tra le U20. Federica vinse tra le U18. A Vezia le ambizioni non mancano e visto l&#8217;andamento della stagione Roberto e Letizia si candideranno di nuovo allo scudetto. Martina lotter\u00e0 per ereditare il titolo U18 da Federica; le due ragazze sono fresche di selezione per il cross di Al\u00e0 dei Sardi il 26 febbraio. Le gare cominceranno alle 10 con i pi\u00f9 piccoli .\u00a0<\/p>\n<p>Nella coppa Ticino per societ\u00e0 l&#8217;USC vince per l&#8217;ennesima volta<\/p>\n<p><a href=\"https:\/\/www.endu.net\/it\/events\/stramassagno\/results\" target=\"_blank\" rel=\"noopener\">i Risultati Live <\/a><\/p>\n<p>Nella gara principale Roberto punta al titolo nonostante le fatiche accumulate alla 10 km di Portofino corsa sabato. Nelle categorie masters i favoriti sono in casa RCB con l&#8217;USC specialmente negli M50. pronta a puntare al podio con Davide e John che si giocheranno pure la vittoria in coppa. \u00a0Nel corto Michele tester\u00e0 la sua condizione\u00a0<\/p>\n<p>Nella gara femminile Letizia, vincitrice a Rivera punta al secondo titolo assoluto consecutivo, attenzione alle sorelle Salvad\u00e9 che sono la favorite tra le U20 dove Federica cerca il podio. Nella corsa al titolo assoluto attenzione anche alla vincitrice di coppa Paola Stampanoni.\u00a0 Nelle categorie Masters dietro le favorite del GAB Lara, Patrizia, Jana possono cercare la medaglia.\u00a0<\/p>\n<p>Martina vincendo si assicurerebbe titolo cantonale e coppa Ticino, la classifica stagionale resta alla sua portata. Selina in crescita potr\u00e0 giocarsi il podio di giornata.<\/p>\n<p>Per le categorie\u00a0 dei pi\u00f9 giovani in palio nella classifica di coppa anche la selezione per il Cross di Cortenova il 19 marzo<\/p>\n<p>Nelle categorie U16 No\u00e9 sar\u00e0 nel gruppo dei migliori con Elliot che continua a migliorarsi. Tra le ragazze Elsa ed Olivia vorranno confermare i buon risultati mostrati in stagione. <\/p>\n<p>Tra le U14 \u00a0Am\u00e9lie e Anais sono ancora in lotta per un podio di coppa. Viola invece esclusa per infortunio vede sfumare il suo primo podio in coppa Molti USCini ed UScine ne<\/p>\n<p>\u00a0<\/p>\n\n\n","protected":false},"excerpt":{"rendered":"<p>Domenica a Vezia in zona Malombra, sul percorso inaugurato lo scorso anno si correranno i campionati ticinesi di cross validi anche come ultima prova di coppa Ticino di cross FTAL AET. Si correr\u00e0 anche per la \u00a0Cross cup di Swiss Athletics. \u00a0L&#8217;USC con 65 presenze sar\u00e0 tra le societ\u00e0 pi\u00f9 numerose. Lo scorso anno \u00a0Moghegno\u00a0\u00a0l&#8217;USC si aggiudic\u00f2 i due titoli assoluti con Roberto e Letizia che vinsero pure l&#8217;oro nel corto e tra le U20&#8230;.<\/p>\n","protected":false},"author":4,"featured_media":16535,"comment_status":"closed","ping_status":"closed","sticky":false,"template":"","format":"standard","meta":{"jetpack_post_was_ever_published":false,"_jetpack_newsletter_access":"","_jetpack_dont_email_post_to_subs":false,"_jetpack_newsletter_tier_id":0,"_jetpack_memberships_contains_paywalled_content":false,"_jetpack_memberships_contains_paid_content":false,"footnotes":"","jetpack_publicize_message":"","jetpack_publicize_feature_enabled":true,"jetpack_social_post_already_shared":false,"jetpack_social_options":{"image_generator_settings":{"template":"highway","default_image_id":0,"font":"","enabled":false},"version":2}},"categories":[7,9],"tags":[],"class_list":["post-16662","post","type-post","status-publish","format-standard","has-post-thumbnail","hentry","category-cross","category-sport"],"jetpack_publicize_connections":[],"jetpack_featured_media_url":"https:\/\/i0.wp.com\/uscatletica.ch\/wp\/wp-content\/uploads\/2022\/12\/Cross-USC-2022-Foto-Elia-Sta-65.jpg?fit=800%2C533&ssl=1","jetpack_sharing_enabled":true,"jetpack_shortlink":"https:\/\/wp.me\/p6V7Ck-4kK","jetpack-related-posts":[{"id":16425,"url":"https:\/\/uscatletica.ch\/wp\/?p=16425","url_meta":{"origin":16662,"position":0},"title":"La stagione dei cross parte da Dongio","author":"Leonida Stampanoni","date":"12 Novembre 2022","format":false,"excerpt":"Domenica saranno una quarantina gli atleti USC al via della prima prova della coppa Ticino di cross FTAL AET che si svolger\u00e0 sui prati di Dongio. Nelle ultime 10 stagione l'USC ha sempre vinto la classifica per societ\u00e0, la sfida si rinnova. L'USC si presenta anche ai nastri di partenza\u2026","rel":"","context":"In &quot;Cross&quot;","block_context":{"text":"Cross","link":"https:\/\/uscatletica.ch\/wp\/?cat=7"},"img":{"alt_text":"","src":"https:\/\/i0.wp.com\/uscatletica.ch\/wp\/wp-content\/uploads\/2022\/10\/Torta-diavol-rotated.jpg?fit=900%2C1200&ssl=1&resize=350%2C200","width":350,"height":200,"srcset":"https:\/\/i0.wp.com\/uscatletica.ch\/wp\/wp-content\/uploads\/2022\/10\/Torta-diavol-rotated.jpg?fit=900%2C1200&ssl=1&resize=350%2C200 1x, https:\/\/i0.wp.com\/uscatletica.ch\/wp\/wp-content\/uploads\/2022\/10\/Torta-diavol-rotated.jpg?fit=900%2C1200&ssl=1&resize=525%2C300 1.5x, https:\/\/i0.wp.com\/uscatletica.ch\/wp\/wp-content\/uploads\/2022\/10\/Torta-diavol-rotated.jpg?fit=900%2C1200&ssl=1&resize=700%2C400 2x"},"classes":[]},{"id":18838,"url":"https:\/\/uscatletica.ch\/wp\/?p=18838","url_meta":{"origin":16662,"position":1},"title":"A MENDRISIO I CAMPIONATI TICINESI DI CROSS","author":"Leonida Stampanoni","date":"3 Febbraio 2024","format":false,"excerpt":"I\u00a0Campionati ticinesi di cross si correranno a Mendrisio,\u00a0uno\u00a0degli appuntamenti classici della stagione cantonale. La prova mom\u00f2 sar\u00e0 anche la\u00a0sesta\u00a0tappa della coppa Ticino di cross FTAL AET.\u00a0Lo\u00a0scorso anno a Vezia Robi vinse il titolo, \u00a0cos\u00ec come\u00a0l\u2019anno prima a Moghegno dove\u00a0vinsepure Letizia. Sui prati di\u00a0Casvegno,\u00a0dove per l\u2019occasione l\u2019atletica Mendrisiotto ha disegnato circuiti\u2026","rel":"","context":"In &quot;Cross&quot;","block_context":{"text":"Cross","link":"https:\/\/uscatletica.ch\/wp\/?cat=7"},"img":{"alt_text":"","src":"https:\/\/i0.wp.com\/uscatletica.ch\/wp\/wp-content\/uploads\/2017\/03\/P1450274.jpg?fit=563%2C751&ssl=1&resize=350%2C200","width":350,"height":200,"srcset":"https:\/\/i0.wp.com\/uscatletica.ch\/wp\/wp-content\/uploads\/2017\/03\/P1450274.jpg?fit=563%2C751&ssl=1&resize=350%2C200 1x, https:\/\/i0.wp.com\/uscatletica.ch\/wp\/wp-content\/uploads\/2017\/03\/P1450274.jpg?fit=563%2C751&ssl=1&resize=525%2C300 1.5x"},"classes":[]},{"id":14252,"url":"https:\/\/uscatletica.ch\/wp\/?p=14252","url_meta":{"origin":16662,"position":2},"title":"A Moghegno in palio i titoli cantonali di cross","author":"Leonida Stampanoni","date":"11 Febbraio 2022","format":false,"excerpt":"Sabato la chiusura della coppa Ticino di cross sar\u00e0 in Vallemaggia dove si\u00a0 assegneranno anche i titoli cantonali di specialit\u00e0. 65 le iscrizioni dell'USC Sui prati di Moghegno la Virtus ha disegnato un circuito di 2km per i pi\u00f9 grandi e di 800 m per i pi\u00f9 giovani. In Vallemaggia\u2026","rel":"","context":"In &quot;Cross&quot;","block_context":{"text":"Cross","link":"https:\/\/uscatletica.ch\/wp\/?cat=7"},"img":{"alt_text":"","src":"https:\/\/i0.wp.com\/uscatletica.ch\/wp\/wp-content\/uploads\/2019\/02\/P1010392.jpg?fit=1024%2C768&ssl=1&resize=350%2C200","width":350,"height":200,"srcset":"https:\/\/i0.wp.com\/uscatletica.ch\/wp\/wp-content\/uploads\/2019\/02\/P1010392.jpg?fit=1024%2C768&ssl=1&resize=350%2C200 1x, https:\/\/i0.wp.com\/uscatletica.ch\/wp\/wp-content\/uploads\/2019\/02\/P1010392.jpg?fit=1024%2C768&ssl=1&resize=525%2C300 1.5x, https:\/\/i0.wp.com\/uscatletica.ch\/wp\/wp-content\/uploads\/2019\/02\/P1010392.jpg?fit=1024%2C768&ssl=1&resize=700%2C400 2x"},"classes":[]},{"id":5474,"url":"https:\/\/uscatletica.ch\/wp\/?p=5474","url_meta":{"origin":16662,"position":3},"title":"Vezia","author":"Leonida Stampanoni","date":"25 Gennaio 2018","format":false,"excerpt":"La coppa Ticino di cross FTAL Laube Greenkey vivr\u00e0 sabato a Vezia la quinta tappa.\u00a0 La gara organizzata dalla SAM sar\u00e0 la sola tappa ticinese della cross cup di Swiss Athletics che conta 12 prove.\u00a0 L'USC, che \u00e8 vicina a vincere per la 18 volta la classifica per societ\u00e0, sar\u00e0\u2026","rel":"","context":"In &quot;Cross&quot;","block_context":{"text":"Cross","link":"https:\/\/uscatletica.ch\/wp\/?cat=7"},"img":{"alt_text":"","src":"https:\/\/i0.wp.com\/uscatletica.ch\/wp\/wp-content\/uploads\/2017\/12\/crosspom201712b.jpg?fit=532%2C399&ssl=1&resize=350%2C200","width":350,"height":200,"srcset":"https:\/\/i0.wp.com\/uscatletica.ch\/wp\/wp-content\/uploads\/2017\/12\/crosspom201712b.jpg?fit=532%2C399&ssl=1&resize=350%2C200 1x, https:\/\/i0.wp.com\/uscatletica.ch\/wp\/wp-content\/uploads\/2017\/12\/crosspom201712b.jpg?fit=532%2C399&ssl=1&resize=525%2C300 1.5x"},"classes":[]},{"id":16599,"url":"https:\/\/uscatletica.ch\/wp\/?p=16599","url_meta":{"origin":16662,"position":4},"title":"La coppa Ticino di cross riparte da Rivera","author":"Leonida Stampanoni","date":"13 Gennaio 2023","format":false,"excerpt":"Una cinquantina di USCini saranno al quadrifoglio di Rivera per la quinta prova della coppa Ticino di cross FTAL AET. Il circuito disegnato all'interno del centro Quadrifoglio lancer\u00e0 la seconda parte del trofeo. I campionati ticinesi di Vezia che chiuderanno la coppa sono stati anticipati a domenica 5 febbraio. I\u2026","rel":"","context":"In &quot;Cross&quot;","block_context":{"text":"Cross","link":"https:\/\/uscatletica.ch\/wp\/?cat=7"},"img":{"alt_text":"","src":"https:\/\/i0.wp.com\/uscatletica.ch\/wp\/wp-content\/uploads\/2021\/03\/P1060810.jpeg?fit=420%2C315&ssl=1&resize=350%2C200","width":350,"height":200},"classes":[]},{"id":9851,"url":"https:\/\/uscatletica.ch\/wp\/?p=9851","url_meta":{"origin":16662,"position":5},"title":"Campionati ticinesi di cross a  Camignolo USCini alla carica","author":"Leonida Stampanoni","date":"30 Gennaio 2020","format":false,"excerpt":"Sabato sui prati delle scuole medie Camignolo andr\u00e0 in onda l'ultima prova della Coppa Ticino FTAL Laube Greenkey che attribuir\u00e0 i 14 titoli cantonali. Al via anche io giovani protagonisti della cross cup Swiss Athletics.\u00a0L'USC potr\u00e0 difendere solo il titolo vinto lo scorso anno a Vezia da Jonathan, ma sui\u2026","rel":"","context":"In &quot;Cross&quot;","block_context":{"text":"Cross","link":"https:\/\/uscatletica.ch\/wp\/?cat=7"},"img":{"alt_text":"","src":"https:\/\/i0.wp.com\/uscatletica.ch\/wp\/wp-content\/uploads\/2020\/01\/W200111sag.png?fit=432%2C324&ssl=1&resize=350%2C200","width":350,"height":200},"classes":[]}],"_links":{"self":[{"href":"https:\/\/uscatletica.ch\/wp\/index.php?rest_route=\/wp\/v2\/posts\/16662","targetHints":{"allow":["GET"]}}],"collection":[{"href":"https:\/\/uscatletica.ch\/wp\/index.php?rest_route=\/wp\/v2\/posts"}],"about":[{"href":"https:\/\/uscatletica.ch\/wp\/index.php?rest_route=\/wp\/v2\/types\/post"}],"author":[{"embeddable":true,"href":"https:\/\/uscatletica.ch\/wp\/index.php?rest_route=\/wp\/v2\/users\/4"}],"replies":[{"embeddable":true,"href":"https:\/\/uscatletica.ch\/wp\/index.php?rest_route=%2Fwp%2Fv2%2Fcomments&post=16662"}],"version-history":[{"count":3,"href":"https:\/\/uscatletica.ch\/wp\/index.php?rest_route=\/wp\/v2\/posts\/16662\/revisions"}],"predecessor-version":[{"id":16669,"href":"https:\/\/uscatletica.ch\/wp\/index.php?rest_route=\/wp\/v2\/posts\/16662\/revisions\/16669"}],"wp:featuredmedia":[{"embeddable":true,"href":"https:\/\/uscatletica.ch\/wp\/index.php?rest_route=\/wp\/v2\/media\/16535"}],"wp:attachment":[{"href":"https:\/\/uscatletica.ch\/wp\/index.php?rest_route=%2Fwp%2Fv2%2Fmedia&parent=16662"}],"wp:term":[{"taxonomy":"category","embeddable":true,"href":"https:\/\/uscatletica.ch\/wp\/index.php?rest_route=%2Fwp%2Fv2%2Fcategories&post=16662"},{"taxonomy":"post_tag","embeddable":true,"href":"https:\/\/uscatletica.ch\/wp\/index.php?rest_route=%2Fwp%2Fv2%2Ftags&post=16662"}],"curies":[{"name":"wp","href":"https:\/\/api.w.org\/{rel}","templated":true}]}}