{"id":16695,"date":"2023-02-10T21:44:30","date_gmt":"2023-02-10T20:44:30","guid":{"rendered":"https:\/\/uscatletica.ch\/wp\/?p=16695"},"modified":"2023-02-10T21:44:33","modified_gmt":"2023-02-10T20:44:33","slug":"gli-u14-alla-finale-regionale-ubs-kids-cup","status":"publish","type":"post","link":"https:\/\/uscatletica.ch\/wp\/?p=16695","title":{"rendered":"GLI U14 ALLA FINALE REGIONALE UBS KIDS CUP"},"content":{"rendered":"\n\n\n<p>Domenica \u00a0a Sissach la squadra U14 mix si giocher\u00e0 la possibilit\u00e0 di accedere \u00a0alla finale nazionale guadagnata ia dicembre <a href=\"https:\/\/uscatletica.ch\/wp\/?p=16541\" target=\"_blank\" rel=\"noopener\">nell&#8217;eliminatoria di Biasca <\/a>\u00a0dove Anais, Amelie, Camilla, Mattia e Ismael chiusero terzi. Per la prima volta i nostri atleti sfideranno la squadre del Canton Basilea.<\/p>\n<p><a href=\"https:\/\/download-files.wixmp.com\/ugd\/c66a30_2194f0c87949451ab13c4a01c378569c.pdf?token=eyJhbGciOiJIUzI1NiIsInR5cCI6IkpXVCJ9.eyJpc3MiOiJ1cm46YXBwOmU2NjYzMGU3MTRmMDQ5MGFhZWExZjE0OWIzYjY5ZTMyIiwic3ViIjoidXJuOmFwcDplNjY2MzBlNzE0ZjA0OTBhYWVhMWYxNDliM2I2OWUzMiIsImF1ZCI6WyJ1cm46c2VydmljZTpmaWxlLmRvd25sb2FkIl0sImlhdCI6MTY3NjA2MTIwNCwiZXhwIjoxNjc2MDk3MjE0LCJqdGkiOiIwNWMwZjdlNS0yMzRkLTQyMTYtOTk3Yy1mYjVjYmNiMGJhZGUiLCJvYmoiOltbeyJwYXRoIjoiL3VnZC9jNjZhMzBfMjE5NGYwYzg3OTQ5NDUxYWIxM2M0YTAxYzM3ODU2OWMucGRmIn1dXSwiZGlzIjp7ImZpbGVuYW1lIjoiWmVpdHBsYW4gUmVnaW9maW5hbCAyMDIzIEdlbHRlcmtpbmRlbi5wZGYiLCJ0eXBlIjoiYXR0YWNobWVudCJ9fQ.-TUfhMzB7j_3YgKL5fc18lsuxQ56PlD8G91sSho-1I0\" target=\"_blank\" rel=\"noopener\">il programma della giornata <\/a><\/p>\n<p>La giornata comincer\u00e0 alle 8h48 con la pendolare ad ostacoli alle 9.09 i nostri atleti saranno impegnati nella gara di balzi. \u00a0alle 10.30 sfideranno TV Muttenz e LC Therwil nel Biathlon mentre la staffetta cross chiuder\u00e0 la giornata alle 11.57. \u00a0prima della premiazione\u00a0<\/p>\n","protected":false},"excerpt":{"rendered":"<p>Domenica \u00a0a Sissach la squadra U14 mix si giocher\u00e0 la possibilit\u00e0 di accedere \u00a0alla finale nazionale guadagnata ia dicembre nell&#8217;eliminatoria di Biasca \u00a0dove Anais, Amelie, Camilla, Mattia e Ismael chiusero terzi. Per la prima volta i nostri atleti sfideranno la squadre del Canton Basilea. il programma della giornata La giornata comincer\u00e0 alle 8h48 con la pendolare ad ostacoli alle 9.09 i nostri atleti saranno impegnati nella gara di balzi. \u00a0alle 10.30 sfideranno TV Muttenz e&#8230;<\/p>\n","protected":false},"author":4,"featured_media":16206,"comment_status":"closed","ping_status":"closed","sticky":false,"template":"","format":"standard","meta":{"jetpack_post_was_ever_published":false,"_jetpack_newsletter_access":"","_jetpack_dont_email_post_to_subs":false,"_jetpack_newsletter_tier_id":0,"_jetpack_memberships_contains_paywalled_content":false,"_jetpack_memberships_contains_paid_content":false,"footnotes":"","jetpack_publicize_message":"","jetpack_publicize_feature_enabled":true,"jetpack_social_post_already_shared":false,"jetpack_social_options":{"image_generator_settings":{"template":"highway","default_image_id":0,"font":"","enabled":false},"version":2}},"categories":[4,9],"tags":[],"class_list":["post-16695","post","type-post","status-publish","format-standard","has-post-thumbnail","hentry","category-pista","category-sport"],"jetpack_publicize_connections":[],"jetpack_featured_media_url":"https:\/\/i0.wp.com\/uscatletica.ch\/wp\/wp-content\/uploads\/2022\/10\/podioU14221009.jpg?fit=324%2C432&ssl=1","jetpack_sharing_enabled":true,"jetpack_shortlink":"https:\/\/wp.me\/p6V7Ck-4lh","jetpack-related-posts":[{"id":3390,"url":"https:\/\/uscatletica.ch\/wp\/?p=3390","url_meta":{"origin":16695,"position":0},"title":"Doppia vittoria USC al Palapenz","author":"Leonida Stampanoni","date":"28 Gennaio 2017","format":false,"excerpt":"Intensa mattinata al Palapenz per i nostri 20 ragazzi impegnati nell'eliminatoria regionale del Kids Cup Team. aldil\u00e0 di ogni risultato le quattro squadre sono scese in pista con grinta determinazione ed allegria battendosi come leoni. Alla fine vittoria per Benedetta,Alessia, Giorgia, Janet, Giada tra le U16 e Elena,Morena, Federica, Samuele\u2026","rel":"","context":"In &quot;Pista&quot;","block_context":{"text":"Pista","link":"https:\/\/uscatletica.ch\/wp\/?cat=4"},"img":{"alt_text":"","src":"https:\/\/i0.wp.com\/uscatletica.ch\/wp\/wp-content\/uploads\/2017\/01\/ucktchiasso170128.jpg?fit=563%2C317&ssl=1&resize=350%2C200","width":350,"height":200,"srcset":"https:\/\/i0.wp.com\/uscatletica.ch\/wp\/wp-content\/uploads\/2017\/01\/ucktchiasso170128.jpg?fit=563%2C317&ssl=1&resize=350%2C200 1x, https:\/\/i0.wp.com\/uscatletica.ch\/wp\/wp-content\/uploads\/2017\/01\/ucktchiasso170128.jpg?fit=563%2C317&ssl=1&resize=525%2C300 1.5x"},"classes":[]},{"id":5347,"url":"https:\/\/uscatletica.ch\/wp\/?p=5347","url_meta":{"origin":16695,"position":1},"title":"UKC TEAM BRAVE USCINE LE NOSTRE U14 colgono il biglietto per WILLISAU","author":"Leonida Stampanoni","date":"10 Dicembre 2017","format":false,"excerpt":"Mattinata di neve in Ticino, fortunatamente i nostri atleti erano nella calda palestra della SPAI a divertirsi nelle incandescenti sfide della UBS KIDS CUP TEAM.\u00a0 Ottimo il comportamento dei nostri atleti che con determinazione hanno affrontato le diverse sfide. Tra le U14 dopo un po' di brividi Lea, Matilda, Selina,\u2026","rel":"","context":"In &quot;Pista&quot;","block_context":{"text":"Pista","link":"https:\/\/uscatletica.ch\/wp\/?cat=4"},"img":{"alt_text":"","src":"https:\/\/i0.wp.com\/uscatletica.ch\/wp\/wp-content\/uploads\/2017\/12\/ucsbiasca18.jpg?fit=532%2C399&ssl=1&resize=350%2C200","width":350,"height":200,"srcset":"https:\/\/i0.wp.com\/uscatletica.ch\/wp\/wp-content\/uploads\/2017\/12\/ucsbiasca18.jpg?fit=532%2C399&ssl=1&resize=350%2C200 1x, https:\/\/i0.wp.com\/uscatletica.ch\/wp\/wp-content\/uploads\/2017\/12\/ucsbiasca18.jpg?fit=532%2C399&ssl=1&resize=525%2C300 1.5x"},"classes":[]},{"id":5343,"url":"https:\/\/uscatletica.ch\/wp\/?p=5343","url_meta":{"origin":16695,"position":2},"title":"UKC TEAM A BIASCA PER DIVERTIRSI I PODISTI A ZURICH","author":"Leonida Stampanoni","date":"9 Dicembre 2017","format":false,"excerpt":"Nel secondo fine settimana di dicembre saranno i nostri ragazzi a scendere in pista nella palestra SPAI di Biasca per la UBS KIDS CUP Team con 113 squadre iscritte. Nel marzo scorso 2 squadre USC hanno partecipato ad\u00a0alla finale svizzera\u00a0di Untesiggenthal, domenica a Biasca saranno 4 le squadre al via\u2026","rel":"","context":"In &quot;Pista&quot;","block_context":{"text":"Pista","link":"https:\/\/uscatletica.ch\/wp\/?cat=4"},"img":{"alt_text":"","src":"https:\/\/i0.wp.com\/uscatletica.ch\/wp\/wp-content\/uploads\/2017\/02\/uckbuttikon17mini016.jpg?fit=563%2C422&ssl=1&resize=350%2C200","width":350,"height":200,"srcset":"https:\/\/i0.wp.com\/uscatletica.ch\/wp\/wp-content\/uploads\/2017\/02\/uckbuttikon17mini016.jpg?fit=563%2C422&ssl=1&resize=350%2C200 1x, https:\/\/i0.wp.com\/uscatletica.ch\/wp\/wp-content\/uploads\/2017\/02\/uckbuttikon17mini016.jpg?fit=563%2C422&ssl=1&resize=525%2C300 1.5x"},"classes":[]},{"id":3412,"url":"https:\/\/uscatletica.ch\/wp\/?p=3412","url_meta":{"origin":16695,"position":3},"title":"UBSKIDS CUP la MAGNIFICA DECINA VOLA IN FINALE (foto organizzatori  classifiche sabato 22.30)","author":"Leonida Stampanoni","date":"1 Febbraio 2017","format":false,"excerpt":"Mattinata intensa per la nostra magnifica decina impegnata nella finale regionale Kids Cup Team nella palestra tripla di Buttikon. Splendida Vittoria per gli U14 Samuele, Elena, Louis, Federica e Morena e ottimo secondo posto per le quindicenni terribili Alessia, Giada,Benedetta Giorgia e Janet. Foto organizzatori\u00a0Le classifiche dell'eliminatoria Dopo i primi\u2026","rel":"","context":"In &quot;Pista&quot;","block_context":{"text":"Pista","link":"https:\/\/uscatletica.ch\/wp\/?cat=4"},"img":{"alt_text":"","src":"https:\/\/i0.wp.com\/uscatletica.ch\/wp\/wp-content\/uploads\/2017\/01\/UKCTT2017CHIASSO06.png?fit=563%2C478&ssl=1&resize=350%2C200","width":350,"height":200,"srcset":"https:\/\/i0.wp.com\/uscatletica.ch\/wp\/wp-content\/uploads\/2017\/01\/UKCTT2017CHIASSO06.png?fit=563%2C478&ssl=1&resize=350%2C200 1x, https:\/\/i0.wp.com\/uscatletica.ch\/wp\/wp-content\/uploads\/2017\/01\/UKCTT2017CHIASSO06.png?fit=563%2C478&ssl=1&resize=525%2C300 1.5x"},"classes":[]},{"id":7946,"url":"https:\/\/uscatletica.ch\/wp\/?p=7946","url_meta":{"origin":16695,"position":4},"title":"Magnifico Borgo brillano le attive e le U14 Classifiche Ufficiali","author":"Leonida Stampanoni","date":"13 Aprile 2019","format":false,"excerpt":"Nella terza tappa del TAS corsasi al tramonto nelle vie di Mendrisio tra i 250 atleti una trentina gli USCini al via per una stagione 2019 che stenta a decollare. Benissimo le due squadre di attive nell'americana che cedono il passo unicamente alla Vigor, Matilde Giorgia Nina e Vera Alessia\u2026","rel":"","context":"In &quot;Sport&quot;","block_context":{"text":"Sport","link":"https:\/\/uscatletica.ch\/wp\/?cat=9"},"img":{"alt_text":"","src":"https:\/\/i0.wp.com\/uscatletica.ch\/wp\/wp-content\/uploads\/2019\/04\/podioattivemagborg19.jpg?fit=432%2C323&ssl=1&resize=350%2C200","width":350,"height":200},"classes":[]},{"id":9938,"url":"https:\/\/uscatletica.ch\/wp\/?p=9938","url_meta":{"origin":16695,"position":5},"title":"GLI U12 MIX VINCONO LA UKC A BIASCA aggiornata 19 febbraio","author":"Leonida Stampanoni","date":"15 Febbraio 2020","format":false,"excerpt":"La Giornata alla UBS KIDS CUP di Biasca \u00e8 stata intensa in mattinata le quattro squadre impegnate si sono battute con grinta, ma il botto \u00e8 arrivato nel pomeriggio con la vittoria delle Caprette Mix con No\u00e9, Alice D,Alice S, Eliott, Dalia e Federico bravi anche Michele, Mattia, Alessandro, Anais,\u2026","rel":"","context":"In &quot;Pista&quot;","block_context":{"text":"Pista","link":"https:\/\/uscatletica.ch\/wp\/?cat=4"},"img":{"alt_text":"","src":"https:\/\/i0.wp.com\/uscatletica.ch\/wp\/wp-content\/uploads\/2020\/02\/200215ucktbiaca06-scaled.jpg?fit=1200%2C900&ssl=1&resize=350%2C200","width":350,"height":200,"srcset":"https:\/\/i0.wp.com\/uscatletica.ch\/wp\/wp-content\/uploads\/2020\/02\/200215ucktbiaca06-scaled.jpg?fit=1200%2C900&ssl=1&resize=350%2C200 1x, https:\/\/i0.wp.com\/uscatletica.ch\/wp\/wp-content\/uploads\/2020\/02\/200215ucktbiaca06-scaled.jpg?fit=1200%2C900&ssl=1&resize=525%2C300 1.5x, https:\/\/i0.wp.com\/uscatletica.ch\/wp\/wp-content\/uploads\/2020\/02\/200215ucktbiaca06-scaled.jpg?fit=1200%2C900&ssl=1&resize=700%2C400 2x, https:\/\/i0.wp.com\/uscatletica.ch\/wp\/wp-content\/uploads\/2020\/02\/200215ucktbiaca06-scaled.jpg?fit=1200%2C900&ssl=1&resize=1050%2C600 3x"},"classes":[]}],"_links":{"self":[{"href":"https:\/\/uscatletica.ch\/wp\/index.php?rest_route=\/wp\/v2\/posts\/16695","targetHints":{"allow":["GET"]}}],"collection":[{"href":"https:\/\/uscatletica.ch\/wp\/index.php?rest_route=\/wp\/v2\/posts"}],"about":[{"href":"https:\/\/uscatletica.ch\/wp\/index.php?rest_route=\/wp\/v2\/types\/post"}],"author":[{"embeddable":true,"href":"https:\/\/uscatletica.ch\/wp\/index.php?rest_route=\/wp\/v2\/users\/4"}],"replies":[{"embeddable":true,"href":"https:\/\/uscatletica.ch\/wp\/index.php?rest_route=%2Fwp%2Fv2%2Fcomments&post=16695"}],"version-history":[{"count":1,"href":"https:\/\/uscatletica.ch\/wp\/index.php?rest_route=\/wp\/v2\/posts\/16695\/revisions"}],"predecessor-version":[{"id":16696,"href":"https:\/\/uscatletica.ch\/wp\/index.php?rest_route=\/wp\/v2\/posts\/16695\/revisions\/16696"}],"wp:featuredmedia":[{"embeddable":true,"href":"https:\/\/uscatletica.ch\/wp\/index.php?rest_route=\/wp\/v2\/media\/16206"}],"wp:attachment":[{"href":"https:\/\/uscatletica.ch\/wp\/index.php?rest_route=%2Fwp%2Fv2%2Fmedia&parent=16695"}],"wp:term":[{"taxonomy":"category","embeddable":true,"href":"https:\/\/uscatletica.ch\/wp\/index.php?rest_route=%2Fwp%2Fv2%2Fcategories&post=16695"},{"taxonomy":"post_tag","embeddable":true,"href":"https:\/\/uscatletica.ch\/wp\/index.php?rest_route=%2Fwp%2Fv2%2Ftags&post=16695"}],"curies":[{"name":"wp","href":"https:\/\/api.w.org\/{rel}","templated":true}]}}