{"id":16700,"date":"2023-02-16T06:21:27","date_gmt":"2023-02-16T05:21:27","guid":{"rendered":"https:\/\/uscatletica.ch\/wp\/?p=16700"},"modified":"2023-02-23T06:17:24","modified_gmt":"2023-02-23T05:17:24","slug":"giada-ai-campionati-svizzeri-assoluti-indoor-a-san-gallo","status":"publish","type":"post","link":"https:\/\/uscatletica.ch\/wp\/?p=16700","title":{"rendered":"GIADA AI CAMPIONATI SVIZZERI ASSOLUTI INDOOR A SAN GALLO"},"content":{"rendered":"\n<p>Nel fine settimana il meglio dell&#8217;atletica svizzera si trover\u00e0 all&#8217;Athletikzentrum di San Gallo per i campionati nazionali, non mancher\u00e0 all&#8217;appuntamento la nostra Giada, che oramai da diversi anni \u00e8 una presenza costante ai grandi appuntamenti. La nostra lanciatrice sar\u00e0 al via nel getto del Peso<\/p>\n<p><a href=\"https:\/\/swiss-athletics.ch\/de\/live-resultate-hallen-sm-st-gallen-2023\/\" target=\"_blank\" rel=\"noopener\">Live risultati<\/a>\u00a0<a href=\"https:\/\/swiss-athletics.ch\/de\/livestream\/\" target=\"_blank\" rel=\"noopener\">Seguite la diretta comodamente sulla rete <\/a>\u00a0<a href=\"https:\/\/swiss-athletics.ch\/de\/blog\/2023\/02\/15\/grossaufmarsch-der-stars-an-der-hallen-sm-in-st-gallen\/\" target=\"_blank\" rel=\"noopener\">La presentazione della gara su Swiss Athletics<\/a><\/p>\n<p>Giada scender\u00e0 in pedana sabato alle 18.30 per cercare nuove soddisfazioni. \u00a0Una decina gli atleti ticinesi al via \u00a0a guidare il gruppo i neo primatisti ticinesi Ricky Petrucciani, Filippo Moggi (LCZ), Emma Lucchina e le U20 Giulia e Sara Salvad\u00e9 (Vigor). Completano la squadra Leo Pedrioli Emma e Remy Piffaretti (USA), Joao Sepulveda Moreira (ASSPO), Katia Castelli (SFG Biasca), Mattia Tajana (GAB) e la primatista svizzera masters Laura Torino Imberti (SFG Chiasso).<\/p>\n","protected":false},"excerpt":{"rendered":"<p>Nel fine settimana il meglio dell&#8217;atletica svizzera si trover\u00e0 all&#8217;Athletikzentrum di San Gallo per i campionati nazionali, non mancher\u00e0 all&#8217;appuntamento la nostra Giada, che oramai da diversi anni \u00e8 una presenza costante ai grandi appuntamenti. La nostra lanciatrice sar\u00e0 al via nel getto del Peso Live risultati\u00a0Seguite la diretta comodamente sulla rete \u00a0La presentazione della gara su Swiss Athletics Giada scender\u00e0 in pedana sabato alle 18.30 per cercare nuove soddisfazioni. \u00a0Una decina gli atleti ticinesi&#8230;<\/p>\n","protected":false},"author":4,"featured_media":15970,"comment_status":"closed","ping_status":"closed","sticky":false,"template":"","format":"standard","meta":{"jetpack_post_was_ever_published":false,"_jetpack_newsletter_access":"","_jetpack_dont_email_post_to_subs":false,"_jetpack_newsletter_tier_id":0,"_jetpack_memberships_contains_paywalled_content":false,"_jetpack_memberships_contains_paid_content":false,"footnotes":"","jetpack_publicize_message":"","jetpack_publicize_feature_enabled":true,"jetpack_social_post_already_shared":false,"jetpack_social_options":{"image_generator_settings":{"template":"highway","default_image_id":0,"font":"","enabled":false},"version":2}},"categories":[4],"tags":[],"class_list":["post-16700","post","type-post","status-publish","format-standard","has-post-thumbnail","hentry","category-pista"],"jetpack_publicize_connections":[],"jetpack_featured_media_url":"https:\/\/i0.wp.com\/uscatletica.ch\/wp\/wp-content\/uploads\/2022\/09\/Giadapodio220916.jpg?fit=498%2C413&ssl=1","jetpack_sharing_enabled":true,"jetpack_shortlink":"https:\/\/wp.me\/p6V7Ck-4lm","jetpack-related-posts":[{"id":18882,"url":"https:\/\/uscatletica.ch\/wp\/?p=18882","url_meta":{"origin":16700,"position":0},"title":"GIADA AL VIA DEI CAMPIONATI SVIZZERI INDOOR","author":"Leonida Stampanoni","date":"15 Febbraio 2024","format":false,"excerpt":"Nel fine settimana l'Athletikzentrum di San Gallo ospiter\u00e0 i campionati svizzeri Indoor. Tra le grandi star dell'atletica svizzera ci saranno anche una decina di Ticinesi. L'USC si presenta al via con la nostra atleta pi\u00f9 affezionata alla manifestazione, nella pedana del peso sabato alle 18.35 ci sar\u00e0 Giada.\u00a0 i risultati\u2026","rel":"","context":"In &quot;Pista&quot;","block_context":{"text":"Pista","link":"https:\/\/uscatletica.ch\/wp\/?cat=4"},"img":{"alt_text":"","src":"https:\/\/i0.wp.com\/uscatletica.ch\/wp\/wp-content\/uploads\/2024\/02\/Logo_hneText.png?fit=688%2C320&ssl=1&resize=350%2C200","width":350,"height":200,"srcset":"https:\/\/i0.wp.com\/uscatletica.ch\/wp\/wp-content\/uploads\/2024\/02\/Logo_hneText.png?fit=688%2C320&ssl=1&resize=350%2C200 1x, https:\/\/i0.wp.com\/uscatletica.ch\/wp\/wp-content\/uploads\/2024\/02\/Logo_hneText.png?fit=688%2C320&ssl=1&resize=525%2C300 1.5x"},"classes":[]},{"id":5544,"url":"https:\/\/uscatletica.ch\/wp\/?p=5544","url_meta":{"origin":16700,"position":1},"title":"CS Indoor Giada e Alessia ai giovanili di San Gallo","author":"Leonida Stampanoni","date":"9 Febbraio 2018","format":false,"excerpt":"Nel fine settimana nel funzionale Leichtathletik Zentrum di St Gallen si terranno i campionati svizzeri giovanili indoor per le categorie U20, U18, U16 quasi 700 gli atleti in gara di cui una cinquantina provenienti dal Ticino. L'USC sar\u00e0 al via con 2 ragazze U18 Giada ed Alessia. Simone tra i\u2026","rel":"","context":"In &quot;Pista&quot;","block_context":{"text":"Pista","link":"https:\/\/uscatletica.ch\/wp\/?cat=4"},"img":{"alt_text":"","src":"https:\/\/i0.wp.com\/uscatletica.ch\/wp\/wp-content\/uploads\/2017\/01\/ucktchiasso170128.jpg?fit=563%2C317&ssl=1&resize=350%2C200","width":350,"height":200,"srcset":"https:\/\/i0.wp.com\/uscatletica.ch\/wp\/wp-content\/uploads\/2017\/01\/ucktchiasso170128.jpg?fit=563%2C317&ssl=1&resize=350%2C200 1x, https:\/\/i0.wp.com\/uscatletica.ch\/wp\/wp-content\/uploads\/2017\/01\/ucktchiasso170128.jpg?fit=563%2C317&ssl=1&resize=525%2C300 1.5x"},"classes":[]},{"id":5554,"url":"https:\/\/uscatletica.ch\/wp\/?p=5554","url_meta":{"origin":16700,"position":2},"title":"CS Indoor  Cinque ori ticinesi Giada quinta nel peso","author":"Leonida Stampanoni","date":"10 Febbraio 2018","format":false,"excerpt":"Il fine settimana dei campionati svizzeri giovanili di St Gallo sono partiti col botto, dopo poco pi\u00f9 di 15 minuti Annik K\u00e4lin ha pareggiato\u00a0 il suo primato svizzero U20 nel salto in lungo atterrando a 6.16m .\u00a0 Poco dopo scendevano in pista le Giada ed Alessia che hanno confermato la\u2026","rel":"","context":"In &quot;Pista&quot;","block_context":{"text":"Pista","link":"https:\/\/uscatletica.ch\/wp\/?cat=4"},"img":{"alt_text":"","src":"https:\/\/i0.wp.com\/uscatletica.ch\/wp\/wp-content\/uploads\/2018\/02\/GBAGCSINDOOR2018.jpg?fit=532%2C399&ssl=1&resize=350%2C200","width":350,"height":200,"srcset":"https:\/\/i0.wp.com\/uscatletica.ch\/wp\/wp-content\/uploads\/2018\/02\/GBAGCSINDOOR2018.jpg?fit=532%2C399&ssl=1&resize=350%2C200 1x, https:\/\/i0.wp.com\/uscatletica.ch\/wp\/wp-content\/uploads\/2018\/02\/GBAGCSINDOOR2018.jpg?fit=532%2C399&ssl=1&resize=525%2C300 1.5x"},"classes":[]},{"id":3579,"url":"https:\/\/uscatletica.ch\/wp\/?p=3579","url_meta":{"origin":16700,"position":3},"title":"CS Indoor sette USCini al via a San Gallo","author":"Leonida Stampanoni","date":"9 Febbraio 2017","format":false,"excerpt":"Nel fine settimana il centro \u00a0atletico di San Gallo ospiter\u00e0 i campionati svizzeri giovanili indoor e seguendo un'evoluzione l'USC sar\u00e0 al via con sette atleti e per la prima volta tra le ragazze ci saranno due atlete al via . Orario delle Gare\u00a0Liste di partenza per societ\u00e0 Sabato alle 12.00\u2026","rel":"","context":"In &quot;Pista&quot;","block_context":{"text":"Pista","link":"https:\/\/uscatletica.ch\/wp\/?cat=4"},"img":{"alt_text":"","src":"https:\/\/i0.wp.com\/uscatletica.ch\/wp\/wp-content\/uploads\/2017\/02\/uckbuttikon17copert.jpg?fit=517%2C417&ssl=1&resize=350%2C200","width":350,"height":200},"classes":[]},{"id":2297,"url":"https:\/\/uscatletica.ch\/wp\/?p=2297","url_meta":{"origin":16700,"position":4},"title":"Campionati Regionali USCini ultime fatiche (Risultati live 80 m, 100m , peso )","author":"Leonida Stampanoni","date":"24 Giugno 2016","format":false,"excerpt":"Primi risultati da Kreuzlingen Giada si migliora a 11\"01 sugli 80m \u00a0e termina quinta nel getto del peso con 9.99 m dove arriva la medaglia di bronzo per Altoni con Nina 10.98 \u00a0. Tra le U18 Nina chiude in 100 m in 14\"50. Prima medaglia ticinese per Martina Strano 30.58\u2026","rel":"","context":"In &quot;Pista&quot;","block_context":{"text":"Pista","link":"https:\/\/uscatletica.ch\/wp\/?cat=4"},"img":{"alt_text":"","src":"https:\/\/i0.wp.com\/uscatletica.ch\/wp\/wp-content\/uploads\/2016\/06\/ctgiovanili021.jpg?fit=563%2C422&ssl=1&resize=350%2C200","width":350,"height":200,"srcset":"https:\/\/i0.wp.com\/uscatletica.ch\/wp\/wp-content\/uploads\/2016\/06\/ctgiovanili021.jpg?fit=563%2C422&ssl=1&resize=350%2C200 1x, https:\/\/i0.wp.com\/uscatletica.ch\/wp\/wp-content\/uploads\/2016\/06\/ctgiovanili021.jpg?fit=563%2C422&ssl=1&resize=525%2C300 1.5x"},"classes":[]},{"id":21284,"url":"https:\/\/uscatletica.ch\/wp\/?p=21284","url_meta":{"origin":16700,"position":5},"title":"Arge Alp Marta vola nel triplo Ticino quinto con il primato ticinese 4&#215;400 m femminile","author":"Leonida Stampanoni","date":"21 Settembre 2025","format":false,"excerpt":"La stagione atletica volge al termine, tempo Arge Alp, l'incontro internazionale per le selezioni delle regioni alpine di Austria, Svizzera, Germania, Italia e Slovenia. Nel Canton San Gallo hanno gareggiato Ticino, San Gallo, Grigioni, Baviera, Voralberg, Salisburgo, Alto Adige, Trentino. Il Ticino ha chiuso quinto, con vittorie per Noah Crescini,\u2026","rel":"","context":"In &quot;Pista&quot;","block_context":{"text":"Pista","link":"https:\/\/uscatletica.ch\/wp\/?cat=4"},"img":{"alt_text":"","src":"","width":0,"height":0},"classes":[]}],"_links":{"self":[{"href":"https:\/\/uscatletica.ch\/wp\/index.php?rest_route=\/wp\/v2\/posts\/16700","targetHints":{"allow":["GET"]}}],"collection":[{"href":"https:\/\/uscatletica.ch\/wp\/index.php?rest_route=\/wp\/v2\/posts"}],"about":[{"href":"https:\/\/uscatletica.ch\/wp\/index.php?rest_route=\/wp\/v2\/types\/post"}],"author":[{"embeddable":true,"href":"https:\/\/uscatletica.ch\/wp\/index.php?rest_route=\/wp\/v2\/users\/4"}],"replies":[{"embeddable":true,"href":"https:\/\/uscatletica.ch\/wp\/index.php?rest_route=%2Fwp%2Fv2%2Fcomments&post=16700"}],"version-history":[{"count":4,"href":"https:\/\/uscatletica.ch\/wp\/index.php?rest_route=\/wp\/v2\/posts\/16700\/revisions"}],"predecessor-version":[{"id":16710,"href":"https:\/\/uscatletica.ch\/wp\/index.php?rest_route=\/wp\/v2\/posts\/16700\/revisions\/16710"}],"wp:featuredmedia":[{"embeddable":true,"href":"https:\/\/uscatletica.ch\/wp\/index.php?rest_route=\/wp\/v2\/media\/15970"}],"wp:attachment":[{"href":"https:\/\/uscatletica.ch\/wp\/index.php?rest_route=%2Fwp%2Fv2%2Fmedia&parent=16700"}],"wp:term":[{"taxonomy":"category","embeddable":true,"href":"https:\/\/uscatletica.ch\/wp\/index.php?rest_route=%2Fwp%2Fv2%2Fcategories&post=16700"},{"taxonomy":"post_tag","embeddable":true,"href":"https:\/\/uscatletica.ch\/wp\/index.php?rest_route=%2Fwp%2Fv2%2Ftags&post=16700"}],"curies":[{"name":"wp","href":"https:\/\/api.w.org\/{rel}","templated":true}]}}