{"id":16707,"date":"2023-02-23T06:38:21","date_gmt":"2023-02-23T05:38:21","guid":{"rendered":"https:\/\/uscatletica.ch\/wp\/?p=16707"},"modified":"2023-02-23T06:16:15","modified_gmt":"2023-02-23T05:16:15","slug":"martina-selina-e-federica-ad-ala-dei-sardi","status":"publish","type":"post","link":"https:\/\/uscatletica.ch\/wp\/?p=16707","title":{"rendered":"Il fine settimana un duo a Macolin un trio ad Al\u00e0 dei Sardi"},"content":{"rendered":"\n<p>Nel fine settimana saranno due gli appuntamenti di un certo prestigio per le atlete USC, le velociste Matilda ed Alice saranno impegnate ai campionati svizzeri giovanili indoor di Macolin, dal canto loro Federica,Selina e Martine ,specialiste del cross, partiranno domani per un fine settimana lungo in Sardegna dove con la selezione Ticino gareggeranno al cross di Al\u00e0 dei Sardi come fu gi\u00e0 l&#8217;occasione per <a href=\"https:\/\/uscatletica.ch\/wp\/?p=7302\" target=\"_blank\" rel=\"noopener\">Rachele<\/a>, <a href=\"https:\/\/uscatletica.ch\/wp\/?p=9949\" target=\"_blank\" rel=\"noopener\">Giorgia, Matilde<\/a> e <a href=\"https:\/\/uscatletica.ch\/wp\/?p=14303\" target=\"_blank\" rel=\"noopener\">Federica lo scorso anno<\/a><\/p>\n<p lang=\"it-IT\"><a href=\"https:\/\/slv.laportal.net\/Competitions\/Details\/8806\" target=\"_blank\" rel=\"noopener\">risultati live da Macolin<\/a><\/p>\n<p lang=\"it-IT\">Ai campionati svizzeri di Macolin le USCine saranno al via dei 60 m Matilda affronter\u00e0 la campionessa svizzera assoluta indoor e primatista U20 \u00a0sui 200 m Fabienne Hoenke e le primatiste nazionali di categoria sui 60 Chlo\u00e9 Rabac ed Emma Van Camp, una sfida ad altissimo livello con lo straodinario livello raggiunto dall&#8217;atletica svizzera. Alice debutter\u00e0 invece ai campionati svizzeri anche per lei le avversarie saranno ad alto livello ci sar\u00e0 anche la primatista svizzera di categoria Xenia Buri. \u00a0Per il Ticino \u00a0diverse le possibilit\u00e0 di medaglie dalla velocit\u00e0 al mezzofondo e passando per gli ostacoli.<\/p>\n<p lang=\"it-IT\">Venerd\u00ec mattina Federica, Martina e Selina partiranno con la selezione Ticino per partecipare con la selezione al cross di Al\u00e0 dei Sardi. Sul circuito che gi\u00e0 ospit\u00f2 diversi tra i migliori specialisti al mondo le nostre ragazze si confronteranno con le selezioni di Sardegna, Liguria e Veneto. Federica forte dell&#8217;esperienza dello scorso anno potr\u00e0 aiutare Martina e Selina ad affrontare la nuova sfida. \u00a0<\/p>\n<p class=\"western\" lang=\"it-IT\"><span style=\"color: #3465a4;\"><span style=\"font-size: medium;\">Comunicato 23.02.23 \u2013 SELEZIONE TICINO CROSS U18-U20 Al\u00e0 dei Sardi<\/span><\/span><\/p>\n<p class=\"western\" lang=\"it-IT\"><span style=\"color: #00000a;\"><span style=\"font-size: medium;\">LA SELEZIONE TICINO IN SARDEGNA PER IL CROSS DI ALA DEI SARDI<\/span><\/span><\/p>\n<p class=\"western\" lang=\"it-IT\"><span style=\"color: #00000a;\"><span style=\"font-size: medium;\">Leonida Stampanoni<\/span><\/span><\/p>\n<p class=\"western\"><span style=\"color: #00000a;\"><span style=\"font-size: small;\"><span lang=\"it-IT\">Nel fine settimana<\/span><\/span><\/span><span style=\"color: #00000a;\"><span style=\"font-size: small;\"><span lang=\"it-IT\"> la FTAL porter\u00e0 la selezione Ticino di cross U18 e U20 in Sardegna per partecipare alla settima edizione del cross Memorial Elisa Migliore, manifestazione che ha raccolto il testimone dal cross internazionale di Al\u00e0 dei Sardi.<\/span><\/span><\/span><span style=\"color: #00000a;\"><span style=\"font-size: small;\"><span lang=\"it-IT\">Da venerd<\/span><\/span><\/span><span style=\"color: #00000a;\"><span style=\"font-family: Calibri, sans-serif;\"><span style=\"font-size: small;\"><span lang=\"it-IT\">\u00ec <\/span><\/span><\/span><\/span><span style=\"color: #00000a;\"><span style=\"font-size: small;\"><span lang=\"it-IT\">a luned<\/span><\/span><\/span><span style=\"color: #00000a;\"><span style=\"font-family: Calibri, sans-serif;\"><span style=\"font-size: small;\"><span lang=\"it-IT\">\u00ec<\/span><\/span><\/span><\/span> <span style=\"color: #00000a;\"><span style=\"font-family: Calibri, sans-serif;\"><span style=\"font-size: small;\"><span lang=\"it-IT\">l<\/span><\/span><\/span><\/span><span style=\"color: #00000a;\"><span style=\"font-size: small;\"><span lang=\"it-IT\">a delegazione, guidata da Luca Romerio, Jeannette Bragagnolo e Giancarlo Rodesino, torner\u00e0 volentieri in Sardegna dopo le arricchenti esperienze vissuta vissute nelle scorse edizioni grazie alla calda ospitalit\u00e0 ed all\u2019entusiasmo della comunit\u00e0 del monte Acuto. Saranno una dozzina gli atleti ticinesi impegnati sullo splendido circuito disegnato tra i gli erti pascoli dove in passato battagliarono alcuni grandissimi della specialit\u00e0 come Kenenisa Bekele ed il maratoneta Eliud Kipchoge. A sfidare i nostri ragazzi la squadra della Sardegna e le forti rappresentative Liguria e Veneto. <\/span><\/span><\/span><\/p>\n<p class=\"western\" lang=\"it-IT\"><span style=\"color: #00000a;\"><span style=\"font-size: small;\">Nel fine settimana ci saranno anche i campionati svizzeri giovanili indoor, ma la rappresentativa ticinese, sar\u00e0 comunque di buon livello. Nella categoria U18 femminile ci saranno la campionessa ticinese Aurora De Marco (GAB) con la compagna Ester Felice, come pure la vincitrice della coppa Martina Buri con l\u2019altra Capriaschese Selina Stampanoni. La loro collega di societ\u00e0 Federica Baldi sar\u00e0 al via tra le U20. Tra i ragazzi U18 il campione ticinese e vincitore della coppa Leonhard Haller (GAB) e il compagno Nicola Fattorini saranno accompagnati dai verbanesi Niko Zenker (AT90) ed Elia Maggetti (Virtus). Tra gli U20 saranno il campione ticinese Jamie Mohamed e Riccardo Rovira dell\u2019atletica Mendrisiotto a difendere i colori del Ticino. <\/span><\/span><\/p>\n<p class=\"western\" lang=\"it-IT\"><span style=\"color: #00000a;\"><span style=\"font-size: small;\">La stagione campestre vivr\u00e0 domenica 5 marzo a St. Maurice i campionati Svizzeri, la massima rassegna nazionale della specialit\u00e0. <\/span><\/span><\/p>\n<p class=\"western\" lang=\"it-IT\"><span style=\"color: #00000a;\"><span style=\"font-size: small;\">Tutte le novit\u00e0 sull&#8217;atletica ticinese su www.ftal.ch.<\/span><\/span><\/p>\n<p class=\"western\" lang=\"it-IT\"><span style=\"color: #3465a4;\"><span style=\"font-size: medium;\">Comunicato 23.02.23 \u2013 CAMPIONATI SVIZZERI GIOVANILI INDOOR A MACOLIN<\/span><\/span><\/p>\n<p class=\"western\" lang=\"it-IT\"><span style=\"color: #00000a;\"><span style=\"font-size: large;\">A MACOLIN UNA CINQUANTINA I TICINESI A CACCIA DI MEDAGLIE<\/span><\/span><\/p>\n<p class=\"western\" lang=\"it-IT\"><span style=\"color: #00000a;\"><span style=\"font-size: medium;\">Leonida Stampanoni<\/span><\/span><\/p>\n<p class=\"western\"><span style=\"color: #00000a;\"><span style=\"font-size: small;\"><span lang=\"it-IT\">La rinnovata pista della Ende der Welt di Macolin accoglier\u00e0 nel fine settimana i campionati svizzeri giovanili indoor. Nella due giorni di gare in palio ci saranno ben 56 titoli in palio nelle tre categorie di et\u00e0 per entrambi i sessi. Al via tra i 760 atlete ed atleti che hanno gi\u00e0 raccolto medaglie a livello internazionale ed ai recenti campionati svizzeri assoluti come pure molti primatisti nazionali di categoria. Il Ticino, presente con una cinquantina di atleti,risponde con le sorelle Sara e Giulia Salvad\u00e9 (Vigor) che nel 2023 hanno ripetutamente ottenuto dei primati cantonali, ed i velocisti Giovanni Pirolli (USA)e Joao Sepulveda Moreira (USA) che vantano il secondo tempo stagionale U20. Il Ticino presenta altre ottime frecce al suo arco, in ogni caso il livello delle competizioni offrir\u00e0 a tutti l\u2019occasione di sfidare i propri limiti. <\/span><\/span><\/span><\/p>\n<p class=\"western\"><span style=\"color: #00000a;\"><span style=\"font-size: small;\"><span lang=\"it-IT\">Sui 60 Pirolli e Sepulveda Moreira saranno tra i favoriti negli U20 ma per il titolo dovranno abbattere la barriera dei 6\u201d90. Al maschile anche Leonardo Ambiveri (SAL, U18) e gli U16 Gianmarco Bielli (SAM), Ilian Pirotta (USA) sono tra i migliori. Nelle U20 femminili le favorite saranno le vodesi Chlo\u00e9 Rabac ed Emma Van Camp capaci di rubarsi ripetutamente il primato nazionale se la vedranno con la campionessa svizzera assoluta sui 200 e primatista svizzera U20Fabienne Hoenke. Il trio di atlete citate rende bene l\u2019idea del livello a cui saranno confrontate le nostre velociste in ognuno delle tre categorie. Nei 400 maschili a livello U18 i favoriti saranno Giulio Fugazzi (SFG Chiasso) e Noah Crescini (ASM) che guidano le liste nazionale. Tra le U20W Petra Crescini (ASM) e Alice Baggi (FGM) lotteranno per una medaglia. Nei 200 m domenica sono iscritti i fratelli Crescini. Matteo De Biasio (GAB) guida le liste stagionale dei 60 m ostacoli U18. Tra gli U20 ci sar\u00e0 il polivalente Remy Piffaretti (USA) al via in diverse gare. <\/span><\/span><\/span><\/p>\n<p class=\"western\" lang=\"it-IT\"><span style=\"color: #00000a;\"><span style=\"font-size: small;\">Le sorelle Giulia e Sara Salvad\u00e9 saranno le favorite nei 1000 m U20 dopo le sequenza impressionante di primati cantonali di categoria di questo inizio 2023. Tra le U16 la vice campionessa svizzera Tiziana Rosamilia se la vedr\u00e0 con la neo campionessa svizzera assoluta Fiona Von Fl\u00fce. <\/span><\/span><\/p>\n<p class=\"western\" lang=\"it-IT\"><span style=\"color: #00000a;\"><span style=\"font-size: small;\">Nelle discipline tecniche spiccano i triplisti con tre capolista stagionali, Lia Gambetta (SFG Chiasso) vorr\u00e0 ripetere il titolo ottenuto all\u2019aperto tra le U16 come il suo coetaneo C\u00e9dric Tognetti (Vigor), la SFG Biasca \u00e8 rappresentata dalla U20 Katia Castelli. Tra le U18 Daria Rigatti (ASSPO) \u00e8 in odore di medaglie<\/span><\/span><\/p>\n<p class=\"western\" lang=\"it-IT\"><span style=\"color: #00000a;\"><span style=\"font-size: small;\">Nel peso U16 Gabriele Della Santa (USA) \u00e8 tra i migliori. <\/span><\/span><\/p>\n<p class=\"western\" lang=\"it-IT\"><span style=\"color: #00000a;\"><span style=\"font-size: small;\">La prossima settimana ci saranno i campionati svizzeri di cross a St Maurice. <\/span><\/span><\/p>\n<p class=\"western\" lang=\"it-IT\"><span style=\"color: #00000a;\"><span style=\"font-size: small;\">Tutte le novit\u00e0 sull&#8217;atletica ticinese su www.ftal.ch. <\/span><\/span><\/p>\n<p class=\"western\" lang=\"it-IT\"><span style=\"color: #00000a;\"><span style=\"font-size: small;\">\u00a0<\/span><\/span><\/p>\n\n\n","protected":false},"excerpt":{"rendered":"<p>Nel fine settimana saranno due gli appuntamenti di un certo prestigio per le atlete USC, le velociste Matilda ed Alice saranno impegnate ai campionati svizzeri giovanili indoor di Macolin, dal canto loro Federica,Selina e Martine ,specialiste del cross, partiranno domani per un fine settimana lungo in Sardegna dove con la selezione Ticino gareggeranno al cross di Al\u00e0 dei Sardi come fu gi\u00e0 l&#8217;occasione per Rachele, Giorgia, Matilde e Federica lo scorso anno risultati live da&#8230;<\/p>\n","protected":false},"author":4,"featured_media":7304,"comment_status":"closed","ping_status":"closed","sticky":false,"template":"","format":"standard","meta":{"jetpack_post_was_ever_published":false,"_jetpack_newsletter_access":"","_jetpack_dont_email_post_to_subs":false,"_jetpack_newsletter_tier_id":0,"_jetpack_memberships_contains_paywalled_content":false,"_jetpack_memberships_contains_paid_content":false,"footnotes":"","jetpack_publicize_message":"","jetpack_publicize_feature_enabled":true,"jetpack_social_post_already_shared":false,"jetpack_social_options":{"image_generator_settings":{"template":"highway","default_image_id":0,"font":"","enabled":false},"version":2}},"categories":[7,4,9],"tags":[],"class_list":["post-16707","post","type-post","status-publish","format-standard","has-post-thumbnail","hentry","category-cross","category-pista","category-sport"],"jetpack_publicize_connections":[],"jetpack_featured_media_url":"https:\/\/i0.wp.com\/uscatletica.ch\/wp\/wp-content\/uploads\/2019\/02\/ticinou18u20aladeisardi.jpg?fit=1080%2C1345&ssl=1","jetpack_sharing_enabled":true,"jetpack_shortlink":"https:\/\/wp.me\/p6V7Ck-4lt","jetpack-related-posts":[{"id":14293,"url":"https:\/\/uscatletica.ch\/wp\/?p=14293","url_meta":{"origin":16707,"position":0},"title":"Fine settimana tra San Gallo e la Sardegna","author":"Leonida Stampanoni","date":"18 Febbraio 2022","format":false,"excerpt":"Due atlete in gara nel fine settimana in appuntamenti di grande prestigio : all'Athletikzentrum St. Gallen ci saranno i campionati svizzeri giovanili indoor tra le 33 presenze ticinesi c'\u00e8 anche la nostra Matilda al via sui 60 m. \u00a0La FTAL ha convocato 8 giovani leve per la Selezione Ticino di\u2026","rel":"","context":"In &quot;Cross&quot;","block_context":{"text":"Cross","link":"https:\/\/uscatletica.ch\/wp\/?cat=7"},"img":{"alt_text":"","src":"https:\/\/i0.wp.com\/uscatletica.ch\/wp\/wp-content\/uploads\/2021\/11\/211113podiou18w.jpeg?fit=324%2C432&ssl=1&resize=350%2C200","width":350,"height":200},"classes":[]},{"id":14238,"url":"https:\/\/uscatletica.ch\/wp\/?p=14238","url_meta":{"origin":16707,"position":1},"title":"Buoni risultati USC a Macolin e Gettnau Saronno","author":"Leonida Stampanoni","date":"5 Febbraio 2022","format":false,"excerpt":"Sabato tra Macolin e Gettnau l'USC era in gara al Meeting indoor ed alla coppa Svizzera di cross. Al centro sportivo nazionale Matilda, Leila e Marco hanno gareggiato sui 60 m, mentre a Gettnau la fresca vincitrice di coppa Ticino Federica ha chiuso al settimo rango la prova di coppa\u2026","rel":"","context":"In &quot;Cross&quot;","block_context":{"text":"Cross","link":"https:\/\/uscatletica.ch\/wp\/?cat=7"},"img":{"alt_text":"","src":"https:\/\/i0.wp.com\/uscatletica.ch\/wp\/wp-content\/uploads\/2022\/01\/P1170071.jpeg?fit=432%2C324&ssl=1&resize=350%2C200","width":350,"height":200},"classes":[]},{"id":14235,"url":"https:\/\/uscatletica.ch\/wp\/?p=14235","url_meta":{"origin":16707,"position":2},"title":"USCINE OLTREGOTTARDO TRA MACOLIN E GETTNAU","author":"Leonida Stampanoni","date":"4 Febbraio 2022","format":false,"excerpt":"Il primo fine settimana di Febbraio vedr\u00e0 le atlete e gli atleti USC in gara in due competizioni oltre Gottardo. In vista dei campionati ticinesi e dei campionati Svizzeri , a Macolin si garegger\u00e0 nella velocit\u00e0 con Matilda, Marco e Leila. La coppa Svizzera di cross fa tappa a Gettnau,\u2026","rel":"","context":"In &quot;Cross&quot;","block_context":{"text":"Cross","link":"https:\/\/uscatletica.ch\/wp\/?cat=7"},"img":{"alt_text":"","src":"https:\/\/i0.wp.com\/uscatletica.ch\/wp\/wp-content\/uploads\/2020\/01\/10.jpg?fit=432%2C288&ssl=1&resize=350%2C200","width":350,"height":200},"classes":[]},{"id":9949,"url":"https:\/\/uscatletica.ch\/wp\/?p=9949","url_meta":{"origin":16707,"position":3},"title":"Giorgia e Matilde brave in Sardegna bene gli orientisti a Lugano","author":"Leonida Stampanoni","date":"17 Febbraio 2020","format":false,"excerpt":"Splendido fine settimana per Giorgia e Matilde che con la selezione Ticino hanno potuto gareggiare ad Al\u00e0 dei Sardi sul percorso di un celebre cross internazionale. La sfida contro le selezioni di Lombardia Piemonte e Sardegna, nelle cui fila spicca il nome del vicecampione del mondo di corsa in montagna\u2026","rel":"","context":"In &quot;CO&quot;","block_context":{"text":"CO","link":"https:\/\/uscatletica.ch\/wp\/?cat=19"},"img":{"alt_text":"","src":"https:\/\/i0.wp.com\/uscatletica.ch\/wp\/wp-content\/uploads\/2020\/02\/elisamiglioreatletititi2020.jpg?fit=432%2C210&ssl=1&resize=350%2C200","width":350,"height":200},"classes":[]},{"id":9971,"url":"https:\/\/uscatletica.ch\/wp\/?p=9971","url_meta":{"origin":16707,"position":4},"title":"GIADA E MATILDA AI CAMPIONATI SVIZZERI INDOOR A MACOLIN I DELORENZI A PAYERNE","author":"Leonida Stampanoni","date":"19 Febbraio 2020","format":false,"excerpt":"Nel fine settimana la Ende Der Welt di Macolin ospiter\u00e0 i campionati svizzeri giovanili indoor .\u00a0In gara ci saranno 800 atleti, dal Ticino arriveranno 44 atleti di 14 societ\u00e0, tra cui tutti gli atleti che hanno ottenuto un primato cantonale di categoria tra cui la nostra Giada che sar\u00e0 accompagnata\u2026","rel":"","context":"In &quot;Pista&quot;","block_context":{"text":"Pista","link":"https:\/\/uscatletica.ch\/wp\/?cat=4"},"img":{"alt_text":"","src":"https:\/\/i0.wp.com\/uscatletica.ch\/wp\/wp-content\/uploads\/2016\/02\/cs2016indoor01.jpg?fit=640%2C432&ssl=1&resize=350%2C200","width":350,"height":200,"srcset":"https:\/\/i0.wp.com\/uscatletica.ch\/wp\/wp-content\/uploads\/2016\/02\/cs2016indoor01.jpg?fit=640%2C432&ssl=1&resize=350%2C200 1x, https:\/\/i0.wp.com\/uscatletica.ch\/wp\/wp-content\/uploads\/2016\/02\/cs2016indoor01.jpg?fit=640%2C432&ssl=1&resize=525%2C300 1.5x"},"classes":[]},{"id":7292,"url":"https:\/\/uscatletica.ch\/wp\/?p=7292","url_meta":{"origin":16707,"position":5},"title":"DALLA SARDEGNA A BELLINZONA IL FINE SETTIMANA DEGLI USCINI","author":"Leonida Stampanoni","date":"14 Febbraio 2019","format":false,"excerpt":"Sabato a Bellinzona per la prima volta in 8 edizioni la finale regionale della UBS Kids Team si disputer\u00e0 in Ticino,l'USC sar\u00e0 al via con tre squadre due U16 una femminile ed una maschile ed una femminile ed il sestetto misto delle U12. Domenica Rachele invece sar\u00e0 con la selezione\u2026","rel":"","context":"In &quot;Cross&quot;","block_context":{"text":"Cross","link":"https:\/\/uscatletica.ch\/wp\/?cat=7"},"img":{"alt_text":"","src":"https:\/\/i0.wp.com\/uscatletica.ch\/wp\/wp-content\/uploads\/2019\/01\/ukct19all.jpg?fit=532%2C399&ssl=1&resize=350%2C200","width":350,"height":200,"srcset":"https:\/\/i0.wp.com\/uscatletica.ch\/wp\/wp-content\/uploads\/2019\/01\/ukct19all.jpg?fit=532%2C399&ssl=1&resize=350%2C200 1x, https:\/\/i0.wp.com\/uscatletica.ch\/wp\/wp-content\/uploads\/2019\/01\/ukct19all.jpg?fit=532%2C399&ssl=1&resize=525%2C300 1.5x"},"classes":[]}],"_links":{"self":[{"href":"https:\/\/uscatletica.ch\/wp\/index.php?rest_route=\/wp\/v2\/posts\/16707","targetHints":{"allow":["GET"]}}],"collection":[{"href":"https:\/\/uscatletica.ch\/wp\/index.php?rest_route=\/wp\/v2\/posts"}],"about":[{"href":"https:\/\/uscatletica.ch\/wp\/index.php?rest_route=\/wp\/v2\/types\/post"}],"author":[{"embeddable":true,"href":"https:\/\/uscatletica.ch\/wp\/index.php?rest_route=\/wp\/v2\/users\/4"}],"replies":[{"embeddable":true,"href":"https:\/\/uscatletica.ch\/wp\/index.php?rest_route=%2Fwp%2Fv2%2Fcomments&post=16707"}],"version-history":[{"count":3,"href":"https:\/\/uscatletica.ch\/wp\/index.php?rest_route=\/wp\/v2\/posts\/16707\/revisions"}],"predecessor-version":[{"id":16726,"href":"https:\/\/uscatletica.ch\/wp\/index.php?rest_route=\/wp\/v2\/posts\/16707\/revisions\/16726"}],"wp:featuredmedia":[{"embeddable":true,"href":"https:\/\/uscatletica.ch\/wp\/index.php?rest_route=\/wp\/v2\/media\/7304"}],"wp:attachment":[{"href":"https:\/\/uscatletica.ch\/wp\/index.php?rest_route=%2Fwp%2Fv2%2Fmedia&parent=16707"}],"wp:term":[{"taxonomy":"category","embeddable":true,"href":"https:\/\/uscatletica.ch\/wp\/index.php?rest_route=%2Fwp%2Fv2%2Fcategories&post=16707"},{"taxonomy":"post_tag","embeddable":true,"href":"https:\/\/uscatletica.ch\/wp\/index.php?rest_route=%2Fwp%2Fv2%2Ftags&post=16707"}],"curies":[{"name":"wp","href":"https:\/\/api.w.org\/{rel}","templated":true}]}}