{"id":16731,"date":"2023-02-26T22:30:29","date_gmt":"2023-02-26T21:30:29","guid":{"rendered":"https:\/\/uscatletica.ch\/wp\/?p=16731"},"modified":"2023-02-26T22:30:56","modified_gmt":"2023-02-26T21:30:56","slug":"martina-quarta-in-sardegna","status":"publish","type":"post","link":"https:\/\/uscatletica.ch\/wp\/?p=16731","title":{"rendered":"Martina quarta in Sardegna"},"content":{"rendered":"\n<p>Nella riuscitissima trasferta della selezione Ticino \u00a0ad Al\u00e0 dei Sardi c&#8217;erano anche tre USCine che nella sfida contro le selezioni di Sardegna, Liguria e Veneto si sono ben difese. Martina con il quarto rango ha ottenuto il miglior risultato FTAL.\u00a0<\/p>\n<p><a href=\"https:\/\/uscatletica.ch\/wp\/wp-content\/uploads\/2023\/02\/230226aladeisardicl.pdf\">Le classifiche <\/a><\/p>\n<p>Ad Al\u00e0 dei Sardi, sulle orme di <a href=\"https:\/\/uscatletica.ch\/wp\/?p=9949\">Matilde e Giorgia nel 2020<\/a>\u00a0e Federica lo scorso anno, al via si sono presentate Martina, Selina e Federica. Nella gara U18 vinta Giulia Meneghetti che ha condotto il veneto alla tripletta, la nostra Martina ha chiuso quarta ai piedi del podio. precedendo Aurora De Marco, Selina undicesima \u00e8 terza delle quattro ticinesi, Ester Felice (13) chiude il poker ticinese. Federica unica U20 ticinese al via ha dovuto ritirarsi. Tra gli U18 \u00a0vinti da Francesco Bigoni quinto rango per il campione ticinese Leonhard Haller davanti a Nicola Fattorini (7),Niko Zenker(10) ed Elia Maggetti (11).Negli U20 vince il veneto Andrea Botteon per il Ticino \u00a0settimo Jamie Mohamed, mentre Riccardo Rovira \u00e8 dodicesimo.\u00a0<\/p>\n","protected":false},"excerpt":{"rendered":"<p>Nella riuscitissima trasferta della selezione Ticino \u00a0ad Al\u00e0 dei Sardi c&#8217;erano anche tre USCine che nella sfida contro le selezioni di Sardegna, Liguria e Veneto si sono ben difese. Martina con il quarto rango ha ottenuto il miglior risultato FTAL.\u00a0 Le classifiche Ad Al\u00e0 dei Sardi, sulle orme di Matilde e Giorgia nel 2020\u00a0e Federica lo scorso anno, al via si sono presentate Martina, Selina e Federica. Nella gara U18 vinta Giulia Meneghetti che ha&#8230;<\/p>\n","protected":false},"author":4,"featured_media":15346,"comment_status":"closed","ping_status":"closed","sticky":false,"template":"","format":"standard","meta":{"jetpack_post_was_ever_published":false,"_jetpack_newsletter_access":"","_jetpack_dont_email_post_to_subs":false,"_jetpack_newsletter_tier_id":0,"_jetpack_memberships_contains_paywalled_content":false,"_jetpack_memberships_contains_paid_content":false,"footnotes":"","jetpack_publicize_message":"","jetpack_publicize_feature_enabled":true,"jetpack_social_post_already_shared":false,"jetpack_social_options":{"image_generator_settings":{"template":"highway","default_image_id":0,"font":"","enabled":false},"version":2}},"categories":[7,9],"tags":[],"class_list":["post-16731","post","type-post","status-publish","format-standard","has-post-thumbnail","hentry","category-cross","category-sport"],"jetpack_publicize_connections":[],"jetpack_featured_media_url":"https:\/\/i0.wp.com\/uscatletica.ch\/wp\/wp-content\/uploads\/2022\/05\/20220529seletibrixia.jpg?fit=432%2C272&ssl=1","jetpack_sharing_enabled":true,"jetpack_shortlink":"https:\/\/wp.me\/p6V7Ck-4lR","jetpack-related-posts":[{"id":16707,"url":"https:\/\/uscatletica.ch\/wp\/?p=16707","url_meta":{"origin":16731,"position":0},"title":"Il fine settimana un duo a Macolin un trio ad Al\u00e0 dei Sardi","author":"Leonida Stampanoni","date":"23 Febbraio 2023","format":false,"excerpt":"Nel fine settimana saranno due gli appuntamenti di un certo prestigio per le atlete USC, le velociste Matilda ed Alice saranno impegnate ai campionati svizzeri giovanili indoor di Macolin, dal canto loro Federica,Selina e Martine ,specialiste del cross, partiranno domani per un fine settimana lungo in Sardegna dove con la\u2026","rel":"","context":"In &quot;Cross&quot;","block_context":{"text":"Cross","link":"https:\/\/uscatletica.ch\/wp\/?cat=7"},"img":{"alt_text":"","src":"https:\/\/i0.wp.com\/uscatletica.ch\/wp\/wp-content\/uploads\/2019\/02\/ticinou18u20aladeisardi.jpg?fit=964%2C1200&ssl=1&resize=350%2C200","width":350,"height":200,"srcset":"https:\/\/i0.wp.com\/uscatletica.ch\/wp\/wp-content\/uploads\/2019\/02\/ticinou18u20aladeisardi.jpg?fit=964%2C1200&ssl=1&resize=350%2C200 1x, https:\/\/i0.wp.com\/uscatletica.ch\/wp\/wp-content\/uploads\/2019\/02\/ticinou18u20aladeisardi.jpg?fit=964%2C1200&ssl=1&resize=525%2C300 1.5x, https:\/\/i0.wp.com\/uscatletica.ch\/wp\/wp-content\/uploads\/2019\/02\/ticinou18u20aladeisardi.jpg?fit=964%2C1200&ssl=1&resize=700%2C400 2x"},"classes":[]},{"id":9949,"url":"https:\/\/uscatletica.ch\/wp\/?p=9949","url_meta":{"origin":16731,"position":1},"title":"Giorgia e Matilde brave in Sardegna bene gli orientisti a Lugano","author":"Leonida Stampanoni","date":"17 Febbraio 2020","format":false,"excerpt":"Splendido fine settimana per Giorgia e Matilde che con la selezione Ticino hanno potuto gareggiare ad Al\u00e0 dei Sardi sul percorso di un celebre cross internazionale. La sfida contro le selezioni di Lombardia Piemonte e Sardegna, nelle cui fila spicca il nome del vicecampione del mondo di corsa in montagna\u2026","rel":"","context":"In &quot;CO&quot;","block_context":{"text":"CO","link":"https:\/\/uscatletica.ch\/wp\/?cat=19"},"img":{"alt_text":"","src":"https:\/\/i0.wp.com\/uscatletica.ch\/wp\/wp-content\/uploads\/2020\/02\/elisamiglioreatletititi2020.jpg?fit=432%2C210&ssl=1&resize=350%2C200","width":350,"height":200},"classes":[]},{"id":7302,"url":"https:\/\/uscatletica.ch\/wp\/?p=7302","url_meta":{"origin":16731,"position":2},"title":"Rachele una splendida esperienza in  Sardegna","author":"Leonida Stampanoni","date":"18 Febbraio 2019","format":false,"excerpt":"Rachele ricorder\u00e0 per sempre la trasferta ad Al\u00e0 dei Sardi con la selezione Ticino di cross, I Sardi hanno accolto a braccia aperte i nostri atleti, e la gara \u00e8 nel cuore del Villaggio Sardo che negli ultimi 40 anni ha visto il gotha del cross mondiale gareggiare sul di\u2026","rel":"","context":"In &quot;Cross&quot;","block_context":{"text":"Cross","link":"https:\/\/uscatletica.ch\/wp\/?cat=7"},"img":{"alt_text":"","src":"https:\/\/i0.wp.com\/uscatletica.ch\/wp\/wp-content\/uploads\/2019\/02\/ticinou18u20aladeisardi.jpg?fit=964%2C1200&ssl=1&resize=350%2C200","width":350,"height":200,"srcset":"https:\/\/i0.wp.com\/uscatletica.ch\/wp\/wp-content\/uploads\/2019\/02\/ticinou18u20aladeisardi.jpg?fit=964%2C1200&ssl=1&resize=350%2C200 1x, https:\/\/i0.wp.com\/uscatletica.ch\/wp\/wp-content\/uploads\/2019\/02\/ticinou18u20aladeisardi.jpg?fit=964%2C1200&ssl=1&resize=525%2C300 1.5x, https:\/\/i0.wp.com\/uscatletica.ch\/wp\/wp-content\/uploads\/2019\/02\/ticinou18u20aladeisardi.jpg?fit=964%2C1200&ssl=1&resize=700%2C400 2x"},"classes":[]},{"id":14303,"url":"https:\/\/uscatletica.ch\/wp\/?p=14303","url_meta":{"origin":16731,"position":3},"title":"FEDERICA IN SARDEGNA I Masters a Benken","author":"Leonida Stampanoni","date":"21 Febbraio 2022","format":false,"excerpt":"Nel fine settimana la Selezione Ticino U18 U20 era in trasferta ad Al\u00e0 dei Sardi per il sfidare le selezioni di Liguria Piemonte Sardegna . Tra gli 8 atleti selezionati c'era anche Federica.\u00a0 John Lucia Christian\u00a0 e Kalinka hanno corso invece al cross di Benken gi\u00e0 teatro dei campionati svizzeri\u2026","rel":"","context":"In &quot;Non catalogato&quot;","block_context":{"text":"Non catalogato","link":"https:\/\/uscatletica.ch\/wp\/?cat=6"},"img":{"alt_text":"","src":"https:\/\/i0.wp.com\/uscatletica.ch\/wp\/wp-content\/uploads\/2016\/03\/P1380230.jpg?fit=563%2C422&ssl=1&resize=350%2C200","width":350,"height":200,"srcset":"https:\/\/i0.wp.com\/uscatletica.ch\/wp\/wp-content\/uploads\/2016\/03\/P1380230.jpg?fit=563%2C422&ssl=1&resize=350%2C200 1x, https:\/\/i0.wp.com\/uscatletica.ch\/wp\/wp-content\/uploads\/2016\/03\/P1380230.jpg?fit=563%2C422&ssl=1&resize=525%2C300 1.5x"},"classes":[]},{"id":16662,"url":"https:\/\/uscatletica.ch\/wp\/?p=16662","url_meta":{"origin":16731,"position":4},"title":"A Vezia i campionati ticinesi di cross chiudono la coppa Ticino FTAL AET","author":"Leonida Stampanoni","date":"4 Febbraio 2023","format":false,"excerpt":"Domenica a Vezia in zona Malombra, sul percorso inaugurato lo scorso anno si correranno i campionati ticinesi di cross validi anche come ultima prova di coppa Ticino di cross FTAL AET. Si correr\u00e0 anche per la \u00a0Cross cup di Swiss Athletics. \u00a0L'USC con 65 presenze sar\u00e0 tra le societ\u00e0 pi\u00f9\u2026","rel":"","context":"In &quot;Cross&quot;","block_context":{"text":"Cross","link":"https:\/\/uscatletica.ch\/wp\/?cat=7"},"img":{"alt_text":"","src":"https:\/\/i0.wp.com\/uscatletica.ch\/wp\/wp-content\/uploads\/2022\/12\/Cross-USC-2022-Foto-Elia-Sta-65.jpg?fit=800%2C533&ssl=1&resize=350%2C200","width":350,"height":200,"srcset":"https:\/\/i0.wp.com\/uscatletica.ch\/wp\/wp-content\/uploads\/2022\/12\/Cross-USC-2022-Foto-Elia-Sta-65.jpg?fit=800%2C533&ssl=1&resize=350%2C200 1x, https:\/\/i0.wp.com\/uscatletica.ch\/wp\/wp-content\/uploads\/2022\/12\/Cross-USC-2022-Foto-Elia-Sta-65.jpg?fit=800%2C533&ssl=1&resize=525%2C300 1.5x, https:\/\/i0.wp.com\/uscatletica.ch\/wp\/wp-content\/uploads\/2022\/12\/Cross-USC-2022-Foto-Elia-Sta-65.jpg?fit=800%2C533&ssl=1&resize=700%2C400 2x"},"classes":[]},{"id":14293,"url":"https:\/\/uscatletica.ch\/wp\/?p=14293","url_meta":{"origin":16731,"position":5},"title":"Fine settimana tra San Gallo e la Sardegna","author":"Leonida Stampanoni","date":"18 Febbraio 2022","format":false,"excerpt":"Due atlete in gara nel fine settimana in appuntamenti di grande prestigio : all'Athletikzentrum St. Gallen ci saranno i campionati svizzeri giovanili indoor tra le 33 presenze ticinesi c'\u00e8 anche la nostra Matilda al via sui 60 m. \u00a0La FTAL ha convocato 8 giovani leve per la Selezione Ticino di\u2026","rel":"","context":"In &quot;Cross&quot;","block_context":{"text":"Cross","link":"https:\/\/uscatletica.ch\/wp\/?cat=7"},"img":{"alt_text":"","src":"https:\/\/i0.wp.com\/uscatletica.ch\/wp\/wp-content\/uploads\/2021\/11\/211113podiou18w.jpeg?fit=324%2C432&ssl=1&resize=350%2C200","width":350,"height":200},"classes":[]}],"_links":{"self":[{"href":"https:\/\/uscatletica.ch\/wp\/index.php?rest_route=\/wp\/v2\/posts\/16731","targetHints":{"allow":["GET"]}}],"collection":[{"href":"https:\/\/uscatletica.ch\/wp\/index.php?rest_route=\/wp\/v2\/posts"}],"about":[{"href":"https:\/\/uscatletica.ch\/wp\/index.php?rest_route=\/wp\/v2\/types\/post"}],"author":[{"embeddable":true,"href":"https:\/\/uscatletica.ch\/wp\/index.php?rest_route=\/wp\/v2\/users\/4"}],"replies":[{"embeddable":true,"href":"https:\/\/uscatletica.ch\/wp\/index.php?rest_route=%2Fwp%2Fv2%2Fcomments&post=16731"}],"version-history":[{"count":2,"href":"https:\/\/uscatletica.ch\/wp\/index.php?rest_route=\/wp\/v2\/posts\/16731\/revisions"}],"predecessor-version":[{"id":16736,"href":"https:\/\/uscatletica.ch\/wp\/index.php?rest_route=\/wp\/v2\/posts\/16731\/revisions\/16736"}],"wp:featuredmedia":[{"embeddable":true,"href":"https:\/\/uscatletica.ch\/wp\/index.php?rest_route=\/wp\/v2\/media\/15346"}],"wp:attachment":[{"href":"https:\/\/uscatletica.ch\/wp\/index.php?rest_route=%2Fwp%2Fv2%2Fmedia&parent=16731"}],"wp:term":[{"taxonomy":"category","embeddable":true,"href":"https:\/\/uscatletica.ch\/wp\/index.php?rest_route=%2Fwp%2Fv2%2Fcategories&post=16731"},{"taxonomy":"post_tag","embeddable":true,"href":"https:\/\/uscatletica.ch\/wp\/index.php?rest_route=%2Fwp%2Fv2%2Ftags&post=16731"}],"curies":[{"name":"wp","href":"https:\/\/api.w.org\/{rel}","templated":true}]}}