{"id":16744,"date":"2023-02-27T08:31:47","date_gmt":"2023-02-27T07:31:47","guid":{"rendered":"https:\/\/uscatletica.ch\/wp\/?p=16744"},"modified":"2023-02-27T08:35:03","modified_gmt":"2023-02-27T07:35:03","slug":"staffetta-capriaschese-il-26-marzo","status":"publish","type":"post","link":"https:\/\/uscatletica.ch\/wp\/?p=16744","title":{"rendered":"STAFFETTA CAPRIASCHESE il 26 marzo"},"content":{"rendered":"\n<p>Ecco il programma della <strong>STAFFETTA CAPRIASCHESE per le vie di Tesserete<\/strong><\/p>\n<p><strong>di DOMENICA 26 marzo 2023 e <\/strong>valevole per il Trofeo ASTi staffette<\/p>\n<h3><strong><span style=\"color: #ff0000;\"><a style=\"color: #ff0000;\" href=\"https:\/\/uscatletica.ch\/wp\/?page_id=288\">-&gt; LINK<\/a><\/span><\/strong><\/h3>\n","protected":false},"excerpt":{"rendered":"<p>Ecco il programma della STAFFETTA CAPRIASCHESE per le vie di Tesserete di DOMENICA 26 marzo 2023 e valevole per il Trofeo ASTi staffette -&gt; LINK<\/p>\n","protected":false},"author":3,"featured_media":16742,"comment_status":"closed","ping_status":"closed","sticky":false,"template":"","format":"standard","meta":{"jetpack_post_was_ever_published":false,"_jetpack_newsletter_access":"","_jetpack_dont_email_post_to_subs":false,"_jetpack_newsletter_tier_id":0,"_jetpack_memberships_contains_paywalled_content":false,"_jetpack_memberships_contains_paid_content":false,"footnotes":"","jetpack_publicize_message":"","jetpack_publicize_feature_enabled":true,"jetpack_social_post_already_shared":false,"jetpack_social_options":{"image_generator_settings":{"template":"highway","default_image_id":0,"font":"","enabled":false},"version":2}},"categories":[12,10,9,8],"tags":[],"class_list":["post-16744","post","type-post","status-publish","format-standard","has-post-thumbnail","hentry","category-nostregare","category-info","category-sport","category-staffette"],"jetpack_publicize_connections":[],"jetpack_featured_media_url":"https:\/\/i0.wp.com\/uscatletica.ch\/wp\/wp-content\/uploads\/2023\/02\/staffUSCprogramma2023-1.jpg?fit=589%2C836&ssl=1","jetpack_sharing_enabled":true,"jetpack_shortlink":"https:\/\/wp.me\/p6V7Ck-4m4","jetpack-related-posts":[{"id":1001,"url":"https:\/\/uscatletica.ch\/wp\/?p=1001","url_meta":{"origin":16744,"position":0},"title":"La Staffetta Capriaschese lancia il TAS (Benvenuti a Tesserete)","author":"Leonida Stampanoni","date":"17 Marzo 2016","format":false,"excerpt":"L'USC CAPRIASCHESE AUGURA A TUTTI UNA SPLENDIDA STAFFETTA CAPRIASCHESE ED A TUTTI I PAP\u00c0 UN SERENA FESTA Una splendida giornata di primavera sar\u00e0 la cornice ideale della prima staffetta del TAS 2016 L'USC ha il piacere di inaugurare il\u00a0Trofeo Asti Staffette\u00a02016, la 43a\u00a0edizione della Staffetta Capriaschese animer\u00e0 sabato 19 marzo\u2026","rel":"","context":"In &quot;Staffette&quot;","block_context":{"text":"Staffette","link":"https:\/\/uscatletica.ch\/wp\/?cat=8"},"img":{"alt_text":"","src":"https:\/\/i0.wp.com\/uscatletica.ch\/wp\/wp-content\/uploads\/2016\/03\/P1280835.jpg?fit=600%2C450&ssl=1&resize=350%2C200","width":350,"height":200,"srcset":"https:\/\/i0.wp.com\/uscatletica.ch\/wp\/wp-content\/uploads\/2016\/03\/P1280835.jpg?fit=600%2C450&ssl=1&resize=350%2C200 1x, https:\/\/i0.wp.com\/uscatletica.ch\/wp\/wp-content\/uploads\/2016\/03\/P1280835.jpg?fit=600%2C450&ssl=1&resize=525%2C300 1.5x"},"classes":[]},{"id":3748,"url":"https:\/\/uscatletica.ch\/wp\/?p=3748","url_meta":{"origin":16744,"position":1},"title":"44 Staffetta Capriaschese Trofeo Giovanni Quadri (ORA LEGALE)","author":"Leonida Stampanoni","date":"17 Marzo 2017","format":false,"excerpt":"L'USC ha l'onore di inaugurare la stagione 2017 del Trofeo ASTi staffette\u00a0con : 44a STAFFETTA CAPRIASCHESE\u00a0 TROFEO IMPRESA GIOVANNI QUADRI Domenica 26\u00a0Marzo 2017 (cambio ora legale ) \u00a0 \u00a0 Il prgoramma 2017 \u00a0 \u00a0 ARCHIVIO RISULTATI \u00a02003 \u00a02004 \u00a02005 2006 2007 2008 2009 2010 2011 2012 \u00a0\u00a02013 \u00a02014 2015 \u00a02016\u2026","rel":"","context":"In &quot;Staffette&quot;","block_context":{"text":"Staffette","link":"https:\/\/uscatletica.ch\/wp\/?cat=8"},"img":{"alt_text":"","src":"https:\/\/i0.wp.com\/uscatletica.ch\/wp\/wp-content\/uploads\/2017\/02\/uckbuttikon17copert.jpg?fit=517%2C417&ssl=1&resize=350%2C200","width":350,"height":200},"classes":[]},{"id":16830,"url":"https:\/\/uscatletica.ch\/wp\/?p=16830","url_meta":{"origin":16744,"position":2},"title":"La Staffetta Capriaschese lancia il TAS","author":"Stampa E","date":"24 Marzo 2023","format":false,"excerpt":"Una rinnovata Staffetta Capriaschese lancer\u00e0 la stagione del Trofeo ASTi BancaStato Staffette. L\u2019USC \u00e8 pronta ad accogliere i concorrenti sul circuito di Tesserete. Per le categorie giovanili la novit\u00e0 \u00e8 la parificazione delle distanze tra maschi e femmine. Le attive invece debutteranno nella spettacolare americana a coppie sulla distanza di\u2026","rel":"","context":"In &quot;I nostri appuntamenti&quot;","block_context":{"text":"I nostri appuntamenti","link":"https:\/\/uscatletica.ch\/wp\/?cat=12"},"img":{"alt_text":"","src":"https:\/\/i0.wp.com\/uscatletica.ch\/wp\/wp-content\/uploads\/2023\/03\/StaffettaUSC22-Foto-USC-ES-1-scaled.jpg?fit=1200%2C817&ssl=1&resize=350%2C200","width":350,"height":200,"srcset":"https:\/\/i0.wp.com\/uscatletica.ch\/wp\/wp-content\/uploads\/2023\/03\/StaffettaUSC22-Foto-USC-ES-1-scaled.jpg?fit=1200%2C817&ssl=1&resize=350%2C200 1x, https:\/\/i0.wp.com\/uscatletica.ch\/wp\/wp-content\/uploads\/2023\/03\/StaffettaUSC22-Foto-USC-ES-1-scaled.jpg?fit=1200%2C817&ssl=1&resize=525%2C300 1.5x, https:\/\/i0.wp.com\/uscatletica.ch\/wp\/wp-content\/uploads\/2023\/03\/StaffettaUSC22-Foto-USC-ES-1-scaled.jpg?fit=1200%2C817&ssl=1&resize=700%2C400 2x, https:\/\/i0.wp.com\/uscatletica.ch\/wp\/wp-content\/uploads\/2023\/03\/StaffettaUSC22-Foto-USC-ES-1-scaled.jpg?fit=1200%2C817&ssl=1&resize=1050%2C600 3x"},"classes":[]},{"id":20702,"url":"https:\/\/uscatletica.ch\/wp\/?p=20702","url_meta":{"origin":16744,"position":3},"title":"UNA SETTIMANA ALLA 50ma STAFFETTA CAPRIASCHESE","author":"Leonida Stampanoni","date":"22 Marzo 2025","format":false,"excerpt":"50a\u00a0STAFFETTA CAPRIASCHESE \u00a0 Domenica 30 marzo, dopo il passaggio all'ora legale, L'USC accoglier\u00e0 i partecipanti alla 50esima edizione della Staffetta Capriaschese Trofeo Giovanni Quadri. Nato a met\u00e0 anni 70' attorno al Lago d'Origlio la manifestazione a partire dalla fine degli anni 80' \u00e8 cresciuta attorno al nucleo di Tesserete. L'edizione\u2026","rel":"","context":"In &quot;Altro&quot;","block_context":{"text":"Altro","link":"https:\/\/uscatletica.ch\/wp\/?cat=11"},"img":{"alt_text":"","src":"https:\/\/i0.wp.com\/uscatletica.ch\/wp\/wp-content\/uploads\/2025\/03\/LGOG59CAORUASCHESE.jpg?fit=575%2C280&ssl=1&resize=350%2C200","width":350,"height":200,"srcset":"https:\/\/i0.wp.com\/uscatletica.ch\/wp\/wp-content\/uploads\/2025\/03\/LGOG59CAORUASCHESE.jpg?fit=575%2C280&ssl=1&resize=350%2C200 1x, https:\/\/i0.wp.com\/uscatletica.ch\/wp\/wp-content\/uploads\/2025\/03\/LGOG59CAORUASCHESE.jpg?fit=575%2C280&ssl=1&resize=525%2C300 1.5x"},"classes":[]},{"id":11853,"url":"https:\/\/uscatletica.ch\/wp\/?p=11853","url_meta":{"origin":16744,"position":4},"title":"Annullamento Staffetta Capriaschese","author":"Leonida Stampanoni","date":"26 Febbraio 2021","format":false,"excerpt":"\u201cA seguito delle direttive emanate dal Consiglio Federale il 24.2.2021, l\u2019Unione Sportiva Capriaschese, ritenendo impossibile precludere l'accesso all'area di gara ai non partecipanti, ha deciso di annullare la Staffetta Capriaschese Trofeo G. Quadri, prevista per il 14 marzo 2021. \u00a0 L\u2019USC si augura di poter organizzare nel corso del 2022\u2026","rel":"","context":"In &quot;I nostri appuntamenti&quot;","block_context":{"text":"I nostri appuntamenti","link":"https:\/\/uscatletica.ch\/wp\/?cat=12"},"img":{"alt_text":"","src":"","width":0,"height":0},"classes":[]},{"id":14360,"url":"https:\/\/uscatletica.ch\/wp\/?p=14360","url_meta":{"origin":16744,"position":5},"title":"Domenica 27 marzo la Staffetta capriaschese","author":"Stampa E","date":"22 Marzo 2022","format":false,"excerpt":"L\u2019Unione Sportiva Capriaschese ricroda la 47a edizione della Staffetta Capriaschese, Trofeo G. Quadri, valevole per il trofeo ASTI staffette, prevista a Tesserete DOMENICA 27 marzo 2022ATTENZIONE: cambiamento dell\u2019ora (spostare avanti di un'ora gli orologi!) Vai alla pagina della staffetta con programma e regolamento Lui&Lei. Come da programma ci sar\u00e0 anche\u2026","rel":"","context":"In &quot;I nostri appuntamenti&quot;","block_context":{"text":"I nostri appuntamenti","link":"https:\/\/uscatletica.ch\/wp\/?cat=12"},"img":{"alt_text":"","src":"https:\/\/i0.wp.com\/uscatletica.ch\/wp\/wp-content\/uploads\/2022\/03\/staff-USC-programma2022.jpg?fit=852%2C861&ssl=1&resize=350%2C200","width":350,"height":200,"srcset":"https:\/\/i0.wp.com\/uscatletica.ch\/wp\/wp-content\/uploads\/2022\/03\/staff-USC-programma2022.jpg?fit=852%2C861&ssl=1&resize=350%2C200 1x, https:\/\/i0.wp.com\/uscatletica.ch\/wp\/wp-content\/uploads\/2022\/03\/staff-USC-programma2022.jpg?fit=852%2C861&ssl=1&resize=525%2C300 1.5x, https:\/\/i0.wp.com\/uscatletica.ch\/wp\/wp-content\/uploads\/2022\/03\/staff-USC-programma2022.jpg?fit=852%2C861&ssl=1&resize=700%2C400 2x"},"classes":[]}],"_links":{"self":[{"href":"https:\/\/uscatletica.ch\/wp\/index.php?rest_route=\/wp\/v2\/posts\/16744","targetHints":{"allow":["GET"]}}],"collection":[{"href":"https:\/\/uscatletica.ch\/wp\/index.php?rest_route=\/wp\/v2\/posts"}],"about":[{"href":"https:\/\/uscatletica.ch\/wp\/index.php?rest_route=\/wp\/v2\/types\/post"}],"author":[{"embeddable":true,"href":"https:\/\/uscatletica.ch\/wp\/index.php?rest_route=\/wp\/v2\/users\/3"}],"replies":[{"embeddable":true,"href":"https:\/\/uscatletica.ch\/wp\/index.php?rest_route=%2Fwp%2Fv2%2Fcomments&post=16744"}],"version-history":[{"count":3,"href":"https:\/\/uscatletica.ch\/wp\/index.php?rest_route=\/wp\/v2\/posts\/16744\/revisions"}],"predecessor-version":[{"id":16747,"href":"https:\/\/uscatletica.ch\/wp\/index.php?rest_route=\/wp\/v2\/posts\/16744\/revisions\/16747"}],"wp:featuredmedia":[{"embeddable":true,"href":"https:\/\/uscatletica.ch\/wp\/index.php?rest_route=\/wp\/v2\/media\/16742"}],"wp:attachment":[{"href":"https:\/\/uscatletica.ch\/wp\/index.php?rest_route=%2Fwp%2Fv2%2Fmedia&parent=16744"}],"wp:term":[{"taxonomy":"category","embeddable":true,"href":"https:\/\/uscatletica.ch\/wp\/index.php?rest_route=%2Fwp%2Fv2%2Fcategories&post=16744"},{"taxonomy":"post_tag","embeddable":true,"href":"https:\/\/uscatletica.ch\/wp\/index.php?rest_route=%2Fwp%2Fv2%2Ftags&post=16744"}],"curies":[{"name":"wp","href":"https:\/\/api.w.org\/{rel}","templated":true}]}}