{"id":16826,"date":"2023-03-24T09:23:30","date_gmt":"2023-03-24T08:23:30","guid":{"rendered":"https:\/\/uscatletica.ch\/wp\/?p=16826"},"modified":"2023-03-24T09:24:06","modified_gmt":"2023-03-24T08:24:06","slug":"ora-legale-3","status":"publish","type":"post","link":"https:\/\/uscatletica.ch\/wp\/?p=16826","title":{"rendered":"ORA LEGALE"},"content":{"rendered":"\n<p>La primvera avanza<\/p>\n<p>Sabato si celebra<a href=\"https:\/\/uscatletica.ch\/wp\/?p=16768\" target=\"_blank\" rel=\"noopener\"> l&#8217;USC con l&#8217;assemblea e la cena magica<\/a>\u00a0.Domenica il <a href=\"https:\/\/uscatletica.ch\/wp\/?p=16744\" target=\"_blank\" rel=\"noopener\">TAS debutta con la Staffetta<\/a> Capriaschese .Domenica campionati svizzeri di 10 km a Uster ma come sempre a fine marzo arriva<\/p>\n<h1 style=\"text-align: center;\">L&#8217;ora Legale<\/h1>\n<h1 style=\"text-align: center;\">SABATO NOTTE<br \/><span style=\"font-size: x-large;\">RICORDATEVI DI SPOSTARE I VOSTRI MARCATEMPO AVANTI \u00a0DI UN&#8217;ORA<\/span><\/h1>\n\n\n\n<p><a href=\"https:\/\/i0.wp.com\/uscatletica.ch\/wp\/wp-content\/uploads\/2023\/03\/meridianasolare.jpeg?ssl=1\"><img data-recalc-dims=\"1\" loading=\"lazy\" decoding=\"async\" data-attachment-id=\"16827\" data-permalink=\"https:\/\/uscatletica.ch\/wp\/?attachment_id=16827\" data-orig-file=\"https:\/\/i0.wp.com\/uscatletica.ch\/wp\/wp-content\/uploads\/2023\/03\/meridianasolare.jpeg?fit=1000%2C700&amp;ssl=1\" data-orig-size=\"1000,700\" data-comments-opened=\"0\" data-image-meta=\"{&quot;aperture&quot;:&quot;0&quot;,&quot;credit&quot;:&quot;&quot;,&quot;camera&quot;:&quot;&quot;,&quot;caption&quot;:&quot;&quot;,&quot;created_timestamp&quot;:&quot;0&quot;,&quot;copyright&quot;:&quot;&quot;,&quot;focal_length&quot;:&quot;0&quot;,&quot;iso&quot;:&quot;0&quot;,&quot;shutter_speed&quot;:&quot;0&quot;,&quot;title&quot;:&quot;&quot;,&quot;orientation&quot;:&quot;0&quot;}\" data-image-title=\"meridianasolare\" data-image-description=\"\" data-image-caption=\"\" data-large-file=\"https:\/\/i0.wp.com\/uscatletica.ch\/wp\/wp-content\/uploads\/2023\/03\/meridianasolare.jpeg?fit=640%2C448&amp;ssl=1\" class=\"alignnone size-medium wp-image-16827\" src=\"https:\/\/i0.wp.com\/uscatletica.ch\/wp\/wp-content\/uploads\/2023\/03\/meridianasolare.jpeg?resize=300%2C210&#038;ssl=1\" alt=\"\" width=\"300\" height=\"210\" srcset=\"https:\/\/i0.wp.com\/uscatletica.ch\/wp\/wp-content\/uploads\/2023\/03\/meridianasolare.jpeg?resize=300%2C210&amp;ssl=1 300w, https:\/\/i0.wp.com\/uscatletica.ch\/wp\/wp-content\/uploads\/2023\/03\/meridianasolare.jpeg?resize=768%2C538&amp;ssl=1 768w, https:\/\/i0.wp.com\/uscatletica.ch\/wp\/wp-content\/uploads\/2023\/03\/meridianasolare.jpeg?resize=200%2C140&amp;ssl=1 200w, https:\/\/i0.wp.com\/uscatletica.ch\/wp\/wp-content\/uploads\/2023\/03\/meridianasolare.jpeg?w=1000&amp;ssl=1 1000w\" sizes=\"auto, (max-width: 300px) 100vw, 300px\" \/><\/a><\/p>\n","protected":false},"excerpt":{"rendered":"<p>La primvera avanza Sabato si celebra l&#8217;USC con l&#8217;assemblea e la cena magica\u00a0.Domenica il TAS debutta con la Staffetta Capriaschese .Domenica campionati svizzeri di 10 km a Uster ma come sempre a fine marzo arriva L&#8217;ora Legale SABATO NOTTERICORDATEVI DI SPOSTARE I VOSTRI MARCATEMPO AVANTI \u00a0DI UN&#8217;ORA<\/p>\n","protected":false},"author":4,"featured_media":16827,"comment_status":"closed","ping_status":"closed","sticky":false,"template":"","format":"standard","meta":{"jetpack_post_was_ever_published":false,"_jetpack_newsletter_access":"","_jetpack_dont_email_post_to_subs":false,"_jetpack_newsletter_tier_id":0,"_jetpack_memberships_contains_paywalled_content":false,"_jetpack_memberships_contains_paid_content":false,"footnotes":"","jetpack_publicize_message":"","jetpack_publicize_feature_enabled":true,"jetpack_social_post_already_shared":false,"jetpack_social_options":{"image_generator_settings":{"template":"highway","default_image_id":0,"font":"","enabled":false},"version":2}},"categories":[11,30,12,10,9],"tags":[],"class_list":["post-16826","post","type-post","status-publish","format-standard","has-post-thumbnail","hentry","category-altro","category-diversi","category-nostregare","category-info","category-sport"],"jetpack_publicize_connections":[],"jetpack_featured_media_url":"https:\/\/i0.wp.com\/uscatletica.ch\/wp\/wp-content\/uploads\/2023\/03\/meridianasolare.jpeg?fit=1000%2C700&ssl=1","jetpack_sharing_enabled":true,"jetpack_shortlink":"https:\/\/wp.me\/p6V7Ck-4no","jetpack-related-posts":[{"id":5738,"url":"https:\/\/uscatletica.ch\/wp\/?p=5738","url_meta":{"origin":16826,"position":0},"title":"Ora legale","author":"Leonida Stampanoni","date":"23 Marzo 2018","format":false,"excerpt":"La primvera avanza Sabato Debutta il TAS a Mendrisio\u00a0 , si corrono i campionati del mondo di mezza maratona a Valencia con al via gli svizzeri Julien Wanders e Fabienne Schlumpf .Domenica campionati svizzeri di 10 km a Oberriet\u00a0 e la finale della UBS KIDS CUP a Kreuzlingen\u00a0 ma come\u2026","rel":"","context":"In &quot;Diversi&quot;","block_context":{"text":"Diversi","link":"https:\/\/uscatletica.ch\/wp\/?cat=30"},"img":{"alt_text":"","src":"https:\/\/i0.wp.com\/uscatletica.ch\/wp\/wp-content\/uploads\/2017\/04\/P1450746.jpg?fit=563%2C422&ssl=1&resize=350%2C200","width":350,"height":200,"srcset":"https:\/\/i0.wp.com\/uscatletica.ch\/wp\/wp-content\/uploads\/2017\/04\/P1450746.jpg?fit=563%2C422&ssl=1&resize=350%2C200 1x, https:\/\/i0.wp.com\/uscatletica.ch\/wp\/wp-content\/uploads\/2017\/04\/P1450746.jpg?fit=563%2C422&ssl=1&resize=525%2C300 1.5x"},"classes":[]},{"id":1094,"url":"https:\/\/uscatletica.ch\/wp\/?p=1094","url_meta":{"origin":16826,"position":1},"title":"ARRIVA L&#8217;ORA LEGALE CINEMA E ATLETICA","author":"Leonida Stampanoni","date":"29 Ottobre 2016","format":false,"excerpt":"Arriva novembre come d'abitudine si torna all'ora legale nella notte tra sabato 29 ottobre e domenica 30 si guadagna un' ora di Sonno RICORDATEVI DI SPOSTARE I VOSTRI MARCATEMPO INDIETRO DI UN'ORA Lunedi 31 Ottobre Su RSI LA1 \u00a0alle 21.00 la corsa campestre incontra il cinema per il film McFarland\u2026","rel":"","context":"In &quot;Diversi&quot;","block_context":{"text":"Diversi","link":"https:\/\/uscatletica.ch\/wp\/?cat=30"},"img":{"alt_text":"","src":"https:\/\/i0.wp.com\/uscatletica.ch\/wp\/wp-content\/uploads\/2016\/10\/mcfarlandusa2015and.jpg?fit=542%2C321&ssl=1&resize=350%2C200","width":350,"height":200,"srcset":"https:\/\/i0.wp.com\/uscatletica.ch\/wp\/wp-content\/uploads\/2016\/10\/mcfarlandusa2015and.jpg?fit=542%2C321&ssl=1&resize=350%2C200 1x, https:\/\/i0.wp.com\/uscatletica.ch\/wp\/wp-content\/uploads\/2016\/10\/mcfarlandusa2015and.jpg?fit=542%2C321&ssl=1&resize=525%2C300 1.5x"},"classes":[]},{"id":3776,"url":"https:\/\/uscatletica.ch\/wp\/?p=3776","url_meta":{"origin":16826,"position":2},"title":"La staffetta Capriaschese lancia il TAS 2017 Attenzione Ora Legale orologi avanti  1 ora","author":"Leonida Stampanoni","date":"22 Marzo 2017","format":false,"excerpt":"Domenica a Tesserete l'USC avr\u00e0 l'onore di aprire la 15 stagione del TAS che assegner\u00e0 il supertrofeo ed i 6 trofei di categorie. La nostra staffetta nata nel 1974 sul lago d'Origlio si disputa da oramai una ventina d'anni nel centro di Tesserete. \u00a0Alle 14.30, attenzione nella notte \u00a0ci sar\u00e0\u2026","rel":"","context":"In &quot;Staffette&quot;","block_context":{"text":"Staffette","link":"https:\/\/uscatletica.ch\/wp\/?cat=8"},"img":{"alt_text":"","src":"https:\/\/i0.wp.com\/uscatletica.ch\/wp\/wp-content\/uploads\/2015\/11\/percorsostaffetta.png?fit=640%2C378&ssl=1&resize=350%2C200","width":350,"height":200,"srcset":"https:\/\/i0.wp.com\/uscatletica.ch\/wp\/wp-content\/uploads\/2015\/11\/percorsostaffetta.png?fit=640%2C378&ssl=1&resize=350%2C200 1x, https:\/\/i0.wp.com\/uscatletica.ch\/wp\/wp-content\/uploads\/2015\/11\/percorsostaffetta.png?fit=640%2C378&ssl=1&resize=525%2C300 1.5x"},"classes":[]},{"id":3748,"url":"https:\/\/uscatletica.ch\/wp\/?p=3748","url_meta":{"origin":16826,"position":3},"title":"44 Staffetta Capriaschese Trofeo Giovanni Quadri (ORA LEGALE)","author":"Leonida Stampanoni","date":"17 Marzo 2017","format":false,"excerpt":"L'USC ha l'onore di inaugurare la stagione 2017 del Trofeo ASTi staffette\u00a0con : 44a STAFFETTA CAPRIASCHESE\u00a0 TROFEO IMPRESA GIOVANNI QUADRI Domenica 26\u00a0Marzo 2017 (cambio ora legale ) \u00a0 \u00a0 Il prgoramma 2017 \u00a0 \u00a0 ARCHIVIO RISULTATI \u00a02003 \u00a02004 \u00a02005 2006 2007 2008 2009 2010 2011 2012 \u00a0\u00a02013 \u00a02014 2015 \u00a02016\u2026","rel":"","context":"In &quot;Staffette&quot;","block_context":{"text":"Staffette","link":"https:\/\/uscatletica.ch\/wp\/?cat=8"},"img":{"alt_text":"","src":"https:\/\/i0.wp.com\/uscatletica.ch\/wp\/wp-content\/uploads\/2017\/02\/uckbuttikon17copert.jpg?fit=517%2C417&ssl=1&resize=350%2C200","width":350,"height":200},"classes":[]},{"id":7488,"url":"https:\/\/uscatletica.ch\/wp\/?p=7488","url_meta":{"origin":16826,"position":4},"title":"La Stagione ASTi parte con il trofeo Quadri e la Sementina San Defendente","author":"Leonida Stampanoni","date":"29 Marzo 2019","format":false,"excerpt":"L'ora Legale SABATO NOTTERICORDATEVI DI SPOSTARE I VOSTRI MARCATEMPO AVANTI \u00a0DI UN'ORA Con il salto nell'ora Legale parte anche la Stagione ASTi delle gare fuori pista. Il Trofeo ASTi Staffette parte con la Staffetta Capriaschese che assegner\u00e0 il Trofeo impresa costruzioni Giovanni Quadri. Siamo pronti ad accogliere sule strade di\u2026","rel":"","context":"In &quot;I nostri appuntamenti&quot;","block_context":{"text":"I nostri appuntamenti","link":"https:\/\/uscatletica.ch\/wp\/?cat=12"},"img":{"alt_text":"","src":"https:\/\/i0.wp.com\/uscatletica.ch\/wp\/wp-content\/uploads\/2018\/04\/tgq18U0810-1.jpg?fit=562%2C273&ssl=1&resize=350%2C200","width":350,"height":200,"srcset":"https:\/\/i0.wp.com\/uscatletica.ch\/wp\/wp-content\/uploads\/2018\/04\/tgq18U0810-1.jpg?fit=562%2C273&ssl=1&resize=350%2C200 1x, https:\/\/i0.wp.com\/uscatletica.ch\/wp\/wp-content\/uploads\/2018\/04\/tgq18U0810-1.jpg?fit=562%2C273&ssl=1&resize=525%2C300 1.5x"},"classes":[]},{"id":20702,"url":"https:\/\/uscatletica.ch\/wp\/?p=20702","url_meta":{"origin":16826,"position":5},"title":"UNA SETTIMANA ALLA 50ma STAFFETTA CAPRIASCHESE","author":"Leonida Stampanoni","date":"22 Marzo 2025","format":false,"excerpt":"50a\u00a0STAFFETTA CAPRIASCHESE \u00a0 Domenica 30 marzo, dopo il passaggio all'ora legale, L'USC accoglier\u00e0 i partecipanti alla 50esima edizione della Staffetta Capriaschese Trofeo Giovanni Quadri. Nato a met\u00e0 anni 70' attorno al Lago d'Origlio la manifestazione a partire dalla fine degli anni 80' \u00e8 cresciuta attorno al nucleo di Tesserete. L'edizione\u2026","rel":"","context":"In &quot;Altro&quot;","block_context":{"text":"Altro","link":"https:\/\/uscatletica.ch\/wp\/?cat=11"},"img":{"alt_text":"","src":"https:\/\/i0.wp.com\/uscatletica.ch\/wp\/wp-content\/uploads\/2025\/03\/LGOG59CAORUASCHESE.jpg?fit=575%2C280&ssl=1&resize=350%2C200","width":350,"height":200,"srcset":"https:\/\/i0.wp.com\/uscatletica.ch\/wp\/wp-content\/uploads\/2025\/03\/LGOG59CAORUASCHESE.jpg?fit=575%2C280&ssl=1&resize=350%2C200 1x, https:\/\/i0.wp.com\/uscatletica.ch\/wp\/wp-content\/uploads\/2025\/03\/LGOG59CAORUASCHESE.jpg?fit=575%2C280&ssl=1&resize=525%2C300 1.5x"},"classes":[]}],"_links":{"self":[{"href":"https:\/\/uscatletica.ch\/wp\/index.php?rest_route=\/wp\/v2\/posts\/16826","targetHints":{"allow":["GET"]}}],"collection":[{"href":"https:\/\/uscatletica.ch\/wp\/index.php?rest_route=\/wp\/v2\/posts"}],"about":[{"href":"https:\/\/uscatletica.ch\/wp\/index.php?rest_route=\/wp\/v2\/types\/post"}],"author":[{"embeddable":true,"href":"https:\/\/uscatletica.ch\/wp\/index.php?rest_route=\/wp\/v2\/users\/4"}],"replies":[{"embeddable":true,"href":"https:\/\/uscatletica.ch\/wp\/index.php?rest_route=%2Fwp%2Fv2%2Fcomments&post=16826"}],"version-history":[{"count":2,"href":"https:\/\/uscatletica.ch\/wp\/index.php?rest_route=\/wp\/v2\/posts\/16826\/revisions"}],"predecessor-version":[{"id":16829,"href":"https:\/\/uscatletica.ch\/wp\/index.php?rest_route=\/wp\/v2\/posts\/16826\/revisions\/16829"}],"wp:featuredmedia":[{"embeddable":true,"href":"https:\/\/uscatletica.ch\/wp\/index.php?rest_route=\/wp\/v2\/media\/16827"}],"wp:attachment":[{"href":"https:\/\/uscatletica.ch\/wp\/index.php?rest_route=%2Fwp%2Fv2%2Fmedia&parent=16826"}],"wp:term":[{"taxonomy":"category","embeddable":true,"href":"https:\/\/uscatletica.ch\/wp\/index.php?rest_route=%2Fwp%2Fv2%2Fcategories&post=16826"},{"taxonomy":"post_tag","embeddable":true,"href":"https:\/\/uscatletica.ch\/wp\/index.php?rest_route=%2Fwp%2Fv2%2Ftags&post=16826"}],"curies":[{"name":"wp","href":"https:\/\/api.w.org\/{rel}","templated":true}]}}