{"id":16830,"date":"2023-03-24T09:34:37","date_gmt":"2023-03-24T08:34:37","guid":{"rendered":"https:\/\/uscatletica.ch\/wp\/?p=16830"},"modified":"2023-03-24T15:49:51","modified_gmt":"2023-03-24T14:49:51","slug":"il-tas-parte-dalla-staffetta-capriaschese","status":"publish","type":"post","link":"https:\/\/uscatletica.ch\/wp\/?p=16830","title":{"rendered":"La Staffetta Capriaschese lancia il TAS"},"content":{"rendered":"\n<p>Una rinnovata Staffetta Capriaschese lancer\u00e0 la stagione del <a href=\"https:\/\/asti-ticino.ch\/asti-new\/staffette\" target=\"_blank\" rel=\"noopener\">Trofeo ASTi BancaStato Staffette.<\/a> L\u2019USC \u00e8 pronta ad accogliere i concorrenti sul circuito di Tesserete. Per le categorie giovanili la novit\u00e0 \u00e8 la parificazione delle distanze tra maschi e femmine. Le attive invece debutteranno nella spettacolare americana a coppie sulla distanza di sei giri. A chiudere la manifestazione sar\u00e0 invece la tradizionale prova maschile sugli 8 giri.\u00a0<\/p>\n<h2><span style=\"color: #ff0000;\"><strong><span style=\"text-decoration: underline;\"><a style=\"color: #ff0000; text-decoration: underline;\" href=\"https:\/\/uscatletica.ch\/wp\/?page_id=288\">-&gt; Pagina staffetta con programma, archivio e primati<\/a><\/span><\/strong><\/span><\/h2>\n<h1>ATTENZIONE AL CAMBIO DELL&#8217;ORA <\/h1>\n<p><a href=\"https:\/\/i0.wp.com\/uscatletica.ch\/wp\/wp-content\/uploads\/2023\/02\/staffUSCprogramma2023-1.jpg?ssl=1\"><img data-recalc-dims=\"1\" loading=\"lazy\" decoding=\"async\" data-attachment-id=\"16742\" data-permalink=\"https:\/\/uscatletica.ch\/wp\/?attachment_id=16742\" data-orig-file=\"https:\/\/i0.wp.com\/uscatletica.ch\/wp\/wp-content\/uploads\/2023\/02\/staffUSCprogramma2023-1.jpg?fit=589%2C836&amp;ssl=1\" data-orig-size=\"589,836\" data-comments-opened=\"0\" data-image-meta=\"{&quot;aperture&quot;:&quot;0&quot;,&quot;credit&quot;:&quot;Lenovo&quot;,&quot;camera&quot;:&quot;&quot;,&quot;caption&quot;:&quot;&quot;,&quot;created_timestamp&quot;:&quot;1676712503&quot;,&quot;copyright&quot;:&quot;&quot;,&quot;focal_length&quot;:&quot;0&quot;,&quot;iso&quot;:&quot;0&quot;,&quot;shutter_speed&quot;:&quot;0&quot;,&quot;title&quot;:&quot;&quot;,&quot;orientation&quot;:&quot;0&quot;}\" data-image-title=\"staffUSCprogramma2023-1\" data-image-description=\"\" data-image-caption=\"\" data-large-file=\"https:\/\/i0.wp.com\/uscatletica.ch\/wp\/wp-content\/uploads\/2023\/02\/staffUSCprogramma2023-1.jpg?fit=589%2C836&amp;ssl=1\" class=\"alignnone size-medium wp-image-16742\" src=\"https:\/\/i0.wp.com\/uscatletica.ch\/wp\/wp-content\/uploads\/2023\/02\/staffUSCprogramma2023-1.jpg?resize=211%2C300&#038;ssl=1\" sizes=\"auto, (max-width: 211px) 100vw, 211px\" srcset=\"https:\/\/uscatletica.ch\/wp\/wp-content\/uploads\/2023\/02\/staffUSCprogramma2023-1-211x300.jpg 211w, https:\/\/uscatletica.ch\/wp\/wp-content\/uploads\/2023\/02\/staffUSCprogramma2023-1.jpg 589w\" alt=\"\" width=\"211\" height=\"300\" \/><\/a> <a href=\"https:\/\/i0.wp.com\/uscatletica.ch\/wp\/wp-content\/uploads\/2023\/02\/staffUSCprogramma2023-2.jpg?ssl=1\"><img data-recalc-dims=\"1\" loading=\"lazy\" decoding=\"async\" data-attachment-id=\"16741\" data-permalink=\"https:\/\/uscatletica.ch\/wp\/?attachment_id=16741\" data-orig-file=\"https:\/\/i0.wp.com\/uscatletica.ch\/wp\/wp-content\/uploads\/2023\/02\/staffUSCprogramma2023-2.jpg?fit=579%2C762&amp;ssl=1\" data-orig-size=\"579,762\" data-comments-opened=\"0\" data-image-meta=\"{&quot;aperture&quot;:&quot;0&quot;,&quot;credit&quot;:&quot;Lenovo&quot;,&quot;camera&quot;:&quot;&quot;,&quot;caption&quot;:&quot;&quot;,&quot;created_timestamp&quot;:&quot;1676712526&quot;,&quot;copyright&quot;:&quot;&quot;,&quot;focal_length&quot;:&quot;0&quot;,&quot;iso&quot;:&quot;0&quot;,&quot;shutter_speed&quot;:&quot;0&quot;,&quot;title&quot;:&quot;&quot;,&quot;orientation&quot;:&quot;0&quot;}\" data-image-title=\"staffUSCprogramma2023-2\" data-image-description=\"\" data-image-caption=\"\" data-large-file=\"https:\/\/i0.wp.com\/uscatletica.ch\/wp\/wp-content\/uploads\/2023\/02\/staffUSCprogramma2023-2.jpg?fit=579%2C762&amp;ssl=1\" class=\"alignnone size-medium wp-image-16741\" src=\"https:\/\/i0.wp.com\/uscatletica.ch\/wp\/wp-content\/uploads\/2023\/02\/staffUSCprogramma2023-2.jpg?resize=228%2C300&#038;ssl=1\" sizes=\"auto, (max-width: 228px) 100vw, 228px\" srcset=\"https:\/\/uscatletica.ch\/wp\/wp-content\/uploads\/2023\/02\/staffUSCprogramma2023-2-228x300.jpg 228w, https:\/\/uscatletica.ch\/wp\/wp-content\/uploads\/2023\/02\/staffUSCprogramma2023-2.jpg 579w\" alt=\"\" width=\"228\" height=\"300\" \/><\/a> <a href=\"https:\/\/i0.wp.com\/uscatletica.ch\/wp\/wp-content\/uploads\/2023\/02\/staffUSCprogramma2023-3.jpg?ssl=1\"><img data-recalc-dims=\"1\" loading=\"lazy\" decoding=\"async\" data-attachment-id=\"16739\" data-permalink=\"https:\/\/uscatletica.ch\/wp\/?attachment_id=16739\" data-orig-file=\"https:\/\/i0.wp.com\/uscatletica.ch\/wp\/wp-content\/uploads\/2023\/02\/staffUSCprogramma2023-3.jpg?fit=663%2C942&amp;ssl=1\" data-orig-size=\"663,942\" data-comments-opened=\"0\" data-image-meta=\"{&quot;aperture&quot;:&quot;0&quot;,&quot;credit&quot;:&quot;Lenovo&quot;,&quot;camera&quot;:&quot;&quot;,&quot;caption&quot;:&quot;&quot;,&quot;created_timestamp&quot;:&quot;1677485627&quot;,&quot;copyright&quot;:&quot;&quot;,&quot;focal_length&quot;:&quot;0&quot;,&quot;iso&quot;:&quot;0&quot;,&quot;shutter_speed&quot;:&quot;0&quot;,&quot;title&quot;:&quot;&quot;,&quot;orientation&quot;:&quot;0&quot;}\" data-image-title=\"staffUSCprogramma2023-3\" data-image-description=\"\" data-image-caption=\"\" data-large-file=\"https:\/\/i0.wp.com\/uscatletica.ch\/wp\/wp-content\/uploads\/2023\/02\/staffUSCprogramma2023-3.jpg?fit=640%2C909&amp;ssl=1\" class=\"alignnone size-medium wp-image-16739\" src=\"https:\/\/i0.wp.com\/uscatletica.ch\/wp\/wp-content\/uploads\/2023\/02\/staffUSCprogramma2023-3.jpg?resize=211%2C300&#038;ssl=1\" sizes=\"auto, (max-width: 211px) 100vw, 211px\" srcset=\"https:\/\/uscatletica.ch\/wp\/wp-content\/uploads\/2023\/02\/staffUSCprogramma2023-3-211x300.jpg 211w, https:\/\/uscatletica.ch\/wp\/wp-content\/uploads\/2023\/02\/staffUSCprogramma2023-3.jpg 663w\" alt=\"\" width=\"211\" height=\"300\" \/><\/a><\/p>\n<h2><span style=\"color: #ff0000;\">Vi aspettiamo numerosi il 26 marzo a Tesserete.<\/span><\/h2>\n<p class=\"western\" lang=\"it-IT\" align=\"justify\">&#8212;&#8212;&#8212;&#8212;&#8212;&#8212;&#8212;&#8212;&#8212;&#8212;&#8212;&#8212;&#8212;&#8212;&#8212;&#8212;&#8212;&#8211;<\/p>\n<p class=\"western\" lang=\"it-IT\" align=\"justify\">Comunicato ASTi del 22.03.2023 _ TROFEO ASTI BancaStato STAFFETTE<\/p>\n<p lang=\"it-IT\" align=\"left\">LA GARA CAPRIASCHESE LANCIA IL TROFEO ASTI BancaStato STAFFETTE<\/p>\n<p class=\"western\" lang=\"it-IT\"><span lang=\"it-IT\">Domenica la 48<\/span><sup><span lang=\"it-IT\">a<\/span><\/sup><span lang=\"it-IT\"> edizione della Staffetta Capriaschese lancer\u00e0 la stagione 2023 dei trofei ASTi, i primi a invadere gioiosamente le strade dei nostri paesi saranno i giovani protagonisti del Trofeo ASTi BancaStato Staffette. Sette i trofei in palio negli otto appuntamenti stagionali sparsi tra i borghi del Sottoceneri che accoglieranno nel loro nucleo oltre 350 partecipanti nelle diverse categorie. Le staffette offrono l\u2019opportunit\u00e0 di scoprire il piacere della corsa abbinato allo spirito di squadra. <\/span><\/p>\n<p class=\"western\" lang=\"it-IT\">Nei cinque appuntamenti primaverili, con tutte le categorie al via, si partir\u00e0 dalla Capriasca dove domenica sono attesi 350 prtecipanti che si daranno battaglia sul circuito di 430 m disegnato nel centro del paese che partendo dal Palazzo Municipale sfiora la chiesa per scendere fino alla Stazione e risalire alla partenza. La novit\u00e0 2023 \u00e8 rappresentata dalla americana a coppie che coinvolger\u00e0 anche la categoria attive con sei giri da affrontare, mentre per gli attivi rimane la classica distanza sugli 8 giri. Le prime gare sono previste alle 14.30 con le gare individuali dedicate ai pi\u00f9 giovani.<\/p>\n<p class=\"western\" lang=\"it-IT\"><span lang=\"it-IT\">Sabato 1\u00b0 aprile il TAS far\u00e0 tappa a Mendrisio con la 38<\/span><sup><span lang=\"it-IT\">a<\/span><\/sup><span lang=\"it-IT\"> edizione della Staffetta del Magnifico Borgo in notturna. La manifestazione permetter\u00e0 di apprezzare la bellezza del nucleo, impreziosito dagli storici trasparenti. Il 22 aprile si correr\u00e0 la Staffetta di Vacallo che s\u2019invola verso la sessantesima edizione. Il 7 maggio ci sar\u00e0 il gradito ritorno della Staffetta AS Monteceneri BancaStato grazie alla passione ed all\u2019entusiasmo della societ\u00e0 dell\u2019alto Vedeggio. <\/span><\/p>\n<p class=\"western\" lang=\"it-IT\"><span lang=\"it-IT\">Il 10 Giugno la 66<\/span><sup><span lang=\"it-IT\">a<\/span><\/sup><span lang=\"it-IT\"> edizione della Staffetta Vigor assegner\u00e0 i trofei delle categorie F15+ e M15+ sommano i due migliori risultati della categoria U16 e della categoria attivi\/e con U18.<\/span><\/p>\n<p class=\"western\" lang=\"it-IT\">In autunno il classico trittico delle staffette scolari permetter\u00e0 ai giovani delle categorie U12 ed U14 di vivere ancora tre gare appassionanti. Si partir\u00e0 dal Mendrisiotto con il doppio appuntamento tra Sagno e Riva San Vitale per concludersi con la Sagra della Staffetta di Isone.<\/p>\n<p class=\"western\" lang=\"it-IT\">Lo scorso anno il Supertrofeo ASTi BancaStato vide il ritorno al successo della SA Massagno che vinse per la sesta volta dopo la cinquina ottenuta tra il 2007 ed il 2011. Ai nastri di partenza tra le favorite le luganesi AS Monteceneri ed US Capriaschese e le mom\u00f2 Vigor Ligornetto ed SFG Chiasso. Le sfide nelle singole categorie permetteranno anche ad altre societ\u00e0 di emergere. Le sfide nelle singole categorie permetteranno anche ad altre societ\u00e0 di emergere.<\/p>\n<p class=\"western\" lang=\"it-IT\">Tutte le informazioni le trovate su <span lang=\"zxx\"><u><a class=\"western\" href=\"http:\/\/www.asti-ticino.ch\/asti-new\/asti\">http:\/\/www.asti-ticino.ch\/asti-new\/asti<\/a><\/u><\/span><\/p>\n<p class=\"western\" lang=\"it-IT\"><strong>Calendario TROFEO ASTI BancaStato STAFFETTE 2023<br \/><\/strong><\/p>\n<p class=\"western\" lang=\"it-IT\">Primavera<\/p>\n<p class=\"western\" lang=\"it-IT\">26.3.2023 48<sup>a<\/sup> Staffetta Capriaschese<\/p>\n<p class=\"western\" lang=\"it-IT\">1.4.2023 38<sup>a <\/sup>Staffetta del Magnifico Borgo<\/p>\n<p class=\"western\" lang=\"it-IT\">22.4.2023 58<sup>a<\/sup> Staffetta di Vacallo<\/p>\n<p class=\"western\" lang=\"it-IT\">7.5.2023 6<sup>a <\/sup>Staffetta AS Monteceneri BancaStato<\/p>\n<p class=\"western\" lang=\"it-IT\">10.6.2023 66<sup>a <\/sup>Staffetta Vigor Ligornetto<\/p>\n<p class=\"western\" lang=\"it-IT\">Autunno, staffette scolari<\/p>\n<p class=\"western\" lang=\"it-IT\">1.10.2023 26<sup>a <\/sup>Staffetta di Sagno<\/p>\n<p class=\"western\" lang=\"it-IT\">8.10.2023 46<sup>a <\/sup>Staffetta Rivense<\/p>\n<p class=\"western\" lang=\"it-IT\">15.10.2023 26<sup>a <\/sup>Staffetta Sagra della Staffetta Isone<\/p>\n","protected":false},"excerpt":{"rendered":"<p>Una rinnovata Staffetta Capriaschese lancer\u00e0 la stagione del Trofeo ASTi BancaStato Staffette. L\u2019USC \u00e8 pronta ad accogliere i concorrenti sul circuito di Tesserete. Per le categorie giovanili la novit\u00e0 \u00e8 la parificazione delle distanze tra maschi e femmine. Le attive invece debutteranno nella spettacolare americana a coppie sulla distanza di sei giri. A chiudere la manifestazione sar\u00e0 invece la tradizionale prova maschile sugli 8 giri.\u00a0 -&gt; Pagina staffetta con programma, archivio e primati ATTENZIONE AL&#8230;<\/p>\n","protected":false},"author":3,"featured_media":16838,"comment_status":"closed","ping_status":"closed","sticky":false,"template":"","format":"standard","meta":{"jetpack_post_was_ever_published":false,"_jetpack_newsletter_access":"","_jetpack_dont_email_post_to_subs":false,"_jetpack_newsletter_tier_id":0,"_jetpack_memberships_contains_paywalled_content":false,"_jetpack_memberships_contains_paid_content":false,"footnotes":"","jetpack_publicize_message":"","jetpack_publicize_feature_enabled":true,"jetpack_social_post_already_shared":false,"jetpack_social_options":{"image_generator_settings":{"template":"highway","default_image_id":0,"font":"","enabled":false},"version":2}},"categories":[12,10,9,8],"tags":[],"class_list":["post-16830","post","type-post","status-publish","format-standard","has-post-thumbnail","hentry","category-nostregare","category-info","category-sport","category-staffette"],"jetpack_publicize_connections":[],"jetpack_featured_media_url":"https:\/\/i0.wp.com\/uscatletica.ch\/wp\/wp-content\/uploads\/2023\/03\/StaffettaUSC22-Foto-USC-ES-1-scaled.jpg?fit=2560%2C1742&ssl=1","jetpack_sharing_enabled":true,"jetpack_shortlink":"https:\/\/wp.me\/p6V7Ck-4ns","jetpack-related-posts":[{"id":14360,"url":"https:\/\/uscatletica.ch\/wp\/?p=14360","url_meta":{"origin":16830,"position":0},"title":"Domenica 27 marzo la Staffetta capriaschese","author":"Stampa E","date":"22 Marzo 2022","format":false,"excerpt":"L\u2019Unione Sportiva Capriaschese ricroda la 47a edizione della Staffetta Capriaschese, Trofeo G. Quadri, valevole per il trofeo ASTI staffette, prevista a Tesserete DOMENICA 27 marzo 2022ATTENZIONE: cambiamento dell\u2019ora (spostare avanti di un'ora gli orologi!) Vai alla pagina della staffetta con programma e regolamento Lui&Lei. Come da programma ci sar\u00e0 anche\u2026","rel":"","context":"In &quot;I nostri appuntamenti&quot;","block_context":{"text":"I nostri appuntamenti","link":"https:\/\/uscatletica.ch\/wp\/?cat=12"},"img":{"alt_text":"","src":"https:\/\/i0.wp.com\/uscatletica.ch\/wp\/wp-content\/uploads\/2022\/03\/staff-USC-programma2022.jpg?fit=852%2C861&ssl=1&resize=350%2C200","width":350,"height":200,"srcset":"https:\/\/i0.wp.com\/uscatletica.ch\/wp\/wp-content\/uploads\/2022\/03\/staff-USC-programma2022.jpg?fit=852%2C861&ssl=1&resize=350%2C200 1x, https:\/\/i0.wp.com\/uscatletica.ch\/wp\/wp-content\/uploads\/2022\/03\/staff-USC-programma2022.jpg?fit=852%2C861&ssl=1&resize=525%2C300 1.5x, https:\/\/i0.wp.com\/uscatletica.ch\/wp\/wp-content\/uploads\/2022\/03\/staff-USC-programma2022.jpg?fit=852%2C861&ssl=1&resize=700%2C400 2x"},"classes":[]},{"id":9001,"url":"https:\/\/uscatletica.ch\/wp\/?p=9001","url_meta":{"origin":16830,"position":1},"title":"Meeting Capriaschese CT Staffetta Olimpionica","author":"Leonida Stampanoni","date":"11 Settembre 2019","format":false,"excerpt":"La 13 edizione del meeting Capriachese \u00e8 pronta siamo lieti di accogliere in Capriasca \u00a0le dodici squadre che si contenderanno i i titoli di campione ticinese. Benvenuti anche tutti gli atleti che gareggeranno nelle gare individuali\u00a0 SAM E GAB Trionfano nella staffetta olimpionica echi dell'edizione 2018 Iscritti \u00a0 Comunicato FTAL,\u2026","rel":"","context":"In &quot;Non catalogato&quot;","block_context":{"text":"Non catalogato","link":"https:\/\/uscatletica.ch\/wp\/?cat=6"},"img":{"alt_text":"","src":"https:\/\/i0.wp.com\/uscatletica.ch\/wp\/wp-content\/uploads\/2016\/01\/LOGOUSC2015.jpg?fit=1200%2C626&ssl=1&resize=350%2C200","width":350,"height":200,"srcset":"https:\/\/i0.wp.com\/uscatletica.ch\/wp\/wp-content\/uploads\/2016\/01\/LOGOUSC2015.jpg?fit=1200%2C626&ssl=1&resize=350%2C200 1x, https:\/\/i0.wp.com\/uscatletica.ch\/wp\/wp-content\/uploads\/2016\/01\/LOGOUSC2015.jpg?fit=1200%2C626&ssl=1&resize=525%2C300 1.5x, https:\/\/i0.wp.com\/uscatletica.ch\/wp\/wp-content\/uploads\/2016\/01\/LOGOUSC2015.jpg?fit=1200%2C626&ssl=1&resize=700%2C400 2x, https:\/\/i0.wp.com\/uscatletica.ch\/wp\/wp-content\/uploads\/2016\/01\/LOGOUSC2015.jpg?fit=1200%2C626&ssl=1&resize=1050%2C600 3x"},"classes":[]},{"id":1001,"url":"https:\/\/uscatletica.ch\/wp\/?p=1001","url_meta":{"origin":16830,"position":2},"title":"La Staffetta Capriaschese lancia il TAS (Benvenuti a Tesserete)","author":"Leonida Stampanoni","date":"17 Marzo 2016","format":false,"excerpt":"L'USC CAPRIASCHESE AUGURA A TUTTI UNA SPLENDIDA STAFFETTA CAPRIASCHESE ED A TUTTI I PAP\u00c0 UN SERENA FESTA Una splendida giornata di primavera sar\u00e0 la cornice ideale della prima staffetta del TAS 2016 L'USC ha il piacere di inaugurare il\u00a0Trofeo Asti Staffette\u00a02016, la 43a\u00a0edizione della Staffetta Capriaschese animer\u00e0 sabato 19 marzo\u2026","rel":"","context":"In &quot;Staffette&quot;","block_context":{"text":"Staffette","link":"https:\/\/uscatletica.ch\/wp\/?cat=8"},"img":{"alt_text":"","src":"https:\/\/i0.wp.com\/uscatletica.ch\/wp\/wp-content\/uploads\/2016\/03\/P1280835.jpg?fit=600%2C450&ssl=1&resize=350%2C200","width":350,"height":200,"srcset":"https:\/\/i0.wp.com\/uscatletica.ch\/wp\/wp-content\/uploads\/2016\/03\/P1280835.jpg?fit=600%2C450&ssl=1&resize=350%2C200 1x, https:\/\/i0.wp.com\/uscatletica.ch\/wp\/wp-content\/uploads\/2016\/03\/P1280835.jpg?fit=600%2C450&ssl=1&resize=525%2C300 1.5x"},"classes":[]},{"id":14563,"url":"https:\/\/uscatletica.ch\/wp\/?p=14563","url_meta":{"origin":16830,"position":3},"title":"Da Vacallo a Vetroz","author":"Leonida Stampanoni","date":"2 Aprile 2022","format":false,"excerpt":"Nel fine settimana si correr\u00e0 la 57a Edizione della Staffetta SAV, la seconda prova del Trofeo ASTi BancaStato Staffette. Marco e Roberto saranno invece al via dei campionati Svizzeri di 10 km a Vetroz, Michele invece correr\u00e0 una 10 km a Milano.Risultati live da Vetroz --- ASTi \u2013 Podismo Comunicato\u2026","rel":"","context":"In &quot;Podismo&quot;","block_context":{"text":"Podismo","link":"https:\/\/uscatletica.ch\/wp\/?cat=5"},"img":{"alt_text":"","src":"https:\/\/i0.wp.com\/uscatletica.ch\/wp\/wp-content\/uploads\/2016\/04\/U16WTASVACALLO16416.png?fit=556%2C338&ssl=1&resize=350%2C200","width":350,"height":200,"srcset":"https:\/\/i0.wp.com\/uscatletica.ch\/wp\/wp-content\/uploads\/2016\/04\/U16WTASVACALLO16416.png?fit=556%2C338&ssl=1&resize=350%2C200 1x, https:\/\/i0.wp.com\/uscatletica.ch\/wp\/wp-content\/uploads\/2016\/04\/U16WTASVACALLO16416.png?fit=556%2C338&ssl=1&resize=525%2C300 1.5x"},"classes":[]},{"id":898,"url":"https:\/\/uscatletica.ch\/wp\/?p=898","url_meta":{"origin":16830,"position":4},"title":"43 Trofeo Giovanni Quadri Staffetta Capriaschese","author":"Leonida Stampanoni","date":"29 Febbraio 2016","format":false,"excerpt":"Sabato 19 Marzo Tesserete, ospitando la 43 edizione della Staffetta Capriaschese, aprir\u00e0 l'edizione 2016 del Trofeo Asti Staffette. L'USC sar\u00e0 lieta di accogliere atleti ed amanti del podismo che si sfideranno lungo i percorsi disegnati nel centro. Le societ\u00e0 cercheranno di aggiuficarsi il Trofeo \u00a0Giovanni Quadri che nel 2015 fin\u00ec\u2026","rel":"","context":"In &quot;Staffette&quot;","block_context":{"text":"Staffette","link":"https:\/\/uscatletica.ch\/wp\/?cat=8"},"img":{"alt_text":"","src":"https:\/\/i0.wp.com\/uscatletica.ch\/wp\/wp-content\/uploads\/2015\/11\/percorsostaffetta.png?fit=640%2C378&ssl=1&resize=350%2C200","width":350,"height":200,"srcset":"https:\/\/i0.wp.com\/uscatletica.ch\/wp\/wp-content\/uploads\/2015\/11\/percorsostaffetta.png?fit=640%2C378&ssl=1&resize=350%2C200 1x, https:\/\/i0.wp.com\/uscatletica.ch\/wp\/wp-content\/uploads\/2015\/11\/percorsostaffetta.png?fit=640%2C378&ssl=1&resize=525%2C300 1.5x"},"classes":[]},{"id":14466,"url":"https:\/\/uscatletica.ch\/wp\/?p=14466","url_meta":{"origin":16830,"position":5},"title":"La Staffetta Capriaschese lancia il TAS","author":"Leonida Stampanoni","date":"26 Marzo 2022","format":false,"excerpt":"L\u2019Unione Sportiva Capriaschese ricorda la 47a edizione della Staffetta Capriaschese, Trofeo G. Quadri, valevole per il trofeo ASTI staffette, prevista a Tesserete.\u00a0 Lo scorso anno il TAS vide l'USC vincere due classifiche ed ottenere il podio in altre due . DOMENICA 27 marzo 2022ATTENZIONE: cambiamento dell\u2019ora (spostare avanti di un'ora\u2026","rel":"","context":"In &quot;I nostri appuntamenti&quot;","block_context":{"text":"I nostri appuntamenti","link":"https:\/\/uscatletica.ch\/wp\/?cat=12"},"img":{"alt_text":"","src":"https:\/\/i0.wp.com\/uscatletica.ch\/wp\/wp-content\/uploads\/2022\/03\/staff-USC-programma2022.jpg?fit=852%2C861&ssl=1&resize=350%2C200","width":350,"height":200,"srcset":"https:\/\/i0.wp.com\/uscatletica.ch\/wp\/wp-content\/uploads\/2022\/03\/staff-USC-programma2022.jpg?fit=852%2C861&ssl=1&resize=350%2C200 1x, https:\/\/i0.wp.com\/uscatletica.ch\/wp\/wp-content\/uploads\/2022\/03\/staff-USC-programma2022.jpg?fit=852%2C861&ssl=1&resize=525%2C300 1.5x, https:\/\/i0.wp.com\/uscatletica.ch\/wp\/wp-content\/uploads\/2022\/03\/staff-USC-programma2022.jpg?fit=852%2C861&ssl=1&resize=700%2C400 2x"},"classes":[]}],"_links":{"self":[{"href":"https:\/\/uscatletica.ch\/wp\/index.php?rest_route=\/wp\/v2\/posts\/16830","targetHints":{"allow":["GET"]}}],"collection":[{"href":"https:\/\/uscatletica.ch\/wp\/index.php?rest_route=\/wp\/v2\/posts"}],"about":[{"href":"https:\/\/uscatletica.ch\/wp\/index.php?rest_route=\/wp\/v2\/types\/post"}],"author":[{"embeddable":true,"href":"https:\/\/uscatletica.ch\/wp\/index.php?rest_route=\/wp\/v2\/users\/3"}],"replies":[{"embeddable":true,"href":"https:\/\/uscatletica.ch\/wp\/index.php?rest_route=%2Fwp%2Fv2%2Fcomments&post=16830"}],"version-history":[{"count":14,"href":"https:\/\/uscatletica.ch\/wp\/index.php?rest_route=\/wp\/v2\/posts\/16830\/revisions"}],"predecessor-version":[{"id":16858,"href":"https:\/\/uscatletica.ch\/wp\/index.php?rest_route=\/wp\/v2\/posts\/16830\/revisions\/16858"}],"wp:featuredmedia":[{"embeddable":true,"href":"https:\/\/uscatletica.ch\/wp\/index.php?rest_route=\/wp\/v2\/media\/16838"}],"wp:attachment":[{"href":"https:\/\/uscatletica.ch\/wp\/index.php?rest_route=%2Fwp%2Fv2%2Fmedia&parent=16830"}],"wp:term":[{"taxonomy":"category","embeddable":true,"href":"https:\/\/uscatletica.ch\/wp\/index.php?rest_route=%2Fwp%2Fv2%2Fcategories&post=16830"},{"taxonomy":"post_tag","embeddable":true,"href":"https:\/\/uscatletica.ch\/wp\/index.php?rest_route=%2Fwp%2Fv2%2Ftags&post=16830"}],"curies":[{"name":"wp","href":"https:\/\/api.w.org\/{rel}","templated":true}]}}