{"id":16912,"date":"2023-04-01T06:00:00","date_gmt":"2023-04-01T04:00:00","guid":{"rendered":"https:\/\/uscatletica.ch\/wp\/?p=16912"},"modified":"2023-04-04T09:19:30","modified_gmt":"2023-04-04T07:19:30","slug":"pista-chiusa-fino-a-nuovo-avviso-e-nuova-tribuna","status":"publish","type":"post","link":"https:\/\/uscatletica.ch\/wp\/?p=16912","title":{"rendered":"Pista chiusa fino a nuovo avviso e nuova tribuna"},"content":{"rendered":"\n<p>\u00a0<\/p>\n<p>Peccato ma finalmente. I tanto attesi lavori per il rifacimento e rinnovo della pista di atletica di Tesserete inizieranno oggi, ma renderanno la pista inagibile per almeno un mese.<\/p>\n<p>Infatti, oltre alla \u201cricarica\u201d della pista verranno logicamente anche rifatte tutte le righe ma, novit\u00e0, verr\u00e0 pure montata una nuova tribuna sul lato nord. Si tratta della tribuna dello Stadio di Cornaredo, che verr\u00e0 smantellata per i noti lavori e <u>in parte<\/u> trasferita proprio all\u2019Arena sportiva di Capriasca e Valcolla.<\/p>\n<p>Oggi alle 11.00 \u00e8 previsto l&#8217;ultimo allenamento USC, seguito, all\u2019interno della pista, da una presentazione del progetto con tutti i dettagli alle ore 12.00.<\/p>\n","protected":false},"excerpt":{"rendered":"<p>\u00a0 Peccato ma finalmente. I tanto attesi lavori per il rifacimento e rinnovo della pista di atletica di Tesserete inizieranno oggi, ma renderanno la pista inagibile per almeno un mese. Infatti, oltre alla \u201cricarica\u201d della pista verranno logicamente anche rifatte tutte le righe ma, novit\u00e0, verr\u00e0 pure montata una nuova tribuna sul lato nord. Si tratta della tribuna dello Stadio di Cornaredo, che verr\u00e0 smantellata per i noti lavori e in parte trasferita proprio all\u2019Arena&#8230;<\/p>\n","protected":false},"author":3,"featured_media":10856,"comment_status":"closed","ping_status":"closed","sticky":false,"template":"","format":"standard","meta":{"jetpack_post_was_ever_published":false,"_jetpack_newsletter_access":"","_jetpack_dont_email_post_to_subs":false,"_jetpack_newsletter_tier_id":0,"_jetpack_memberships_contains_paywalled_content":false,"_jetpack_memberships_contains_paid_content":false,"footnotes":"","jetpack_publicize_message":"","jetpack_publicize_feature_enabled":true,"jetpack_social_post_already_shared":false,"jetpack_social_options":{"image_generator_settings":{"template":"highway","default_image_id":0,"font":"","enabled":false},"version":2}},"categories":[6],"tags":[],"class_list":["post-16912","post","type-post","status-publish","format-standard","has-post-thumbnail","hentry","category-non-catalogato"],"jetpack_publicize_connections":[],"jetpack_featured_media_url":"https:\/\/i0.wp.com\/uscatletica.ch\/wp\/wp-content\/uploads\/2020\/09\/Arena-sportiva-pista.jpg?fit=800%2C600&ssl=1","jetpack_sharing_enabled":true,"jetpack_shortlink":"https:\/\/wp.me\/p6V7Ck-4oM","jetpack-related-posts":[{"id":4283,"url":"https:\/\/uscatletica.ch\/wp\/?p=4283","url_meta":{"origin":16912,"position":0},"title":"TUTTI IN PISTA IL MEETING PRIMAVERILE DI MEZZOFONDO","author":"Leonida Stampanoni","date":"17 Maggio 2017","format":false,"excerpt":"L'USC da il benvenuto a \"TUTTI IN PISTA\" meeting di mezzofondo per tutti in programma mercoled\u00ec 31.05.2017 all'Arena Sportiva. La serata prevede i 600 m USC per u14 ed u12 gara non ufficiale per le categorie U14 ed U12 seguite 2000 m ASTi \u00a0aperti a tutti i ragazzi fino alla\u2026","rel":"","context":"In &quot;I nostri appuntamenti&quot;","block_context":{"text":"I nostri appuntamenti","link":"https:\/\/uscatletica.ch\/wp\/?cat=12"},"img":{"alt_text":"5000asti","src":"https:\/\/i0.wp.com\/uscatletica.ch\/wp\/wp-content\/uploads\/2015\/11\/5000asti.png?resize=350%2C200&ssl=1","width":350,"height":200},"classes":[]},{"id":6592,"url":"https:\/\/uscatletica.ch\/wp\/?p=6592","url_meta":{"origin":16912,"position":1},"title":"Roby ed Elia al comunale","author":"Leonida Stampanoni","date":"20 Settembre 2018","format":false,"excerpt":"Erano numerosi gli atleti accorsi mercoled\u00ec sera al comunale per salutare la mitica pista del Gal\u00e0 dei Castelli, che verr\u00e0 prossimamente rinnovata. Sotto l'ottima direzione del GAB non sono mancati risultati brillanti. Solamente due i mezzofondisti USC scesi in pista sui 1500 m. Nella gara vinta dal vicecampione svizzero U20\u2026","rel":"","context":"In &quot;Pista&quot;","block_context":{"text":"Pista","link":"https:\/\/uscatletica.ch\/wp\/?cat=4"},"img":{"alt_text":"","src":"https:\/\/i0.wp.com\/uscatletica.ch\/wp\/wp-content\/uploads\/2017\/08\/gruppliam2017.jpg?fit=562%2C422&ssl=1&resize=350%2C200","width":350,"height":200,"srcset":"https:\/\/i0.wp.com\/uscatletica.ch\/wp\/wp-content\/uploads\/2017\/08\/gruppliam2017.jpg?fit=562%2C422&ssl=1&resize=350%2C200 1x, https:\/\/i0.wp.com\/uscatletica.ch\/wp\/wp-content\/uploads\/2017\/08\/gruppliam2017.jpg?fit=562%2C422&ssl=1&resize=525%2C300 1.5x"},"classes":[]},{"id":4392,"url":"https:\/\/uscatletica.ch\/wp\/?p=4392","url_meta":{"origin":16912,"position":2},"title":"TUTTI IN PISTA MERCOLED\u00ec CON LA NUOVA TORRETTA DI CRONOMETRAGGIO (FOTO TORRETTA)","author":"Leonida Stampanoni","date":"29 Maggio 2017","format":false,"excerpt":"\u00a0 \u00a0 In Capriasca una serata di corsa ASTI e FTAL a braccetto: mercoled\u00ec sera sulla pista di Tesserete l\u2019USC Capriasca organizza un meeting FTAL con i 2'000 e i 5'000 ASTi asat- \u00c8 un mercoled\u00ec sera intenso quello proposto dalla locale USC Capriaschese sulle piste d\u2019atletica di Teserete. L\u2019Arena\u2026","rel":"","context":"In &quot;I nostri appuntamenti&quot;","block_context":{"text":"I nostri appuntamenti","link":"https:\/\/uscatletica.ch\/wp\/?cat=12"},"img":{"alt_text":"","src":"https:\/\/i0.wp.com\/uscatletica.ch\/wp\/wp-content\/uploads\/2016\/06\/P1400750.jpg?fit=563%2C422&ssl=1&resize=350%2C200","width":350,"height":200,"srcset":"https:\/\/i0.wp.com\/uscatletica.ch\/wp\/wp-content\/uploads\/2016\/06\/P1400750.jpg?fit=563%2C422&ssl=1&resize=350%2C200 1x, https:\/\/i0.wp.com\/uscatletica.ch\/wp\/wp-content\/uploads\/2016\/06\/P1400750.jpg?fit=563%2C422&ssl=1&resize=525%2C300 1.5x"},"classes":[]},{"id":8826,"url":"https:\/\/uscatletica.ch\/wp\/?p=8826","url_meta":{"origin":16912,"position":3},"title":"Chiara vince al Palio del Quercia di Rovereto","author":"Leonida Stampanoni","date":"27 Agosto 2019","format":false,"excerpt":"L'intensa settimana della nostra Chiara parte con una vittoria al Palio della Quercia di Rovereto sui i 100 m su di un palcoscenico internazionale in uno dei meeting pi\u00f9 importanti d'Italia. Sulla Pista Blu di Rovereto Chiara si tester\u00e0 in vista della finale del UBS KIDS CUP sulla mitica pista\u2026","rel":"","context":"In &quot;Pista&quot;","block_context":{"text":"Pista","link":"https:\/\/uscatletica.ch\/wp\/?cat=4"},"img":{"alt_text":"","src":"https:\/\/i0.wp.com\/uscatletica.ch\/wp\/wp-content\/uploads\/2019\/07\/chiaratamperemini4x419.jpg?fit=432%2C300&ssl=1&resize=350%2C200","width":350,"height":200},"classes":[]},{"id":15225,"url":"https:\/\/uscatletica.ch\/wp\/?p=15225","url_meta":{"origin":16912,"position":4},"title":"Federica e Chiara bene a Bellinzona","author":"Leonida Stampanoni","date":"19 Maggio 2022","format":false,"excerpt":"Mercoled\u00ec in serata si \u00e8 corso al comunale dI Bellinzona in quattro prove di contorno all'eliminatoria Bellinzonese del Visana Sprint in pista per l'USC due ragazze Federica e Chiara Tutti i risultati Eccellente gara stasera di Chiara nei 100m a Bellinzona che fa il personale con 15\u201d44. Personale che, se\u2026","rel":"","context":"In &quot;Pista&quot;","block_context":{"text":"Pista","link":"https:\/\/uscatletica.ch\/wp\/?cat=4"},"img":{"alt_text":"","src":"https:\/\/i0.wp.com\/uscatletica.ch\/wp\/wp-content\/uploads\/2021\/10\/ffchiaraas.jpg?fit=900%2C1200&ssl=1&resize=350%2C200","width":350,"height":200,"srcset":"https:\/\/i0.wp.com\/uscatletica.ch\/wp\/wp-content\/uploads\/2021\/10\/ffchiaraas.jpg?fit=900%2C1200&ssl=1&resize=350%2C200 1x, https:\/\/i0.wp.com\/uscatletica.ch\/wp\/wp-content\/uploads\/2021\/10\/ffchiaraas.jpg?fit=900%2C1200&ssl=1&resize=525%2C300 1.5x, https:\/\/i0.wp.com\/uscatletica.ch\/wp\/wp-content\/uploads\/2021\/10\/ffchiaraas.jpg?fit=900%2C1200&ssl=1&resize=700%2C400 2x"},"classes":[]},{"id":13408,"url":"https:\/\/uscatletica.ch\/wp\/?p=13408","url_meta":{"origin":16912,"position":5},"title":"Arge Alp e Basodino dalla pista alla montagna","author":"Leonida Stampanoni","date":"18 Settembre 2021","format":false,"excerpt":"L'Ultimo fine settimana estivo sar\u00e0 centrato sulla regione di Locarno e Valle Maggia in pista al Lido ci sar\u00e0 l'incontro Arge Alp che ben quattro USCine\/i al via \u00a0Matilda e Sofia su 100 e 4x100 m Giada in peso e disco e Roberto sui 5000 m, Letizia causa altri impegni\u2026","rel":"","context":"In &quot;Montagna&quot;","block_context":{"text":"Montagna","link":"https:\/\/uscatletica.ch\/wp\/?cat=16"},"img":{"alt_text":"","src":"https:\/\/i0.wp.com\/uscatletica.ch\/wp\/wp-content\/uploads\/2021\/09\/210914U118eajla.jpg?fit=432%2C324&ssl=1&resize=350%2C200","width":350,"height":200},"classes":[]}],"_links":{"self":[{"href":"https:\/\/uscatletica.ch\/wp\/index.php?rest_route=\/wp\/v2\/posts\/16912","targetHints":{"allow":["GET"]}}],"collection":[{"href":"https:\/\/uscatletica.ch\/wp\/index.php?rest_route=\/wp\/v2\/posts"}],"about":[{"href":"https:\/\/uscatletica.ch\/wp\/index.php?rest_route=\/wp\/v2\/types\/post"}],"author":[{"embeddable":true,"href":"https:\/\/uscatletica.ch\/wp\/index.php?rest_route=\/wp\/v2\/users\/3"}],"replies":[{"embeddable":true,"href":"https:\/\/uscatletica.ch\/wp\/index.php?rest_route=%2Fwp%2Fv2%2Fcomments&post=16912"}],"version-history":[{"count":3,"href":"https:\/\/uscatletica.ch\/wp\/index.php?rest_route=\/wp\/v2\/posts\/16912\/revisions"}],"predecessor-version":[{"id":16915,"href":"https:\/\/uscatletica.ch\/wp\/index.php?rest_route=\/wp\/v2\/posts\/16912\/revisions\/16915"}],"wp:featuredmedia":[{"embeddable":true,"href":"https:\/\/uscatletica.ch\/wp\/index.php?rest_route=\/wp\/v2\/media\/10856"}],"wp:attachment":[{"href":"https:\/\/uscatletica.ch\/wp\/index.php?rest_route=%2Fwp%2Fv2%2Fmedia&parent=16912"}],"wp:term":[{"taxonomy":"category","embeddable":true,"href":"https:\/\/uscatletica.ch\/wp\/index.php?rest_route=%2Fwp%2Fv2%2Fcategories&post=16912"},{"taxonomy":"post_tag","embeddable":true,"href":"https:\/\/uscatletica.ch\/wp\/index.php?rest_route=%2Fwp%2Fv2%2Ftags&post=16912"}],"curies":[{"name":"wp","href":"https:\/\/api.w.org\/{rel}","templated":true}]}}