{"id":17018,"date":"2023-04-16T17:23:26","date_gmt":"2023-04-16T15:23:26","guid":{"rendered":"https:\/\/uscatletica.ch\/wp\/?p=17018"},"modified":"2023-04-16T17:23:28","modified_gmt":"2023-04-16T15:23:28","slug":"il-campo-di-allenamento-a-celle-per-il-gruppo-corse-brevi-e-tecnica","status":"publish","type":"post","link":"https:\/\/uscatletica.ch\/wp\/?p=17018","title":{"rendered":"Il campo di allenamento a Celle per il gruppo corse brevi e tecnica"},"content":{"rendered":"\n<p>Trasferta al mare per il tradizionale campo primaverile per il gruppo Corse brevi e discipline tecniche che nonostante il tempo uggioso hanno potuto affinare la forma per lanciare idealmente la stagione 2023\u00a0<\/p>\n<p><a href=\"https:\/\/uscatletica.ch\/wp\/?attachment_id=17019\" rel=\"attachment wp-att-17019\"><img data-recalc-dims=\"1\" loading=\"lazy\" decoding=\"async\" data-attachment-id=\"17019\" data-permalink=\"https:\/\/uscatletica.ch\/wp\/?attachment_id=17019\" data-orig-file=\"https:\/\/i0.wp.com\/uscatletica.ch\/wp\/wp-content\/uploads\/2023\/04\/image3mini.jpg?fit=432%2C243&amp;ssl=1\" data-orig-size=\"432,243\" data-comments-opened=\"0\" data-image-meta=\"{&quot;aperture&quot;:&quot;0&quot;,&quot;credit&quot;:&quot;&quot;,&quot;camera&quot;:&quot;&quot;,&quot;caption&quot;:&quot;&quot;,&quot;created_timestamp&quot;:&quot;0&quot;,&quot;copyright&quot;:&quot;&quot;,&quot;focal_length&quot;:&quot;0&quot;,&quot;iso&quot;:&quot;0&quot;,&quot;shutter_speed&quot;:&quot;0&quot;,&quot;title&quot;:&quot;&quot;,&quot;orientation&quot;:&quot;1&quot;}\" data-image-title=\"image3mini\" data-image-description=\"\" data-image-caption=\"\" data-large-file=\"https:\/\/i0.wp.com\/uscatletica.ch\/wp\/wp-content\/uploads\/2023\/04\/image3mini.jpg?fit=432%2C243&amp;ssl=1\" class=\"alignnone size-full wp-image-17019\" src=\"https:\/\/i0.wp.com\/uscatletica.ch\/wp\/wp-content\/uploads\/2023\/04\/image3mini.jpg?resize=432%2C243&#038;ssl=1\" alt=\"\" width=\"432\" height=\"243\" srcset=\"https:\/\/i0.wp.com\/uscatletica.ch\/wp\/wp-content\/uploads\/2023\/04\/image3mini.jpg?w=432&amp;ssl=1 432w, https:\/\/i0.wp.com\/uscatletica.ch\/wp\/wp-content\/uploads\/2023\/04\/image3mini.jpg?resize=300%2C169&amp;ssl=1 300w, https:\/\/i0.wp.com\/uscatletica.ch\/wp\/wp-content\/uploads\/2023\/04\/image3mini.jpg?resize=71%2C40&amp;ssl=1 71w\" sizes=\"auto, (max-width: 432px) 100vw, 432px\" \/><\/a> <a href=\"https:\/\/uscatletica.ch\/wp\/?attachment_id=17020\" rel=\"attachment wp-att-17020\"><img data-recalc-dims=\"1\" loading=\"lazy\" decoding=\"async\" data-attachment-id=\"17020\" data-permalink=\"https:\/\/uscatletica.ch\/wp\/?attachment_id=17020\" data-orig-file=\"https:\/\/i0.wp.com\/uscatletica.ch\/wp\/wp-content\/uploads\/2023\/04\/image0mini.jpg?fit=432%2C324&amp;ssl=1\" data-orig-size=\"432,324\" data-comments-opened=\"0\" data-image-meta=\"{&quot;aperture&quot;:&quot;0&quot;,&quot;credit&quot;:&quot;&quot;,&quot;camera&quot;:&quot;&quot;,&quot;caption&quot;:&quot;&quot;,&quot;created_timestamp&quot;:&quot;0&quot;,&quot;copyright&quot;:&quot;&quot;,&quot;focal_length&quot;:&quot;0&quot;,&quot;iso&quot;:&quot;0&quot;,&quot;shutter_speed&quot;:&quot;0&quot;,&quot;title&quot;:&quot;&quot;,&quot;orientation&quot;:&quot;1&quot;}\" data-image-title=\"image0mini\" data-image-description=\"\" data-image-caption=\"\" data-large-file=\"https:\/\/i0.wp.com\/uscatletica.ch\/wp\/wp-content\/uploads\/2023\/04\/image0mini.jpg?fit=432%2C324&amp;ssl=1\" class=\"alignnone size-full wp-image-17020\" src=\"https:\/\/i0.wp.com\/uscatletica.ch\/wp\/wp-content\/uploads\/2023\/04\/image0mini.jpg?resize=432%2C324&#038;ssl=1\" alt=\"\" width=\"432\" height=\"324\" srcset=\"https:\/\/i0.wp.com\/uscatletica.ch\/wp\/wp-content\/uploads\/2023\/04\/image0mini.jpg?w=432&amp;ssl=1 432w, https:\/\/i0.wp.com\/uscatletica.ch\/wp\/wp-content\/uploads\/2023\/04\/image0mini.jpg?resize=300%2C225&amp;ssl=1 300w\" sizes=\"auto, (max-width: 432px) 100vw, 432px\" \/><\/a> <a href=\"https:\/\/uscatletica.ch\/wp\/?attachment_id=17021\" rel=\"attachment wp-att-17021\"><img data-recalc-dims=\"1\" loading=\"lazy\" decoding=\"async\" data-attachment-id=\"17021\" data-permalink=\"https:\/\/uscatletica.ch\/wp\/?attachment_id=17021\" data-orig-file=\"https:\/\/i0.wp.com\/uscatletica.ch\/wp\/wp-content\/uploads\/2023\/04\/image1mini.jpg?fit=432%2C324&amp;ssl=1\" data-orig-size=\"432,324\" data-comments-opened=\"0\" data-image-meta=\"{&quot;aperture&quot;:&quot;0&quot;,&quot;credit&quot;:&quot;&quot;,&quot;camera&quot;:&quot;&quot;,&quot;caption&quot;:&quot;&quot;,&quot;created_timestamp&quot;:&quot;0&quot;,&quot;copyright&quot;:&quot;&quot;,&quot;focal_length&quot;:&quot;0&quot;,&quot;iso&quot;:&quot;0&quot;,&quot;shutter_speed&quot;:&quot;0&quot;,&quot;title&quot;:&quot;&quot;,&quot;orientation&quot;:&quot;1&quot;}\" data-image-title=\"image1mini\" data-image-description=\"\" data-image-caption=\"\" data-large-file=\"https:\/\/i0.wp.com\/uscatletica.ch\/wp\/wp-content\/uploads\/2023\/04\/image1mini.jpg?fit=432%2C324&amp;ssl=1\" class=\"alignnone size-full wp-image-17021\" src=\"https:\/\/i0.wp.com\/uscatletica.ch\/wp\/wp-content\/uploads\/2023\/04\/image1mini.jpg?resize=432%2C324&#038;ssl=1\" alt=\"\" width=\"432\" height=\"324\" srcset=\"https:\/\/i0.wp.com\/uscatletica.ch\/wp\/wp-content\/uploads\/2023\/04\/image1mini.jpg?w=432&amp;ssl=1 432w, https:\/\/i0.wp.com\/uscatletica.ch\/wp\/wp-content\/uploads\/2023\/04\/image1mini.jpg?resize=300%2C225&amp;ssl=1 300w\" sizes=\"auto, (max-width: 432px) 100vw, 432px\" \/><\/a> <a href=\"https:\/\/uscatletica.ch\/wp\/?attachment_id=17022\" rel=\"attachment wp-att-17022\"><img data-recalc-dims=\"1\" loading=\"lazy\" decoding=\"async\" data-attachment-id=\"17022\" data-permalink=\"https:\/\/uscatletica.ch\/wp\/?attachment_id=17022\" data-orig-file=\"https:\/\/i0.wp.com\/uscatletica.ch\/wp\/wp-content\/uploads\/2023\/04\/image2mini.jpg?fit=432%2C324&amp;ssl=1\" data-orig-size=\"432,324\" data-comments-opened=\"0\" data-image-meta=\"{&quot;aperture&quot;:&quot;0&quot;,&quot;credit&quot;:&quot;&quot;,&quot;camera&quot;:&quot;&quot;,&quot;caption&quot;:&quot;&quot;,&quot;created_timestamp&quot;:&quot;0&quot;,&quot;copyright&quot;:&quot;&quot;,&quot;focal_length&quot;:&quot;0&quot;,&quot;iso&quot;:&quot;0&quot;,&quot;shutter_speed&quot;:&quot;0&quot;,&quot;title&quot;:&quot;&quot;,&quot;orientation&quot;:&quot;1&quot;}\" data-image-title=\"image2mini\" data-image-description=\"\" data-image-caption=\"\" data-large-file=\"https:\/\/i0.wp.com\/uscatletica.ch\/wp\/wp-content\/uploads\/2023\/04\/image2mini.jpg?fit=432%2C324&amp;ssl=1\" class=\"alignnone size-full wp-image-17022\" src=\"https:\/\/i0.wp.com\/uscatletica.ch\/wp\/wp-content\/uploads\/2023\/04\/image2mini.jpg?resize=432%2C324&#038;ssl=1\" alt=\"\" width=\"432\" height=\"324\" srcset=\"https:\/\/i0.wp.com\/uscatletica.ch\/wp\/wp-content\/uploads\/2023\/04\/image2mini.jpg?w=432&amp;ssl=1 432w, https:\/\/i0.wp.com\/uscatletica.ch\/wp\/wp-content\/uploads\/2023\/04\/image2mini.jpg?resize=300%2C225&amp;ssl=1 300w\" sizes=\"auto, (max-width: 432px) 100vw, 432px\" \/><\/a><\/p>\n","protected":false},"excerpt":{"rendered":"<p>Trasferta al mare per il tradizionale campo primaverile per il gruppo Corse brevi e discipline tecniche che nonostante il tempo uggioso hanno potuto affinare la forma per lanciare idealmente la stagione 2023\u00a0<\/p>\n","protected":false},"author":4,"featured_media":17020,"comment_status":"closed","ping_status":"closed","sticky":false,"template":"","format":"standard","meta":{"jetpack_post_was_ever_published":false,"_jetpack_newsletter_access":"","_jetpack_dont_email_post_to_subs":false,"_jetpack_newsletter_tier_id":0,"_jetpack_memberships_contains_paywalled_content":false,"_jetpack_memberships_contains_paid_content":false,"footnotes":"","jetpack_publicize_message":"","jetpack_publicize_feature_enabled":true,"jetpack_social_post_already_shared":false,"jetpack_social_options":{"image_generator_settings":{"template":"highway","default_image_id":0,"font":"","enabled":false},"version":2}},"categories":[4,9],"tags":[],"class_list":["post-17018","post","type-post","status-publish","format-standard","has-post-thumbnail","hentry","category-pista","category-sport"],"jetpack_publicize_connections":[],"jetpack_featured_media_url":"https:\/\/i0.wp.com\/uscatletica.ch\/wp\/wp-content\/uploads\/2023\/04\/image0mini.jpg?fit=432%2C324&ssl=1","jetpack_sharing_enabled":true,"jetpack_shortlink":"https:\/\/wp.me\/p6V7Ck-4qu","jetpack-related-posts":[{"id":10320,"url":"https:\/\/uscatletica.ch\/wp\/?p=10320","url_meta":{"origin":17018,"position":0},"title":"Ripresa Allenamenti (concetto di protezione SA)","author":"Leonida Stampanoni","date":"14 Maggio 2020","format":false,"excerpt":"L'Arena Sportiva rimarr\u00e0 chiusa causa lavori fino a met\u00e0 agosto\u00a0 IL NUOVO CONCETTO DI PROTEZIONE Swiss Athletics Ripresa dell' attivit\u00e0 atletica per il gruppo velocit\u00e0 e discipline tecniche \u00a0 In ottemperanza alle norme vigenti, il gruppo velocit\u00e0 e discipline tecniche ha ripreso le attivit\u00e0 marted\u00ec e mercoled\u00ec, proponendo due fasce\u2026","rel":"","context":"In &quot;CO&quot;","block_context":{"text":"CO","link":"https:\/\/uscatletica.ch\/wp\/?cat=19"},"img":{"alt_text":"","src":"https:\/\/i0.wp.com\/uscatletica.ch\/wp\/wp-content\/uploads\/2020\/05\/IMG_7730.jpg?fit=640%2C480&ssl=1&resize=350%2C200","width":350,"height":200,"srcset":"https:\/\/i0.wp.com\/uscatletica.ch\/wp\/wp-content\/uploads\/2020\/05\/IMG_7730.jpg?fit=640%2C480&ssl=1&resize=350%2C200 1x, https:\/\/i0.wp.com\/uscatletica.ch\/wp\/wp-content\/uploads\/2020\/05\/IMG_7730.jpg?fit=640%2C480&ssl=1&resize=525%2C300 1.5x"},"classes":[]},{"id":2594,"url":"https:\/\/uscatletica.ch\/wp\/?p=2594","url_meta":{"origin":17018,"position":1},"title":"Campo Rio 2016 St Moritz (20.08.2016 cronologia dal basso verso l&#8217;alto)","author":"Leonida Stampanoni","date":"15 Agosto 2016","format":false,"excerpt":"Il Tradizionale Campo D'allenamento \u00e8 partito sabato 13.08 all'ostello della giovent\u00f9 di St Moritz 34 Gli USCini presenti diretti da Renato e Sandra \u00a0con l'aiuto di Leonida, Loris e Elisa e dell'infaticabile Cornelio. Sotto trovate in cronologia dal basso verso l'alto il basso \u00a0il diario giornaliero . Sabato 19.08.2016 Il\u2026","rel":"","context":"In &quot;Altro&quot;","block_context":{"text":"Altro","link":"https:\/\/uscatletica.ch\/wp\/?cat=11"},"img":{"alt_text":"","src":"https:\/\/i0.wp.com\/uscatletica.ch\/wp\/wp-content\/uploads\/2016\/08\/IMG7127.jpg?fit=563%2C422&ssl=1&resize=350%2C200","width":350,"height":200,"srcset":"https:\/\/i0.wp.com\/uscatletica.ch\/wp\/wp-content\/uploads\/2016\/08\/IMG7127.jpg?fit=563%2C422&ssl=1&resize=350%2C200 1x, https:\/\/i0.wp.com\/uscatletica.ch\/wp\/wp-content\/uploads\/2016\/08\/IMG7127.jpg?fit=563%2C422&ssl=1&resize=525%2C300 1.5x"},"classes":[]},{"id":13988,"url":"https:\/\/uscatletica.ch\/wp\/?p=13988","url_meta":{"origin":17018,"position":2},"title":"GIADA MATILDA E MARCO PREMIATI ALLA FESTA DEGLI ATLETI","author":"Leonida Stampanoni","date":"20 Novembre 2021","format":false,"excerpt":"Venerd\u00ec sera al centro sportivo nazionale di Tenero si \u00e8 svolta la Festa degli Atleti, la serata di gala FTAL. Tra i numerosi premiati per i risultati ottenuti nelle stagioni 2020 e 2021 \u00a0c'erano tre presenze USC con Giada Matilda e Marco.\u00a0 Nella serata spiccano i premi ad Ajla Del\u2026","rel":"","context":"In &quot;Pista&quot;","block_context":{"text":"Pista","link":"https:\/\/uscatletica.ch\/wp\/?cat=4"},"img":{"alt_text":"","src":"https:\/\/i0.wp.com\/uscatletica.ch\/wp\/wp-content\/uploads\/2019\/02\/P1010344.jpg?fit=1024%2C768&ssl=1&resize=350%2C200","width":350,"height":200,"srcset":"https:\/\/i0.wp.com\/uscatletica.ch\/wp\/wp-content\/uploads\/2019\/02\/P1010344.jpg?fit=1024%2C768&ssl=1&resize=350%2C200 1x, https:\/\/i0.wp.com\/uscatletica.ch\/wp\/wp-content\/uploads\/2019\/02\/P1010344.jpg?fit=1024%2C768&ssl=1&resize=525%2C300 1.5x, https:\/\/i0.wp.com\/uscatletica.ch\/wp\/wp-content\/uploads\/2019\/02\/P1010344.jpg?fit=1024%2C768&ssl=1&resize=700%2C400 2x"},"classes":[]},{"id":4763,"url":"https:\/\/uscatletica.ch\/wp\/?p=4763","url_meta":{"origin":17018,"position":3},"title":"A Lugano la 4&#215;100 m sfiora il podio (Rachele in forma)","author":"Leonida Stampanoni","date":"20 Agosto 2017","format":false,"excerpt":"Sabato sera a Cornaredo c'era un meeting corse con in particolare i campionati tcinesi della 4x100 m una decina gli USCini reduci\u00a0dal campo di allenamento .\u00a0La 4x100 ha firmato il nuovo primato sociale ma non \u00e8 riuscita a difendere la medaglia vinta lo scorso anno. \u00a0Simone, Johanna e Katharina si\u2026","rel":"","context":"In &quot;Pista&quot;","block_context":{"text":"Pista","link":"https:\/\/uscatletica.ch\/wp\/?cat=4"},"img":{"alt_text":"","src":"https:\/\/i0.wp.com\/uscatletica.ch\/wp\/wp-content\/uploads\/2016\/05\/csi2016TEnero10.jpg?fit=563%2C422&ssl=1&resize=350%2C200","width":350,"height":200,"srcset":"https:\/\/i0.wp.com\/uscatletica.ch\/wp\/wp-content\/uploads\/2016\/05\/csi2016TEnero10.jpg?fit=563%2C422&ssl=1&resize=350%2C200 1x, https:\/\/i0.wp.com\/uscatletica.ch\/wp\/wp-content\/uploads\/2016\/05\/csi2016TEnero10.jpg?fit=563%2C422&ssl=1&resize=525%2C300 1.5x"},"classes":[]},{"id":3037,"url":"https:\/\/uscatletica.ch\/wp\/?p=3037","url_meta":{"origin":17018,"position":4},"title":"FESTA DEGLI ATLETI FTAL (12 settembre)","author":"Leonida Stampanoni","date":"9 Novembre 2016","format":false,"excerpt":"Venerd\u00ec sera la palestra di squash del centro sportiva nazionale di Tenero era gremita di gente che ha potuto assistere ad una splendida serata presentata dalla FTAL con l'ausilio di Enrico Carpani. Ajla Del Ponte ha guidato i presenti tra una premiazione e l'altra condividendo in maniera coinvolgente e spontanea\u2026","rel":"","context":"In &quot;Cross&quot;","block_context":{"text":"Cross","link":"https:\/\/uscatletica.ch\/wp\/?cat=7"},"img":{"alt_text":"","src":"https:\/\/i0.wp.com\/uscatletica.ch\/wp\/wp-content\/uploads\/2016\/09\/P1430671.jpg?fit=563%2C422&ssl=1&resize=350%2C200","width":350,"height":200,"srcset":"https:\/\/i0.wp.com\/uscatletica.ch\/wp\/wp-content\/uploads\/2016\/09\/P1430671.jpg?fit=563%2C422&ssl=1&resize=350%2C200 1x, https:\/\/i0.wp.com\/uscatletica.ch\/wp\/wp-content\/uploads\/2016\/09\/P1430671.jpg?fit=563%2C422&ssl=1&resize=525%2C300 1.5x"},"classes":[]},{"id":4748,"url":"https:\/\/uscatletica.ch\/wp\/?p=4748","url_meta":{"origin":17018,"position":5},"title":"Campo di Allenamento (LIAM) 2017 St Moritz tutti in quota","author":"Leonida Stampanoni","date":"15 Agosto 2017","format":false,"excerpt":"Una quarantina di USCini sono saliti in quota a St Moritz per lanciare la stagione 2017 -2018 Sotto la direzione di Renato Sandra Loris e Leonida trascorreranno un settimana in Engiadina Ota . Qui trovate il diario Sabato 19.08.2017 All'alba delle 7.00 un quintetto esce quatto quatto dall'ostello per concedersi\u2026","rel":"","context":"In &quot;Diversi&quot;","block_context":{"text":"Diversi","link":"https:\/\/uscatletica.ch\/wp\/?cat=30"},"img":{"alt_text":"","src":"https:\/\/i0.wp.com\/uscatletica.ch\/wp\/wp-content\/uploads\/2017\/08\/gruppliam2017.jpg?fit=562%2C422&ssl=1&resize=350%2C200","width":350,"height":200,"srcset":"https:\/\/i0.wp.com\/uscatletica.ch\/wp\/wp-content\/uploads\/2017\/08\/gruppliam2017.jpg?fit=562%2C422&ssl=1&resize=350%2C200 1x, https:\/\/i0.wp.com\/uscatletica.ch\/wp\/wp-content\/uploads\/2017\/08\/gruppliam2017.jpg?fit=562%2C422&ssl=1&resize=525%2C300 1.5x"},"classes":[]}],"_links":{"self":[{"href":"https:\/\/uscatletica.ch\/wp\/index.php?rest_route=\/wp\/v2\/posts\/17018","targetHints":{"allow":["GET"]}}],"collection":[{"href":"https:\/\/uscatletica.ch\/wp\/index.php?rest_route=\/wp\/v2\/posts"}],"about":[{"href":"https:\/\/uscatletica.ch\/wp\/index.php?rest_route=\/wp\/v2\/types\/post"}],"author":[{"embeddable":true,"href":"https:\/\/uscatletica.ch\/wp\/index.php?rest_route=\/wp\/v2\/users\/4"}],"replies":[{"embeddable":true,"href":"https:\/\/uscatletica.ch\/wp\/index.php?rest_route=%2Fwp%2Fv2%2Fcomments&post=17018"}],"version-history":[{"count":1,"href":"https:\/\/uscatletica.ch\/wp\/index.php?rest_route=\/wp\/v2\/posts\/17018\/revisions"}],"predecessor-version":[{"id":17023,"href":"https:\/\/uscatletica.ch\/wp\/index.php?rest_route=\/wp\/v2\/posts\/17018\/revisions\/17023"}],"wp:featuredmedia":[{"embeddable":true,"href":"https:\/\/uscatletica.ch\/wp\/index.php?rest_route=\/wp\/v2\/media\/17020"}],"wp:attachment":[{"href":"https:\/\/uscatletica.ch\/wp\/index.php?rest_route=%2Fwp%2Fv2%2Fmedia&parent=17018"}],"wp:term":[{"taxonomy":"category","embeddable":true,"href":"https:\/\/uscatletica.ch\/wp\/index.php?rest_route=%2Fwp%2Fv2%2Fcategories&post=17018"},{"taxonomy":"post_tag","embeddable":true,"href":"https:\/\/uscatletica.ch\/wp\/index.php?rest_route=%2Fwp%2Fv2%2Ftags&post=17018"}],"curies":[{"name":"wp","href":"https:\/\/api.w.org\/{rel}","templated":true}]}}