{"id":17024,"date":"2023-04-16T17:48:59","date_gmt":"2023-04-16T15:48:59","guid":{"rendered":"https:\/\/uscatletica.ch\/wp\/?p=17024"},"modified":"2023-04-16T18:13:37","modified_gmt":"2023-04-16T16:13:37","slug":"le-coppe-asti-debuttano-a-stabio-bene-le-uscine","status":"publish","type":"post","link":"https:\/\/uscatletica.ch\/wp\/?p=17024","title":{"rendered":"Le coppe ASTi debuttano a Stabio bene le USCine"},"content":{"rendered":"\n<p>La <span style=\"color: #ff0000;\">Coppa ASTi BancaStato Podismo<\/span> e la <span style=\"color: #0000ff;\">Coppa ASTi BancaStato giovanile<\/span> sono partite domenica con la 38<sup>a<\/sup> edizione del <span style=\"color: #339966;\">Giro Podistico di Stabio<\/span>. Al via c&#8217;erano 150 partecipanti nelle diverse categorie e l&#8217;USC ha brillato nelle gare giovanili, dove sono arrivati ben tre podi con Viola, Anais ed Elsa. Tra le U10 al via c&#8217;era Alicia.<\/p>\n<p>Sui 3 km correvano sia le U14 che le U16 e il miglior tempo assoluto \u00e8 per Aline Oliva, prima U16 davanti ad Elsa. Tra le U14 terza <strong>Anais<\/strong>, che precede di tre secondi <strong>Elsa<\/strong>. <strong>Dalia<\/strong> \u00e8 quarta. Nella gara U12, <strong>Viola<\/strong> sui 2 km giunge seconda battuta da Valery Leoni, mentre tra i ragazzi vince l&#8217;italiano Davide Lacicherchia, con <strong>Giosu\u00e8<\/strong> che termina al quarto rango. Nella categoria U14 vince Maylon Pongelli, mentre tra gli U16 il miglior tempo assoluto \u00e8 per Eric Huanca Quispe.<\/p>\n<p>Nella gara sui 10.5 km domina Lukas Oehen, primo in 34\u201936\u2019\u2019, mentre tra le donne il successo \u00e8 per Stefania Lupatini Barloggio. Per l&#8217;USC <strong>Alessandro Z.<\/strong> in 39&#8217;39\u2019\u2019 \u00e8 sesto M40 e quattordicesimo assoluto, <strong>Aleksandar P.<\/strong> chiude in 40\u201935\u2019\u2019.<\/p>\n<p>Il primo maggio in palio ci saranno i titoli ASTI di podismo e giovanili alla <a href=\"https:\/\/www.stralosone.ch\" target=\"_blank\" rel=\"noopener\">Stralosone<\/a><\/p>\n<p><a href=\"https:\/\/www.performancesportlive.ch\/g-live.html?f=races\/stabio\/2023\/CPS.clax\" target=\"_blank\" rel=\"noopener\">le classifiche <\/a>\u00a0<\/p>\n<p><span style=\"color: #0000ff;\">Calendario <\/span><span style=\"color: #ff0000;\">ASTi<\/span>: <a href=\"https:\/\/www.asti-ticino.ch\/asti-new\/podismo\">https:\/\/www.asti-ticino.ch\/asti-new\/podismo<\/a><\/p>\n<p>&#8212;&#8212;&#8212;&#8212;&#8212;&#8212;&#8212;&#8212;&#8212;&#8212;&#8212;&#8212;&#8212;&#8212;&#8212;&#8212;&#8212;&#8211;<\/p>\n<p class=\"ql-align-justify\">ASTi \u2013 Podismo\u00a0<\/p>\n<p class=\"ql-align-justify\">Comunicato 12.04.2023 Coppa ASTi BancaStato Podismo Coppa ASTi BancaStato Giovanile\u00a0<\/p>\n<p>LA STAGIONE DELLE COPPE ASTi PARTE DA STABIO\u00a0<\/p>\n<p>Lest<\/p>\n<p>Dopo il gradito prologo del luned\u00ec di Pasqua con il ritorno del Giro MediaBlenio, domenica ci sar\u00e0 in programma la 38<sup>a\u00a0<\/sup>edizione del Giro Podistico di Stabio che lancer\u00e0 la stagione delle coppe ASTi.\u00a0<\/p>\n<p>Sulle colline mom\u00f2 saranno la Coppa ASTi BancaStato podismo e la Coppa ASTi BancaStato giovanile ad aprire le danze.\u00a0<\/p>\n<p>La coppa trail debutter\u00e0 il 30 aprile con il Lema Trail, mentre la Coppa ASTi BancaStato montagna debutter\u00e0 il 6 maggio con la 41<sup>a<\/sup>\u00a0edizione della Tesserete-Gola di Lago.\u00a0<\/p>\n<p>Domenica alle 9.30 saranno gli U12 i primi a partire seguiti da U14 ed U16. Alle 10.15 partir\u00e0 invece la prova principale sui 10.5 km.\u00a0<\/p>\n<p>La stagione 2023 presenta due novit\u00e0 importanti in merito alle categorie, infatti nascono le categorie M70 ed F60 per gli irriducibili appassionati che non temono l\u2019avanzare dell\u2019et\u00e0 e nel podismo nasce la categoria U18-U20F, che affiancher\u00e0 cos\u00ec la pari categoria dei colleghi maschi.\u00a0<\/p>\n<p>Per favorire la crescita progressiva dei giovani, nelle gare in circuito su pi\u00f9 giri, le categorie U18-U20 correranno una distanza massima di 7 km.\u00a0<\/p>\n<p>Il 1\u00b0 maggio la classicissima Stralosone metter\u00e0 in palio i titoli di campione ASTi sia nel podismo che nelle categorie giovanili. Un bel riconoscimento per la Societ\u00e0 Podistica Locarnese che in quasi mezzo secolo ha organizzato diverse manifestazioni podistiche di rilievo. Le coppe proseguiranno poi a braccetto anche il 14 maggio con la ComanoRun. I podisti chiudono la primavera con la Corrida Bellinzonese che debutter\u00e0 in coppa il 17 maggio. In luglio si ripartir\u00e0 dal grigione italiano con il Gran Premio Rossa e la SanBeRun, con le categorie giovanili. Il primo agosto i giovani saranno alla Coppa Froda, mentre a met\u00e0 mese ci sar\u00e0 il gradito ritorno della\u00a0Pontironese\u00a0per i podisti. In autunno poker luganese per entrambe le coppe con Stramassagno, Stralugano, Tutti in pista in Capriasca, Gir dal Diavol, mentre per il gran finale si va alla corsa delle 7 chiese a Giornico. La Penzi&#8230;iamo di Chiasso \u00e8 invece dedicata solo ai podisti.\u00a0<\/p>\n<p>La coppa ASTi BancaStato podismo si svolger\u00e0 su tredici prove e nella classifica verranno conteggiati gli otto migliori risultati come sempre ci sar\u00e0 anche la classifica generale sia maschile che femminile che premier\u00e0 gli atleti pi\u00f9 veloci.\u00a0<\/p>\n<p>La coppa ASTi Giovanile si articola invece su dieci prove e per la classifica saranno conteggiati i migliori sei risultati per le categorie U12-U14-U16.\u00a0<\/p>\n<p>L.S\/ASTI<\/p>\n","protected":false},"excerpt":{"rendered":"<p>La Coppa ASTi BancaStato Podismo e la Coppa ASTi BancaStato giovanile sono partite domenica con la 38a edizione del Giro Podistico di Stabio. Al via c&#8217;erano 150 partecipanti nelle diverse categorie e l&#8217;USC ha brillato nelle gare giovanili, dove sono arrivati ben tre podi con Viola, Anais ed Elsa. Tra le U10 al via c&#8217;era Alicia. Sui 3 km correvano sia le U14 che le U16 e il miglior tempo assoluto \u00e8 per Aline Oliva,&#8230;<\/p>\n","protected":false},"author":4,"featured_media":16959,"comment_status":"closed","ping_status":"closed","sticky":false,"template":"","format":"standard","meta":{"jetpack_post_was_ever_published":false,"_jetpack_newsletter_access":"","_jetpack_dont_email_post_to_subs":false,"_jetpack_newsletter_tier_id":0,"_jetpack_memberships_contains_paywalled_content":false,"_jetpack_memberships_contains_paid_content":false,"footnotes":"","jetpack_publicize_message":"","jetpack_publicize_feature_enabled":true,"jetpack_social_post_already_shared":false,"jetpack_social_options":{"image_generator_settings":{"template":"highway","default_image_id":0,"font":"","enabled":false},"version":2}},"categories":[5,9],"tags":[],"class_list":["post-17024","post","type-post","status-publish","format-standard","has-post-thumbnail","hentry","category-podismo","category-sport"],"jetpack_publicize_connections":[],"jetpack_featured_media_url":"https:\/\/i0.wp.com\/uscatletica.ch\/wp\/wp-content\/uploads\/2023\/04\/IMG_6940.jpeg?fit=1280%2C854&ssl=1","jetpack_sharing_enabled":true,"jetpack_shortlink":"https:\/\/wp.me\/p6V7Ck-4qA","jetpack-related-posts":[{"id":15835,"url":"https:\/\/uscatletica.ch\/wp\/?p=15835","url_meta":{"origin":17024,"position":0},"title":"Stramassagno e Locarno: USC in evidenza","author":"Leonida Stampanoni","date":"3 Settembre 2022","format":false,"excerpt":"La prima gara \"autunnale\" della Coppa ASTi BancaStato giovanile ha regalato all'USC un buon numero di podi e di buoni risultati. Alla Stramassagno erano una decina i giovani USC al via, con la tripletta nelle U16, la doppietta delle U14, la vittoria di No\u00e8 e il secondo posto per Dalia.\u2026","rel":"","context":"In &quot;Podismo&quot;","block_context":{"text":"Podismo","link":"https:\/\/uscatletica.ch\/wp\/?cat=5"},"img":{"alt_text":"","src":"https:\/\/i0.wp.com\/uscatletica.ch\/wp\/wp-content\/uploads\/2022\/09\/podioutti220903.jpg?fit=432%2C324&ssl=1&resize=350%2C200","width":350,"height":200},"classes":[]},{"id":17989,"url":"https:\/\/uscatletica.ch\/wp\/?p=17989","url_meta":{"origin":17024,"position":1},"title":"STRAMASSAGNO, USC IN EVIDENZA","author":"Leonida Stampanoni","date":"3 Settembre 2023","format":false,"excerpt":"Alla Stramassagno, prova della Coppa ASTi BancaStato di podismo e giovanile, erano una ventina gli USCini in gara domenica mattina. Nella gara giovanile sui 2 km vittoria per Viola podi per Elsa ed Olivia, mentre i numerosi U14 hanno solo accarezzato il podio. \u00a0 Nella podistica sugli 8 km sesto\u2026","rel":"","context":"In &quot;Podismo&quot;","block_context":{"text":"Podismo","link":"https:\/\/uscatletica.ch\/wp\/?cat=5"},"img":{"alt_text":"","src":"https:\/\/i0.wp.com\/uscatletica.ch\/wp\/wp-content\/uploads\/2023\/07\/AlexD_GDL2023.jpg?fit=508%2C650&ssl=1&resize=350%2C200","width":350,"height":200},"classes":[]},{"id":19278,"url":"https:\/\/uscatletica.ch\/wp\/?p=19278","url_meta":{"origin":17024,"position":2},"title":"STRALOSONE: USC in evidenza (aggiornato)","author":"Leonida Stampanoni","date":"1 Maggio 2024","format":false,"excerpt":"La terza prova delle Coppe ASTi BancaStato podismo e giovanile \u00e8 la Stralosone, classica del primo di maggio che per la seconda volta si disputa sul rinnovato tracciato attorno alle scuole elementari. Il plumbeo cielo primaverile di questo 2024 non ha fermato i quasi 200 atleti al via. \u00a0L'USC era\u2026","rel":"","context":"In &quot;Non catalogato&quot;","block_context":{"text":"Non catalogato","link":"https:\/\/uscatletica.ch\/wp\/?cat=6"},"img":{"alt_text":"Una parte del gruppo USC alla partenza della GDL 2023-foto-USC","src":"https:\/\/i0.wp.com\/uscatletica.ch\/wp\/wp-content\/uploads\/2023\/05\/GDL2023-una-parte-del-gruppo-USC-alla-partenza-foto-USC.jpg?fit=979%2C653&ssl=1&resize=350%2C200","width":350,"height":200,"srcset":"https:\/\/i0.wp.com\/uscatletica.ch\/wp\/wp-content\/uploads\/2023\/05\/GDL2023-una-parte-del-gruppo-USC-alla-partenza-foto-USC.jpg?fit=979%2C653&ssl=1&resize=350%2C200 1x, https:\/\/i0.wp.com\/uscatletica.ch\/wp\/wp-content\/uploads\/2023\/05\/GDL2023-una-parte-del-gruppo-USC-alla-partenza-foto-USC.jpg?fit=979%2C653&ssl=1&resize=525%2C300 1.5x, https:\/\/i0.wp.com\/uscatletica.ch\/wp\/wp-content\/uploads\/2023\/05\/GDL2023-una-parte-del-gruppo-USC-alla-partenza-foto-USC.jpg?fit=979%2C653&ssl=1&resize=700%2C400 2x"},"classes":[]},{"id":17307,"url":"https:\/\/uscatletica.ch\/wp\/?p=17307","url_meta":{"origin":17024,"position":3},"title":"USC in grande evidenza alla ComanoRun","author":"Leonida Stampanoni","date":"14 Maggio 2023","format":false,"excerpt":"Domenica erano quasi 400 i partecipanti alla Comano Run \u00a0, ben 160 giovanissimi, 120 nelle tre gare della coppa ASTi BancaStato Giovanile. Una ventina abbondante gli atleti USC presenti che hanno raccolto 7 successi \u00a0le piccole Linda e Alicia un poker di vittorie nella coppa giovanile con No\u00e9 , Elsa,\u2026","rel":"","context":"In &quot;Podismo&quot;","block_context":{"text":"Podismo","link":"https:\/\/uscatletica.ch\/wp\/?cat=5"},"img":{"alt_text":"Una parte del gruppo USC alla partenza della GDL 2023-foto-USC","src":"https:\/\/i0.wp.com\/uscatletica.ch\/wp\/wp-content\/uploads\/2023\/05\/GDL2023-una-parte-del-gruppo-USC-alla-partenza-foto-USC.jpg?fit=979%2C653&ssl=1&resize=350%2C200","width":350,"height":200,"srcset":"https:\/\/i0.wp.com\/uscatletica.ch\/wp\/wp-content\/uploads\/2023\/05\/GDL2023-una-parte-del-gruppo-USC-alla-partenza-foto-USC.jpg?fit=979%2C653&ssl=1&resize=350%2C200 1x, https:\/\/i0.wp.com\/uscatletica.ch\/wp\/wp-content\/uploads\/2023\/05\/GDL2023-una-parte-del-gruppo-USC-alla-partenza-foto-USC.jpg?fit=979%2C653&ssl=1&resize=525%2C300 1.5x, https:\/\/i0.wp.com\/uscatletica.ch\/wp\/wp-content\/uploads\/2023\/05\/GDL2023-una-parte-del-gruppo-USC-alla-partenza-foto-USC.jpg?fit=979%2C653&ssl=1&resize=700%2C400 2x"},"classes":[]},{"id":18187,"url":"https:\/\/uscatletica.ch\/wp\/?p=18187","url_meta":{"origin":17024,"position":4},"title":"USC Bene a Giornico","author":"Leonida Stampanoni","date":"7 Ottobre 2023","format":false,"excerpt":"Erano quasi una ventina gli USCini al via della corsa delle 7 chiese di Giornico \u00a0penultima prova delle Coppe ASTi BancaStato \u00a0Podismo e Giovanile che si chiuderanno sabati 21 ottobre con il Gir dal Diavol.\u00a0 Nelle gare giovanili doppietta tra le U16 con Lila ed Elsa, tra i ragazzi No\u00e9\u2026","rel":"","context":"In &quot;Podismo&quot;","block_context":{"text":"Podismo","link":"https:\/\/uscatletica.ch\/wp\/?cat=5"},"img":{"alt_text":"","src":"https:\/\/i0.wp.com\/uscatletica.ch\/wp\/wp-content\/uploads\/2022\/10\/221992sagnoU14M.jpg?fit=480%2C640&ssl=1&resize=350%2C200","width":350,"height":200},"classes":[]},{"id":15007,"url":"https:\/\/uscatletica.ch\/wp\/?p=15007","url_meta":{"origin":17024,"position":5},"title":"STRALOSONE, TRIPLETTA U16. NO\u00c8 VINCE TRA GLI U14, JOHN 2\u00b0 M50","author":"Leonida Stampanoni","date":"1 Maggio 2022","format":false,"excerpt":"Sul nuovo percorso della Stralosone in evidenza le nostre giovani leve, protagoniste della coppa ASTi BancaStato giovanile. Quasi tutti a podio: vincono Elsa e No\u00e9, podi per Cecilia Olivia S. e Dalia. Nella gara sui 10 km John \u00e8 sul podio M50 .\u00a0 Tutti i risultati da Losone Le categorie\u2026","rel":"","context":"In &quot;Podismo&quot;","block_context":{"text":"Podismo","link":"https:\/\/uscatletica.ch\/wp\/?cat=5"},"img":{"alt_text":"","src":"https:\/\/i0.wp.com\/uscatletica.ch\/wp\/wp-content\/uploads\/2022\/05\/220105stralos.png?fit=432%2C288&ssl=1&resize=350%2C200","width":350,"height":200},"classes":[]}],"_links":{"self":[{"href":"https:\/\/uscatletica.ch\/wp\/index.php?rest_route=\/wp\/v2\/posts\/17024","targetHints":{"allow":["GET"]}}],"collection":[{"href":"https:\/\/uscatletica.ch\/wp\/index.php?rest_route=\/wp\/v2\/posts"}],"about":[{"href":"https:\/\/uscatletica.ch\/wp\/index.php?rest_route=\/wp\/v2\/types\/post"}],"author":[{"embeddable":true,"href":"https:\/\/uscatletica.ch\/wp\/index.php?rest_route=\/wp\/v2\/users\/4"}],"replies":[{"embeddable":true,"href":"https:\/\/uscatletica.ch\/wp\/index.php?rest_route=%2Fwp%2Fv2%2Fcomments&post=17024"}],"version-history":[{"count":7,"href":"https:\/\/uscatletica.ch\/wp\/index.php?rest_route=\/wp\/v2\/posts\/17024\/revisions"}],"predecessor-version":[{"id":17036,"href":"https:\/\/uscatletica.ch\/wp\/index.php?rest_route=\/wp\/v2\/posts\/17024\/revisions\/17036"}],"wp:featuredmedia":[{"embeddable":true,"href":"https:\/\/uscatletica.ch\/wp\/index.php?rest_route=\/wp\/v2\/media\/16959"}],"wp:attachment":[{"href":"https:\/\/uscatletica.ch\/wp\/index.php?rest_route=%2Fwp%2Fv2%2Fmedia&parent=17024"}],"wp:term":[{"taxonomy":"category","embeddable":true,"href":"https:\/\/uscatletica.ch\/wp\/index.php?rest_route=%2Fwp%2Fv2%2Fcategories&post=17024"},{"taxonomy":"post_tag","embeddable":true,"href":"https:\/\/uscatletica.ch\/wp\/index.php?rest_route=%2Fwp%2Fv2%2Ftags&post=17024"}],"curies":[{"name":"wp","href":"https:\/\/api.w.org\/{rel}","templated":true}]}}