{"id":17110,"date":"2023-04-27T01:02:44","date_gmt":"2023-04-26T23:02:44","guid":{"rendered":"https:\/\/uscatletica.ch\/wp\/?p=17110"},"modified":"2023-10-26T17:30:50","modified_gmt":"2023-10-26T15:30:50","slug":"noe-in-finale-del-mille-gruyere-buono-il-battesimo-della-coa-sottoceneri","status":"publish","type":"post","link":"https:\/\/uscatletica.ch\/wp\/?p=17110","title":{"rendered":"No\u00e9 in finale del MilLe Gruyere buono il battesimo della Coa Sottoceneri"},"content":{"rendered":"\n<p>Una lunga appassionante serata di atletica ha lanciato la stagione estiva FTAL 2023, al comunale di Bellinzona c&#8217;erano 322 partecipanti all&#8217;eliminatoria regionale del MilLe Gruyere che hanno poi assistito ai campionati ticinesi di 4&#215;100 m con 16 squadre al via equamente divisi tra maschi e femmine come i 4 specialisti nel getto del Peso dove la nostra Giada ha vinto con un bel 12.15 m. Nel MilLe Gruyere \u00a0No\u00e9 si prende la quinta finale consecutiva. Diploma dei primi 8 per Anais. Remo,Elsa, Olivia, Noah. \u00a0La nostra 4&#215;100 m ha sbagliato il cambio, Marta e Marco hanno tenuto a Battesimo la comunit\u00e0 Atletica Sottoceneri guadagnandosi un posto in finale.\u00a0<\/p>\n<p><a href=\"https:\/\/swiss-athletics.ch\/de\/live-resultate\/\" target=\"_blank\" rel=\"noopener\">Classifica MilLe Gruyere<\/a> <a href=\"https:\/\/slv.laportal.net\/Competitions\/Resultoverview\/9307\" target=\"_blank\" rel=\"noopener\">risultati Peso e CT 4X100 m<\/a><\/p>\n<p>Nel getto del peso Giada ha trovato un getto a 12.15 molto incoraggiante per l&#8217;inizio stagione, Nella 4&#215;100 m Alice, Jennis, Lea e Matilda hanno sbagliato il cambio. Marta in squadra con Giulia Malacrida, Lia Raggi e Ambra Giugno ha raggiunto la finale in 52&#8243;14 per chiudere quinte in 51.73 Stesso copione per Marco con Mattia Schenk, Elia Marcoli, Marco Cabra.giunti in finale con 45&#8243;57 per poi meritarsi il quinto rango in 45.91. Il GA Bellinzona ha vinto il titolo maschile con Boo, Tajana, Fumagalli, Rufenacht con il settimo tempo di sempre in 42&#8217;56. Al femminile sempre le ragazze di casa Brechbuhl, Tahou, Ferrari, De Marco in 49.25.\u00a0<\/p>\n<p>Nel miLe Gruyere Now con un finale grintoso si prende la quinta finale consecutiva con il secondo rango in 3:08.60. Remo in 3:34.27 \u00e8 quarto al termine di una bellissima rimonta. \u00a0Elsa 3:34,66 termina quarta nella gara pi\u00f9 veloce di giornata dominata da Tiziana Rosamilia. Olivia 3:53.55 \u00e8 sesta.Anais vincendo la prima batteria in 3&#8217;41&#8243;35 chiude quinta assoluta. Noah \u00e8 settimo 3:35.24. Nono rango \u00a0per Viola in 3:55.42 e Am\u00e9lie 3:40.78 decimo rango perNicol\u00f2 4:04.28 undicesimo per Giosu\u00e8 3:55.36. Al dodicesimo troviamo Dalia 3:48.91, Asia 3:51.26, Selina 3:50.25 ed Agata 4:13.75. Bravi anche Mattia 3:43.09, Michelle 4:16.46, Camilla A 4:05.29, Camilla B. 4.07.56, Leo 4:11.56 e Jacopo 4:31.78, Sui 600 m la prima a scendere in pista \u00e8 stat Anna settima in 2:38.02<\/p>\n<table border=\"0\" cellspacing=\"0\"><colgroup width=\"24\"><\/colgroup><colgroup width=\"181\"><\/colgroup><colgroup width=\"61\"><\/colgroup><colgroup span=\"2\" width=\"113\"><\/colgroup><colgroup width=\"47\"><\/colgroup><colgroup width=\"113\"><\/colgroup>\n<tbody>\n<tr>\n<td align=\"right\" valign=\"bottom\" height=\"35\"><span style=\"color: #000000;\">2<\/span><\/td>\n<td align=\"left\" valign=\"bottom\"><span style=\"color: #000000;\">No\u00e8 Volger<\/span><\/td>\n<td align=\"right\" valign=\"bottom\"><span style=\"color: #000000;\">2009<\/span><\/td>\n<td align=\"right\" valign=\"bottom\"><span style=\"color: #000000;\">3:08.60<\/span><\/td>\n<td align=\"right\" valign=\"bottom\"><span style=\"color: #000000;\">3:08.60<\/span><\/td>\n<td align=\"right\" valign=\"bottom\"><span style=\"color: #000000;\">1<\/span><\/td>\n<td align=\"right\" valign=\"bottom\"><span style=\"color: #000000;\">3:08.60<\/span><\/td>\n<\/tr>\n<tr>\n<td align=\"right\" valign=\"bottom\" height=\"35\"><span style=\"color: #000000;\">4<\/span><\/td>\n<td align=\"left\" valign=\"bottom\"><span style=\"color: #000000;\">Remo Petrini<\/span><\/td>\n<td align=\"right\" valign=\"bottom\"><span style=\"color: #000000;\">2013<\/span><\/td>\n<td align=\"right\" valign=\"bottom\"><span style=\"color: #000000;\">3:34.27<\/span><\/td>\n<td align=\"right\" valign=\"bottom\"><span style=\"color: #000000;\">6:42.87<\/span><\/td>\n<td align=\"right\" valign=\"bottom\"><span style=\"color: #000000;\">2<\/span><\/td>\n<td align=\"right\" valign=\"bottom\"><span style=\"color: #000000;\">3:21.44<\/span><\/td>\n<\/tr>\n<tr>\n<td align=\"right\" valign=\"bottom\" height=\"35\"><span style=\"color: #000000;\">4<\/span><\/td>\n<td align=\"left\" valign=\"bottom\"><span style=\"color: #000000;\">Elsa Caissutti<\/span><\/td>\n<td align=\"right\" valign=\"bottom\"><span style=\"color: #000000;\">2008<\/span><\/td>\n<td align=\"right\" valign=\"bottom\"><span style=\"color: #000000;\">3:34.66<\/span><\/td>\n<td align=\"right\" valign=\"bottom\"><span style=\"color: #000000;\">10:17.53<\/span><\/td>\n<td align=\"right\" valign=\"bottom\"><span style=\"color: #000000;\">3<\/span><\/td>\n<td align=\"right\" valign=\"bottom\"><span style=\"color: #000000;\">3:25.84<\/span><\/td>\n<\/tr>\n<tr>\n<td align=\"right\" valign=\"bottom\" height=\"35\"><span style=\"color: #000000;\">7<\/span><\/td>\n<td align=\"left\" valign=\"bottom\"><span style=\"color: #000000;\">Noah Bader<\/span><\/td>\n<td align=\"right\" valign=\"bottom\"><span style=\"color: #000000;\">2011<\/span><\/td>\n<td align=\"right\" valign=\"bottom\"><span style=\"color: #000000;\">3:35.34<\/span><\/td>\n<td align=\"right\" valign=\"bottom\"><span style=\"color: #000000;\">13:52.87<\/span><\/td>\n<td align=\"right\" valign=\"bottom\"><span style=\"color: #000000;\">4<\/span><\/td>\n<td align=\"right\" valign=\"bottom\"><span style=\"color: #000000;\">3:28.22<\/span><\/td>\n<\/tr>\n<tr>\n<td align=\"right\" valign=\"bottom\" height=\"35\"><span style=\"color: #000000;\">9<\/span><\/td>\n<td align=\"left\" valign=\"bottom\"><span style=\"color: #000000;\">Amelie Andreoli<\/span><\/td>\n<td align=\"right\" valign=\"bottom\"><span style=\"color: #000000;\">2010<\/span><\/td>\n<td align=\"right\" valign=\"bottom\"><span style=\"color: #000000;\">3:40.78<\/span><\/td>\n<td align=\"right\" valign=\"bottom\"><span style=\"color: #000000;\">17:33.65<\/span><\/td>\n<td align=\"right\" valign=\"bottom\"><span style=\"color: #000000;\">5<\/span><\/td>\n<td align=\"right\" valign=\"bottom\"><span style=\"color: #000000;\">3:30.73<\/span><\/td>\n<\/tr>\n<tr>\n<td align=\"right\" valign=\"bottom\" height=\"35\"><span style=\"color: #000000;\">5<\/span><\/td>\n<td align=\"left\" valign=\"bottom\"><span style=\"color: #000000;\">Anais Piattini<\/span><\/td>\n<td align=\"right\" valign=\"bottom\"><span style=\"color: #000000;\">2011<\/span><\/td>\n<td align=\"right\" valign=\"bottom\"><span style=\"color: #000000;\">3:41.36<\/span><\/td>\n<td align=\"right\" valign=\"bottom\"><span style=\"color: #000000;\">21:15.01<\/span><\/td>\n<td align=\"right\" valign=\"bottom\"><span style=\"color: #000000;\">6<\/span><\/td>\n<td align=\"right\" valign=\"bottom\"><span style=\"color: #000000;\">3:32.50<\/span><\/td>\n<\/tr>\n<tr>\n<td align=\"right\" valign=\"bottom\" height=\"35\"><span style=\"color: #000000;\">15<\/span><\/td>\n<td align=\"left\" valign=\"bottom\"><span style=\"color: #000000;\">Mattia Gianotti<\/span><\/td>\n<td align=\"right\" valign=\"bottom\"><span style=\"color: #000000;\">2010<\/span><\/td>\n<td align=\"right\" valign=\"bottom\"><span style=\"color: #000000;\">3:43.09<\/span><\/td>\n<td align=\"right\" valign=\"bottom\"><span style=\"color: #000000;\">24:58.10<\/span><\/td>\n<td align=\"right\" valign=\"bottom\"><span style=\"color: #000000;\">7<\/span><\/td>\n<td align=\"right\" valign=\"bottom\"><span style=\"color: #000000;\">3:34.01<\/span><\/td>\n<\/tr>\n<tr>\n<td align=\"right\" valign=\"bottom\" height=\"35\"><span style=\"color: #000000;\">12<\/span><\/td>\n<td align=\"left\" valign=\"bottom\"><span style=\"color: #000000;\">Dalia Caissutti<\/span><\/td>\n<td align=\"right\" valign=\"bottom\"><span style=\"color: #000000;\">2010<\/span><\/td>\n<td align=\"right\" valign=\"bottom\"><span style=\"color: #000000;\">3:48.91<\/span><\/td>\n<td align=\"right\" valign=\"bottom\"><span style=\"color: #000000;\">28:47.01<\/span><\/td>\n<td align=\"right\" valign=\"bottom\"><span style=\"color: #000000;\">8<\/span><\/td>\n<td align=\"right\" valign=\"bottom\"><span style=\"color: #000000;\">3:35.88<\/span><\/td>\n<\/tr>\n<tr>\n<td align=\"right\" valign=\"bottom\" height=\"35\"><span style=\"color: #000000;\">12<\/span><\/td>\n<td align=\"left\" valign=\"bottom\"><span style=\"color: #000000;\">Selina Castelli<\/span><\/td>\n<td align=\"right\" valign=\"bottom\"><span style=\"color: #000000;\">2009<\/span><\/td>\n<td align=\"right\" valign=\"bottom\"><span style=\"color: #000000;\">3:50.25<\/span><\/td>\n<td align=\"right\" valign=\"bottom\"><span style=\"color: #000000;\">32:37.26<\/span><\/td>\n<td align=\"right\" valign=\"bottom\"><span style=\"color: #000000;\">9<\/span><\/td>\n<td align=\"right\" valign=\"bottom\"><span style=\"color: #000000;\">3:37.47<\/span><\/td>\n<\/tr>\n<tr>\n<td align=\"right\" valign=\"bottom\" height=\"35\"><span style=\"color: #000000;\">12<\/span><\/td>\n<td align=\"left\" valign=\"bottom\"><span style=\"color: #000000;\">Asia Corti<\/span><\/td>\n<td align=\"right\" valign=\"bottom\"><span style=\"color: #000000;\">2011<\/span><\/td>\n<td align=\"right\" valign=\"bottom\"><span style=\"color: #000000;\">3:51.66<\/span><\/td>\n<td align=\"right\" valign=\"bottom\"><span style=\"color: #000000;\">36:28.92<\/span><\/td>\n<td align=\"right\" valign=\"bottom\"><span style=\"color: #000000;\">10<\/span><\/td>\n<td align=\"right\" valign=\"bottom\"><span style=\"color: #000000;\">3:38.89<\/span><\/td>\n<\/tr>\n<tr>\n<td align=\"right\" valign=\"bottom\" height=\"35\"><span style=\"color: #000000;\">6<\/span><\/td>\n<td align=\"left\" valign=\"bottom\"><span style=\"color: #000000;\">Olivia Stampanoni<\/span><\/td>\n<td align=\"right\" valign=\"bottom\"><span style=\"color: #000000;\">2008<\/span><\/td>\n<td align=\"right\" valign=\"bottom\"><span style=\"color: #000000;\">3:53.55<\/span><\/td>\n<td align=\"right\" valign=\"bottom\"><span style=\"color: #000000;\">40:22.47<\/span><\/td>\n<td align=\"right\" valign=\"bottom\"><span style=\"color: #000000;\">11<\/span><\/td>\n<td align=\"right\" valign=\"bottom\"><span style=\"color: #000000;\">3:40.22<\/span><\/td>\n<\/tr>\n<tr>\n<td align=\"right\" valign=\"bottom\" height=\"35\"><span style=\"color: #000000;\">11<\/span><\/td>\n<td align=\"left\" valign=\"bottom\"><span style=\"color: #000000;\">Giosu\u00e9 Caissutti<\/span><\/td>\n<td align=\"right\" valign=\"bottom\"><span style=\"color: #000000;\">2012<\/span><\/td>\n<td align=\"right\" valign=\"bottom\"><span style=\"color: #000000;\">3:55.36<\/span><\/td>\n<td align=\"right\" valign=\"bottom\"><span style=\"color: #000000;\">44:17.83<\/span><\/td>\n<td align=\"right\" valign=\"bottom\"><span style=\"color: #000000;\">12<\/span><\/td>\n<td align=\"right\" valign=\"bottom\"><span style=\"color: #000000;\">3:41.49<\/span><\/td>\n<\/tr>\n<tr>\n<td align=\"right\" valign=\"bottom\" height=\"35\"><span style=\"color: #000000;\">9<\/span><\/td>\n<td align=\"left\" valign=\"bottom\"><span style=\"color: #000000;\">Viola Groppi<\/span><\/td>\n<td align=\"right\" valign=\"bottom\"><span style=\"color: #000000;\">2012<\/span><\/td>\n<td align=\"right\" valign=\"bottom\"><span style=\"color: #000000;\">3:55.42<\/span><\/td>\n<td align=\"right\" valign=\"bottom\"><span style=\"color: #000000;\">48:13.25<\/span><\/td>\n<td align=\"right\" valign=\"bottom\"><span style=\"color: #000000;\">13<\/span><\/td>\n<td align=\"right\" valign=\"bottom\"><span style=\"color: #000000;\">3:42.56<\/span><\/td>\n<\/tr>\n<tr>\n<td align=\"right\" valign=\"bottom\" height=\"35\"><span style=\"color: #000000;\">10<\/span><\/td>\n<td align=\"left\" valign=\"bottom\"><span style=\"color: #000000;\">Nicol\u00f2 Domeniconi<\/span><\/td>\n<td align=\"right\" valign=\"bottom\"><span style=\"color: #000000;\">2013<\/span><\/td>\n<td align=\"right\" valign=\"bottom\"><span style=\"color: #000000;\">4:04.28<\/span><\/td>\n<td align=\"right\" valign=\"bottom\"><span style=\"color: #000000;\">52:17.53<\/span><\/td>\n<td align=\"right\" valign=\"bottom\"><span style=\"color: #000000;\">14<\/span><\/td>\n<td align=\"right\" valign=\"bottom\"><span style=\"color: #000000;\">3:44.11<\/span><\/td>\n<\/tr>\n<tr>\n<td align=\"right\" valign=\"bottom\" height=\"35\"><span style=\"color: #000000;\">18<\/span><\/td>\n<td align=\"left\" valign=\"bottom\"><span style=\"color: #000000;\">Camilla Amaro<\/span><\/td>\n<td align=\"right\" valign=\"bottom\"><span style=\"color: #000000;\">2011<\/span><\/td>\n<td align=\"right\" valign=\"bottom\"><span style=\"color: #000000;\">4:05.09<\/span><\/td>\n<td align=\"right\" valign=\"bottom\"><span style=\"color: #000000;\">56:22.62<\/span><\/td>\n<td align=\"right\" valign=\"bottom\"><span style=\"color: #000000;\">15<\/span><\/td>\n<td align=\"right\" valign=\"bottom\"><span style=\"color: #000000;\">3:45.51<\/span><\/td>\n<\/tr>\n<tr>\n<td align=\"right\" valign=\"bottom\" height=\"35\"><span style=\"color: #000000;\">25<\/span><\/td>\n<td align=\"left\" valign=\"bottom\"><span style=\"color: #000000;\">Camilla Brenna<\/span><\/td>\n<td align=\"right\" valign=\"bottom\"><span style=\"color: #000000;\">2010<\/span><\/td>\n<td align=\"right\" valign=\"bottom\"><span style=\"color: #000000;\">4:07.56<\/span><\/td>\n<td align=\"right\" valign=\"bottom\"><span style=\"color: #000000;\">1:00:30.18<\/span><\/td>\n<td align=\"right\" valign=\"bottom\"><span style=\"color: #000000;\">16<\/span><\/td>\n<td align=\"right\" valign=\"bottom\"><span style=\"color: #000000;\">3:46.89<\/span><\/td>\n<\/tr>\n<tr>\n<td align=\"right\" valign=\"bottom\" height=\"35\"><span style=\"color: #000000;\">23<\/span><\/td>\n<td align=\"left\" valign=\"bottom\"><span style=\"color: #000000;\">Leo Amores<\/span><\/td>\n<td align=\"right\" valign=\"bottom\"><span style=\"color: #000000;\">2011<\/span><\/td>\n<td align=\"right\" valign=\"bottom\"><span style=\"color: #000000;\">4:11.36<\/span><\/td>\n<td align=\"right\" valign=\"bottom\"><span style=\"color: #000000;\">1:04:41.54<\/span><\/td>\n<td align=\"right\" valign=\"bottom\"><span style=\"color: #000000;\">17<\/span><\/td>\n<td align=\"right\" valign=\"bottom\"><span style=\"color: #000000;\">3:48.33<\/span><\/td>\n<\/tr>\n<tr>\n<td align=\"right\" valign=\"bottom\" height=\"35\"><span style=\"color: #000000;\">12<\/span><\/td>\n<td align=\"left\" valign=\"bottom\"><span style=\"color: #000000;\">Agata Macconi<\/span><\/td>\n<td align=\"right\" valign=\"bottom\"><span style=\"color: #000000;\">2013<\/span><\/td>\n<td align=\"right\" valign=\"bottom\"><span style=\"color: #000000;\">4:13.75<\/span><\/td>\n<td align=\"right\" valign=\"bottom\"><span style=\"color: #000000;\">1:08:55.29<\/span><\/td>\n<td align=\"right\" valign=\"bottom\"><span style=\"color: #000000;\">18<\/span><\/td>\n<td align=\"right\" valign=\"bottom\"><span style=\"color: #000000;\">3:49.74<\/span><\/td>\n<\/tr>\n<tr>\n<td align=\"right\" valign=\"bottom\" height=\"35\"><span style=\"color: #000000;\">14<\/span><\/td>\n<td align=\"left\" valign=\"bottom\"><span style=\"color: #000000;\">Michelle Bernasconi<\/span><\/td>\n<td align=\"right\" valign=\"bottom\"><span style=\"color: #000000;\">2013<\/span><\/td>\n<td align=\"right\" valign=\"bottom\"><span style=\"color: #000000;\">4:16.46<\/span><\/td>\n<td align=\"right\" valign=\"bottom\"><span style=\"color: #000000;\">1:13:11.75<\/span><\/td>\n<td align=\"right\" valign=\"bottom\"><span style=\"color: #000000;\">19<\/span><\/td>\n<td align=\"right\" valign=\"bottom\"><span style=\"color: #000000;\">3:51.14<\/span><\/td>\n<\/tr>\n<tr>\n<td align=\"left\" valign=\"bottom\" height=\"35\"><span style=\"color: #000000;\">\u00a0<\/span><\/td>\n<td align=\"left\" valign=\"bottom\"><span style=\"color: #000000;\">Jacopo Volger<\/span><\/td>\n<td align=\"right\" valign=\"bottom\"><span style=\"color: #000000;\">2013<\/span><\/td>\n<td align=\"right\" valign=\"bottom\"><span style=\"color: #000000;\">4:31.07<\/span><\/td>\n<td align=\"right\" valign=\"bottom\"><span style=\"color: #000000;\">1:17:42.82<\/span><\/td>\n<td align=\"right\" valign=\"bottom\"><span style=\"color: #000000;\">20<\/span><\/td>\n<td align=\"right\" valign=\"bottom\"><span style=\"color: #000000;\">3:53.14<\/span><\/td>\n<\/tr>\n<\/tbody>\n<\/table>\n","protected":false},"excerpt":{"rendered":"<p>Una lunga appassionante serata di atletica ha lanciato la stagione estiva FTAL 2023, al comunale di Bellinzona c&#8217;erano 322 partecipanti all&#8217;eliminatoria regionale del MilLe Gruyere che hanno poi assistito ai campionati ticinesi di 4&#215;100 m con 16 squadre al via equamente divisi tra maschi e femmine come i 4 specialisti nel getto del Peso dove la nostra Giada ha vinto con un bel 12.15 m. Nel MilLe Gruyere \u00a0No\u00e9 si prende la quinta finale consecutiva&#8230;.<\/p>\n","protected":false},"author":4,"featured_media":17112,"comment_status":"closed","ping_status":"closed","sticky":false,"template":"","format":"standard","meta":{"jetpack_post_was_ever_published":false,"_jetpack_newsletter_access":"","_jetpack_dont_email_post_to_subs":false,"_jetpack_newsletter_tier_id":0,"_jetpack_memberships_contains_paywalled_content":false,"_jetpack_memberships_contains_paid_content":false,"footnotes":"","jetpack_publicize_message":"","jetpack_publicize_feature_enabled":true,"jetpack_social_post_already_shared":true,"jetpack_social_options":{"image_generator_settings":{"template":"highway","default_image_id":0,"font":"","enabled":false},"version":2}},"categories":[4,9],"tags":[],"class_list":["post-17110","post","type-post","status-publish","format-standard","has-post-thumbnail","hentry","category-pista","category-sport"],"jetpack_publicize_connections":[],"jetpack_featured_media_url":"https:\/\/i0.wp.com\/uscatletica.ch\/wp\/wp-content\/uploads\/2023\/04\/2304361kgru.jpg?fit=432%2C324&ssl=1","jetpack_sharing_enabled":true,"jetpack_shortlink":"https:\/\/wp.me\/p6V7Ck-4rY","jetpack-related-posts":[{"id":17098,"url":"https:\/\/uscatletica.ch\/wp\/?p=17098","url_meta":{"origin":17110,"position":0},"title":"MilLe Gruyere e CT 4&#215;100 m","author":"Leonida Stampanoni","date":"25 Aprile 2023","format":false,"excerpt":"Domani a Bellinzona parte la stagione atletica cantonale con l'eliminatoria regionale del MilLe Gruyere ed i campionati ticinesi della 4x100 m. Al MilLE Gruyere saranno ben 20 gli atleti USC al via. La grande novit\u00e0 \u00e8 il debutto della comunit\u00e0 atletica sottoceneri ai campionati ticinesi della 4x100 m. l'USC oltre\u2026","rel":"","context":"In &quot;Pista&quot;","block_context":{"text":"Pista","link":"https:\/\/uscatletica.ch\/wp\/?cat=4"},"img":{"alt_text":"","src":"https:\/\/i0.wp.com\/uscatletica.ch\/wp\/wp-content\/uploads\/2022\/05\/P1180123.jpg?fit=432%2C324&ssl=1&resize=350%2C200","width":350,"height":200},"classes":[]},{"id":20060,"url":"https:\/\/uscatletica.ch\/wp\/?p=20060","url_meta":{"origin":17110,"position":1},"title":"Gli assoluti a Bellinzona i giovani al MilLe Gruyere i podisti a Penz&#8230;iamo","author":"Leonida Stampanoni","date":"13 Settembre 2024","format":false,"excerpt":"Nel fine settimana il comunale di Bellinzona dopo aver accolto le stelle dell'atletica mondiale accoglier\u00e0 i campionati ticinesi assoluti. Sulle piste della capitale saranno 180 atleti ed atlete e contendersi 27 titoli. 9 Gli USCini al via Glada ed Elia B. nei lanci Marta e Lana nei salti Mattia, Alice,\u2026","rel":"","context":"In &quot;Pista&quot;","block_context":{"text":"Pista","link":"https:\/\/uscatletica.ch\/wp\/?cat=4"},"img":{"alt_text":"","src":"https:\/\/i0.wp.com\/uscatletica.ch\/wp\/wp-content\/uploads\/2024\/04\/millegruyere.png?fit=595%2C842&ssl=1&resize=350%2C200","width":350,"height":200,"srcset":"https:\/\/i0.wp.com\/uscatletica.ch\/wp\/wp-content\/uploads\/2024\/04\/millegruyere.png?fit=595%2C842&ssl=1&resize=350%2C200 1x, https:\/\/i0.wp.com\/uscatletica.ch\/wp\/wp-content\/uploads\/2024\/04\/millegruyere.png?fit=595%2C842&ssl=1&resize=525%2C300 1.5x"},"classes":[]},{"id":8927,"url":"https:\/\/uscatletica.ch\/wp\/?p=8927","url_meta":{"origin":17110,"position":2},"title":"Argento per le ragazze della 4&#215;100 finale svizzera per No\u00e9","author":"Leonida Stampanoni","date":"4 Settembre 2019","format":false,"excerpt":"La serata sulla nuova pista del comunale ha regalato buone soddisfazioni ai colori dell'USC. Tra i bravissimi partecipanti al milLe Gruyere la soddisfazione \u00e8 arrivata gi\u00e0 seconda prova con \u00a0No\u00e9 ha conquistato la finale svizzera di Locarno, obiettivo sfiorato da Lea \u00a0mentre ai campionati ticinesi di 4x100 m le ragazze\u2026","rel":"","context":"In &quot;Pista&quot;","block_context":{"text":"Pista","link":"https:\/\/uscatletica.ch\/wp\/?cat=4"},"img":{"alt_text":"","src":"https:\/\/i0.wp.com\/uscatletica.ch\/wp\/wp-content\/uploads\/2016\/08\/ct4x100.jpg?fit=561%2C371&ssl=1&resize=350%2C200","width":350,"height":200,"srcset":"https:\/\/i0.wp.com\/uscatletica.ch\/wp\/wp-content\/uploads\/2016\/08\/ct4x100.jpg?fit=561%2C371&ssl=1&resize=350%2C200 1x, https:\/\/i0.wp.com\/uscatletica.ch\/wp\/wp-content\/uploads\/2016\/08\/ct4x100.jpg?fit=561%2C371&ssl=1&resize=525%2C300 1.5x"},"classes":[]},{"id":9109,"url":"https:\/\/uscatletica.ch\/wp\/?p=9109","url_meta":{"origin":17110,"position":3},"title":"Bellinzona Isone Basodino Locarno Uster USC a 360 gradi","author":"Leonida Stampanoni","date":"20 Settembre 2019","format":false,"excerpt":"Il primo fine settimana autunnale sar\u00e0 veramente ricco di impegni per gli atleti USC. In pista si chiude il Gran Prix FTAL al comunale di Bellinzona con i palio pure i titoli suo 5000 m e 3000 m prima di ospitare il classico meeting Masters giunto alla 19 edizioni. Locarno\u2026","rel":"","context":"In &quot;Montagna&quot;","block_context":{"text":"Montagna","link":"https:\/\/uscatletica.ch\/wp\/?cat=16"},"img":{"alt_text":"","src":"https:\/\/i0.wp.com\/uscatletica.ch\/wp\/wp-content\/uploads\/2019\/08\/caratschlausc190815.jpg?fit=432%2C324&ssl=1&resize=350%2C200","width":350,"height":200},"classes":[]},{"id":20095,"url":"https:\/\/uscatletica.ch\/wp\/?p=20095","url_meta":{"origin":17110,"position":4},"title":"GIADA E MARTA TITOLI A Bellinzona  MILLE GRUY\u00c8RE bene Nicole e No\u00e8","author":"Leonida Stampanoni","date":"15 Settembre 2024","format":false,"excerpt":"Domenica doppio impegno USC a Bellinzona le ragazze erano impegnate nella seconda giornata dei Campionati Ticinesi assoluti, mentre ad Alle \u00a0Nicole e No\u00e8 erano al via della finale MilLE GRUYERE.\u00a0 Al comunale ottimi risultati per le 4 ragazze ai nastri di partenza Giada vince il titolo nel peso ed il\u2026","rel":"","context":"In &quot;Pista&quot;","block_context":{"text":"Pista","link":"https:\/\/uscatletica.ch\/wp\/?cat=4"},"img":{"alt_text":"","src":"https:\/\/i0.wp.com\/uscatletica.ch\/wp\/wp-content\/uploads\/2024\/09\/20240915millegruyere.jpg?fit=432%2C323&ssl=1&resize=350%2C200","width":350,"height":200},"classes":[]},{"id":13441,"url":"https:\/\/uscatletica.ch\/wp\/?p=13441","url_meta":{"origin":17110,"position":5},"title":"TEMPO DI FINALI DA APPENZELLO A BELLINZONA","author":"Leonida Stampanoni","date":"24 Settembre 2021","format":false,"excerpt":"Nel fine settimana il calendario prevede tre impegni, due finali ed il meeting dedicato ai masters. In Ticino sar\u00e0 il comunale di Bellinzona il centro dell'azione: sabato in pista saranno i Masters (Meeting master valido anche come Campionato svizzero), domenica ci sar\u00e0 la tappa finale del BancaStato Grand Prix Ticino,\u2026","rel":"","context":"In &quot;Pista&quot;","block_context":{"text":"Pista","link":"https:\/\/uscatletica.ch\/wp\/?cat=4"},"img":{"alt_text":"","src":"https:\/\/i0.wp.com\/uscatletica.ch\/wp\/wp-content\/uploads\/2021\/05\/210513100ma.jpg?fit=432%2C324&ssl=1&resize=350%2C200","width":350,"height":200},"classes":[]}],"_links":{"self":[{"href":"https:\/\/uscatletica.ch\/wp\/index.php?rest_route=\/wp\/v2\/posts\/17110","targetHints":{"allow":["GET"]}}],"collection":[{"href":"https:\/\/uscatletica.ch\/wp\/index.php?rest_route=\/wp\/v2\/posts"}],"about":[{"href":"https:\/\/uscatletica.ch\/wp\/index.php?rest_route=\/wp\/v2\/types\/post"}],"author":[{"embeddable":true,"href":"https:\/\/uscatletica.ch\/wp\/index.php?rest_route=\/wp\/v2\/users\/4"}],"replies":[{"embeddable":true,"href":"https:\/\/uscatletica.ch\/wp\/index.php?rest_route=%2Fwp%2Fv2%2Fcomments&post=17110"}],"version-history":[{"count":5,"href":"https:\/\/uscatletica.ch\/wp\/index.php?rest_route=\/wp\/v2\/posts\/17110\/revisions"}],"predecessor-version":[{"id":18629,"href":"https:\/\/uscatletica.ch\/wp\/index.php?rest_route=\/wp\/v2\/posts\/17110\/revisions\/18629"}],"wp:featuredmedia":[{"embeddable":true,"href":"https:\/\/uscatletica.ch\/wp\/index.php?rest_route=\/wp\/v2\/media\/17112"}],"wp:attachment":[{"href":"https:\/\/uscatletica.ch\/wp\/index.php?rest_route=%2Fwp%2Fv2%2Fmedia&parent=17110"}],"wp:term":[{"taxonomy":"category","embeddable":true,"href":"https:\/\/uscatletica.ch\/wp\/index.php?rest_route=%2Fwp%2Fv2%2Fcategories&post=17110"},{"taxonomy":"post_tag","embeddable":true,"href":"https:\/\/uscatletica.ch\/wp\/index.php?rest_route=%2Fwp%2Fv2%2Ftags&post=17110"}],"curies":[{"name":"wp","href":"https:\/\/api.w.org\/{rel}","templated":true}]}}