{"id":17117,"date":"2023-04-28T22:41:16","date_gmt":"2023-04-28T20:41:16","guid":{"rendered":"https:\/\/uscatletica.ch\/wp\/?p=17117"},"modified":"2023-04-29T21:01:10","modified_gmt":"2023-04-29T19:01:10","slug":"nel-fine-settimana-da-lucerna-a-losone-passando-da-locarno-e-riva-s-vitale","status":"publish","type":"post","link":"https:\/\/uscatletica.ch\/wp\/?p=17117","title":{"rendered":"Nel fine settimana da Lucerna a Losone passando da Locarno, Riva S. Vitale e La Croce"},"content":{"rendered":"\n<p>Il lungo fine settimana sar\u00e0 molto intenso per le atlete e gli atleti USC. Sabato alla <strong>Luzernerstadtlauf<\/strong> nella corsa \u00e9lite avremo al via sia Federica che Martina grazie al brillante risultato nella Cross Cup di Swiss Athletics. Al Lido di Locarno andranno invece in scena i <strong>Campionati ticinesi giovanili di staffetta<\/strong> con due squadre al via la 4&#215;100 m U18 e la 5&#215;80 m U16.<\/p>\n<p><a href=\"https:\/\/trackmaxx.ch\/results\/?race=luz23\" target=\"_blank\" rel=\"noopener\">Risultati da Luzern<\/a><\/p>\n<p>Domenica molti atleti USC saranno al via della <strong>UBS Kids Cup<\/strong> di Riva San Vitale.<\/p>\n<p>Luned\u00ec primo maggio <span style=\"color: #ff0000;\">triplo<\/span> appuntamento il mattino si corre il campionato ASTi di podismo e giovanile alla <strong>Stralosone<\/strong>. Nel pomeriggio il <strong>meeting di apertura a Bellinzona<\/strong> inaugurer\u00e0 la stagione individuale dell&#8217;atletica ticinese, mentre in Capriasca si correr\u00e0 la <strong>K4 verso il &#8220;Crocione&#8221;<\/strong> (partenza ore 15.30).<\/p>\n<div class=\"single-feat clearfix\">\n<figure class=\"single-thumb\">\n<p>&#8212;-<\/p>\n<p>Ricordiamo l\u2019appuntamento con la <strong>settimana della corsa in Capriasca,<\/strong> promossa dal Dicastero cultura, eventi, sport e turismo del Comune di Capriasca. Informazioni e iscrizione<strong>: <\/strong><em>https:\/\/www.visitcapriasca.ch\/notizie\/settimanadellacorsa; <\/em><strong>K4 Vertical della Croce<\/strong>: <a href=\"https:\/\/ticinocup.ch\/k4vertical\/\">https:\/\/ticinocup.ch\/k4vertical\/;<\/a><strong> GdL<\/strong>: <a href=\"https:\/\/tgdl.uscatletica.ch\/\" target=\"_blank\" rel=\"noopener\"><em>https:\/\/tgdl.uscatletica.ch\/<\/em><\/a><\/p>\n<\/figure>\n<\/div>\n<p>Articolo sulla stagione FTAL:<\/p>\n<p><blockquote class=\"wp-embedded-content\" data-secret=\"Y69WVF4ygo\"><a href=\"https:\/\/ftal.ch\/dalla-maratona-e-bellinzona-il-via-di-una-stagione-nazionale\/\">Dalla maratona e Bellinzona, il via di una stagione nazionale<\/a><\/blockquote><iframe loading=\"lazy\" class=\"wp-embedded-content\" sandbox=\"allow-scripts\" security=\"restricted\" style=\"position: absolute; clip: rect(1px, 1px, 1px, 1px);\" title=\"&#8220;Dalla maratona e Bellinzona, il via di una stagione nazionale&#8221; &#8212; FTAL\" src=\"https:\/\/ftal.ch\/dalla-maratona-e-bellinzona-il-via-di-una-stagione-nazionale\/embed\/#?secret=Gqitv8oktc#?secret=Y69WVF4ygo\" data-secret=\"Y69WVF4ygo\" width=\"600\" height=\"338\" frameborder=\"0\" marginwidth=\"0\" marginheight=\"0\" scrolling=\"no\"><\/iframe><\/p>\n<p><a href=\"https:\/\/performancetiming.ch\/it\/page\/265-risultati-2023\" target=\"_blank\" rel=\"noopener\">RISULTATI dalla Stralosone <\/a><\/p>\n<p><a href=\"https:\/\/swiss-athletics.ch\/de\/live-resultate\/\" target=\"_blank\" rel=\"noopener\">Risultati live da Bellinzona<\/a><\/p>\n","protected":false},"excerpt":{"rendered":"<p>Il lungo fine settimana sar\u00e0 molto intenso per le atlete e gli atleti USC. Sabato alla Luzernerstadtlauf nella corsa \u00e9lite avremo al via sia Federica che Martina grazie al brillante risultato nella Cross Cup di Swiss Athletics. Al Lido di Locarno andranno invece in scena i Campionati ticinesi giovanili di staffetta con due squadre al via la 4&#215;100 m U18 e la 5&#215;80 m U16. Risultati da Luzern Domenica molti atleti USC saranno al via&#8230;<\/p>\n","protected":false},"author":4,"featured_media":16941,"comment_status":"closed","ping_status":"closed","sticky":false,"template":"","format":"standard","meta":{"jetpack_post_was_ever_published":false,"_jetpack_newsletter_access":"","_jetpack_dont_email_post_to_subs":false,"_jetpack_newsletter_tier_id":0,"_jetpack_memberships_contains_paywalled_content":false,"_jetpack_memberships_contains_paid_content":false,"footnotes":"","jetpack_publicize_message":"","jetpack_publicize_feature_enabled":true,"jetpack_social_post_already_shared":true,"jetpack_social_options":{"image_generator_settings":{"template":"highway","default_image_id":0,"font":"","enabled":false},"version":2}},"categories":[4,5,9],"tags":[],"class_list":["post-17117","post","type-post","status-publish","format-standard","has-post-thumbnail","hentry","category-pista","category-podismo","category-sport"],"jetpack_publicize_connections":[],"jetpack_featured_media_url":"https:\/\/i0.wp.com\/uscatletica.ch\/wp\/wp-content\/uploads\/2023\/04\/230401mendru114f.jpg?fit=432%2C324&ssl=1","jetpack_sharing_enabled":true,"jetpack_shortlink":"https:\/\/wp.me\/p6V7Ck-4s5","jetpack-related-posts":[{"id":7938,"url":"https:\/\/uscatletica.ch\/wp\/?p=7938","url_meta":{"origin":17117,"position":0},"title":"Dalle staffette alla Kids cup passando per il podismo Live MOM","author":"Leonida Stampanoni","date":"13 Aprile 2019","format":false,"excerpt":"Fine settimana intenso per gli USCini sabato sera a Mendrisio si chiude il trittico d'apertura del TAS dove dopo anni di ottimi risultati stiamo arrancando un po'. Domenica doppio appuntamento a Stabio con il 35 giro podistico partono la Coppa ASTi Podismo e la Coppa Ticino ASTi giovanile che lo\u2026","rel":"","context":"In &quot;Pista&quot;","block_context":{"text":"Pista","link":"https:\/\/uscatletica.ch\/wp\/?cat=4"},"img":{"alt_text":"","src":"https:\/\/i0.wp.com\/uscatletica.ch\/wp\/wp-content\/uploads\/2018\/10\/rivesnse10u14podio.jpg?fit=421%2C316&ssl=1&resize=350%2C200","width":350,"height":200},"classes":[]},{"id":15253,"url":"https:\/\/uscatletica.ch\/wp\/?p=15253","url_meta":{"origin":17117,"position":1},"title":"La kids cup sociale lancia il fine settimana atletico","author":"Leonida Stampanoni","date":"20 Maggio 2022","format":false,"excerpt":"Il fine \u00a0settimana atletico parte stasera con la festa sociale dedicata ai giovani con l'eliminatoria USC della Kids Cup. Sabato a Locarno ci saranno i campionati ticinesi di 5000 m e 3000 m oltre che la prima tappa del Gran Prix FTAL. \u00a0i campionati ticinesi sui 3000 e 5000 m\u2026","rel":"","context":"In &quot;Montagna&quot;","block_context":{"text":"Montagna","link":"https:\/\/uscatletica.ch\/wp\/?cat=16"},"img":{"alt_text":"","src":"https:\/\/i0.wp.com\/uscatletica.ch\/wp\/wp-content\/uploads\/2022\/05\/CSI20220514.jpg?fit=432%2C323&ssl=1&resize=350%2C200","width":350,"height":200},"classes":[]},{"id":5012,"url":"https:\/\/uscatletica.ch\/wp\/?p=5012","url_meta":{"origin":17117,"position":2},"title":"Campionati ticinesi giovanili e TAS","author":"Leonida Stampanoni","date":"29 Settembre 2017","format":false,"excerpt":"Il primo fine settimana di ottobre chiuder\u00e0 la lunga stagione atletica ticinese con i campionati ticinesi giovanili al comunale di Bellinzona Una quindicina \u00a0gli USCini impegnati. Per i giovanissimi ci sar\u00e0 la staffetta di Sagno la prima del trittico finale del TAS \u00a0ottima opportunit\u00e0 per i numerosissimi giovani di scoprire\u2026","rel":"","context":"In &quot;CO&quot;","block_context":{"text":"CO","link":"https:\/\/uscatletica.ch\/wp\/?cat=19"},"img":{"alt_text":"","src":"https:\/\/i0.wp.com\/uscatletica.ch\/wp\/wp-content\/uploads\/2017\/06\/P1470475.jpg?fit=563%2C422&ssl=1&resize=350%2C200","width":350,"height":200,"srcset":"https:\/\/i0.wp.com\/uscatletica.ch\/wp\/wp-content\/uploads\/2017\/06\/P1470475.jpg?fit=563%2C422&ssl=1&resize=350%2C200 1x, https:\/\/i0.wp.com\/uscatletica.ch\/wp\/wp-content\/uploads\/2017\/06\/P1470475.jpg?fit=563%2C422&ssl=1&resize=525%2C300 1.5x"},"classes":[]},{"id":7021,"url":"https:\/\/uscatletica.ch\/wp\/?p=7021","url_meta":{"origin":17117,"position":3},"title":"A Locarno parte la stagione Indoor","author":"Leonida Stampanoni","date":"15 Gennaio 2019","format":false,"excerpt":"Mercoled\u00ec al Palexpo di Locarno con il Trittico della velocit\u00e0 partir\u00e0 la stagione Indoor Ticinese. in serata si garegger\u00e0 su 30 m. 50 m e 60 m e nel getto del peso. Sabato ci saranno alla Regazzi i campionati ticinesi di peso alto lungo triplo. Il tris ticinese si completer\u00e0\u2026","rel":"","context":"In &quot;Pista&quot;","block_context":{"text":"Pista","link":"https:\/\/uscatletica.ch\/wp\/?cat=4"},"img":{"alt_text":"","src":"https:\/\/i0.wp.com\/uscatletica.ch\/wp\/wp-content\/uploads\/2018\/04\/P1460145.jpg?fit=563%2C422&ssl=1&resize=350%2C200","width":350,"height":200,"srcset":"https:\/\/i0.wp.com\/uscatletica.ch\/wp\/wp-content\/uploads\/2018\/04\/P1460145.jpg?fit=563%2C422&ssl=1&resize=350%2C200 1x, https:\/\/i0.wp.com\/uscatletica.ch\/wp\/wp-content\/uploads\/2018\/04\/P1460145.jpg?fit=563%2C422&ssl=1&resize=525%2C300 1.5x"},"classes":[]},{"id":21187,"url":"https:\/\/uscatletica.ch\/wp\/?p=21187","url_meta":{"origin":17117,"position":4},"title":"Nel fine settimana i Campionati Ticinesi assoluti la Stramassagno ed il cronovertical","author":"Leonida Stampanoni","date":"5 Settembre 2025","format":false,"excerpt":"Nel primo settimana di settembre tre gli appuntamenti in programma nel panorama ticinese. L'appuntamento principale saranno i campionati ticinesi assoluti al Lido di Locarno con ben \u00a0cinque USCine al via Marta sar\u00e0 tra le favorite nei salti alto, lungo e triplo dove trover\u00e0 anche Lana. Nel Disco ci sar\u00e0 Romina\u2026","rel":"","context":"In &quot;Montagna&quot;","block_context":{"text":"Montagna","link":"https:\/\/uscatletica.ch\/wp\/?cat=16"},"img":{"alt_text":"","src":"https:\/\/i0.wp.com\/uscatletica.ch\/wp\/wp-content\/uploads\/2024\/09\/20240915mamuctaspodio.jpg?fit=432%2C369&ssl=1&resize=350%2C200","width":350,"height":200},"classes":[]},{"id":13188,"url":"https:\/\/uscatletica.ch\/wp\/?p=13188","url_meta":{"origin":17117,"position":5},"title":"Fine settimana da Massagno ai campionati svizzeri giovanili","author":"Leonida Stampanoni","date":"2 Settembre 2021","format":false,"excerpt":"Fine settimana intenso per l'USC \u00a0che sar\u00e0 impegnata su pi\u00f9 fronti \u00a0Venerd\u00ec sera alla Stramassagno in palio ci saranno i primi titoli di campione ASTi, mentre nel fine settimana ci saranno i campionati svizzeri giovanili \u00a0tra Winterthur e Nottwil sei atlete ed atleti USC saranno in pista con ambizioni di\u2026","rel":"","context":"In &quot;Non catalogato&quot;","block_context":{"text":"Non catalogato","link":"https:\/\/uscatletica.ch\/wp\/?cat=6"},"img":{"alt_text":"","src":"https:\/\/i0.wp.com\/uscatletica.ch\/wp\/wp-content\/uploads\/2021\/06\/GIADAPODIOCS21.jpg?fit=640%2C480&ssl=1&resize=350%2C200","width":350,"height":200,"srcset":"https:\/\/i0.wp.com\/uscatletica.ch\/wp\/wp-content\/uploads\/2021\/06\/GIADAPODIOCS21.jpg?fit=640%2C480&ssl=1&resize=350%2C200 1x, https:\/\/i0.wp.com\/uscatletica.ch\/wp\/wp-content\/uploads\/2021\/06\/GIADAPODIOCS21.jpg?fit=640%2C480&ssl=1&resize=525%2C300 1.5x"},"classes":[]}],"_links":{"self":[{"href":"https:\/\/uscatletica.ch\/wp\/index.php?rest_route=\/wp\/v2\/posts\/17117","targetHints":{"allow":["GET"]}}],"collection":[{"href":"https:\/\/uscatletica.ch\/wp\/index.php?rest_route=\/wp\/v2\/posts"}],"about":[{"href":"https:\/\/uscatletica.ch\/wp\/index.php?rest_route=\/wp\/v2\/types\/post"}],"author":[{"embeddable":true,"href":"https:\/\/uscatletica.ch\/wp\/index.php?rest_route=\/wp\/v2\/users\/4"}],"replies":[{"embeddable":true,"href":"https:\/\/uscatletica.ch\/wp\/index.php?rest_route=%2Fwp%2Fv2%2Fcomments&post=17117"}],"version-history":[{"count":6,"href":"https:\/\/uscatletica.ch\/wp\/index.php?rest_route=\/wp\/v2\/posts\/17117\/revisions"}],"predecessor-version":[{"id":17143,"href":"https:\/\/uscatletica.ch\/wp\/index.php?rest_route=\/wp\/v2\/posts\/17117\/revisions\/17143"}],"wp:featuredmedia":[{"embeddable":true,"href":"https:\/\/uscatletica.ch\/wp\/index.php?rest_route=\/wp\/v2\/media\/16941"}],"wp:attachment":[{"href":"https:\/\/uscatletica.ch\/wp\/index.php?rest_route=%2Fwp%2Fv2%2Fmedia&parent=17117"}],"wp:term":[{"taxonomy":"category","embeddable":true,"href":"https:\/\/uscatletica.ch\/wp\/index.php?rest_route=%2Fwp%2Fv2%2Fcategories&post=17117"},{"taxonomy":"post_tag","embeddable":true,"href":"https:\/\/uscatletica.ch\/wp\/index.php?rest_route=%2Fwp%2Fv2%2Ftags&post=17117"}],"curies":[{"name":"wp","href":"https:\/\/api.w.org\/{rel}","templated":true}]}}