{"id":17214,"date":"2023-05-05T07:00:00","date_gmt":"2023-05-05T05:00:00","guid":{"rendered":"https:\/\/uscatletica.ch\/wp\/?p=17214"},"modified":"2023-05-07T15:51:45","modified_gmt":"2023-05-07T13:51:45","slug":"campionati-del-mondo-fuori-strada","status":"publish","type":"post","link":"https:\/\/uscatletica.ch\/wp\/?p=17214","title":{"rendered":"Campionati del mondo &#8220;fuori strada&#8221;"},"content":{"rendered":"\n<h3 class=\"wp-block-heading\">Selezione di Swiss athletics per i Campionati del mondo &#8220;offroad&#8221; di Innsbruck-Stubai (6-10 giugno): c&#8217;\u00e8 anche Roberto!<br \/>Complimenti e forza!<\/h3>\n<p><a href=\"https:\/\/swiss-athletics.ch\/fr\/blog\/2023\/05\/04\/telles-sont-les-selections-pour-les-cm-off-road-a-innsbruck-stubai\/\" target=\"_blank\" rel=\"noopener\">la convocazione <\/a><\/p>\n\n\n","protected":false},"excerpt":{"rendered":"<p>Selezione di Swiss athletics per i Campionati del mondo &#8220;offroad&#8221; di Innsbruck-Stubai (6-10 giugno): c&#8217;\u00e8 anche Roberto!Complimenti e forza! la convocazione<\/p>\n","protected":false},"author":3,"featured_media":17215,"comment_status":"closed","ping_status":"closed","sticky":false,"template":"","format":"standard","meta":{"jetpack_post_was_ever_published":false,"_jetpack_newsletter_access":"","_jetpack_dont_email_post_to_subs":false,"_jetpack_newsletter_tier_id":0,"_jetpack_memberships_contains_paywalled_content":false,"_jetpack_memberships_contains_paid_content":false,"footnotes":"","jetpack_publicize_message":"","jetpack_publicize_feature_enabled":true,"jetpack_social_post_already_shared":true,"jetpack_social_options":{"image_generator_settings":{"template":"highway","default_image_id":0,"font":"","enabled":false},"version":2}},"categories":[16,9],"tags":[],"class_list":["post-17214","post","type-post","status-publish","format-standard","has-post-thumbnail","hentry","category-montagna","category-sport"],"jetpack_publicize_connections":[],"jetpack_featured_media_url":"https:\/\/i0.wp.com\/uscatletica.ch\/wp\/wp-content\/uploads\/2023\/05\/SelezioneMondiali-Innsbruck2023.jpg?fit=861%2C598&ssl=1","jetpack_sharing_enabled":true,"jetpack_shortlink":"https:\/\/wp.me\/p6V7Ck-4tE","jetpack-related-posts":[{"id":2590,"url":"https:\/\/uscatletica.ch\/wp\/?p=2590","url_meta":{"origin":17214,"position":0},"title":"Campionati svizzeri di Corsa in Montagna Belchenberglauf","author":"Leonida Stampanoni","date":"12 Agosto 2016","format":false,"excerpt":"Domenica ad Olten si correranno i campionati svizzeri di corsa in montagna sul percorso della\u00a0Belchenberglauf\u00a0 lungo 13.9 km con 855 m di dislivello. \u00a0Lo scorso anno Roberto vinse il titolo a Grenchen. \u00a0Nel canton Soletta prover\u00e0 a confermare il titolo e cercare la selezione per i campionati del mondo del\u2026","rel":"","context":"In &quot;Montagna&quot;","block_context":{"text":"Montagna","link":"https:\/\/uscatletica.ch\/wp\/?cat=16"},"img":{"alt_text":"","src":"https:\/\/i0.wp.com\/uscatletica.ch\/wp\/wp-content\/uploads\/2016\/08\/valerioeliaselma14.jpg?fit=563%2C374&ssl=1&resize=350%2C200","width":350,"height":200,"srcset":"https:\/\/i0.wp.com\/uscatletica.ch\/wp\/wp-content\/uploads\/2016\/08\/valerioeliaselma14.jpg?fit=563%2C374&ssl=1&resize=350%2C200 1x, https:\/\/i0.wp.com\/uscatletica.ch\/wp\/wp-content\/uploads\/2016\/08\/valerioeliaselma14.jpg?fit=563%2C374&ssl=1&resize=525%2C300 1.5x"},"classes":[]},{"id":4718,"url":"https:\/\/uscatletica.ch\/wp\/?p=4718","url_meta":{"origin":17214,"position":1},"title":"Andorra mondiali Giovanili Skyrace Robi Doppio campione del Mondo","author":"Leonida Stampanoni","date":"28 Luglio 2017","format":false,"excerpt":"Campionati del mondo giovanili Sky Race Il sito della manifestazione in Andorra Seconda esperienza ai mondiali giovanili di Skyrace per i nostri fratelli Delorenzi impegnati ad Andorra. L'edizione 2016 dei campionati mondiali giovanili SKYRACE 15 km +-1415. Roby CAMPIONE DEL MONDO Domenica storica ad Andorra nella Arinsal Skyrace. Roby lungo\u2026","rel":"","context":"In &quot;Montagna&quot;","block_context":{"text":"Montagna","link":"https:\/\/uscatletica.ch\/wp\/?cat=16"},"img":{"alt_text":"","src":"https:\/\/i0.wp.com\/uscatletica.ch\/wp\/wp-content\/uploads\/2017\/07\/podiorobiandorra17vert-e1501255566499.jpg?fit=540%2C495&ssl=1&resize=350%2C200","width":350,"height":200,"srcset":"https:\/\/i0.wp.com\/uscatletica.ch\/wp\/wp-content\/uploads\/2017\/07\/podiorobiandorra17vert-e1501255566499.jpg?fit=540%2C495&ssl=1&resize=350%2C200 1x, https:\/\/i0.wp.com\/uscatletica.ch\/wp\/wp-content\/uploads\/2017\/07\/podiorobiandorra17vert-e1501255566499.jpg?fit=540%2C495&ssl=1&resize=525%2C300 1.5x"},"classes":[]},{"id":3795,"url":"https:\/\/uscatletica.ch\/wp\/?p=3795","url_meta":{"origin":17214,"position":2},"title":"Ora Legale","author":"Leonida Stampanoni","date":"25 Marzo 2017","format":false,"excerpt":"Debutta il TAS la primavera avanza, si corrono i campionati del mondo di cross in Uganda i campionati svizzeri di 10 km a Oensingen ma come sempre a fine marzo arriva L'ora Legale RICORDATEVI DI SPOSTARE I VOSTRI MARCATEMPO AVANTI \u00a0DI UN'ORA","rel":"","context":"In &quot;Diversi&quot;","block_context":{"text":"Diversi","link":"https:\/\/uscatletica.ch\/wp\/?cat=30"},"img":{"alt_text":"","src":"https:\/\/i0.wp.com\/uscatletica.ch\/wp\/wp-content\/uploads\/2016\/12\/natale2016.jpg?fit=466%2C358&ssl=1&resize=350%2C200","width":350,"height":200},"classes":[]},{"id":5738,"url":"https:\/\/uscatletica.ch\/wp\/?p=5738","url_meta":{"origin":17214,"position":3},"title":"Ora legale","author":"Leonida Stampanoni","date":"23 Marzo 2018","format":false,"excerpt":"La primvera avanza Sabato Debutta il TAS a Mendrisio\u00a0 , si corrono i campionati del mondo di mezza maratona a Valencia con al via gli svizzeri Julien Wanders e Fabienne Schlumpf .Domenica campionati svizzeri di 10 km a Oberriet\u00a0 e la finale della UBS KIDS CUP a Kreuzlingen\u00a0 ma come\u2026","rel":"","context":"In &quot;Diversi&quot;","block_context":{"text":"Diversi","link":"https:\/\/uscatletica.ch\/wp\/?cat=30"},"img":{"alt_text":"","src":"https:\/\/i0.wp.com\/uscatletica.ch\/wp\/wp-content\/uploads\/2017\/04\/P1450746.jpg?fit=563%2C422&ssl=1&resize=350%2C200","width":350,"height":200,"srcset":"https:\/\/i0.wp.com\/uscatletica.ch\/wp\/wp-content\/uploads\/2017\/04\/P1450746.jpg?fit=563%2C422&ssl=1&resize=350%2C200 1x, https:\/\/i0.wp.com\/uscatletica.ch\/wp\/wp-content\/uploads\/2017\/04\/P1450746.jpg?fit=563%2C422&ssl=1&resize=525%2C300 1.5x"},"classes":[]},{"id":13035,"url":"https:\/\/uscatletica.ch\/wp\/?p=13035","url_meta":{"origin":17214,"position":4},"title":"Marco in Abruzzo per i mondiali","author":"Leonida Stampanoni","date":"30 Luglio 2021","format":false,"excerpt":"Marco Delorenzi affronta ancora una volta la trasferta per i campionati del mondo giovanili di Verticale e Skyrace sul classico percorso del\u00a0l Gran Sasso d\u2019Italia (L\u2019Aquila), si svolger\u00e0 la quinta edizione del Campionato Mondiale giovanile (U18, U20 e U23) di Skyrunning: venerd\u00ec la specialit\u00e0 del Km verticale (+1000m su 3,5\u2026","rel":"","context":"In &quot;Montagna&quot;","block_context":{"text":"Montagna","link":"https:\/\/uscatletica.ch\/wp\/?cat=16"},"img":{"alt_text":"","src":"https:\/\/i0.wp.com\/uscatletica.ch\/wp\/wp-content\/uploads\/2017\/07\/podiorobiandorra17vert-e1501255566499.jpg?fit=540%2C495&ssl=1&resize=350%2C200","width":350,"height":200,"srcset":"https:\/\/i0.wp.com\/uscatletica.ch\/wp\/wp-content\/uploads\/2017\/07\/podiorobiandorra17vert-e1501255566499.jpg?fit=540%2C495&ssl=1&resize=350%2C200 1x, https:\/\/i0.wp.com\/uscatletica.ch\/wp\/wp-content\/uploads\/2017\/07\/podiorobiandorra17vert-e1501255566499.jpg?fit=540%2C495&ssl=1&resize=525%2C300 1.5x"},"classes":[]},{"id":1356,"url":"https:\/\/uscatletica.ch\/wp\/?p=1356","url_meta":{"origin":17214,"position":5},"title":"Roberto Delorenzi a Tenero con la nazionale di corsa in montagna","author":"Leonida Stampanoni","date":"21 Aprile 2016","format":false,"excerpt":"Roberto Delorenzi, il nostro giovane Talento specialista di corsa in montagna e Skyrace, lo scorso anno a settembre Roberto ebbe l'onore di partecipare ai campionati del mondo di corsa in montagna in Galles, A marzo ai campionati svizzeri di cross sfior\u00f2 il podio. La nazionale svizzera si trovava questa settimana\u2026","rel":"","context":"In &quot;Montagna&quot;","block_context":{"text":"Montagna","link":"https:\/\/uscatletica.ch\/wp\/?cat=16"},"img":{"alt_text":"","src":"https:\/\/i0.wp.com\/uscatletica.ch\/wp\/wp-content\/uploads\/2016\/04\/robitamaroprima.png?fit=538%2C307&ssl=1&resize=350%2C200","width":350,"height":200,"srcset":"https:\/\/i0.wp.com\/uscatletica.ch\/wp\/wp-content\/uploads\/2016\/04\/robitamaroprima.png?fit=538%2C307&ssl=1&resize=350%2C200 1x, https:\/\/i0.wp.com\/uscatletica.ch\/wp\/wp-content\/uploads\/2016\/04\/robitamaroprima.png?fit=538%2C307&ssl=1&resize=525%2C300 1.5x"},"classes":[]}],"_links":{"self":[{"href":"https:\/\/uscatletica.ch\/wp\/index.php?rest_route=\/wp\/v2\/posts\/17214","targetHints":{"allow":["GET"]}}],"collection":[{"href":"https:\/\/uscatletica.ch\/wp\/index.php?rest_route=\/wp\/v2\/posts"}],"about":[{"href":"https:\/\/uscatletica.ch\/wp\/index.php?rest_route=\/wp\/v2\/types\/post"}],"author":[{"embeddable":true,"href":"https:\/\/uscatletica.ch\/wp\/index.php?rest_route=\/wp\/v2\/users\/3"}],"replies":[{"embeddable":true,"href":"https:\/\/uscatletica.ch\/wp\/index.php?rest_route=%2Fwp%2Fv2%2Fcomments&post=17214"}],"version-history":[{"count":4,"href":"https:\/\/uscatletica.ch\/wp\/index.php?rest_route=\/wp\/v2\/posts\/17214\/revisions"}],"predecessor-version":[{"id":17235,"href":"https:\/\/uscatletica.ch\/wp\/index.php?rest_route=\/wp\/v2\/posts\/17214\/revisions\/17235"}],"wp:featuredmedia":[{"embeddable":true,"href":"https:\/\/uscatletica.ch\/wp\/index.php?rest_route=\/wp\/v2\/media\/17215"}],"wp:attachment":[{"href":"https:\/\/uscatletica.ch\/wp\/index.php?rest_route=%2Fwp%2Fv2%2Fmedia&parent=17214"}],"wp:term":[{"taxonomy":"category","embeddable":true,"href":"https:\/\/uscatletica.ch\/wp\/index.php?rest_route=%2Fwp%2Fv2%2Fcategories&post=17214"},{"taxonomy":"post_tag","embeddable":true,"href":"https:\/\/uscatletica.ch\/wp\/index.php?rest_route=%2Fwp%2Fv2%2Ftags&post=17214"}],"curies":[{"name":"wp","href":"https:\/\/api.w.org\/{rel}","templated":true}]}}