{"id":17347,"date":"2023-05-24T06:42:34","date_gmt":"2023-05-24T04:42:34","guid":{"rendered":"https:\/\/uscatletica.ch\/wp\/?p=17347"},"modified":"2023-05-24T23:25:01","modified_gmt":"2023-05-24T21:25:01","slug":"benvenuti-al-meeting-capriaschese","status":"publish","type":"post","link":"https:\/\/uscatletica.ch\/wp\/?p=17347","title":{"rendered":"BENVENUTI AL MEETING CAPRIASCHESE"},"content":{"rendered":"\n<p>LA \u00a018 edizione del Meeting Capriaschese andr\u00e0 in scena mercoled\u00ec sera, l&#8217;organizzazione USC \u00e8 pronta ad accogliere i 228 partecipanti che a partire dalle 18,15 offrir\u00e0 un ricco programma di gare.\u00a0<\/p>\n<p>Per la prima volta il meeting sar\u00e0 pure una world ranking competition valida per i punteggi di qualifica agli eventi internazionali di World Athletics ed European Athletics. La rinnovata pedana del salto in lungo accoglier\u00e0 alle 19.05 i nove partecipanti della gara maschile.\u00a0<\/p>\n<figure id=\"attachment_17349\" aria-describedby=\"caption-attachment-17349\" style=\"width: 212px\" class=\"wp-caption aligncenter\"><a href=\"https:\/\/slv.laportal.net\/Competitions\/Details\/9896\" rel=\"attachment wp-att-17349\"><img data-recalc-dims=\"1\" loading=\"lazy\" decoding=\"async\" data-attachment-id=\"17349\" data-permalink=\"https:\/\/uscatletica.ch\/wp\/?attachment_id=17349\" data-orig-file=\"https:\/\/i0.wp.com\/uscatletica.ch\/wp\/wp-content\/uploads\/2023\/05\/230524primapagina.jpg?fit=595%2C841&amp;ssl=1\" data-orig-size=\"595,841\" data-comments-opened=\"0\" data-image-meta=\"{&quot;aperture&quot;:&quot;0&quot;,&quot;credit&quot;:&quot;&quot;,&quot;camera&quot;:&quot;&quot;,&quot;caption&quot;:&quot;&quot;,&quot;created_timestamp&quot;:&quot;0&quot;,&quot;copyright&quot;:&quot;&quot;,&quot;focal_length&quot;:&quot;0&quot;,&quot;iso&quot;:&quot;0&quot;,&quot;shutter_speed&quot;:&quot;0&quot;,&quot;title&quot;:&quot;&quot;,&quot;orientation&quot;:&quot;0&quot;}\" data-image-title=\"230524primapagina\" data-image-description=\"\" data-image-caption=\"\" data-large-file=\"https:\/\/i0.wp.com\/uscatletica.ch\/wp\/wp-content\/uploads\/2023\/05\/230524primapagina.jpg?fit=595%2C841&amp;ssl=1\" class=\"wp-image-17349 size-medium\" src=\"https:\/\/i0.wp.com\/uscatletica.ch\/wp\/wp-content\/uploads\/2023\/05\/230524primapagina.jpg?resize=212%2C300&#038;ssl=1\" alt=\"\" width=\"212\" height=\"300\" srcset=\"https:\/\/i0.wp.com\/uscatletica.ch\/wp\/wp-content\/uploads\/2023\/05\/230524primapagina.jpg?resize=212%2C300&amp;ssl=1 212w, https:\/\/i0.wp.com\/uscatletica.ch\/wp\/wp-content\/uploads\/2023\/05\/230524primapagina.jpg?w=595&amp;ssl=1 595w\" sizes=\"auto, (max-width: 212px) 100vw, 212px\" \/><\/a><figcaption id=\"caption-attachment-17349\" class=\"wp-caption-text\">RISULTATI LIVE<\/figcaption><\/figure>\n<p><a href=\"https:\/\/slv.laportal.net\/Competitions\/Details\/9896\" rel=\"attachment wp-att-17349\">Risultati live\u00a0<\/a><\/p>\n<p>\u00a0<\/p>\n<p><a href=\"https:\/\/uscatletica.ch\/wp\/?attachment_id=17127\" rel=\"attachment wp-att-17350\"><img data-recalc-dims=\"1\" loading=\"lazy\" decoding=\"async\" data-attachment-id=\"17350\" data-permalink=\"https:\/\/uscatletica.ch\/wp\/?attachment_id=17350\" data-orig-file=\"https:\/\/i0.wp.com\/uscatletica.ch\/wp\/wp-content\/uploads\/2023\/05\/230524progamma.jpg?fit=595%2C841&amp;ssl=1\" data-orig-size=\"595,841\" data-comments-opened=\"0\" data-image-meta=\"{&quot;aperture&quot;:&quot;0&quot;,&quot;credit&quot;:&quot;&quot;,&quot;camera&quot;:&quot;&quot;,&quot;caption&quot;:&quot;&quot;,&quot;created_timestamp&quot;:&quot;0&quot;,&quot;copyright&quot;:&quot;&quot;,&quot;focal_length&quot;:&quot;0&quot;,&quot;iso&quot;:&quot;0&quot;,&quot;shutter_speed&quot;:&quot;0&quot;,&quot;title&quot;:&quot;&quot;,&quot;orientation&quot;:&quot;0&quot;}\" data-image-title=\"230524progamma\" data-image-description=\"\" data-image-caption=\"\" data-large-file=\"https:\/\/i0.wp.com\/uscatletica.ch\/wp\/wp-content\/uploads\/2023\/05\/230524progamma.jpg?fit=595%2C841&amp;ssl=1\" class=\"alignnone wp-image-17350 size-full\" src=\"https:\/\/i0.wp.com\/uscatletica.ch\/wp\/wp-content\/uploads\/2023\/05\/230524progamma.jpg?resize=595%2C841&#038;ssl=1\" alt=\"\" width=\"595\" height=\"841\" srcset=\"https:\/\/i0.wp.com\/uscatletica.ch\/wp\/wp-content\/uploads\/2023\/05\/230524progamma.jpg?w=595&amp;ssl=1 595w, https:\/\/i0.wp.com\/uscatletica.ch\/wp\/wp-content\/uploads\/2023\/05\/230524progamma.jpg?resize=212%2C300&amp;ssl=1 212w\" sizes=\"auto, (max-width: 595px) 100vw, 595px\" \/><\/a><\/p>\n<p><a href=\"https:\/\/uscatletica.ch\/wp\/?attachment_id=17127\" rel=\"attachment wp-att-17127\">meeting serale USC maggio 2023<\/a><\/p>\n","protected":false},"excerpt":{"rendered":"<p>LA \u00a018 edizione del Meeting Capriaschese andr\u00e0 in scena mercoled\u00ec sera, l&#8217;organizzazione USC \u00e8 pronta ad accogliere i 228 partecipanti che a partire dalle 18,15 offrir\u00e0 un ricco programma di gare.\u00a0 Per la prima volta il meeting sar\u00e0 pure una world ranking competition valida per i punteggi di qualifica agli eventi internazionali di World Athletics ed European Athletics. La rinnovata pedana del salto in lungo accoglier\u00e0 alle 19.05 i nove partecipanti della gara maschile.\u00a0 Risultati&#8230;<\/p>\n","protected":false},"author":4,"featured_media":10856,"comment_status":"closed","ping_status":"closed","sticky":false,"template":"","format":"standard","meta":{"jetpack_post_was_ever_published":false,"_jetpack_newsletter_access":"","_jetpack_dont_email_post_to_subs":false,"_jetpack_newsletter_tier_id":0,"_jetpack_memberships_contains_paywalled_content":false,"_jetpack_memberships_contains_paid_content":false,"footnotes":"","jetpack_publicize_message":"","jetpack_publicize_feature_enabled":true,"jetpack_social_post_already_shared":true,"jetpack_social_options":{"image_generator_settings":{"template":"highway","default_image_id":0,"font":"","enabled":false},"version":2}},"categories":[4],"tags":[],"class_list":["post-17347","post","type-post","status-publish","format-standard","has-post-thumbnail","hentry","category-pista"],"jetpack_publicize_connections":[],"jetpack_featured_media_url":"https:\/\/i0.wp.com\/uscatletica.ch\/wp\/wp-content\/uploads\/2020\/09\/Arena-sportiva-pista.jpg?fit=800%2C600&ssl=1","jetpack_sharing_enabled":true,"jetpack_shortlink":"https:\/\/wp.me\/p6V7Ck-4vN","jetpack-related-posts":[{"id":19491,"url":"https:\/\/uscatletica.ch\/wp\/?p=19491","url_meta":{"origin":17347,"position":0},"title":"TUTTO PRONTO PER IL MEETING LUGANESE","author":"Leonida Stampanoni","date":"20 Giugno 2024","format":false,"excerpt":"L'USC CAPRIASCHESE SAM MASSAGNO E SAL LUGANO VI INVITANO AL 2o MEETING LGUANESE MEETING B Swiss Athletics valido per il World Ranking\u00a0 \u00a0 La buvette sar\u00e0 chiusa durante la manifestazione\u00a0 RISULTATI LIVE IL PROGRAMMA IL PROGRAMMA","rel":"","context":"In &quot;Altro&quot;","block_context":{"text":"Altro","link":"https:\/\/uscatletica.ch\/wp\/?cat=11"},"img":{"alt_text":"","src":"https:\/\/i0.wp.com\/uscatletica.ch\/wp\/wp-content\/uploads\/2021\/06\/P1100033.jpeg?fit=432%2C324&ssl=1&resize=350%2C200","width":350,"height":200},"classes":[]},{"id":19271,"url":"https:\/\/uscatletica.ch\/wp\/?p=19271","url_meta":{"origin":17347,"position":1},"title":"22 MAGGIO 2024 MEETING CAPRIASCHESE","author":"Leonida Stampanoni","date":"29 Aprile 2024","format":false,"excerpt":"L'USC CAPRIASCHESE VI INVITA AL MEETING CAPRIASCHESE \u00a0MEETING B Swiss Athletics valido per il World Ranking\u00a0 \u00a0 \u00a0Il PROGRAMMA","rel":"","context":"In &quot;I nostri appuntamenti&quot;","block_context":{"text":"I nostri appuntamenti","link":"https:\/\/uscatletica.ch\/wp\/?cat=12"},"img":{"alt_text":"Partenza 10'000 metri 13 aprile","src":"https:\/\/i0.wp.com\/uscatletica.ch\/wp\/wp-content\/uploads\/2024\/04\/Partenza-10000-metri-13-aprile.jpg?fit=884%2C593&ssl=1&resize=350%2C200","width":350,"height":200,"srcset":"https:\/\/i0.wp.com\/uscatletica.ch\/wp\/wp-content\/uploads\/2024\/04\/Partenza-10000-metri-13-aprile.jpg?fit=884%2C593&ssl=1&resize=350%2C200 1x, https:\/\/i0.wp.com\/uscatletica.ch\/wp\/wp-content\/uploads\/2024\/04\/Partenza-10000-metri-13-aprile.jpg?fit=884%2C593&ssl=1&resize=525%2C300 1.5x, https:\/\/i0.wp.com\/uscatletica.ch\/wp\/wp-content\/uploads\/2024\/04\/Partenza-10000-metri-13-aprile.jpg?fit=884%2C593&ssl=1&resize=700%2C400 2x"},"classes":[]},{"id":4898,"url":"https:\/\/uscatletica.ch\/wp\/?p=4898","url_meta":{"origin":17347,"position":2},"title":"11 Meeting Capriaschese 13.09.2017 Campionati ticinesi Olimpionica 18 squadre iscritte","author":"Leonida Stampanoni","date":"9 Settembre 2017","format":false,"excerpt":"Mercoled\u00ec, archiviati i campionati svizzeri giovanili, si torner\u00e0 a gareggiare in Ticino ,l'USC \u00e8 felice di accogliere \u00a010 squadre maschili e 8 squadre femminili ai campionati ticinesi di staffetta olimpionica. Tutto \u00e8 pronto per l'undicesima edizione del Meeting Capriaschese la prima con la nuova torretta di cronometraggio che dar\u00e0 agli\u2026","rel":"","context":"In &quot;I nostri appuntamenti&quot;","block_context":{"text":"I nostri appuntamenti","link":"https:\/\/uscatletica.ch\/wp\/?cat=12"},"img":{"alt_text":"","src":"https:\/\/i0.wp.com\/uscatletica.ch\/wp\/wp-content\/uploads\/2017\/09\/CTOLIMPIONICA2017.jpg?resize=350%2C200&ssl=1","width":350,"height":200,"srcset":"https:\/\/i0.wp.com\/uscatletica.ch\/wp\/wp-content\/uploads\/2017\/09\/CTOLIMPIONICA2017.jpg?resize=350%2C200&ssl=1 1x, https:\/\/i0.wp.com\/uscatletica.ch\/wp\/wp-content\/uploads\/2017\/09\/CTOLIMPIONICA2017.jpg?resize=525%2C300&ssl=1 1.5x, https:\/\/i0.wp.com\/uscatletica.ch\/wp\/wp-content\/uploads\/2017\/09\/CTOLIMPIONICA2017.jpg?resize=700%2C400&ssl=1 2x"},"classes":[]},{"id":19443,"url":"https:\/\/uscatletica.ch\/wp\/?p=19443","url_meta":{"origin":17347,"position":3},"title":"MEETING LUGANESE","author":"Leonida Stampanoni","date":"7 Giugno 2024","format":false,"excerpt":"L'USC CAPRIASCHESE SAM MASSAGNO E SAL LUGANO VI INVITANO AL 2o MEETING LGUANESE MEETING B Swiss Athletics valido per il World Ranking\u00a0 \u00a0 IL PROGRAMMA IL PROGRAMMA","rel":"","context":"In &quot;Altro&quot;","block_context":{"text":"Altro","link":"https:\/\/uscatletica.ch\/wp\/?cat=11"},"img":{"alt_text":"","src":"https:\/\/i0.wp.com\/uscatletica.ch\/wp\/wp-content\/uploads\/2024\/06\/20240622MEETINGLUGANESE.jpg?fit=595%2C841&ssl=1&resize=350%2C200","width":350,"height":200,"srcset":"https:\/\/i0.wp.com\/uscatletica.ch\/wp\/wp-content\/uploads\/2024\/06\/20240622MEETINGLUGANESE.jpg?fit=595%2C841&ssl=1&resize=350%2C200 1x, https:\/\/i0.wp.com\/uscatletica.ch\/wp\/wp-content\/uploads\/2024\/06\/20240622MEETINGLUGANESE.jpg?fit=595%2C841&ssl=1&resize=525%2C300 1.5x"},"classes":[]},{"id":4877,"url":"https:\/\/uscatletica.ch\/wp\/?p=4877","url_meta":{"origin":17347,"position":4},"title":"Campionati Ticinesi di Staffetta Olimpionica e Meeting Capriaschese","author":"Leonida Stampanoni","date":"5 Settembre 2017","format":false,"excerpt":"Manca una settimana ai campionati ticinesi di staffetta olimpionica e al 11\u00b0 Meeting Capriaschese . La prima edizione che potr\u00e0 beneficiare della nuova elegante e funzionale torretta di cronometraggio.Per la prima volta in Capriasca si correranno i 100 m in programma anche i 600 m u14 1000 m U16 ed\u2026","rel":"","context":"In &quot;I nostri appuntamenti&quot;","block_context":{"text":"I nostri appuntamenti","link":"https:\/\/uscatletica.ch\/wp\/?cat=12"},"img":{"alt_text":"meeting","src":"https:\/\/i0.wp.com\/uscatletica.ch\/wp\/wp-content\/uploads\/2015\/11\/meeting.png?resize=350%2C200&ssl=1","width":350,"height":200},"classes":[]},{"id":13165,"url":"https:\/\/uscatletica.ch\/wp\/?p=13165","url_meta":{"origin":17347,"position":5},"title":"Meeting Capriaschese e 1\u2019000 m &#8211; 5000 m ASTI &#8211; programma provvisorio","author":"Stampa E","date":"31 Agosto 2021","format":false,"excerpt":"Meeting Capriaschese e 1\u2019000 m - 5000 m ASTISwiss athletics \u2013 meeting C e ASTI MERCOLED\u00cc 15 SETTEMBRE 2021 Meeting Capriaschese e 1000 m - 5000 m ASTI - PROGRAMMA PROVVISORIO USC Capriaschese - Arena Sportiva Capriasca","rel":"","context":"In &quot;I nostri appuntamenti&quot;","block_context":{"text":"I nostri appuntamenti","link":"https:\/\/uscatletica.ch\/wp\/?cat=12"},"img":{"alt_text":"","src":"https:\/\/i0.wp.com\/uscatletica.ch\/wp\/wp-content\/uploads\/2020\/09\/Arena-sportiva-pista.jpg?fit=800%2C600&ssl=1&resize=350%2C200","width":350,"height":200,"srcset":"https:\/\/i0.wp.com\/uscatletica.ch\/wp\/wp-content\/uploads\/2020\/09\/Arena-sportiva-pista.jpg?fit=800%2C600&ssl=1&resize=350%2C200 1x, https:\/\/i0.wp.com\/uscatletica.ch\/wp\/wp-content\/uploads\/2020\/09\/Arena-sportiva-pista.jpg?fit=800%2C600&ssl=1&resize=525%2C300 1.5x, https:\/\/i0.wp.com\/uscatletica.ch\/wp\/wp-content\/uploads\/2020\/09\/Arena-sportiva-pista.jpg?fit=800%2C600&ssl=1&resize=700%2C400 2x"},"classes":[]}],"_links":{"self":[{"href":"https:\/\/uscatletica.ch\/wp\/index.php?rest_route=\/wp\/v2\/posts\/17347","targetHints":{"allow":["GET"]}}],"collection":[{"href":"https:\/\/uscatletica.ch\/wp\/index.php?rest_route=\/wp\/v2\/posts"}],"about":[{"href":"https:\/\/uscatletica.ch\/wp\/index.php?rest_route=\/wp\/v2\/types\/post"}],"author":[{"embeddable":true,"href":"https:\/\/uscatletica.ch\/wp\/index.php?rest_route=\/wp\/v2\/users\/4"}],"replies":[{"embeddable":true,"href":"https:\/\/uscatletica.ch\/wp\/index.php?rest_route=%2Fwp%2Fv2%2Fcomments&post=17347"}],"version-history":[{"count":2,"href":"https:\/\/uscatletica.ch\/wp\/index.php?rest_route=\/wp\/v2\/posts\/17347\/revisions"}],"predecessor-version":[{"id":19270,"href":"https:\/\/uscatletica.ch\/wp\/index.php?rest_route=\/wp\/v2\/posts\/17347\/revisions\/19270"}],"wp:featuredmedia":[{"embeddable":true,"href":"https:\/\/uscatletica.ch\/wp\/index.php?rest_route=\/wp\/v2\/media\/10856"}],"wp:attachment":[{"href":"https:\/\/uscatletica.ch\/wp\/index.php?rest_route=%2Fwp%2Fv2%2Fmedia&parent=17347"}],"wp:term":[{"taxonomy":"category","embeddable":true,"href":"https:\/\/uscatletica.ch\/wp\/index.php?rest_route=%2Fwp%2Fv2%2Fcategories&post=17347"},{"taxonomy":"post_tag","embeddable":true,"href":"https:\/\/uscatletica.ch\/wp\/index.php?rest_route=%2Fwp%2Fv2%2Ftags&post=17347"}],"curies":[{"name":"wp","href":"https:\/\/api.w.org\/{rel}","templated":true}]}}