{"id":17444,"date":"2023-06-03T20:26:58","date_gmt":"2023-06-03T18:26:58","guid":{"rendered":"https:\/\/uscatletica.ch\/wp\/?p=17444"},"modified":"2023-10-26T17:56:14","modified_gmt":"2023-10-26T15:56:14","slug":"tre-podi-usc-alla-finale-di-bellinzona","status":"publish","type":"post","link":"https:\/\/uscatletica.ch\/wp\/?p=17444","title":{"rendered":"Tre podi USC alla Finale di Bellinzona"},"content":{"rendered":"\n<p>\u00a0<\/p>\n<p>Una splendida giornata primaverile, sulla magica pista del comunale sotto lo sguardo attento di Ricky Petrucciani erano le condizioni ideali per la finale UBS KIDS CUP con 500 giovani ticinesi impegnati nel triathlon pi\u00f9 popolare della svizzera. l&#8217;USC era presente con undici giovani leve che hanno corso, saltato e lanciati divertendosi e raggiungendo anche 3 podi con Martino, Alice e Asia. Dario ed Anna non erano lontani bravissimi anche Alicia, Viola, Melissa, Michele, Caterina, Mattia . Grazie all&#8217;impegno degli allenatori, Lara, Loris, Elisa ed all&#8217;entusiasmo dei genitori in particolare a Nathalie che ha prestato un preziosa mano in giuria<\/p>\n<p>. \u00a0<\/p>\n<p><a href=\"https:\/\/slv.laportal.net\/Competitions\/MultiResultList\/524513\/10073\" target=\"_blank\" rel=\"noopener\">risultati da Bellinzona<\/a><\/p>\n<p>La giornata \u00e8 stata molto intensa e ricca di emozioni ma l&#8217;ultima gara e l&#8217;ultima premiazioni hanno lasciato tutti col fiato sospeso. Tra gli M08 Martino dopo il 9&#8243;93 sui 60m ed un ottimo 28.00 metri nella pallina era tra i favoriti alla vittoria. Nel lungo piazza un buon 3.62 m. Alla premiazione grande suspense ma la vittoria e il biglietto per la finale vanno a Neil Pagani che con 951 precede il nostro atleta di soli due punti. In mattinata Alice \u00a0tra le W14 ha vinto i 60 con un il nuovo personale di 8&#8243;12, nel lungo sfiora i 5 m atterrando a 4.98 m che le regalano due vittorie parziali ma con 33.10 nella pallina deve cedere il passo a Lara Sanvito. Asia tra le W12 \u00e8 bravissima e siglando quattro personali sale in classifica al terzo posto 8&#8243;91 sui 60 m un buon 36.44 nella pallina e 4.37 nel lungo. Tra i ragazzi il suo coetaneo Dario \u00e8 bravo a finire quinto 9&#8243;01 sui 60 m, 4.40 m nel lungo e 37.51 con la pallina. Tra le nate nel 2015 Anna sfiora il podio con il quinto rango un bel balzo a 3.02 m in lungo 10&#8243;64 sui 60 m e 12.07 nella pallina.\u00a0<\/p>\n<p>Alicia \u00e8 tra le prime 10 \u00a0tra le W09 con 10&#8243;39, 3.17, e 18.02. accompagnata da Caterina 11&#8243;11, un gran balzo a 3.17 \u00a0me 11.13 m nella pallina. \u00a0Viola tra le W11 sfiora la topten con un gara regolare \u00a09&#8243;76, 3.48, 23.91. Melissa chiude tredicesima l&#8217;ultima occasione di correre la finale 8&#8243;62 e 4.38 m conditi da un 24.63 nella pallina. Bravissimi alla loro prima finale Michele \u00a0e Mattia.<\/p>\n<div data-carousel-extra='{&quot;blog_id&quot;:1,&quot;permalink&quot;:&quot;https:\/\/uscatletica.ch\/wp\/?p=17444&quot;}' id='gallery-1' class='gallery galleryid-17444 gallery-columns-3 gallery-size-thumbnail'><figure class='gallery-item'>\n\t\t\t<div class='gallery-icon portrait'>\n\t\t\t\t<a href='https:\/\/uscatletica.ch\/wp\/?attachment_id=17448'><img loading=\"lazy\" decoding=\"async\" width=\"150\" height=\"150\" src=\"https:\/\/i0.wp.com\/uscatletica.ch\/wp\/wp-content\/uploads\/2023\/06\/230603aclaz.jpg?resize=150%2C150&amp;ssl=1\" class=\"attachment-thumbnail size-thumbnail\" alt=\"\" srcset=\"https:\/\/i0.wp.com\/uscatletica.ch\/wp\/wp-content\/uploads\/2023\/06\/230603aclaz.jpg?resize=150%2C150&amp;ssl=1 150w, https:\/\/i0.wp.com\/uscatletica.ch\/wp\/wp-content\/uploads\/2023\/06\/230603aclaz.jpg?resize=83%2C83&amp;ssl=1 83w, https:\/\/i0.wp.com\/uscatletica.ch\/wp\/wp-content\/uploads\/2023\/06\/230603aclaz.jpg?zoom=2&amp;resize=150%2C150&amp;ssl=1 300w\" sizes=\"auto, (max-width: 150px) 100vw, 150px\" data-attachment-id=\"17448\" data-permalink=\"https:\/\/uscatletica.ch\/wp\/?attachment_id=17448\" data-orig-file=\"https:\/\/i0.wp.com\/uscatletica.ch\/wp\/wp-content\/uploads\/2023\/06\/230603aclaz.jpg?fit=358%2C477&amp;ssl=1\" data-orig-size=\"358,477\" data-comments-opened=\"0\" data-image-meta=\"{&quot;aperture&quot;:&quot;0&quot;,&quot;credit&quot;:&quot;&quot;,&quot;camera&quot;:&quot;&quot;,&quot;caption&quot;:&quot;&quot;,&quot;created_timestamp&quot;:&quot;0&quot;,&quot;copyright&quot;:&quot;&quot;,&quot;focal_length&quot;:&quot;0&quot;,&quot;iso&quot;:&quot;0&quot;,&quot;shutter_speed&quot;:&quot;0&quot;,&quot;title&quot;:&quot;&quot;,&quot;orientation&quot;:&quot;1&quot;}\" data-image-title=\"230603aclaz\" data-image-description=\"\" data-image-caption=\"\" data-large-file=\"https:\/\/i0.wp.com\/uscatletica.ch\/wp\/wp-content\/uploads\/2023\/06\/230603aclaz.jpg?fit=358%2C477&amp;ssl=1\" \/><\/a>\n\t\t\t<\/div><\/figure><figure class='gallery-item'>\n\t\t\t<div class='gallery-icon landscape'>\n\t\t\t\t<a href='https:\/\/uscatletica.ch\/wp\/?attachment_id=17447'><img loading=\"lazy\" decoding=\"async\" width=\"150\" height=\"150\" src=\"https:\/\/i0.wp.com\/uscatletica.ch\/wp\/wp-content\/uploads\/2023\/06\/230603podiow11.jpg?resize=150%2C150&amp;ssl=1\" class=\"attachment-thumbnail size-thumbnail\" alt=\"\" srcset=\"https:\/\/i0.wp.com\/uscatletica.ch\/wp\/wp-content\/uploads\/2023\/06\/230603podiow11.jpg?resize=150%2C150&amp;ssl=1 150w, https:\/\/i0.wp.com\/uscatletica.ch\/wp\/wp-content\/uploads\/2023\/06\/230603podiow11.jpg?resize=83%2C83&amp;ssl=1 83w, https:\/\/i0.wp.com\/uscatletica.ch\/wp\/wp-content\/uploads\/2023\/06\/230603podiow11.jpg?zoom=2&amp;resize=150%2C150&amp;ssl=1 300w\" sizes=\"auto, (max-width: 150px) 100vw, 150px\" data-attachment-id=\"17447\" data-permalink=\"https:\/\/uscatletica.ch\/wp\/?attachment_id=17447\" data-orig-file=\"https:\/\/i0.wp.com\/uscatletica.ch\/wp\/wp-content\/uploads\/2023\/06\/230603podiow11.jpg?fit=432%2C324&amp;ssl=1\" data-orig-size=\"432,324\" data-comments-opened=\"0\" data-image-meta=\"{&quot;aperture&quot;:&quot;1.8&quot;,&quot;credit&quot;:&quot;&quot;,&quot;camera&quot;:&quot;SM-A536B&quot;,&quot;caption&quot;:&quot;&quot;,&quot;created_timestamp&quot;:&quot;1685800336&quot;,&quot;copyright&quot;:&quot;&quot;,&quot;focal_length&quot;:&quot;5.23&quot;,&quot;iso&quot;:&quot;50&quot;,&quot;shutter_speed&quot;:&quot;0.0023529411764706&quot;,&quot;title&quot;:&quot;&quot;,&quot;orientation&quot;:&quot;1&quot;}\" data-image-title=\"230603podiow11\" data-image-description=\"\" data-image-caption=\"\" data-large-file=\"https:\/\/i0.wp.com\/uscatletica.ch\/wp\/wp-content\/uploads\/2023\/06\/230603podiow11.jpg?fit=432%2C324&amp;ssl=1\" \/><\/a>\n\t\t\t<\/div><\/figure><figure class='gallery-item'>\n\t\t\t<div class='gallery-icon portrait'>\n\t\t\t\t<a href='https:\/\/uscatletica.ch\/wp\/?attachment_id=17445'><img loading=\"lazy\" decoding=\"async\" width=\"150\" height=\"150\" src=\"https:\/\/i0.wp.com\/uscatletica.ch\/wp\/wp-content\/uploads\/2023\/06\/230603ukcasiaalice.jpg?resize=150%2C150&amp;ssl=1\" class=\"attachment-thumbnail size-thumbnail\" alt=\"\" srcset=\"https:\/\/i0.wp.com\/uscatletica.ch\/wp\/wp-content\/uploads\/2023\/06\/230603ukcasiaalice.jpg?resize=150%2C150&amp;ssl=1 150w, https:\/\/i0.wp.com\/uscatletica.ch\/wp\/wp-content\/uploads\/2023\/06\/230603ukcasiaalice.jpg?resize=83%2C83&amp;ssl=1 83w, https:\/\/i0.wp.com\/uscatletica.ch\/wp\/wp-content\/uploads\/2023\/06\/230603ukcasiaalice.jpg?zoom=2&amp;resize=150%2C150&amp;ssl=1 300w\" sizes=\"auto, (max-width: 150px) 100vw, 150px\" data-attachment-id=\"17445\" data-permalink=\"https:\/\/uscatletica.ch\/wp\/?attachment_id=17445\" data-orig-file=\"https:\/\/i0.wp.com\/uscatletica.ch\/wp\/wp-content\/uploads\/2023\/06\/230603ukcasiaalice.jpg?fit=432%2C477&amp;ssl=1\" data-orig-size=\"432,477\" data-comments-opened=\"0\" data-image-meta=\"{&quot;aperture&quot;:&quot;0&quot;,&quot;credit&quot;:&quot;&quot;,&quot;camera&quot;:&quot;&quot;,&quot;caption&quot;:&quot;&quot;,&quot;created_timestamp&quot;:&quot;0&quot;,&quot;copyright&quot;:&quot;&quot;,&quot;focal_length&quot;:&quot;0&quot;,&quot;iso&quot;:&quot;0&quot;,&quot;shutter_speed&quot;:&quot;0&quot;,&quot;title&quot;:&quot;&quot;,&quot;orientation&quot;:&quot;1&quot;}\" data-image-title=\"230603ukcasiaalice\" data-image-description=\"\" data-image-caption=\"\" data-large-file=\"https:\/\/i0.wp.com\/uscatletica.ch\/wp\/wp-content\/uploads\/2023\/06\/230603ukcasiaalice.jpg?fit=432%2C477&amp;ssl=1\" \/><\/a>\n\t\t\t<\/div><\/figure>\n\t\t<\/div>\n\n<table style=\"width: 100%; height: 276px;\" border=\"0\" cellspacing=\"0\"><colgroup width=\"117\"><\/colgroup><colgroup width=\"159\"><\/colgroup><colgroup width=\"46\"><\/colgroup><colgroup width=\"57\"><\/colgroup><colgroup width=\"63\"><\/colgroup><colgroup width=\"46\"><\/colgroup><colgroup width=\"60\"><\/colgroup>\n<tbody>\n<tr style=\"height: 23px;\">\n<td style=\"height: 23px;\" align=\"left\" height=\"23\">\u00a0<\/td>\n<td style=\"height: 23px;\" align=\"left\">\u00a0<\/td>\n<td style=\"height: 23px;\" align=\"left\">\u00a0<\/td>\n<td style=\"height: 23px;\" align=\"left\">Pti<\/td>\n<td style=\"height: 23px;\" align=\"left\">60 m<\/td>\n<td style=\"height: 23px;\" align=\"left\">lungo<\/td>\n<td style=\"height: 23px;\" align=\"left\">Pallina<\/td>\n<\/tr>\n<tr style=\"height: 23px;\">\n<td style=\"height: 23px;\" align=\"right\" height=\"23\">2<\/td>\n<td style=\"height: 23px;\" align=\"left\">Alice Petralli<\/td>\n<td style=\"height: 23px;\" align=\"left\">W14<\/td>\n<td style=\"height: 23px;\" align=\"right\">2026<\/td>\n<td style=\"height: 23px;\" align=\"right\">8.12<\/td>\n<td style=\"height: 23px;\" align=\"right\">4.98<\/td>\n<td style=\"height: 23px;\" align=\"right\">33.10<\/td>\n<\/tr>\n<tr style=\"height: 23px;\">\n<td style=\"height: 23px;\" align=\"right\" height=\"23\">2<\/td>\n<td style=\"height: 23px;\" align=\"left\">Martino Brenna<\/td>\n<td style=\"height: 23px;\" align=\"left\">M09<\/td>\n<td style=\"height: 23px;\" align=\"right\">949<\/td>\n<td style=\"height: 23px;\" align=\"right\">9.93<\/td>\n<td style=\"height: 23px;\" align=\"right\">3.62<\/td>\n<td style=\"height: 23px;\" align=\"right\">28.00<\/td>\n<\/tr>\n<tr style=\"height: 23px;\">\n<td style=\"height: 23px;\" align=\"right\" height=\"23\">3<\/td>\n<td style=\"height: 23px;\" align=\"left\">Asia Corti<\/td>\n<td style=\"height: 23px;\" align=\"left\">W12<\/td>\n<td style=\"height: 23px;\" align=\"right\">1708<\/td>\n<td style=\"height: 23px;\" align=\"right\">8.91<\/td>\n<td style=\"height: 23px;\" align=\"right\">4.37<\/td>\n<td style=\"height: 23px;\" align=\"right\">36.44<\/td>\n<\/tr>\n<tr style=\"height: 23px;\">\n<td style=\"height: 23px;\" align=\"right\" height=\"23\">5<\/td>\n<td style=\"height: 23px;\" align=\"left\">Dario Macconi<\/td>\n<td style=\"height: 23px;\" align=\"left\">M12<\/td>\n<td style=\"height: 23px;\" align=\"right\">1366<\/td>\n<td style=\"height: 23px;\" align=\"right\">9.01<\/td>\n<td style=\"height: 23px;\" align=\"right\">4.40<\/td>\n<td style=\"height: 23px;\" align=\"right\">37.51<\/td>\n<\/tr>\n<tr style=\"height: 23px;\">\n<td style=\"height: 23px;\" align=\"right\" height=\"23\">5<\/td>\n<td style=\"height: 23px;\" align=\"left\">Anna Borsari<\/td>\n<td style=\"height: 23px;\" align=\"left\">W08<\/td>\n<td style=\"height: 23px;\" align=\"right\">698<\/td>\n<td style=\"height: 23px;\" align=\"right\">10.64<\/td>\n<td style=\"height: 23px;\" align=\"right\">3.02<\/td>\n<td style=\"height: 23px;\" align=\"right\">12.07<\/td>\n<\/tr>\n<tr style=\"height: 23px;\">\n<td style=\"height: 23px;\" align=\"right\" height=\"23\">10<\/td>\n<td style=\"height: 23px;\" align=\"left\">Alicia Fretti<\/td>\n<td style=\"height: 23px;\" align=\"left\">W09<\/td>\n<td style=\"height: 23px;\" align=\"right\">872<\/td>\n<td style=\"height: 23px;\" align=\"right\">10.39<\/td>\n<td style=\"height: 23px;\" align=\"right\">3.17<\/td>\n<td style=\"height: 23px;\" align=\"right\">18.02<\/td>\n<\/tr>\n<tr style=\"height: 23px;\">\n<td style=\"height: 23px;\" align=\"right\" height=\"23\">11<\/td>\n<td style=\"height: 23px;\" align=\"left\">Viola Groppi<\/td>\n<td style=\"height: 23px;\" align=\"left\">W11<\/td>\n<td style=\"height: 23px;\" align=\"right\">1147<\/td>\n<td style=\"height: 23px;\" align=\"right\">9.76<\/td>\n<td style=\"height: 23px;\" align=\"right\">3.48<\/td>\n<td style=\"height: 23px;\" align=\"right\">23.91<\/td>\n<\/tr>\n<tr style=\"height: 23px;\">\n<td style=\"height: 23px;\" align=\"right\" height=\"23\">13<\/td>\n<td style=\"height: 23px;\" align=\"left\">Melissa Brenna<\/td>\n<td style=\"height: 23px;\" align=\"left\">W15<\/td>\n<td style=\"height: 23px;\" align=\"right\">1616<\/td>\n<td style=\"height: 23px;\" align=\"right\">8.62<\/td>\n<td style=\"height: 23px;\" align=\"right\">4.38<\/td>\n<td style=\"height: 23px;\" align=\"right\">24.63<\/td>\n<\/tr>\n<tr style=\"height: 23px;\">\n<td style=\"height: 23px;\" align=\"right\" height=\"23\">19<\/td>\n<td style=\"height: 23px;\" align=\"left\">Michele Borsari<\/td>\n<td style=\"height: 23px;\" align=\"left\">M10<\/td>\n<td style=\"height: 23px;\" align=\"right\">828<\/td>\n<td style=\"height: 23px;\" align=\"right\">10.33<\/td>\n<td style=\"height: 23px;\" align=\"right\">3.07<\/td>\n<td style=\"height: 23px;\" align=\"right\">30.14<\/td>\n<\/tr>\n<tr style=\"height: 23px;\">\n<td style=\"height: 23px;\" align=\"right\" height=\"23\">23<\/td>\n<td style=\"height: 23px;\" align=\"left\">Caterina Gerosa<\/td>\n<td style=\"height: 23px;\" align=\"left\">W09<\/td>\n<td style=\"height: 23px;\" align=\"right\">637<\/td>\n<td style=\"height: 23px;\" align=\"right\">11.11<\/td>\n<td style=\"height: 23px;\" align=\"right\">3.12<\/td>\n<td style=\"height: 23px;\" align=\"right\">11.13<\/td>\n<\/tr>\n<tr style=\"height: 23px;\">\n<td style=\"height: 23px;\" align=\"right\" height=\"23\">27<\/td>\n<td style=\"height: 23px;\" align=\"left\">Mattia Scaiotti<\/td>\n<td style=\"height: 23px;\" align=\"left\">M08<\/td>\n<td style=\"height: 23px;\" align=\"right\">459<\/td>\n<td style=\"height: 23px;\" align=\"right\">11.91<\/td>\n<td style=\"height: 23px;\" align=\"right\">2.51<\/td>\n<td style=\"height: 23px;\" align=\"right\">20.91<\/td>\n<\/tr>\n<\/tbody>\n<\/table>\n","protected":false},"excerpt":{"rendered":"<p>\u00a0 Una splendida giornata primaverile, sulla magica pista del comunale sotto lo sguardo attento di Ricky Petrucciani erano le condizioni ideali per la finale UBS KIDS CUP con 500 giovani ticinesi impegnati nel triathlon pi\u00f9 popolare della svizzera. l&#8217;USC era presente con undici giovani leve che hanno corso, saltato e lanciati divertendosi e raggiungendo anche 3 podi con Martino, Alice e Asia. Dario ed Anna non erano lontani bravissimi anche Alicia, Viola, Melissa, Michele, Caterina,&#8230;<\/p>\n","protected":false},"author":4,"featured_media":17447,"comment_status":"closed","ping_status":"closed","sticky":false,"template":"","format":"quote","meta":{"jetpack_post_was_ever_published":false,"_jetpack_newsletter_access":"","_jetpack_dont_email_post_to_subs":false,"_jetpack_newsletter_tier_id":0,"_jetpack_memberships_contains_paywalled_content":false,"_jetpack_memberships_contains_paid_content":false,"footnotes":"","jetpack_publicize_message":"","jetpack_publicize_feature_enabled":true,"jetpack_social_post_already_shared":true,"jetpack_social_options":{"image_generator_settings":{"template":"highway","default_image_id":0,"font":"","enabled":false},"version":2}},"categories":[4,9],"tags":[],"class_list":["post-17444","post","type-post","status-publish","format-quote","has-post-thumbnail","hentry","category-pista","category-sport","post_format-post-format-quote"],"jetpack_publicize_connections":[],"jetpack_featured_media_url":"https:\/\/i0.wp.com\/uscatletica.ch\/wp\/wp-content\/uploads\/2023\/06\/230603podiow11.jpg?fit=432%2C324&ssl=1","jetpack_sharing_enabled":true,"jetpack_shortlink":"https:\/\/wp.me\/p6V7Ck-4xm","jetpack-related-posts":[{"id":18173,"url":"https:\/\/uscatletica.ch\/wp\/?p=18173","url_meta":{"origin":17444,"position":0},"title":"Poker di podi ai Giovanili","author":"Leonida Stampanoni","date":"30 Settembre 2023","format":false,"excerpt":"Una splendida giornata autunnale ha accolto al comunale di Bellinzona le oltre 200 giovani leve dell'atletica ticinese impegnate nei campionati ticinesi U16 U18. 14 le giovani promesse USC che ci hanno regalato ben 4 medaglie. \u00a0Tre nei lanci con Kora, Elia e Lara \u00a0ed una negli 800 m con Martina.\u2026","rel":"","context":"In &quot;Non catalogato&quot;","block_context":{"text":"Non catalogato","link":"https:\/\/uscatletica.ch\/wp\/?cat=6"},"img":{"alt_text":"","src":"https:\/\/i0.wp.com\/uscatletica.ch\/wp\/wp-content\/uploads\/2023\/08\/230815ovactoschna.jpg?fit=640%2C480&ssl=1&resize=350%2C200","width":350,"height":200,"srcset":"https:\/\/i0.wp.com\/uscatletica.ch\/wp\/wp-content\/uploads\/2023\/08\/230815ovactoschna.jpg?fit=640%2C480&ssl=1&resize=350%2C200 1x, https:\/\/i0.wp.com\/uscatletica.ch\/wp\/wp-content\/uploads\/2023\/08\/230815ovactoschna.jpg?fit=640%2C480&ssl=1&resize=525%2C300 1.5x"},"classes":[]},{"id":4776,"url":"https:\/\/uscatletica.ch\/wp\/?p=4776","url_meta":{"origin":17444,"position":1},"title":"Fine settimana ricco per gli USCini","author":"Leonida Stampanoni","date":"24 Agosto 2017","format":false,"excerpt":"L'ultimo fine settimana prima dell'inizio delle scuole sar\u00e0 particolarmente ricco di appuntamenti per gli atleti USC. Si comincia venerdi con la Bellinzona Go & Run valida per la coppa giovanile di Podismo con Ruben \u00a0e Federica al comando e Matilde ancora imbattuta. Venerdi gran finale anche per i Fragori .\u2026","rel":"","context":"In &quot;Pista&quot;","block_context":{"text":"Pista","link":"https:\/\/uscatletica.ch\/wp\/?cat=4"},"img":{"alt_text":"","src":"https:\/\/i0.wp.com\/uscatletica.ch\/wp\/wp-content\/uploads\/2017\/06\/alelungoukcfin17.jpg?fit=561%2C420&ssl=1&resize=350%2C200","width":350,"height":200,"srcset":"https:\/\/i0.wp.com\/uscatletica.ch\/wp\/wp-content\/uploads\/2017\/06\/alelungoukcfin17.jpg?fit=561%2C420&ssl=1&resize=350%2C200 1x, https:\/\/i0.wp.com\/uscatletica.ch\/wp\/wp-content\/uploads\/2017\/06\/alelungoukcfin17.jpg?fit=561%2C420&ssl=1&resize=525%2C300 1.5x"},"classes":[]},{"id":4819,"url":"https:\/\/uscatletica.ch\/wp\/?p=4819","url_meta":{"origin":17444,"position":2},"title":"Camignolo TAS e Podismo Bellinzona GP Ticino","author":"Leonida Stampanoni","date":"31 Agosto 2017","format":false,"excerpt":"Il primo fine settimana scolastico sar\u00e0 particolarmente per gli atleti USC ; Sabato a Camignolo ci sar\u00e0 la festa del podismo si parte alle 14.00 con la staffetta scolari dell'ASM che rilancer\u00e0 il TAS. Nel tardo pomeriggio penultima tappa della Coppa ASTi podismo una gara di 12 km . Domenica\u2026","rel":"","context":"In &quot;Pista&quot;","block_context":{"text":"Pista","link":"https:\/\/uscatletica.ch\/wp\/?cat=4"},"img":{"alt_text":"","src":"https:\/\/i0.wp.com\/uscatletica.ch\/wp\/wp-content\/uploads\/2017\/08\/gruppliam2017.jpg?fit=562%2C422&ssl=1&resize=350%2C200","width":350,"height":200,"srcset":"https:\/\/i0.wp.com\/uscatletica.ch\/wp\/wp-content\/uploads\/2017\/08\/gruppliam2017.jpg?fit=562%2C422&ssl=1&resize=350%2C200 1x, https:\/\/i0.wp.com\/uscatletica.ch\/wp\/wp-content\/uploads\/2017\/08\/gruppliam2017.jpg?fit=562%2C422&ssl=1&resize=525%2C300 1.5x"},"classes":[]},{"id":14182,"url":"https:\/\/uscatletica.ch\/wp\/?p=14182","url_meta":{"origin":17444,"position":3},"title":"CROSS Federica vince 11 Podi USC alle Semine","author":"Leonida Stampanoni","date":"16 Gennaio 2022","format":false,"excerpt":"La prima gara del 2022 si \u00e8 corsa domenica a Bellinzona. La quinta prova del Coppa Ticino di cross FTAL AET 2022 ha accolto 375 partecipanti \u00a0sullo sconnesso prato delle Semine. 49 Partenti nelle file USC come a Mendrisio un buon bottino, ma certamente l'USC soffre le brevi distanze, Federica\u2026","rel":"","context":"In &quot;Cross&quot;","block_context":{"text":"Cross","link":"https:\/\/uscatletica.ch\/wp\/?cat=7"},"img":{"alt_text":"","src":"https:\/\/i0.wp.com\/uscatletica.ch\/wp\/wp-content\/uploads\/2021\/11\/211113podiou18w-1.jpeg?fit=324%2C432&ssl=1&resize=350%2C200","width":350,"height":200},"classes":[]},{"id":14166,"url":"https:\/\/uscatletica.ch\/wp\/?p=14166","url_meta":{"origin":17444,"position":4},"title":"CROSS LA COPPA RIPARTE DALLE SEMINE DI BELLINZONA","author":"Leonida Stampanoni","date":"15 Gennaio 2022","format":false,"excerpt":"Il primo appuntamento agonistico dell'anno sar\u00e0 domenica il cross di Bellinzona che la FTAL organizzer\u00e0 ai prati delle Semine su di un veloce circuito di 1km e distanze corte , formula che pur raccogliendo un'ottima partecipazione snatura l'essenza della specialit\u00e0. Una sessantina le iscrizioni per l'USC. La prima parte di\u2026","rel":"","context":"In &quot;Cross&quot;","block_context":{"text":"Cross","link":"https:\/\/uscatletica.ch\/wp\/?cat=7"},"img":{"alt_text":"","src":"https:\/\/i0.wp.com\/uscatletica.ch\/wp\/wp-content\/uploads\/2021\/10\/P1150209.jpeg?fit=432%2C324&ssl=1&resize=350%2C200","width":350,"height":200},"classes":[]},{"id":12468,"url":"https:\/\/uscatletica.ch\/wp\/?p=12468","url_meta":{"origin":17444,"position":5},"title":"Al comunale la sfida del MilLe Gruyere","author":"Leonida Stampanoni","date":"9 Giugno 2021","format":false,"excerpt":"\u00a0Mercoled\u00ec sera il comunale di Bellinzona ospiter\u00e0 la finale del MilLe Gruy\u00e8re\u00a0\u00a0il progetto giovanile di Swiss Athletics dedicato ai mezzofondisti che ha regalato molte soddisfazione all'USC. A partire dalle 18.10 in pista ci saranno ben 17 USCini\/e a guidare il gruppo pi\u00f9 numeroso di sempre ci saranno Pietro tra i\u2026","rel":"","context":"In &quot;Pista&quot;","block_context":{"text":"Pista","link":"https:\/\/uscatletica.ch\/wp\/?cat=4"},"img":{"alt_text":"","src":"https:\/\/i0.wp.com\/uscatletica.ch\/wp\/wp-content\/uploads\/2021\/05\/210513st600m.jpg?fit=432%2C324&ssl=1&resize=350%2C200","width":350,"height":200},"classes":[]}],"_links":{"self":[{"href":"https:\/\/uscatletica.ch\/wp\/index.php?rest_route=\/wp\/v2\/posts\/17444","targetHints":{"allow":["GET"]}}],"collection":[{"href":"https:\/\/uscatletica.ch\/wp\/index.php?rest_route=\/wp\/v2\/posts"}],"about":[{"href":"https:\/\/uscatletica.ch\/wp\/index.php?rest_route=\/wp\/v2\/types\/post"}],"author":[{"embeddable":true,"href":"https:\/\/uscatletica.ch\/wp\/index.php?rest_route=\/wp\/v2\/users\/4"}],"replies":[{"embeddable":true,"href":"https:\/\/uscatletica.ch\/wp\/index.php?rest_route=%2Fwp%2Fv2%2Fcomments&post=17444"}],"version-history":[{"count":4,"href":"https:\/\/uscatletica.ch\/wp\/index.php?rest_route=\/wp\/v2\/posts\/17444\/revisions"}],"predecessor-version":[{"id":17452,"href":"https:\/\/uscatletica.ch\/wp\/index.php?rest_route=\/wp\/v2\/posts\/17444\/revisions\/17452"}],"wp:featuredmedia":[{"embeddable":true,"href":"https:\/\/uscatletica.ch\/wp\/index.php?rest_route=\/wp\/v2\/media\/17447"}],"wp:attachment":[{"href":"https:\/\/uscatletica.ch\/wp\/index.php?rest_route=%2Fwp%2Fv2%2Fmedia&parent=17444"}],"wp:term":[{"taxonomy":"category","embeddable":true,"href":"https:\/\/uscatletica.ch\/wp\/index.php?rest_route=%2Fwp%2Fv2%2Fcategories&post=17444"},{"taxonomy":"post_tag","embeddable":true,"href":"https:\/\/uscatletica.ch\/wp\/index.php?rest_route=%2Fwp%2Fv2%2Ftags&post=17444"}],"curies":[{"name":"wp","href":"https:\/\/api.w.org\/{rel}","templated":true}]}}