{"id":17473,"date":"2023-06-05T10:39:21","date_gmt":"2023-06-05T08:39:21","guid":{"rendered":"https:\/\/uscatletica.ch\/wp\/?p=17473"},"modified":"2023-06-07T17:34:33","modified_gmt":"2023-06-07T15:34:33","slug":"chiara-e-roberto-settimana-mondiale","status":"publish","type":"post","link":"https:\/\/uscatletica.ch\/wp\/?p=17473","title":{"rendered":"Chiara e Roberto settimana mondiale Chiara bronzo sui 100 m"},"content":{"rendered":"\n<p>L&#8217;USC vivr\u00e0 una settimana mondiale, con due atleti impegnati ai grandi manifestazioni internazionali. Roberto Delorenzi sar\u00e0 al via dei mondiali &#8220;off Road&#8221; a Innsbruck Stubai mentre Chiara Zeni garegger\u00e0 ai Global Games di Vichy in Francia.\u00a0<\/p>\n<p><a href=\"https:\/\/www.innsbruck-stubai2023.com\/en\/\" target=\"_blank\" rel=\"noopener\">il link per Innsbruck<\/a> i<a href=\"https:\/\/gg2023.org\/sports\/athletisme\/?jour=all&amp;genre=tous-2&amp;classification=all#sport-programme\" target=\"_blank\" rel=\"noopener\">l sito dei Global Games<\/a> <a href=\"https:\/\/2track.run\/en\/events\/virtus-global-games\/results\/2810\/firstrounds\" target=\"_blank\" rel=\"noopener\">I risultati\u00a0<\/a><\/p>\n<p><a href=\"https:\/\/www.gg2023.tv\/\" target=\"_blank\" rel=\"noopener\">GLOBAL GAMES TV seguite le gare di Chiara Live<\/a><\/p>\n<p>Venerd\u00ec sar\u00e0 il gran giorno per Roberto al quarto appuntamento con la nazionale di Swiss Athletics garegger\u00e0 nella <a href=\"https:\/\/www.innsbruck-stubai2023.com\/en\/strecken\/#streckenmenu\">gara di Vertical<\/a>. Il tracciato di 7.1 km superer\u00e0 un dislivello di 1020 m. Partir\u00e0 dai 1000 m per poi superare quota 2000 al traguardo.<\/p>\n<h3>Chiara medaglia di Bronzo sui 100 m in 15.81<\/h3>\n<p>Chiara ha corso ieri le qualifiche dei 100 m vinte con un brillante 15&#8243;41<\/p>\n<p>Chiara garegger\u00e0 \u00a0con la nazionale italiana \u00a0da mercoled\u00ec 6 a venerd\u00ec 9 ai Global Games di Vichy. Chiara sar\u00e0 impegnata su 100-200 lungo e nelle staffette. ci sar\u00e0 pure la diretta YouTube.<\/p>\n<div data-carousel-extra='{&quot;blog_id&quot;:1,&quot;permalink&quot;:&quot;https:\/\/uscatletica.ch\/wp\/?p=17473&quot;}' id='gallery-1' class='gallery galleryid-17473 gallery-columns-3 gallery-size-thumbnail'><figure class='gallery-item'>\n\t\t\t<div class='gallery-icon portrait'>\n\t\t\t\t<a href='https:\/\/uscatletica.ch\/wp\/?attachment_id=17490'><img loading=\"lazy\" decoding=\"async\" width=\"150\" height=\"150\" src=\"https:\/\/i0.wp.com\/uscatletica.ch\/wp\/wp-content\/uploads\/2023\/06\/230605vichy.jpg?resize=150%2C150&amp;ssl=1\" class=\"attachment-thumbnail size-thumbnail\" alt=\"\" srcset=\"https:\/\/i0.wp.com\/uscatletica.ch\/wp\/wp-content\/uploads\/2023\/06\/230605vichy.jpg?resize=150%2C150&amp;ssl=1 150w, https:\/\/i0.wp.com\/uscatletica.ch\/wp\/wp-content\/uploads\/2023\/06\/230605vichy.jpg?resize=83%2C83&amp;ssl=1 83w, https:\/\/i0.wp.com\/uscatletica.ch\/wp\/wp-content\/uploads\/2023\/06\/230605vichy.jpg?zoom=2&amp;resize=150%2C150&amp;ssl=1 300w, https:\/\/i0.wp.com\/uscatletica.ch\/wp\/wp-content\/uploads\/2023\/06\/230605vichy.jpg?zoom=3&amp;resize=150%2C150&amp;ssl=1 450w\" sizes=\"auto, (max-width: 150px) 100vw, 150px\" data-attachment-id=\"17490\" data-permalink=\"https:\/\/uscatletica.ch\/wp\/?attachment_id=17490\" data-orig-file=\"https:\/\/i0.wp.com\/uscatletica.ch\/wp\/wp-content\/uploads\/2023\/06\/230605vichy.jpg?fit=526%2C935&amp;ssl=1\" data-orig-size=\"526,935\" data-comments-opened=\"0\" data-image-meta=\"{&quot;aperture&quot;:&quot;0&quot;,&quot;credit&quot;:&quot;&quot;,&quot;camera&quot;:&quot;&quot;,&quot;caption&quot;:&quot;&quot;,&quot;created_timestamp&quot;:&quot;0&quot;,&quot;copyright&quot;:&quot;&quot;,&quot;focal_length&quot;:&quot;0&quot;,&quot;iso&quot;:&quot;0&quot;,&quot;shutter_speed&quot;:&quot;0&quot;,&quot;title&quot;:&quot;&quot;,&quot;orientation&quot;:&quot;0&quot;}\" data-image-title=\"230605vichy\" data-image-description=\"\" data-image-caption=\"\" data-large-file=\"https:\/\/i0.wp.com\/uscatletica.ch\/wp\/wp-content\/uploads\/2023\/06\/230605vichy.jpg?fit=526%2C935&amp;ssl=1\" \/><\/a>\n\t\t\t<\/div><\/figure><figure class='gallery-item'>\n\t\t\t<div class='gallery-icon landscape'>\n\t\t\t\t<a href='https:\/\/uscatletica.ch\/wp\/?attachment_id=17489'><img loading=\"lazy\" decoding=\"async\" width=\"150\" height=\"150\" src=\"https:\/\/i0.wp.com\/uscatletica.ch\/wp\/wp-content\/uploads\/2023\/06\/image_6483441.jpg?resize=150%2C150&amp;ssl=1\" class=\"attachment-thumbnail size-thumbnail\" alt=\"\" srcset=\"https:\/\/i0.wp.com\/uscatletica.ch\/wp\/wp-content\/uploads\/2023\/06\/image_6483441.jpg?resize=150%2C150&amp;ssl=1 150w, https:\/\/i0.wp.com\/uscatletica.ch\/wp\/wp-content\/uploads\/2023\/06\/image_6483441.jpg?resize=83%2C83&amp;ssl=1 83w, https:\/\/i0.wp.com\/uscatletica.ch\/wp\/wp-content\/uploads\/2023\/06\/image_6483441.jpg?zoom=2&amp;resize=150%2C150&amp;ssl=1 300w, https:\/\/i0.wp.com\/uscatletica.ch\/wp\/wp-content\/uploads\/2023\/06\/image_6483441.jpg?zoom=3&amp;resize=150%2C150&amp;ssl=1 450w\" sizes=\"auto, (max-width: 150px) 100vw, 150px\" data-attachment-id=\"17489\" data-permalink=\"https:\/\/uscatletica.ch\/wp\/?attachment_id=17489\" data-orig-file=\"https:\/\/i0.wp.com\/uscatletica.ch\/wp\/wp-content\/uploads\/2023\/06\/image_6483441.jpg?fit=2304%2C1536&amp;ssl=1\" data-orig-size=\"2304,1536\" data-comments-opened=\"0\" data-image-meta=\"{&quot;aperture&quot;:&quot;0&quot;,&quot;credit&quot;:&quot;&quot;,&quot;camera&quot;:&quot;&quot;,&quot;caption&quot;:&quot;&quot;,&quot;created_timestamp&quot;:&quot;0&quot;,&quot;copyright&quot;:&quot;&quot;,&quot;focal_length&quot;:&quot;0&quot;,&quot;iso&quot;:&quot;0&quot;,&quot;shutter_speed&quot;:&quot;0&quot;,&quot;title&quot;:&quot;&quot;,&quot;orientation&quot;:&quot;1&quot;}\" data-image-title=\"image_6483441\" data-image-description=\"\" data-image-caption=\"\" data-large-file=\"https:\/\/i0.wp.com\/uscatletica.ch\/wp\/wp-content\/uploads\/2023\/06\/image_6483441.jpg?fit=640%2C427&amp;ssl=1\" \/><\/a>\n\t\t\t<\/div><\/figure><figure class='gallery-item'>\n\t\t\t<div class='gallery-icon portrait'>\n\t\t\t\t<a href='https:\/\/uscatletica.ch\/wp\/?attachment_id=17488'><img loading=\"lazy\" decoding=\"async\" width=\"150\" height=\"150\" src=\"https:\/\/i0.wp.com\/uscatletica.ch\/wp\/wp-content\/uploads\/2023\/06\/image_6483441-1.jpg?resize=150%2C150&amp;ssl=1\" class=\"attachment-thumbnail size-thumbnail\" alt=\"\" srcset=\"https:\/\/i0.wp.com\/uscatletica.ch\/wp\/wp-content\/uploads\/2023\/06\/image_6483441-1.jpg?resize=150%2C150&amp;ssl=1 150w, https:\/\/i0.wp.com\/uscatletica.ch\/wp\/wp-content\/uploads\/2023\/06\/image_6483441-1.jpg?resize=83%2C83&amp;ssl=1 83w, https:\/\/i0.wp.com\/uscatletica.ch\/wp\/wp-content\/uploads\/2023\/06\/image_6483441-1.jpg?zoom=2&amp;resize=150%2C150&amp;ssl=1 300w, https:\/\/i0.wp.com\/uscatletica.ch\/wp\/wp-content\/uploads\/2023\/06\/image_6483441-1.jpg?zoom=3&amp;resize=150%2C150&amp;ssl=1 450w\" sizes=\"auto, (max-width: 150px) 100vw, 150px\" data-attachment-id=\"17488\" data-permalink=\"https:\/\/uscatletica.ch\/wp\/?attachment_id=17488\" data-orig-file=\"https:\/\/i0.wp.com\/uscatletica.ch\/wp\/wp-content\/uploads\/2023\/06\/image_6483441-1.jpg?fit=1594%2C2426&amp;ssl=1\" data-orig-size=\"1594,2426\" data-comments-opened=\"0\" data-image-meta=\"{&quot;aperture&quot;:&quot;0&quot;,&quot;credit&quot;:&quot;&quot;,&quot;camera&quot;:&quot;&quot;,&quot;caption&quot;:&quot;&quot;,&quot;created_timestamp&quot;:&quot;0&quot;,&quot;copyright&quot;:&quot;&quot;,&quot;focal_length&quot;:&quot;0&quot;,&quot;iso&quot;:&quot;0&quot;,&quot;shutter_speed&quot;:&quot;0&quot;,&quot;title&quot;:&quot;&quot;,&quot;orientation&quot;:&quot;1&quot;}\" data-image-title=\"image_6483441-1\" data-image-description=\"\" data-image-caption=\"\" data-large-file=\"https:\/\/i0.wp.com\/uscatletica.ch\/wp\/wp-content\/uploads\/2023\/06\/image_6483441-1.jpg?fit=640%2C974&amp;ssl=1\" \/><\/a>\n\t\t\t<\/div><\/figure><figure class='gallery-item'>\n\t\t\t<div class='gallery-icon landscape'>\n\t\t\t\t<a href='https:\/\/uscatletica.ch\/wp\/?attachment_id=17487'><img loading=\"lazy\" decoding=\"async\" width=\"150\" height=\"150\" src=\"https:\/\/i0.wp.com\/uscatletica.ch\/wp\/wp-content\/uploads\/2023\/06\/image_6483441-2.jpg?resize=150%2C150&amp;ssl=1\" class=\"attachment-thumbnail size-thumbnail\" alt=\"\" srcset=\"https:\/\/i0.wp.com\/uscatletica.ch\/wp\/wp-content\/uploads\/2023\/06\/image_6483441-2.jpg?w=2048&amp;ssl=1 2048w, https:\/\/i0.wp.com\/uscatletica.ch\/wp\/wp-content\/uploads\/2023\/06\/image_6483441-2.jpg?resize=300%2C300&amp;ssl=1 300w, https:\/\/i0.wp.com\/uscatletica.ch\/wp\/wp-content\/uploads\/2023\/06\/image_6483441-2.jpg?resize=1024%2C1024&amp;ssl=1 1024w, https:\/\/i0.wp.com\/uscatletica.ch\/wp\/wp-content\/uploads\/2023\/06\/image_6483441-2.jpg?resize=150%2C150&amp;ssl=1 150w, https:\/\/i0.wp.com\/uscatletica.ch\/wp\/wp-content\/uploads\/2023\/06\/image_6483441-2.jpg?resize=768%2C768&amp;ssl=1 768w, https:\/\/i0.wp.com\/uscatletica.ch\/wp\/wp-content\/uploads\/2023\/06\/image_6483441-2.jpg?resize=1536%2C1536&amp;ssl=1 1536w, https:\/\/i0.wp.com\/uscatletica.ch\/wp\/wp-content\/uploads\/2023\/06\/image_6483441-2.jpg?resize=83%2C83&amp;ssl=1 83w, https:\/\/i0.wp.com\/uscatletica.ch\/wp\/wp-content\/uploads\/2023\/06\/image_6483441-2.jpg?w=1280&amp;ssl=1 1280w, https:\/\/i0.wp.com\/uscatletica.ch\/wp\/wp-content\/uploads\/2023\/06\/image_6483441-2.jpg?w=1920&amp;ssl=1 1920w\" sizes=\"auto, (max-width: 150px) 100vw, 150px\" data-attachment-id=\"17487\" data-permalink=\"https:\/\/uscatletica.ch\/wp\/?attachment_id=17487\" data-orig-file=\"https:\/\/i0.wp.com\/uscatletica.ch\/wp\/wp-content\/uploads\/2023\/06\/image_6483441-2.jpg?fit=2048%2C2048&amp;ssl=1\" data-orig-size=\"2048,2048\" data-comments-opened=\"0\" data-image-meta=\"{&quot;aperture&quot;:&quot;0&quot;,&quot;credit&quot;:&quot;&quot;,&quot;camera&quot;:&quot;&quot;,&quot;caption&quot;:&quot;&quot;,&quot;created_timestamp&quot;:&quot;0&quot;,&quot;copyright&quot;:&quot;&quot;,&quot;focal_length&quot;:&quot;0&quot;,&quot;iso&quot;:&quot;0&quot;,&quot;shutter_speed&quot;:&quot;0&quot;,&quot;title&quot;:&quot;&quot;,&quot;orientation&quot;:&quot;1&quot;}\" data-image-title=\"image_6483441-2\" data-image-description=\"\" data-image-caption=\"\" data-large-file=\"https:\/\/i0.wp.com\/uscatletica.ch\/wp\/wp-content\/uploads\/2023\/06\/image_6483441-2.jpg?fit=640%2C640&amp;ssl=1\" \/><\/a>\n\t\t\t<\/div><\/figure>\n\t\t<\/div>\n\n","protected":false},"excerpt":{"rendered":"<p>L&#8217;USC vivr\u00e0 una settimana mondiale, con due atleti impegnati ai grandi manifestazioni internazionali. Roberto Delorenzi sar\u00e0 al via dei mondiali &#8220;off Road&#8221; a Innsbruck Stubai mentre Chiara Zeni garegger\u00e0 ai Global Games di Vichy in Francia.\u00a0 il link per Innsbruck il sito dei Global Games I risultati\u00a0 GLOBAL GAMES TV seguite le gare di Chiara Live Venerd\u00ec sar\u00e0 il gran giorno per Roberto al quarto appuntamento con la nazionale di Swiss Athletics garegger\u00e0 nella gara&#8230;<\/p>\n","protected":false},"author":4,"featured_media":17485,"comment_status":"closed","ping_status":"closed","sticky":false,"template":"","format":"standard","meta":{"jetpack_post_was_ever_published":false,"_jetpack_newsletter_access":"","_jetpack_dont_email_post_to_subs":false,"_jetpack_newsletter_tier_id":0,"_jetpack_memberships_contains_paywalled_content":false,"_jetpack_memberships_contains_paid_content":false,"footnotes":"","jetpack_publicize_message":"","jetpack_publicize_feature_enabled":true,"jetpack_social_post_already_shared":true,"jetpack_social_options":{"image_generator_settings":{"template":"highway","default_image_id":0,"font":"","enabled":false},"version":2}},"categories":[16,4,9],"tags":[],"class_list":["post-17473","post","type-post","status-publish","format-standard","has-post-thumbnail","hentry","category-montagna","category-pista","category-sport"],"jetpack_publicize_connections":[],"jetpack_featured_media_url":"https:\/\/i0.wp.com\/uscatletica.ch\/wp\/wp-content\/uploads\/2023\/06\/image_6483441-3.jpg?fit=2304%2C1536&ssl=1","jetpack_sharing_enabled":true,"jetpack_shortlink":"https:\/\/wp.me\/p6V7Ck-4xP","jetpack-related-posts":[{"id":17506,"url":"https:\/\/uscatletica.ch\/wp\/?p=17506","url_meta":{"origin":17473,"position":0},"title":"Chiara e Roberto Bronzi mondiali","author":"Leonida Stampanoni","date":"8 Giugno 2023","format":false,"excerpt":"Mercoled\u00ec storico per l'US Capriaschese, sono \u00a0infatti arrivate ben due medaglie mondiali da due atleti diversi in una sola giornata. A Stubai Roberto, cogliendo il decimo rango nel mondiale Vertical, ha guidato la nazionale svizzera alla medaglia di bronzo a squadre dietro le fortissime nazionali di Kenya ed Uganda. La\u2026","rel":"","context":"In &quot;Montagna&quot;","block_context":{"text":"Montagna","link":"https:\/\/uscatletica.ch\/wp\/?cat=16"},"img":{"alt_text":"","src":"https:\/\/i0.wp.com\/uscatletica.ch\/wp\/wp-content\/uploads\/2023\/06\/230607berglaufmaennerbronzeoffroad_wm_2023_swa-scaled-e1686144329525.jpeg?fit=1200%2C900&ssl=1&resize=350%2C200","width":350,"height":200,"srcset":"https:\/\/i0.wp.com\/uscatletica.ch\/wp\/wp-content\/uploads\/2023\/06\/230607berglaufmaennerbronzeoffroad_wm_2023_swa-scaled-e1686144329525.jpeg?fit=1200%2C900&ssl=1&resize=350%2C200 1x, https:\/\/i0.wp.com\/uscatletica.ch\/wp\/wp-content\/uploads\/2023\/06\/230607berglaufmaennerbronzeoffroad_wm_2023_swa-scaled-e1686144329525.jpeg?fit=1200%2C900&ssl=1&resize=525%2C300 1.5x, https:\/\/i0.wp.com\/uscatletica.ch\/wp\/wp-content\/uploads\/2023\/06\/230607berglaufmaennerbronzeoffroad_wm_2023_swa-scaled-e1686144329525.jpeg?fit=1200%2C900&ssl=1&resize=700%2C400 2x, https:\/\/i0.wp.com\/uscatletica.ch\/wp\/wp-content\/uploads\/2023\/06\/230607berglaufmaennerbronzeoffroad_wm_2023_swa-scaled-e1686144329525.jpeg?fit=1200%2C900&ssl=1&resize=1050%2C600 3x"},"classes":[]},{"id":17528,"url":"https:\/\/uscatletica.ch\/wp\/?p=17528","url_meta":{"origin":17473,"position":1},"title":"Chiara fantastica ai Virtus Global Games","author":"Leonida Stampanoni","date":"10 Giugno 2023","format":false,"excerpt":"La nostra Chiara, dopo un'intensa preparazione, ha brillato ai Virtus Global Games svoltisi a Vichy.\u00a0 Una serie eccezionali di risultati riassumibili con tre ori un bronzo\u00a0 un primato del mondo assoluto e tre primati assoluti della Virtus. \u00a0 100m batteria: 15.41 (Virtus World Record assoluto). - 100m finale: medaglia di\u2026","rel":"","context":"In &quot;Pista&quot;","block_context":{"text":"Pista","link":"https:\/\/uscatletica.ch\/wp\/?cat=4"},"img":{"alt_text":"","src":"https:\/\/i0.wp.com\/uscatletica.ch\/wp\/wp-content\/uploads\/2023\/06\/230607100ggg.jpg?fit=704%2C540&ssl=1&resize=350%2C200","width":350,"height":200,"srcset":"https:\/\/i0.wp.com\/uscatletica.ch\/wp\/wp-content\/uploads\/2023\/06\/230607100ggg.jpg?fit=704%2C540&ssl=1&resize=350%2C200 1x, https:\/\/i0.wp.com\/uscatletica.ch\/wp\/wp-content\/uploads\/2023\/06\/230607100ggg.jpg?fit=704%2C540&ssl=1&resize=525%2C300 1.5x, https:\/\/i0.wp.com\/uscatletica.ch\/wp\/wp-content\/uploads\/2023\/06\/230607100ggg.jpg?fit=704%2C540&ssl=1&resize=700%2C400 2x"},"classes":[]},{"id":8181,"url":"https:\/\/uscatletica.ch\/wp\/?p=8181","url_meta":{"origin":17473,"position":2},"title":"CHIARA AL GOLDEN GALA LETIZIA AGLI EUROPEI DI TRIATHLON","author":"Leonida Stampanoni","date":"22 Maggio 2019","format":false,"excerpt":"La nostra Chiara \u00e8 stata convocata per partecipare alla terza tappa delle Diamond League al Golden Gala Pietro Mennea di Roma giovedi 6 giugno Un grande onore per la nostra atleta che sar\u00e0 la prima a gareggiare in Diamond League fuori dal suolo svizzero. La nostra Chiara raggiunge un'altra perla\u2026","rel":"","context":"In &quot;Altro&quot;","block_context":{"text":"Altro","link":"https:\/\/uscatletica.ch\/wp\/?cat=11"},"img":{"alt_text":"","src":"https:\/\/i0.wp.com\/uscatletica.ch\/wp\/wp-content\/uploads\/2019\/05\/chiarasti190511b.jpg?fit=423%2C273&ssl=1&resize=350%2C200","width":350,"height":200},"classes":[]},{"id":21290,"url":"https:\/\/uscatletica.ch\/wp\/?p=21290","url_meta":{"origin":17473,"position":3},"title":"Roberto domani al via dei mondiali off Road a Canfranc","author":"Leonida Stampanoni","date":"25 Settembre 2025","format":false,"excerpt":"NeI lungo fine settimana a Canfranc sui Pirenei spagnoli ci saranno i campionati mondiali off Road, nell'ambiziosa delegazione svizzera composta da quasi 40 atleti spicca il nome del campione europeo in carica Roberto Delorenzi. Il nostro atleta garegger\u00e0 domani nello short trail assieme al ticinese Francesco Ceschi. Domenica sar\u00e0 Jonas\u2026","rel":"","context":"In &quot;I nostri appuntamenti&quot;","block_context":{"text":"I nostri appuntamenti","link":"https:\/\/uscatletica.ch\/wp\/?cat=12"},"img":{"alt_text":"","src":"https:\/\/i0.wp.com\/uscatletica.ch\/wp\/wp-content\/uploads\/2024\/06\/20240602ROBI.jpg?fit=432%2C243&ssl=1&resize=350%2C200","width":350,"height":200},"classes":[]},{"id":6466,"url":"https:\/\/uscatletica.ch\/wp\/?p=6466","url_meta":{"origin":17473,"position":4},"title":"Bellinzona Zurich Cristallina Zofingen weekend ricco per gli USCini","author":"Leonida Stampanoni","date":"31 Agosto 2018","format":false,"excerpt":"Il programma del fine settimana \u00e8 abbastanza intensa venerdi sera si chiude la coppa giovanile ASTi a Bellinzona con la 30 edizione della\u00a0 Go & Run . Sabato a Zurich ,dopo un'indimenticabile edizione del Weltklasse, Chiara rappresenter\u00e0 l'USC alla finale della Kids Cup. La nostra atleta aveva vinto\u00a0 lo scorso\u2026","rel":"","context":"In &quot;CO&quot;","block_context":{"text":"CO","link":"https:\/\/uscatletica.ch\/wp\/?cat=19"},"img":{"alt_text":"","src":"https:\/\/i0.wp.com\/uscatletica.ch\/wp\/wp-content\/uploads\/2018\/08\/chiarakidscup.jpg?fit=423%2C297&ssl=1&resize=350%2C200","width":350,"height":200},"classes":[]},{"id":6378,"url":"https:\/\/uscatletica.ch\/wp\/?p=6378","url_meta":{"origin":17473,"position":5},"title":"USC MONDIALE  DELORENZI AL GRANSASSO CHIARA IN PORTOGALLO","author":"Leonida Stampanoni","date":"3 Agosto 2018","format":false,"excerpt":"Ottime notizie per l'USC con 3 atleti che parteciperanno ai campionati del mondo. I fratelli Delorenzi, reduci da un buon Giir di Mont, saranno in Abbruzzo per i mondiali giovanili di skyrace sul GranSasso d'Italia. Dal 1 all'8 ottobre Chiara invece parteciper\u00e0 ai Madeira ai campionati del mondo IAADS. Dal\u2026","rel":"","context":"In &quot;Altro&quot;","block_context":{"text":"Altro","link":"https:\/\/uscatletica.ch\/wp\/?cat=11"},"img":{"alt_text":"","src":"","width":0,"height":0},"classes":[]}],"_links":{"self":[{"href":"https:\/\/uscatletica.ch\/wp\/index.php?rest_route=\/wp\/v2\/posts\/17473","targetHints":{"allow":["GET"]}}],"collection":[{"href":"https:\/\/uscatletica.ch\/wp\/index.php?rest_route=\/wp\/v2\/posts"}],"about":[{"href":"https:\/\/uscatletica.ch\/wp\/index.php?rest_route=\/wp\/v2\/types\/post"}],"author":[{"embeddable":true,"href":"https:\/\/uscatletica.ch\/wp\/index.php?rest_route=\/wp\/v2\/users\/4"}],"replies":[{"embeddable":true,"href":"https:\/\/uscatletica.ch\/wp\/index.php?rest_route=%2Fwp%2Fv2%2Fcomments&post=17473"}],"version-history":[{"count":8,"href":"https:\/\/uscatletica.ch\/wp\/index.php?rest_route=\/wp\/v2\/posts\/17473\/revisions"}],"predecessor-version":[{"id":17509,"href":"https:\/\/uscatletica.ch\/wp\/index.php?rest_route=\/wp\/v2\/posts\/17473\/revisions\/17509"}],"wp:featuredmedia":[{"embeddable":true,"href":"https:\/\/uscatletica.ch\/wp\/index.php?rest_route=\/wp\/v2\/media\/17485"}],"wp:attachment":[{"href":"https:\/\/uscatletica.ch\/wp\/index.php?rest_route=%2Fwp%2Fv2%2Fmedia&parent=17473"}],"wp:term":[{"taxonomy":"category","embeddable":true,"href":"https:\/\/uscatletica.ch\/wp\/index.php?rest_route=%2Fwp%2Fv2%2Fcategories&post=17473"},{"taxonomy":"post_tag","embeddable":true,"href":"https:\/\/uscatletica.ch\/wp\/index.php?rest_route=%2Fwp%2Fv2%2Ftags&post=17473"}],"curies":[{"name":"wp","href":"https:\/\/api.w.org\/{rel}","templated":true}]}}