{"id":17506,"date":"2023-06-08T09:34:20","date_gmt":"2023-06-08T07:34:20","guid":{"rendered":"https:\/\/uscatletica.ch\/wp\/?p=17506"},"modified":"2023-06-08T11:16:36","modified_gmt":"2023-06-08T09:16:36","slug":"chiara-e-roberto-bronzi-mondiali","status":"publish","type":"post","link":"https:\/\/uscatletica.ch\/wp\/?p=17506","title":{"rendered":"Chiara e Roberto Bronzi mondiali"},"content":{"rendered":"\n<p>Mercoled\u00ec storico per l&#8217;US Capriaschese, sono \u00a0infatti arrivate ben due medaglie mondiali da due atleti diversi in una sola giornata. A Stubai Roberto, cogliendo il decimo rango nel mondiale Vertical, ha guidato la nazionale svizzera alla medaglia di bronzo a squadre dietro le fortissime nazionali di Kenya ed Uganda.<\/p>\n<p>La seconda medaglia arriva da Chiara che \u00e8 oramai abbonata alle medaglie. Ai Global Games di Vichy marted\u00ec e mercoled\u00ec ha corso i 100 m conquistando la medaglia di Bronzo. Sui 200 m si \u00e8 invece qualificata per la finale\u00a0<\/p>\n<p><a href=\"https:\/\/www.innsbruck-stubai2023.com\/en\/\" target=\"_blank\" rel=\"noopener\">il link per Innsbruck\u00a0<\/a> <a href=\"https:\/\/swiss-athletics.ch\/de\/blog\/2023\/06\/07\/team-bronze-fuer-die-maenner-zum-wm-auftakt-in-innsbruck\/\" target=\"_blank\" rel=\"noopener\">la news di Swiss Athletics\u00a0<\/a><\/p>\n<p>i<a href=\"https:\/\/gg2023.org\/sports\/athletisme\/?jour=all&amp;genre=tous-2&amp;classification=all#sport-programme\" target=\"_blank\" rel=\"noopener\">l sito dei Global Games<\/a> <a href=\"https:\/\/2track.run\/en\/events\/virtus-global-games\/results\/2810\/firstrounds\" target=\"_blank\" rel=\"noopener\">I risultati\u00a0<\/a><\/p>\n<p><a href=\"https:\/\/www.gg2023.tv\/\" target=\"_blank\" rel=\"noopener\">GLOBAL GAMES TV seguite le gare di Chiara Live<\/a><\/p>\n<p>Nella gara Vertical di Stubai sui 7.1 km con 1020 m di dislivello il titolo mondiale \u00e8 andato al Kenyano Patrick Kipngeno in 40&#8217;18, Robi con un gran bel finale \u00e8 andato a prendersi \u00a0uno splendido 10 rango in 43&#8217;31 precedendo il compagno di nazionale Dominik Rolli di soli sette secondi. L&#8217;eccellente prestazione dei duo ha regalato alla svizzera il bronzo mondiale dietro Kenya ed Uganda ma davanti ad una nazione di grande tradizione come l&#8217;Italia.<\/p>\n<p>Chiara ha cominciato bene i Global games sui 100 m dopo aver vinto la semifinale in 15&#8243;41 ha vinto la medaglia di bronzo in 15&#8243;83. Nei 200 m Chiara ha conquistato la finale <a href=\"https:\/\/uscatletica.ch\/wp\/?attachment_id=17512\" rel=\"attachment wp-att-17512\"><img data-recalc-dims=\"1\" loading=\"lazy\" decoding=\"async\" data-attachment-id=\"17512\" data-permalink=\"https:\/\/uscatletica.ch\/wp\/?attachment_id=17512\" data-orig-file=\"https:\/\/i0.wp.com\/uscatletica.ch\/wp\/wp-content\/uploads\/2023\/06\/230607100ggg.jpg?fit=704%2C540&amp;ssl=1\" data-orig-size=\"704,540\" data-comments-opened=\"0\" data-image-meta=\"{&quot;aperture&quot;:&quot;0&quot;,&quot;credit&quot;:&quot;&quot;,&quot;camera&quot;:&quot;&quot;,&quot;caption&quot;:&quot;&quot;,&quot;created_timestamp&quot;:&quot;0&quot;,&quot;copyright&quot;:&quot;&quot;,&quot;focal_length&quot;:&quot;0&quot;,&quot;iso&quot;:&quot;0&quot;,&quot;shutter_speed&quot;:&quot;0&quot;,&quot;title&quot;:&quot;&quot;,&quot;orientation&quot;:&quot;0&quot;}\" data-image-title=\"230607100ggg\" data-image-description=\"\" data-image-caption=\"\" data-large-file=\"https:\/\/i0.wp.com\/uscatletica.ch\/wp\/wp-content\/uploads\/2023\/06\/230607100ggg.jpg?fit=640%2C491&amp;ssl=1\" class=\"alignnone size-full wp-image-17512\" src=\"https:\/\/i0.wp.com\/uscatletica.ch\/wp\/wp-content\/uploads\/2023\/06\/230607100ggg.jpg?resize=640%2C491&#038;ssl=1\" alt=\"\" width=\"640\" height=\"491\" srcset=\"https:\/\/i0.wp.com\/uscatletica.ch\/wp\/wp-content\/uploads\/2023\/06\/230607100ggg.jpg?w=704&amp;ssl=1 704w, https:\/\/i0.wp.com\/uscatletica.ch\/wp\/wp-content\/uploads\/2023\/06\/230607100ggg.jpg?resize=300%2C230&amp;ssl=1 300w, https:\/\/i0.wp.com\/uscatletica.ch\/wp\/wp-content\/uploads\/2023\/06\/230607100ggg.jpg?resize=117%2C91&amp;ssl=1 117w\" sizes=\"auto, (max-width: 640px) 100vw, 640px\" \/><\/a><\/p>\n<figure id=\"attachment_17511\" aria-describedby=\"caption-attachment-17511\" style=\"width: 1400px\" class=\"wp-caption alignnone\"><a href=\"https:\/\/uscatletica.ch\/wp\/?attachment_id=17511\" rel=\"attachment wp-att-17511\"><img data-recalc-dims=\"1\" loading=\"lazy\" decoding=\"async\" data-attachment-id=\"17511\" data-permalink=\"https:\/\/uscatletica.ch\/wp\/?attachment_id=17511\" data-orig-file=\"https:\/\/i0.wp.com\/uscatletica.ch\/wp\/wp-content\/uploads\/2023\/06\/230607berglaufmaennerbronzeoffroad_wm_2023_swa-scaled-e1686144329525.jpeg?fit=1400%2C1050&amp;ssl=1\" data-orig-size=\"1400,1050\" data-comments-opened=\"0\" data-image-meta=\"{&quot;aperture&quot;:&quot;5.6&quot;,&quot;credit&quot;:&quot;Sandro Anderes&quot;,&quot;camera&quot;:&quot;ILCE-7M3&quot;,&quot;caption&quot;:&quot;&quot;,&quot;created_timestamp&quot;:&quot;1686146820&quot;,&quot;copyright&quot;:&quot;Sandro Anderes&quot;,&quot;focal_length&quot;:&quot;70&quot;,&quot;iso&quot;:&quot;250&quot;,&quot;shutter_speed&quot;:&quot;0.0008&quot;,&quot;title&quot;:&quot;&quot;,&quot;orientation&quot;:&quot;0&quot;}\" data-image-title=\"230607berglaufmaennerbronzeoffroad_wm_2023_swa-scaled-e1686144329525\" data-image-description=\"\" data-image-caption=\"&lt;p&gt;Foto Swiss Athletics&lt;\/p&gt;\n\" data-large-file=\"https:\/\/i0.wp.com\/uscatletica.ch\/wp\/wp-content\/uploads\/2023\/06\/230607berglaufmaennerbronzeoffroad_wm_2023_swa-scaled-e1686144329525.jpeg?fit=640%2C480&amp;ssl=1\" class=\"wp-image-17511 size-full\" src=\"https:\/\/i0.wp.com\/uscatletica.ch\/wp\/wp-content\/uploads\/2023\/06\/230607berglaufmaennerbronzeoffroad_wm_2023_swa-scaled-e1686144329525.jpeg?resize=640%2C480&#038;ssl=1\" alt=\"\" width=\"640\" height=\"480\" srcset=\"https:\/\/i0.wp.com\/uscatletica.ch\/wp\/wp-content\/uploads\/2023\/06\/230607berglaufmaennerbronzeoffroad_wm_2023_swa-scaled-e1686144329525.jpeg?w=1400&amp;ssl=1 1400w, https:\/\/i0.wp.com\/uscatletica.ch\/wp\/wp-content\/uploads\/2023\/06\/230607berglaufmaennerbronzeoffroad_wm_2023_swa-scaled-e1686144329525.jpeg?resize=300%2C225&amp;ssl=1 300w, https:\/\/i0.wp.com\/uscatletica.ch\/wp\/wp-content\/uploads\/2023\/06\/230607berglaufmaennerbronzeoffroad_wm_2023_swa-scaled-e1686144329525.jpeg?resize=1024%2C768&amp;ssl=1 1024w, https:\/\/i0.wp.com\/uscatletica.ch\/wp\/wp-content\/uploads\/2023\/06\/230607berglaufmaennerbronzeoffroad_wm_2023_swa-scaled-e1686144329525.jpeg?resize=768%2C576&amp;ssl=1 768w, https:\/\/i0.wp.com\/uscatletica.ch\/wp\/wp-content\/uploads\/2023\/06\/230607berglaufmaennerbronzeoffroad_wm_2023_swa-scaled-e1686144329525.jpeg?w=1280&amp;ssl=1 1280w\" sizes=\"auto, (max-width: 640px) 100vw, 640px\" \/><\/a><figcaption id=\"caption-attachment-17511\" class=\"wp-caption-text\">Nella Foto Swiss Athletics Roberto con Jonas, Dominik e Fabian festeggiano la grande medaglia di bronzo<\/figcaption><\/figure>\n<p><iframe loading=\"lazy\" title=\"[DE] LIVE: WMTRC 2023 - Vertical\" width=\"640\" height=\"360\" src=\"https:\/\/www.youtube.com\/embed\/16dWOECu2PY?start=671&#038;feature=oembed\" frameborder=\"0\" allow=\"accelerometer; autoplay; clipboard-write; encrypted-media; gyroscope; picture-in-picture; web-share\" referrerpolicy=\"strict-origin-when-cross-origin\" allowfullscreen><\/iframe><\/p>\n<p>\u00a0<\/p>\n<p>\u00a0<\/p>\n","protected":false},"excerpt":{"rendered":"<p>Mercoled\u00ec storico per l&#8217;US Capriaschese, sono \u00a0infatti arrivate ben due medaglie mondiali da due atleti diversi in una sola giornata. A Stubai Roberto, cogliendo il decimo rango nel mondiale Vertical, ha guidato la nazionale svizzera alla medaglia di bronzo a squadre dietro le fortissime nazionali di Kenya ed Uganda. La seconda medaglia arriva da Chiara che \u00e8 oramai abbonata alle medaglie. Ai Global Games di Vichy marted\u00ec e mercoled\u00ec ha corso i 100 m conquistando&#8230;<\/p>\n","protected":false},"author":4,"featured_media":17511,"comment_status":"closed","ping_status":"closed","sticky":false,"template":"","format":"standard","meta":{"jetpack_post_was_ever_published":false,"_jetpack_newsletter_access":"","_jetpack_dont_email_post_to_subs":false,"_jetpack_newsletter_tier_id":0,"_jetpack_memberships_contains_paywalled_content":false,"_jetpack_memberships_contains_paid_content":false,"footnotes":"","jetpack_publicize_message":"","jetpack_publicize_feature_enabled":true,"jetpack_social_post_already_shared":true,"jetpack_social_options":{"image_generator_settings":{"template":"highway","default_image_id":0,"font":"","enabled":false},"version":2}},"categories":[16,4,9],"tags":[],"class_list":["post-17506","post","type-post","status-publish","format-standard","has-post-thumbnail","hentry","category-montagna","category-pista","category-sport"],"jetpack_publicize_connections":[],"jetpack_featured_media_url":"https:\/\/i0.wp.com\/uscatletica.ch\/wp\/wp-content\/uploads\/2023\/06\/230607berglaufmaennerbronzeoffroad_wm_2023_swa-scaled-e1686144329525.jpeg?fit=1400%2C1050&ssl=1","jetpack_sharing_enabled":true,"jetpack_shortlink":"https:\/\/wp.me\/p6V7Ck-4ym","jetpack-related-posts":[{"id":17473,"url":"https:\/\/uscatletica.ch\/wp\/?p=17473","url_meta":{"origin":17506,"position":0},"title":"Chiara e Roberto settimana mondiale Chiara bronzo sui 100 m","author":"Leonida Stampanoni","date":"5 Giugno 2023","format":false,"excerpt":"L'USC vivr\u00e0 una settimana mondiale, con due atleti impegnati ai grandi manifestazioni internazionali. Roberto Delorenzi sar\u00e0 al via dei mondiali \"off Road\" a Innsbruck Stubai mentre Chiara Zeni garegger\u00e0 ai Global Games di Vichy in Francia.\u00a0 il link per Innsbruck il sito dei Global Games I risultati\u00a0 GLOBAL GAMES TV\u2026","rel":"","context":"In &quot;Montagna&quot;","block_context":{"text":"Montagna","link":"https:\/\/uscatletica.ch\/wp\/?cat=16"},"img":{"alt_text":"","src":"https:\/\/i0.wp.com\/uscatletica.ch\/wp\/wp-content\/uploads\/2023\/06\/image_6483441-3.jpg?fit=1200%2C800&ssl=1&resize=350%2C200","width":350,"height":200,"srcset":"https:\/\/i0.wp.com\/uscatletica.ch\/wp\/wp-content\/uploads\/2023\/06\/image_6483441-3.jpg?fit=1200%2C800&ssl=1&resize=350%2C200 1x, https:\/\/i0.wp.com\/uscatletica.ch\/wp\/wp-content\/uploads\/2023\/06\/image_6483441-3.jpg?fit=1200%2C800&ssl=1&resize=525%2C300 1.5x, https:\/\/i0.wp.com\/uscatletica.ch\/wp\/wp-content\/uploads\/2023\/06\/image_6483441-3.jpg?fit=1200%2C800&ssl=1&resize=700%2C400 2x, https:\/\/i0.wp.com\/uscatletica.ch\/wp\/wp-content\/uploads\/2023\/06\/image_6483441-3.jpg?fit=1200%2C800&ssl=1&resize=1050%2C600 3x"},"classes":[]},{"id":17528,"url":"https:\/\/uscatletica.ch\/wp\/?p=17528","url_meta":{"origin":17506,"position":1},"title":"Chiara fantastica ai Virtus Global Games","author":"Leonida Stampanoni","date":"10 Giugno 2023","format":false,"excerpt":"La nostra Chiara, dopo un'intensa preparazione, ha brillato ai Virtus Global Games svoltisi a Vichy.\u00a0 Una serie eccezionali di risultati riassumibili con tre ori un bronzo\u00a0 un primato del mondo assoluto e tre primati assoluti della Virtus. \u00a0 100m batteria: 15.41 (Virtus World Record assoluto). - 100m finale: medaglia di\u2026","rel":"","context":"In &quot;Pista&quot;","block_context":{"text":"Pista","link":"https:\/\/uscatletica.ch\/wp\/?cat=4"},"img":{"alt_text":"","src":"https:\/\/i0.wp.com\/uscatletica.ch\/wp\/wp-content\/uploads\/2023\/06\/230607100ggg.jpg?fit=704%2C540&ssl=1&resize=350%2C200","width":350,"height":200,"srcset":"https:\/\/i0.wp.com\/uscatletica.ch\/wp\/wp-content\/uploads\/2023\/06\/230607100ggg.jpg?fit=704%2C540&ssl=1&resize=350%2C200 1x, https:\/\/i0.wp.com\/uscatletica.ch\/wp\/wp-content\/uploads\/2023\/06\/230607100ggg.jpg?fit=704%2C540&ssl=1&resize=525%2C300 1.5x, https:\/\/i0.wp.com\/uscatletica.ch\/wp\/wp-content\/uploads\/2023\/06\/230607100ggg.jpg?fit=704%2C540&ssl=1&resize=700%2C400 2x"},"classes":[]},{"id":15703,"url":"https:\/\/uscatletica.ch\/wp\/?p=15703","url_meta":{"origin":17506,"position":2},"title":"BRONZO PER LEA GAIA LEILA MATILDA NELLA 4X100 m","author":"Leonida Stampanoni","date":"22 Agosto 2022","format":false,"excerpt":"Una serata estiva ha accolto i partecipanti ai campionati ticinesi della 4x100 m che hanno portato a Cornaredo un forte gruppo di atleti cinesi ed italiani. L'USC ha presentato sei atleti al via \u00a0compresa la la 4x100 m femminile che nelle ultime edizione ha conquistato regolarmente delle medaglie. Nella 4x100\u2026","rel":"","context":"In &quot;Pista&quot;","block_context":{"text":"Pista","link":"https:\/\/uscatletica.ch\/wp\/?cat=4"},"img":{"alt_text":"","src":"https:\/\/i0.wp.com\/uscatletica.ch\/wp\/wp-content\/uploads\/2022\/06\/220604SWISS4X100U20TImix.jpg?fit=432%2C324&ssl=1&resize=350%2C200","width":350,"height":200},"classes":[]},{"id":16392,"url":"https:\/\/uscatletica.ch\/wp\/?p=16392","url_meta":{"origin":17506,"position":3},"title":"Roberto 31\u00b0 ai mondiali &#8220;off Road&#8221; a Chiang Mai","author":"Leonida Stampanoni","date":"4 Novembre 2022","format":false,"excerpt":"In Thailandia, a Chiang Mai, debutto nei mondiali \u00e9lite per Roberto che ha corso in nottata la gara di \"short trail\" sui 38 km, chiudendo al 31\u00b0 rango e risultando il migliore degli svizzeri. La gara \u00e8 stata \u00a0vinta dal norvegese Stian Hovind Angermund davanti all'italiano Francesco Puppi, molto popolare\u2026","rel":"","context":"In &quot;Montagna&quot;","block_context":{"text":"Montagna","link":"https:\/\/uscatletica.ch\/wp\/?cat=16"},"img":{"alt_text":"","src":"https:\/\/i0.wp.com\/uscatletica.ch\/wp\/wp-content\/uploads\/2022\/11\/Roberto-Delorenzi-Foto-Nicola-Carenini.jpg?fit=999%2C1200&ssl=1&resize=350%2C200","width":350,"height":200,"srcset":"https:\/\/i0.wp.com\/uscatletica.ch\/wp\/wp-content\/uploads\/2022\/11\/Roberto-Delorenzi-Foto-Nicola-Carenini.jpg?fit=999%2C1200&ssl=1&resize=350%2C200 1x, https:\/\/i0.wp.com\/uscatletica.ch\/wp\/wp-content\/uploads\/2022\/11\/Roberto-Delorenzi-Foto-Nicola-Carenini.jpg?fit=999%2C1200&ssl=1&resize=525%2C300 1.5x, https:\/\/i0.wp.com\/uscatletica.ch\/wp\/wp-content\/uploads\/2022\/11\/Roberto-Delorenzi-Foto-Nicola-Carenini.jpg?fit=999%2C1200&ssl=1&resize=700%2C400 2x"},"classes":[]},{"id":4848,"url":"https:\/\/uscatletica.ch\/wp\/?p=4848","url_meta":{"origin":17506,"position":4},"title":"USCini Brillanti da Bellinzona a Kostanza (Triathlon e CO)","author":"Leonida Stampanoni","date":"3 Settembre 2017","format":false,"excerpt":"Fine settimana in pista caratterizzato dalla Finale del GP Ticino FTAL a Bellinzona e da Chiara impegnata ai Bodensee Games a Konstanz. Nella Capitale una quindicina di USCini impegnati in tutti i campi dell'atletica tra piste e pedane in palio anche il titoli cantonali nel fondo sui 5000m due medaglie\u2026","rel":"","context":"In &quot;CO&quot;","block_context":{"text":"CO","link":"https:\/\/uscatletica.ch\/wp\/?cat=19"},"img":{"alt_text":"","src":"https:\/\/i0.wp.com\/uscatletica.ch\/wp\/wp-content\/uploads\/2017\/06\/P1470595.jpg?fit=563%2C751&ssl=1&resize=350%2C200","width":350,"height":200,"srcset":"https:\/\/i0.wp.com\/uscatletica.ch\/wp\/wp-content\/uploads\/2017\/06\/P1470595.jpg?fit=563%2C751&ssl=1&resize=350%2C200 1x, https:\/\/i0.wp.com\/uscatletica.ch\/wp\/wp-content\/uploads\/2017\/06\/P1470595.jpg?fit=563%2C751&ssl=1&resize=525%2C300 1.5x"},"classes":[]},{"id":6678,"url":"https:\/\/uscatletica.ch\/wp\/?p=6678","url_meta":{"origin":17506,"position":5},"title":"Chiara a Madeira cinque medaglie  e tre primati","author":"Leonida Stampanoni","date":"5 Ottobre 2018","format":false,"excerpt":"Chiara ha vissuto una grande settimana a Madeira dove ha partecipato ai campionati mondiali IAADS. Una trasferta che la ripaga della passione ed impegno con cui affronta gli allenamenti. Quattro giorni di gare\u00a0 con tre gare individuali e 2 staffette, che hanno regalato a Chiara due ori due argenti un\u2026","rel":"","context":"In &quot;Altro&quot;","block_context":{"text":"Altro","link":"https:\/\/uscatletica.ch\/wp\/?cat=11"},"img":{"alt_text":"","src":"https:\/\/i0.wp.com\/uscatletica.ch\/wp\/wp-content\/uploads\/2018\/10\/chiaranicmadeira18.jpg?fit=532%2C355&ssl=1&resize=350%2C200","width":350,"height":200,"srcset":"https:\/\/i0.wp.com\/uscatletica.ch\/wp\/wp-content\/uploads\/2018\/10\/chiaranicmadeira18.jpg?fit=532%2C355&ssl=1&resize=350%2C200 1x, https:\/\/i0.wp.com\/uscatletica.ch\/wp\/wp-content\/uploads\/2018\/10\/chiaranicmadeira18.jpg?fit=532%2C355&ssl=1&resize=525%2C300 1.5x"},"classes":[]}],"_links":{"self":[{"href":"https:\/\/uscatletica.ch\/wp\/index.php?rest_route=\/wp\/v2\/posts\/17506","targetHints":{"allow":["GET"]}}],"collection":[{"href":"https:\/\/uscatletica.ch\/wp\/index.php?rest_route=\/wp\/v2\/posts"}],"about":[{"href":"https:\/\/uscatletica.ch\/wp\/index.php?rest_route=\/wp\/v2\/types\/post"}],"author":[{"embeddable":true,"href":"https:\/\/uscatletica.ch\/wp\/index.php?rest_route=\/wp\/v2\/users\/4"}],"replies":[{"embeddable":true,"href":"https:\/\/uscatletica.ch\/wp\/index.php?rest_route=%2Fwp%2Fv2%2Fcomments&post=17506"}],"version-history":[{"count":6,"href":"https:\/\/uscatletica.ch\/wp\/index.php?rest_route=\/wp\/v2\/posts\/17506\/revisions"}],"predecessor-version":[{"id":17517,"href":"https:\/\/uscatletica.ch\/wp\/index.php?rest_route=\/wp\/v2\/posts\/17506\/revisions\/17517"}],"wp:featuredmedia":[{"embeddable":true,"href":"https:\/\/uscatletica.ch\/wp\/index.php?rest_route=\/wp\/v2\/media\/17511"}],"wp:attachment":[{"href":"https:\/\/uscatletica.ch\/wp\/index.php?rest_route=%2Fwp%2Fv2%2Fmedia&parent=17506"}],"wp:term":[{"taxonomy":"category","embeddable":true,"href":"https:\/\/uscatletica.ch\/wp\/index.php?rest_route=%2Fwp%2Fv2%2Fcategories&post=17506"},{"taxonomy":"post_tag","embeddable":true,"href":"https:\/\/uscatletica.ch\/wp\/index.php?rest_route=%2Fwp%2Fv2%2Ftags&post=17506"}],"curies":[{"name":"wp","href":"https:\/\/api.w.org\/{rel}","templated":true}]}}