{"id":17755,"date":"2023-06-26T11:43:11","date_gmt":"2023-06-26T09:43:11","guid":{"rendered":"https:\/\/uscatletica.ch\/wp\/?p=17755"},"modified":"2023-06-26T21:55:05","modified_gmt":"2023-06-26T19:55:05","slug":"noe-quarto-a-winterthur","status":"publish","type":"post","link":"https:\/\/uscatletica.ch\/wp\/?p=17755","title":{"rendered":"No\u00e9 quarto a Winterthur"},"content":{"rendered":"\n<p>Nel fine settimana a Winterthur erano 600 gli atleti al via dei campionati della Svizzera Orientale, il Ticino con 115 partecipanti era ben presente, l&#8217;USC la via aveva il solo No\u00e9, in passato l&#8217;USC era anche stata tra le societ\u00e0 pi\u00f9 rappresentative della FTAL. No\u00e9 sui 2000 m si \u00e8 ben difeso chiudendo quarto.\u00a0<\/p>\n<p>\u00a0<\/p>\n<p>Al via dei 2000 m il duo di testa vola via facile seguito daun terzo atleta confederato No\u00e9 guida il gruppo inseguitore e progressivamente si avvantaggia restando solo a quarto rango. Nel finale le distanze si chiudono un po&#8217; ma No\u00e9 conserva il quarto rango e chiude in 6&#8217;56&#8243;80 abbattendo la barriera dei 7.<\/p>\n<p>Il Ticino arriva secondo nel medagliere dietro la potenza Zurigo con 11 titoli e diciotto medaglie\u00a0<\/p>\n<p class=\"western\"><span style=\"font-family: Calibri, sans-serif;\"><span style=\"color: #2e74b5;\"><span style=\"font-size: medium;\"><span lang=\"it-CH\">Comunicato FTAL 26.06.23- CAMPIONATI DELLA SVIZZERA ORIENTALE WINTERTHUR<\/span><\/span><\/span><\/span><\/p>\n<h1 class=\"western\"><span style=\"font-family: Calibri, sans-serif;\"><span style=\"color: #00000a;\"><span style=\"font-size: large;\"><span lang=\"it-IT\">AMBIVERI, CRESCINI, DE BIASIO GLI ACUTI DI UN TICINO BRILLANTE A WINTERTHUR<\/span><\/span><\/span><\/span><\/h1>\n<p class=\"western\"><span style=\"font-family: Calibri, sans-serif;\"><span style=\"color: #00000a;\"><span style=\"font-size: large;\"><span lang=\"it-IT\">Gian Vetterli e Ricky Petrucciani brillano in Polonia con la nazionale<\/span><\/span><\/span><\/span><\/p>\n<p class=\"western\"><span style=\"font-family: Calibri, sans-serif;\"><span style=\"color: #00000a;\"><span style=\"font-size: medium;\"><span lang=\"it-IT\">Leonida Stampanoni<\/span><\/span><\/span><\/span><\/p>\n<p class=\"western\"><span style=\"font-family: Calibri, sans-serif;\"><span lang=\"it-IT\">L\u2019atletica ticinese ha vissuto un fine settimana ricco di soddisfazioni. A livello internazionale Gian Vetterli e Ricky Petrucciani hanno brillato con la nazionale ai Campionati Europei a squadre in Silesia. I giovani talenti ticinesi, scesi in pista ai campionati della svizzera orientale a Winterthur, hanno ottenuto ben undici titoli ed ulteriori diciassette medaglie dominando le corse tra gli U18 maschili. <\/span><\/span><\/p>\n<p class=\"western\"><span style=\"font-family: Calibri, sans-serif;\"><span lang=\"it-IT\">In Polonia Gian Vetterli, con un lancio a 54.29 m, ha nuovamente migliorato il proprio primato cantonale nel disco, mentre Ricky Petrucciani, accompagnato da Lionel Spitz, Giulia Senn, Julia Niedeberger, nella 4&#215;400 m mista di chiusura ha colto il primato svizzero in 3\u201914\u201d22. <\/span><\/span><\/p>\n<p class=\"western\"><span style=\"font-family: Calibri, sans-serif;\"><span lang=\"it-IT\">Alla Deutweg di Winterthur gli U18M hanno vinto cinque dei sette titoli nelle corse. La sconfitta pi\u00f9 amara \u00e8 arrivata sabato sui 100 m dove Leonardo 10\u201d84n semifinale ha dominato i turni assieme a Carlo Vismara (AM). In finale titolo per pochi millesimi a Ashin Begun Ambiveri secondo, Vismara quarto. Domenica i due hanno dominato i 200 m Ambiveri ha vinto in 21\u201d81 dopo aver gi\u00e0 abbattuto la barriera dei 22 in semifinale Vismara ah vinto l\u2019argento in 22\u201d28 (22\u201d37). Noah Crescini (ASM) ha dominato in 400 m in 49\u201d96 che gli vale pure il limite per gli EYOF di Maribor. Matteo De Biasio (GAB) sui 110 m ostacoli ha vinto il titolo in 14\u201d14 tempo di assoluto valore. <\/span><\/span><\/p>\n<p class=\"western\"><span style=\"font-family: Calibri, sans-serif;\"><span lang=\"it-IT\">Il GAB Bellinzona ha dominato il mezzofondo sabato negli 800 m Gioele De Marco e Nicola Fattorini firmato la doppietta, ripetendosi domenica sui 1500 m dove Elia Maggetti (Virtus) ha colto il bronzo. <\/span><\/span><\/p>\n<p class=\"western\"><span style=\"font-family: Calibri, sans-serif;\"><span lang=\"it-IT\">Al femminile Aurora De Marco (GAB) dopo aver vinto facilmente gli 800 m al sabato, domenica sui 400 m ha colto l\u2019argento in 58\u201d26 sfiorando il personale; bronzo per Lea Rossi (SAB) in 61\u201d24. Sui 100 m ostacoli Emma Rosa con 14\u201d50 ha vinto l\u2019argento, ai piedi del podio Gaia Ferrari (GAB). Rosa sabato aveva ottenuto due quinti posti in alto e 100 m. Sui 200m Ivana Pirolli ha colto il bronzo in 26\u201d59 dopo aver perso la medaglia nel lungo per soli 4 cm. <\/span><\/span><\/p>\n<p class=\"western\"><span style=\"font-family: Calibri, sans-serif;\"><span lang=\"it-IT\">A livello U16 il Ticino ha vinto tre ori di cui due sui 600 m. Eric Huanca Quispe (Vigor) con una gara quasi perfetta ha vinto in 1\u201926\u201d68 salendo al terzo posto nelle liste svizzere 2023. Tosca Del Siro (GAD) in 1\u201937\u201d18 ha vinto agilmente la medaglia d\u2019oro. Doppietta USA nel salto con l\u2019asta: Ilian Pirotta ha vinto con 3.30 m su Gabriele Della Santa 3.20. Pirotta ha vinto il bronzo negli 80 m in 9\u201d54. Della Santa, dal canto suo, ha vinto l\u2019argento nel disco con 41\u201947 m. Aris Fornasier (SAM) ha vinto due medaglie nei salti: argento nell\u2019alto con 1.70 m e bronzo nel lungo con 6.03 m davanti al suo compagno Gianmarco Bielli che ha invece vinto l\u2019argento nel peso con 13.84 m. Terzo in questa disciplina, battuto di soli 3 cm, Milo Vigani (Virtus), quarto sia nel disco che nel giavellotto. <\/span><\/span><\/p>\n<p class=\"western\"><span style=\"font-family: Calibri, sans-serif;\"><span lang=\"it-IT\">Due vittorie sono arrivate anche a livello U14 Ashli Levi (SAL) ha vinto i 60 m in 8\u201d24 (8\u201d20) in semifinale. Sui 2000 m Maylon Pongelli (ASM) ha vinto in 7\u201906\u201d97 con il bronzo per Giuseppe Sciutto (SAL) 7\u201909\u201d61. <\/span><\/span><\/p>\n<p class=\"western\"><span style=\"font-family: Calibri, sans-serif;\"><span lang=\"it-IT\">Mercoled\u00ec si correr\u00e0 a Rovellasca il meeting nell\u2019ambito del progetto atletica insubrica, un\u2019altra occasione di crescita per l\u2019atletica ticinese che potr\u00e0 misurarsi contro i forti atleti lombardi. <\/span><\/span><\/p>\n<p class=\"western\" lang=\"it-IT\"><br \/><br \/><\/p>\n<p class=\"western\" lang=\"it-IT\"><br \/><br \/><\/p>\n<p class=\"western\"><span style=\"font-family: Calibri, sans-serif;\"><span lang=\"it-IT\">Tutte le info sull&#8217;atletica ticinese su <\/span><\/span><span style=\"color: #0563c1;\"><u><a href=\"http:\/\/www.ftal.ch\/\"><span style=\"font-family: Calibri, sans-serif;\"><span lang=\"it-IT\">www.ftal.ch<\/span><\/span><\/a><\/u><\/span><span style=\"font-family: Calibri, sans-serif;\"><span lang=\"it-IT\">.<\/span><\/span><\/p>\n<p class=\"western\"><span style=\"font-family: Calibri, sans-serif;\"><span lang=\"it-IT\">Tutti i medagliati ticinesi <\/span><\/span><\/p>\n<p class=\"western\"><span style=\"font-family: Calibri, sans-serif;\"><span lang=\"it-IT\">Oro (11)<\/span><\/span><\/p>\n<p class=\"western\"><span style=\"font-family: Calibri, sans-serif;\"><span lang=\"it-IT\">200 m U18 M Leonardo Ambiveri SAL 21\u201d81 (21\u201d97)<\/span><\/span><\/p>\n<p class=\"western\"><span style=\"font-family: Calibri, sans-serif;\"><span lang=\"it-IT\">400 m U18 M Crescini Noah ASM 49\u201d96<\/span><\/span><\/p>\n<p class=\"western\"><span style=\"font-family: Calibri, sans-serif;\"><span lang=\"it-IT\">800 m U18 M Gioele De Marco GAB 1\u201957\u201d08<\/span><\/span><\/p>\n<p class=\"western\"><span style=\"font-family: Calibri, sans-serif;\"><span lang=\"it-IT\">800 m U18W Aurora De Marco GAB 2\u201924\u201d52<\/span><\/span><\/p>\n<p class=\"western\"><span style=\"font-family: Calibri, sans-serif;\"><span lang=\"it-IT\">1500 m U18M Gioele De Marco GAB 4\u201917\u201d33<\/span><\/span><\/p>\n<p class=\"western\"><span style=\"font-family: Calibri, sans-serif;\"><span lang=\"it-IT\">110 m h U18M Matteo De Biasio GAB 14\u201d14 (14\u201d41)<\/span><\/span><\/p>\n<p class=\"western\"><span style=\"font-family: Calibri, sans-serif;\"><span lang=\"it-IT\">600 m U16W Tosca Del Siro (GAD) 1\u201937\u201d19<\/span><\/span><\/p>\n<p class=\"western\"><span style=\"font-family: Calibri, sans-serif;\"><span lang=\"it-IT\">600 m U16M Eric Huanca Quispe (Vigor) 1\u201d26\u201d68<\/span><\/span><\/p>\n<p class=\"western\"><span style=\"font-family: Calibri, sans-serif;\"><span lang=\"it-IT\">Asta U16M Ilian Pirotta USA 3.30 m<\/span><\/span><\/p>\n<p class=\"western\"><span style=\"font-family: Calibri, sans-serif;\"><span lang=\"it-IT\">60 m U14W Ashli Levi SAL 8\u201d24 (8\u201d20)<\/span><\/span><\/p>\n<p class=\"western\"><span style=\"font-family: Calibri, sans-serif;\"><span lang=\"it-IT\">2000 m U14M Maylon Pongelli ASM 7\u201906\u201d97<\/span><\/span><\/p>\n<p class=\"western\"><span style=\"font-family: Calibri, sans-serif;\"><span lang=\"it-IT\">Argento (10)<\/span><\/span><\/p>\n<p class=\"western\"><span style=\"font-family: Calibri, sans-serif;\"><span lang=\"it-IT\">100 m U18m Leonardo Ambiveri SAL 10\u201d84 (10\u201d88\/10\u201d87)<\/span><\/span><\/p>\n<p class=\"western\"><span style=\"font-family: Calibri, sans-serif;\"><span lang=\"it-IT\">200 m U18M Carlo Vismara AM 22\u201d28 (22\u201d37) <\/span><\/span><\/p>\n<p class=\"western\"><span style=\"font-family: Calibri, sans-serif;\"><span lang=\"it-IT\">400 m U18W Aurora De Marco GAB 58\u201d27<\/span><\/span><\/p>\n<p class=\"western\"><span style=\"font-family: Calibri, sans-serif;\"><span lang=\"it-IT\">800 m U18M Nicola Fattorini GAB 1\u201957\u201d67<\/span><\/span><\/p>\n<p class=\"western\"><span style=\"font-family: Calibri, sans-serif;\"><span lang=\"it-IT\">1500 m U18M Nicola Fattorini GAB 4\u201d18\u201d38<\/span><\/span><\/p>\n<p class=\"western\"><span style=\"font-family: Calibri, sans-serif;\"><span lang=\"it-IT\">100 m h U18W Emma Rosa SAM 14\u201d50 (14\u201d86) <\/span><\/span><\/p>\n<p class=\"western\"><span style=\"font-family: Calibri, sans-serif;\"><span lang=\"it-IT\">Alto U16M Aris Fornasier 1.70 m<\/span><\/span><\/p>\n<p class=\"western\"><span style=\"font-family: Calibri, sans-serif;\"><span lang=\"it-IT\">Asta U16M Gabriele Della Santa 3.20 m <\/span><\/span><\/p>\n<p class=\"western\"><span style=\"font-family: Calibri, sans-serif;\"><span lang=\"it-IT\">Peso U16M Gianmarco Bielli SAM 13.84 m <\/span><\/span><\/p>\n<p class=\"western\"><span style=\"font-family: Calibri, sans-serif;\"><span lang=\"it-IT\">Disco U16M Gabriele Della Santa Virtus 41.47 <\/span><\/span><\/p>\n<p class=\"western\"><span style=\"font-family: Calibri, sans-serif;\"><span lang=\"it-IT\">Bronzo (7)<\/span><\/span><\/p>\n<p class=\"western\"><span style=\"font-family: Calibri, sans-serif;\"><span lang=\"it-IT\">200 m U18W Ivana Pirolli USA 26\u201d59 (5 Lungo 5.51)<\/span><\/span><\/p>\n<p class=\"western\"><span style=\"font-family: Calibri, sans-serif;\"><span lang=\"it-IT\">400 m U18W Lea Rossi SAB 61\u201d24<\/span><\/span><\/p>\n<p class=\"western\"><span style=\"font-family: Calibri, sans-serif;\"><span lang=\"it-IT\">1500 m Elia Maggetti Virtus VIrtus 4\u201929\u201d15<\/span><\/span><\/p>\n<p class=\"western\"><span style=\"font-family: Calibri, sans-serif;\"><span lang=\"it-IT\">80 m U16M Ilian Pirotta USA 9\u201d54<\/span><\/span><\/p>\n<p class=\"western\"><span style=\"font-family: Calibri, sans-serif;\"><span lang=\"it-IT\">80 m U16W Valentina Locatelli LCZ 10\u201d32<\/span><\/span><\/p>\n<p class=\"western\"><span style=\"font-family: Calibri, sans-serif;\"><span lang=\"it-IT\">Lungo U16M Aris Fornasier SAM 6.03 m <\/span><\/span><\/p>\n<p class=\"western\"><span style=\"font-family: Calibri, sans-serif;\"><span lang=\"it-IT\">Peso U16M Milo Vigani Virtus 13.81 m <\/span><\/span><\/p>\n<p class=\"western\"><span style=\"font-family: Calibri, sans-serif;\"><span lang=\"it-IT\">2000 m U14M Giuseppe Sciutto SAL 7\u201909\u201d61<\/span><\/span><\/p>\n","protected":false},"excerpt":{"rendered":"<p>Nel fine settimana a Winterthur erano 600 gli atleti al via dei campionati della Svizzera Orientale, il Ticino con 115 partecipanti era ben presente, l&#8217;USC la via aveva il solo No\u00e9, in passato l&#8217;USC era anche stata tra le societ\u00e0 pi\u00f9 rappresentative della FTAL. No\u00e9 sui 2000 m si \u00e8 ben difeso chiudendo quarto.\u00a0 \u00a0 Al via dei 2000 m il duo di testa vola via facile seguito daun terzo atleta confederato No\u00e9 guida il&#8230;<\/p>\n","protected":false},"author":4,"featured_media":13458,"comment_status":"closed","ping_status":"closed","sticky":false,"template":"","format":"standard","meta":{"jetpack_post_was_ever_published":false,"_jetpack_newsletter_access":"","_jetpack_dont_email_post_to_subs":false,"_jetpack_newsletter_tier_id":0,"_jetpack_memberships_contains_paywalled_content":false,"_jetpack_memberships_contains_paid_content":false,"footnotes":"","jetpack_publicize_message":"","jetpack_publicize_feature_enabled":true,"jetpack_social_post_already_shared":true,"jetpack_social_options":{"image_generator_settings":{"template":"highway","default_image_id":0,"font":"","enabled":false},"version":2}},"categories":[4,9],"tags":[],"class_list":["post-17755","post","type-post","status-publish","format-standard","has-post-thumbnail","hentry","category-pista","category-sport"],"jetpack_publicize_connections":[],"jetpack_featured_media_url":"https:\/\/i0.wp.com\/uscatletica.ch\/wp\/wp-content\/uploads\/2021\/09\/210925NOE.png?fit=324%2C501&ssl=1","jetpack_sharing_enabled":true,"jetpack_shortlink":"https:\/\/wp.me\/p6V7Ck-4Cn","jetpack-related-posts":[{"id":12628,"url":"https:\/\/uscatletica.ch\/wp\/?p=12628","url_meta":{"origin":17755,"position":0},"title":"Una dozzina di USCini al Sihlholzli per CS ORIENTALE","author":"Leonida Stampanoni","date":"18 Giugno 2021","format":false,"excerpt":"Sabato saranno \u00a0una dozzina gli USCini impegnati al Sihlholzli di Zurich per i campionati della Svizzera Orientale. Nella stessa sede dove nel 2019 \u00a0\u00a0Giada vinse il titolo Morena e Gaia vinsero il bronzo. Finalmente tutti si potranno confrontare nuovamente con i nostri avversari di oltre Gottardo\u00a0 Seguite le gare live\u2026","rel":"","context":"In &quot;Pista&quot;","block_context":{"text":"Pista","link":"https:\/\/uscatletica.ch\/wp\/?cat=4"},"img":{"alt_text":"","src":"https:\/\/i0.wp.com\/uscatletica.ch\/wp\/wp-content\/uploads\/2020\/09\/7-1.jpeg?fit=420%2C315&ssl=1&resize=350%2C200","width":350,"height":200},"classes":[]},{"id":13214,"url":"https:\/\/uscatletica.ch\/wp\/?p=13214","url_meta":{"origin":17755,"position":1},"title":"CS GIOVANILI GIADA DOPPIO ARGENTO NEI LANCI FEDERICA IN FINALE SUI 1500 m","author":"Leonida Stampanoni","date":"4 Settembre 2021","format":false,"excerpt":"La prima giornata dei campionati svizzeri giovanili ha regalato all'USC ben due medaglie grazie a Giada (peso e disco) \u00a0ed una finale grazie a Federica \u00a0sui 1500. A Nottwil c'erano i campionati U20 con Giada e Sofia in pista mentre a Winterthur erano 4 le gare da seguire per l'USC\u2026","rel":"","context":"In &quot;Pista&quot;","block_context":{"text":"Pista","link":"https:\/\/uscatletica.ch\/wp\/?cat=4"},"img":{"alt_text":"","src":"https:\/\/i0.wp.com\/uscatletica.ch\/wp\/wp-content\/uploads\/2021\/06\/GIADAPODIOCS21BC.jpg?fit=480%2C640&ssl=1&resize=350%2C200","width":350,"height":200},"classes":[]},{"id":18986,"url":"https:\/\/uscatletica.ch\/wp\/?p=18986","url_meta":{"origin":17755,"position":2},"title":"Alice e No\u00e9 bravi con la selezione Ticino a Gordola","author":"Leonida Stampanoni","date":"10 Marzo 2024","format":false,"excerpt":"La sfida tra le selezioni U16 della regio insubrica chiude \u00a0la stagione indoor cantonale. Due le presenze USC alla Regazzi : Alice sui 60 e nella staffetta 4x200 e No\u00e9 sui 600 m . Una splendida giornata di atletica sotto l'egida del progetto atletica insubrica con la sfida tra le\u2026","rel":"","context":"In &quot;Pista&quot;","block_context":{"text":"Pista","link":"https:\/\/uscatletica.ch\/wp\/?cat=4"},"img":{"alt_text":"","src":"https:\/\/i0.wp.com\/uscatletica.ch\/wp\/wp-content\/uploads\/2024\/02\/20240209regazzib.jpg?fit=1200%2C802&ssl=1&resize=350%2C200","width":350,"height":200,"srcset":"https:\/\/i0.wp.com\/uscatletica.ch\/wp\/wp-content\/uploads\/2024\/02\/20240209regazzib.jpg?fit=1200%2C802&ssl=1&resize=350%2C200 1x, https:\/\/i0.wp.com\/uscatletica.ch\/wp\/wp-content\/uploads\/2024\/02\/20240209regazzib.jpg?fit=1200%2C802&ssl=1&resize=525%2C300 1.5x, https:\/\/i0.wp.com\/uscatletica.ch\/wp\/wp-content\/uploads\/2024\/02\/20240209regazzib.jpg?fit=1200%2C802&ssl=1&resize=700%2C400 2x, https:\/\/i0.wp.com\/uscatletica.ch\/wp\/wp-content\/uploads\/2024\/02\/20240209regazzib.jpg?fit=1200%2C802&ssl=1&resize=1050%2C600 3x"},"classes":[]},{"id":21042,"url":"https:\/\/uscatletica.ch\/wp\/?p=21042","url_meta":{"origin":17755,"position":3},"title":"I REGIONALI IN TICINO USC con ambizione al via","author":"Leonida Stampanoni","date":"20 Giugno 2025","format":false,"excerpt":"Nel fine settimana il comunale di Bellinzona ospiter\u00e0 quasi 500 giovani talenti proveniente dalla svizzera Orientale quasi 800 le partenze. Tutto \u00e8 pronto domani al comunale ci saranno anche sette atlete USC e due atleti. 188 I Ticinesi al via. Nella velocit\u00e0 ci saranno Alice, Asia, Giorgia e Maja, \u00a0Nel\u2026","rel":"","context":"In &quot;Pista&quot;","block_context":{"text":"Pista","link":"https:\/\/uscatletica.ch\/wp\/?cat=4"},"img":{"alt_text":"","src":"https:\/\/i0.wp.com\/uscatletica.ch\/wp\/wp-content\/uploads\/2022\/09\/Gala.jpg?fit=753%2C257&ssl=1&resize=350%2C200","width":350,"height":200,"srcset":"https:\/\/i0.wp.com\/uscatletica.ch\/wp\/wp-content\/uploads\/2022\/09\/Gala.jpg?fit=753%2C257&ssl=1&resize=350%2C200 1x, https:\/\/i0.wp.com\/uscatletica.ch\/wp\/wp-content\/uploads\/2022\/09\/Gala.jpg?fit=753%2C257&ssl=1&resize=525%2C300 1.5x, https:\/\/i0.wp.com\/uscatletica.ch\/wp\/wp-content\/uploads\/2022\/09\/Gala.jpg?fit=753%2C257&ssl=1&resize=700%2C400 2x"},"classes":[]},{"id":19852,"url":"https:\/\/uscatletica.ch\/wp\/?p=19852","url_meta":{"origin":17755,"position":4},"title":"LEA BRONZO CON LA COAS AI CS DI STAFFETTA","author":"Leonida Stampanoni","date":"8 Settembre 2024","format":false,"excerpt":"Tra le fine di agosto e l'inizio settembre \u00a0ai campionati svizzeri di Lausanne \u00a0U16 Alice si \u00e8 ben difesa chiudendo gli 80 m in 10\"63 non lontano dalle semifinali. Domenica 8 settembre la comunit\u00e0 atletica sottoceneri ha portato tre squadre ai campionati svizzeri di staffette in ogni squadra c'era un\u2026","rel":"","context":"In &quot;Pista&quot;","block_context":{"text":"Pista","link":"https:\/\/uscatletica.ch\/wp\/?cat=4"},"img":{"alt_text":"","src":"https:\/\/i0.wp.com\/uscatletica.ch\/wp\/wp-content\/uploads\/2024\/09\/202409084x400mx.jpeg?fit=1200%2C900&ssl=1&resize=350%2C200","width":350,"height":200,"srcset":"https:\/\/i0.wp.com\/uscatletica.ch\/wp\/wp-content\/uploads\/2024\/09\/202409084x400mx.jpeg?fit=1200%2C900&ssl=1&resize=350%2C200 1x, https:\/\/i0.wp.com\/uscatletica.ch\/wp\/wp-content\/uploads\/2024\/09\/202409084x400mx.jpeg?fit=1200%2C900&ssl=1&resize=525%2C300 1.5x, https:\/\/i0.wp.com\/uscatletica.ch\/wp\/wp-content\/uploads\/2024\/09\/202409084x400mx.jpeg?fit=1200%2C900&ssl=1&resize=700%2C400 2x, https:\/\/i0.wp.com\/uscatletica.ch\/wp\/wp-content\/uploads\/2024\/09\/202409084x400mx.jpeg?fit=1200%2C900&ssl=1&resize=1050%2C600 3x"},"classes":[]},{"id":21261,"url":"https:\/\/uscatletica.ch\/wp\/?p=21261","url_meta":{"origin":17755,"position":5},"title":"Nel Canton Argovia Marta sfiora il podio","author":"Leonida Stampanoni","date":"14 Settembre 2025","format":false,"excerpt":"Nel fine settimana il Canton Argovia ha ospitato i campionati svizzeri giovanili nella capitale gareggiavano gli U20\/U23 mentre gli U16\/U18 gareggiavano a Zofingen. \u00a0Tra i 1500 partenti un centinaio i ticinesi . Tre le presenze USC. Marta ad Aarau ha sfiorato la medaglia nel triplo \u00a0e passato un turno sui\u2026","rel":"","context":"In &quot;Pista&quot;","block_context":{"text":"Pista","link":"https:\/\/uscatletica.ch\/wp\/?cat=4"},"img":{"alt_text":"","src":"https:\/\/i0.wp.com\/uscatletica.ch\/wp\/wp-content\/uploads\/2016\/09\/20160903_112600-e1472936223978.jpg?fit=640%2C360&ssl=1&resize=350%2C200","width":350,"height":200,"srcset":"https:\/\/i0.wp.com\/uscatletica.ch\/wp\/wp-content\/uploads\/2016\/09\/20160903_112600-e1472936223978.jpg?fit=640%2C360&ssl=1&resize=350%2C200 1x, https:\/\/i0.wp.com\/uscatletica.ch\/wp\/wp-content\/uploads\/2016\/09\/20160903_112600-e1472936223978.jpg?fit=640%2C360&ssl=1&resize=525%2C300 1.5x"},"classes":[]}],"_links":{"self":[{"href":"https:\/\/uscatletica.ch\/wp\/index.php?rest_route=\/wp\/v2\/posts\/17755","targetHints":{"allow":["GET"]}}],"collection":[{"href":"https:\/\/uscatletica.ch\/wp\/index.php?rest_route=\/wp\/v2\/posts"}],"about":[{"href":"https:\/\/uscatletica.ch\/wp\/index.php?rest_route=\/wp\/v2\/types\/post"}],"author":[{"embeddable":true,"href":"https:\/\/uscatletica.ch\/wp\/index.php?rest_route=\/wp\/v2\/users\/4"}],"replies":[{"embeddable":true,"href":"https:\/\/uscatletica.ch\/wp\/index.php?rest_route=%2Fwp%2Fv2%2Fcomments&post=17755"}],"version-history":[{"count":2,"href":"https:\/\/uscatletica.ch\/wp\/index.php?rest_route=\/wp\/v2\/posts\/17755\/revisions"}],"predecessor-version":[{"id":17758,"href":"https:\/\/uscatletica.ch\/wp\/index.php?rest_route=\/wp\/v2\/posts\/17755\/revisions\/17758"}],"wp:featuredmedia":[{"embeddable":true,"href":"https:\/\/uscatletica.ch\/wp\/index.php?rest_route=\/wp\/v2\/media\/13458"}],"wp:attachment":[{"href":"https:\/\/uscatletica.ch\/wp\/index.php?rest_route=%2Fwp%2Fv2%2Fmedia&parent=17755"}],"wp:term":[{"taxonomy":"category","embeddable":true,"href":"https:\/\/uscatletica.ch\/wp\/index.php?rest_route=%2Fwp%2Fv2%2Fcategories&post=17755"},{"taxonomy":"post_tag","embeddable":true,"href":"https:\/\/uscatletica.ch\/wp\/index.php?rest_route=%2Fwp%2Fv2%2Ftags&post=17755"}],"curies":[{"name":"wp","href":"https:\/\/api.w.org\/{rel}","templated":true}]}}