{"id":17773,"date":"2023-07-09T10:20:50","date_gmt":"2023-07-09T08:20:50","guid":{"rendered":"https:\/\/uscatletica.ch\/wp\/?p=17773"},"modified":"2023-07-09T10:20:54","modified_gmt":"2023-07-09T08:20:54","slug":"bene-le-uscine-a-biasca","status":"publish","type":"post","link":"https:\/\/uscatletica.ch\/wp\/?p=17773","title":{"rendered":"Bene le USCINE A Biasca"},"content":{"rendered":"\n<p>In un caldo pomeriggio estivo \u00a0ben cinque USCine erano presenti al Magnus Meeting Swiss Jump Tour di Biasca. Quattro le velociste presenti Matilda, Lea e le giovani Melissa e Alice. Federica ha invece corso gli 800 m .\u00a0<\/p>\n<p><a href=\"https:\/\/slv.laportal.net\/Competitions\/Details\/10615\" target=\"_blank\" rel=\"noopener\">Tutti i risultati da Biasca <\/a><\/p>\n<p>Le prime a scendere in pista sugli 80 sono state Alice che ha chiuso in 10&#8243;81 e Melissa \u00a011&#8243;10 pareggiando il primato personale. Sui 100 m Matilda ha corso in 12&#8243;73 \u00a0mostrando segni incoraggianti, Lea dopo una partenza difficoltosa ha chiuso in 13&#8243;53. Matilda sui 200 m ha poi ottenuto un bel 26&#8243;91 nella scia di Petra Crescini 26&#8243;04 dopo aver vinto i 100 m in 12&#8243;62.<\/p>\n<p>Federica negli 800 ha retto bene fino a 600 m per chiudere in 2&#8217;25&#8243;78 nella scia di Tosca Del Siro 2&#8217;16&#8243;99 con un avvocato molto veloce.\u00a0<\/p>\n","protected":false},"excerpt":{"rendered":"<p>In un caldo pomeriggio estivo \u00a0ben cinque USCine erano presenti al Magnus Meeting Swiss Jump Tour di Biasca. Quattro le velociste presenti Matilda, Lea e le giovani Melissa e Alice. Federica ha invece corso gli 800 m .\u00a0 Tutti i risultati da Biasca Le prime a scendere in pista sugli 80 sono state Alice che ha chiuso in 10&#8243;81 e Melissa \u00a011&#8243;10 pareggiando il primato personale. Sui 100 m Matilda ha corso in 12&#8243;73 \u00a0mostrando&#8230;<\/p>\n","protected":false},"author":4,"featured_media":15461,"comment_status":"closed","ping_status":"closed","sticky":false,"template":"","format":"standard","meta":{"jetpack_post_was_ever_published":false,"_jetpack_newsletter_access":"","_jetpack_dont_email_post_to_subs":false,"_jetpack_newsletter_tier_id":0,"_jetpack_memberships_contains_paywalled_content":false,"_jetpack_memberships_contains_paid_content":false,"footnotes":"","jetpack_publicize_message":"","jetpack_publicize_feature_enabled":true,"jetpack_social_post_already_shared":true,"jetpack_social_options":{"image_generator_settings":{"template":"highway","default_image_id":0,"font":"","enabled":false},"version":2}},"categories":[4,9],"tags":[],"class_list":["post-17773","post","type-post","status-publish","format-standard","has-post-thumbnail","hentry","category-pista","category-sport"],"jetpack_publicize_connections":[],"jetpack_featured_media_url":"https:\/\/i0.wp.com\/uscatletica.ch\/wp\/wp-content\/uploads\/2022\/06\/image0-rotated.jpeg?fit=640%2C480&ssl=1","jetpack_sharing_enabled":true,"jetpack_shortlink":"https:\/\/wp.me\/p6V7Ck-4CF","jetpack-related-posts":[{"id":15207,"url":"https:\/\/uscatletica.ch\/wp\/?p=15207","url_meta":{"origin":17773,"position":0},"title":"Bene le USCine ai CSI brava Giada ad Horw tutti i risultati CSI","author":"Leonida Stampanoni","date":"16 Maggio 2022","format":false,"excerpt":"Nel fine settimana sono scese in pista le nostre ragazze, le U18 con la supervisione di Lorenzo, Marco e Loris \u00a0ed il sostegno di Leila e Tracy \u00a0hanno gareggiato ai CSI di Biasca da dove ancora non sono trapelati i risultati. \u00a0Carolina, Gaia, Lara S, Lea, Martina, Matilda, Morena, Pauline\u2026","rel":"","context":"In &quot;Pista&quot;","block_context":{"text":"Pista","link":"https:\/\/uscatletica.ch\/wp\/?cat=4"},"img":{"alt_text":"","src":"https:\/\/i0.wp.com\/uscatletica.ch\/wp\/wp-content\/uploads\/2022\/05\/CSI20220514.jpg?fit=432%2C323&ssl=1&resize=350%2C200","width":350,"height":200},"classes":[]},{"id":15616,"url":"https:\/\/uscatletica.ch\/wp\/?p=15616","url_meta":{"origin":17773,"position":1},"title":"Al Vallone Marco e Federica firmano i personali","author":"Leonida Stampanoni","date":"2 Luglio 2022","format":false,"excerpt":"Buona giornata di gara per l'USC al Magnus Swiss Jump Tour al Vallone di Biasca, dove sono arrivati ben tre primati personali due per Marco ed unger Federica, Matilda dal canto suo chiuso due volte sul podio di giornata. \u00a0Mattia continua il suo rientro agonistico migliorandosi progressivamente.\u00a0 Risultati da Biasca\u2026","rel":"","context":"In &quot;Pista&quot;","block_context":{"text":"Pista","link":"https:\/\/uscatletica.ch\/wp\/?cat=4"},"img":{"alt_text":"","src":"https:\/\/i0.wp.com\/uscatletica.ch\/wp\/wp-content\/uploads\/2021\/08\/210828CTASS100M.jpg?fit=432%2C324&ssl=1&resize=350%2C200","width":350,"height":200},"classes":[]},{"id":17799,"url":"https:\/\/uscatletica.ch\/wp\/?p=17799","url_meta":{"origin":17773,"position":2},"title":"BENE LE USCINE AL COMUNALE DI BELLINZONA","author":"Leonida Stampanoni","date":"22 Luglio 2023","format":false,"excerpt":"Alla prova generale dei campionati Svizzera di Bellinzona al via si \u00e8 presentato un sestetto di USCine molto motivate. La serata ha offerto gare di ottimo livello con diversi atleti di livello internazionale e diversi ticinesi in gran forma. Nella velocit\u00e0 brillano Matilda(100-400), Lea (100-400), Gaia 400 m Kora \u00a0e\u2026","rel":"","context":"In &quot;Pista&quot;","block_context":{"text":"Pista","link":"https:\/\/uscatletica.ch\/wp\/?cat=4"},"img":{"alt_text":"","src":"https:\/\/i0.wp.com\/uscatletica.ch\/wp\/wp-content\/uploads\/2023\/07\/230722chiarayeni.jpg?fit=432%2C243&ssl=1&resize=350%2C200","width":350,"height":200},"classes":[]},{"id":16112,"url":"https:\/\/uscatletica.ch\/wp\/?p=16112","url_meta":{"origin":17773,"position":3},"title":"Sette medaglie USC Titoli per Matilda e Federica","author":"Leonida Stampanoni","date":"1 Ottobre 2022","format":false,"excerpt":"Una fredda mattinata ha accolto. gli oltre 150 partecipanti ai campionati ticinesi giovanili, col passare delle gare la temperatura \u00e8 salita. Per la quindicina di USCine presenti, oltre alle soddisfazioni personali, \u00e8 arrivato un settebello di medaglie impreziosito da due titoli con Matilda (100) e Federica (1500m), a podio anche\u2026","rel":"","context":"In &quot;Pista&quot;","block_context":{"text":"Pista","link":"https:\/\/uscatletica.ch\/wp\/?cat=4"},"img":{"alt_text":"","src":"https:\/\/i0.wp.com\/uscatletica.ch\/wp\/wp-content\/uploads\/2022\/10\/220110podio1500.jpg?resize=350%2C200&ssl=1","width":350,"height":200},"classes":[]},{"id":10587,"url":"https:\/\/uscatletica.ch\/wp\/?p=10587","url_meta":{"origin":17773,"position":4},"title":"Robi campione Ticinese Letizia argento a Biasca","author":"Leonida Stampanoni","date":"29 Luglio 2020","format":false,"excerpt":"La serata di fine luglio sulla nuova pista di Biasca ha regalato diverse soddisfazioni agli USCini. Roby con un gran finale ha vinto il titolo cantonale, mentre Letizia nonostante una caduta nelle prime fasi della gara ha conquistato l'argento inchinandosi solo ad Elena Roos. Bravi anche Giorgia, Enea, Marco e\u2026","rel":"","context":"In &quot;Pista&quot;","block_context":{"text":"Pista","link":"https:\/\/uscatletica.ch\/wp\/?cat=4"},"img":{"alt_text":"","src":"https:\/\/i0.wp.com\/uscatletica.ch\/wp\/wp-content\/uploads\/2020\/07\/podio3000m2020ftal.jpg?fit=432%2C324&ssl=1&resize=350%2C200","width":350,"height":200},"classes":[]},{"id":17859,"url":"https:\/\/uscatletica.ch\/wp\/?p=17859","url_meta":{"origin":17773,"position":5},"title":"CAMPIONATI TICINESI ASSOLUTI A BIASCA","author":"Leonida Stampanoni","date":"25 Agosto 2023","format":false,"excerpt":"Nel fine settimana ci sar\u00e0 la massima rassegna atletica cantonale. il Vallone di Biasca ospiter\u00e0 i campionati ticinesi assoluti l'USC sar\u00e0 presente con sei ragazze che proveranno a cogliere l'exploit.\u00a0 In pista scenderanno Matilda Federica e Lea mentre nei lancio avremo Lara, Morena e Kora.\u00a0 Venerd\u00ec in serata \u00a0sar\u00e0 Kora\u2026","rel":"","context":"In &quot;Pista&quot;","block_context":{"text":"Pista","link":"https:\/\/uscatletica.ch\/wp\/?cat=4"},"img":{"alt_text":"","src":"https:\/\/i0.wp.com\/uscatletica.ch\/wp\/wp-content\/uploads\/2022\/10\/220110podiogiave.jpg?fit=324%2C432&ssl=1&resize=350%2C200","width":350,"height":200},"classes":[]}],"_links":{"self":[{"href":"https:\/\/uscatletica.ch\/wp\/index.php?rest_route=\/wp\/v2\/posts\/17773","targetHints":{"allow":["GET"]}}],"collection":[{"href":"https:\/\/uscatletica.ch\/wp\/index.php?rest_route=\/wp\/v2\/posts"}],"about":[{"href":"https:\/\/uscatletica.ch\/wp\/index.php?rest_route=\/wp\/v2\/types\/post"}],"author":[{"embeddable":true,"href":"https:\/\/uscatletica.ch\/wp\/index.php?rest_route=\/wp\/v2\/users\/4"}],"replies":[{"embeddable":true,"href":"https:\/\/uscatletica.ch\/wp\/index.php?rest_route=%2Fwp%2Fv2%2Fcomments&post=17773"}],"version-history":[{"count":1,"href":"https:\/\/uscatletica.ch\/wp\/index.php?rest_route=\/wp\/v2\/posts\/17773\/revisions"}],"predecessor-version":[{"id":17774,"href":"https:\/\/uscatletica.ch\/wp\/index.php?rest_route=\/wp\/v2\/posts\/17773\/revisions\/17774"}],"wp:featuredmedia":[{"embeddable":true,"href":"https:\/\/uscatletica.ch\/wp\/index.php?rest_route=\/wp\/v2\/media\/15461"}],"wp:attachment":[{"href":"https:\/\/uscatletica.ch\/wp\/index.php?rest_route=%2Fwp%2Fv2%2Fmedia&parent=17773"}],"wp:term":[{"taxonomy":"category","embeddable":true,"href":"https:\/\/uscatletica.ch\/wp\/index.php?rest_route=%2Fwp%2Fv2%2Fcategories&post=17773"},{"taxonomy":"post_tag","embeddable":true,"href":"https:\/\/uscatletica.ch\/wp\/index.php?rest_route=%2Fwp%2Fv2%2Ftags&post=17773"}],"curies":[{"name":"wp","href":"https:\/\/api.w.org\/{rel}","templated":true}]}}