{"id":17806,"date":"2023-07-27T14:41:12","date_gmt":"2023-07-27T12:41:12","guid":{"rendered":"https:\/\/uscatletica.ch\/wp\/?p=17806"},"modified":"2023-07-27T22:57:12","modified_gmt":"2023-07-27T20:57:12","slug":"roberto-giada-e-matilda-ai-cs-di-bellinzona","status":"publish","type":"post","link":"https:\/\/uscatletica.ch\/wp\/?p=17806","title":{"rendered":"Giada e Matilda ai CS di Bellinzona"},"content":{"rendered":"\n<p>Sabato e domenica a Bellinzona, appuntamento con i Campionati assoluti di atletica leggera.<\/p>\n<p>Al via anche due atlete USC:<\/p>\n<p>-Giada nel disco e nel peso<\/p>\n<p>-Matilda sui 100 m<\/p>\n<p>Tutti a Bellinzona a seguire loro e tutti gli altri partecipanti di questo importante e di certo avvincente appuntamento atletico del 2023.<\/p>\n<p>Il lancio dell&#8217;evento: <a href=\"_wp_link_placeholder\" data-wplink-edit=\"true\">https:\/\/ftal.ch\/conto-alla-rovescia-per-i-campionati-svizzeri-a-bellinzona\/<\/a><\/p>\n<p>Orari e liste di partenza: <a href=\"https:\/\/swiss-athletics.ch\/de\/live-resultate\/\">https:\/\/swiss-athletics.ch\/de\/live-resultate\/<\/a><\/p>\n<blockquote>\n<p>foto: Matilda e Giada-Foto USC<\/p>\n<\/blockquote>\n","protected":false},"excerpt":{"rendered":"<p>Sabato e domenica a Bellinzona, appuntamento con i Campionati assoluti di atletica leggera. Al via anche due atlete USC: -Giada nel disco e nel peso -Matilda sui 100 m Tutti a Bellinzona a seguire loro e tutti gli altri partecipanti di questo importante e di certo avvincente appuntamento atletico del 2023. Il lancio dell&#8217;evento: https:\/\/ftal.ch\/conto-alla-rovescia-per-i-campionati-svizzeri-a-bellinzona\/ Orari e liste di partenza: https:\/\/swiss-athletics.ch\/de\/live-resultate\/ foto: Matilda e Giada-Foto USC<\/p>\n","protected":false},"author":3,"featured_media":13147,"comment_status":"closed","ping_status":"closed","sticky":false,"template":"","format":"standard","meta":{"jetpack_post_was_ever_published":false,"_jetpack_newsletter_access":"","_jetpack_dont_email_post_to_subs":false,"_jetpack_newsletter_tier_id":0,"_jetpack_memberships_contains_paywalled_content":false,"_jetpack_memberships_contains_paid_content":false,"footnotes":"","jetpack_publicize_message":"","jetpack_publicize_feature_enabled":true,"jetpack_social_post_already_shared":true,"jetpack_social_options":{"image_generator_settings":{"template":"highway","default_image_id":0,"font":"","enabled":false},"version":2}},"categories":[4,9],"tags":[],"class_list":["post-17806","post","type-post","status-publish","format-standard","has-post-thumbnail","hentry","category-pista","category-sport"],"jetpack_publicize_connections":[],"jetpack_featured_media_url":"https:\/\/i0.wp.com\/uscatletica.ch\/wp\/wp-content\/uploads\/2021\/08\/210829giadamatilda.jpg?fit=432%2C288&ssl=1","jetpack_sharing_enabled":true,"jetpack_shortlink":"https:\/\/wp.me\/p6V7Ck-4Dc","jetpack-related-posts":[{"id":17823,"url":"https:\/\/uscatletica.ch\/wp\/?p=17823","url_meta":{"origin":17806,"position":0},"title":"Robi Campione Svizzero di Corsa in Montagna","author":"Leonida Stampanoni","date":"1 Agosto 2023","format":false,"excerpt":"Il primo d'agosto ha regalato all'USC il primo titolo nazionale assoluto, ai campionati svizzeri di corsa in salita svoltisi a Schwarzsee Roberto Delorenzi ha dominato la gara aggiudicandosi il titolo con 44 secondi di vantaggio su Fabian Aebersold. Nel fine settimana Bellinzona ha ospitato una splendida edizione dei campionati svizzeri\u2026","rel":"","context":"In &quot;Pista&quot;","block_context":{"text":"Pista","link":"https:\/\/uscatletica.ch\/wp\/?cat=4"},"img":{"alt_text":"","src":"https:\/\/i0.wp.com\/uscatletica.ch\/wp\/wp-content\/uploads\/2023\/08\/230801delooromini.jpg?fit=432%2C275&ssl=1&resize=350%2C200","width":350,"height":200},"classes":[]},{"id":11270,"url":"https:\/\/uscatletica.ch\/wp\/?p=11270","url_meta":{"origin":17806,"position":1},"title":"Bronzo per la 4&#215;100 m Gea Matilda Leila Giada","author":"Leonida Stampanoni","date":"3 Ottobre 2020","format":false,"excerpt":"L'ultima gara in pista per le atlete USC, sulla pista di Bellinzona erano quasi 200 gli atleti a caccia dei medaglie ai campionati ticinesi giovanili di Staffette. Tredici societ\u00e0 \u00a050 squadre \u00a08 titoli in palio. \u00a0Le nostre U18 erano nel poker di squadre al via della 4x100m ed alla fine\u2026","rel":"","context":"In &quot;Pista&quot;","block_context":{"text":"Pista","link":"https:\/\/uscatletica.ch\/wp\/?cat=4"},"img":{"alt_text":"","src":"https:\/\/i0.wp.com\/uscatletica.ch\/wp\/wp-content\/uploads\/2020\/10\/4x100U18201003RMLLGCGD.jpg?fit=432%2C324&ssl=1&resize=350%2C200","width":350,"height":200},"classes":[]},{"id":10648,"url":"https:\/\/uscatletica.ch\/wp\/?p=10648","url_meta":{"origin":17806,"position":2},"title":"Buon rientro alle gare per gli USCini","author":"Leonida Stampanoni","date":"18 Agosto 2020","format":false,"excerpt":"In una serata dal clima ideale erano una decina gli USCini al via del Meeting di Lugano e del campionato ticinese della 4x100 m\u00a0 diversi i personali\u00a0 ottenuti dalle nostre ragazze. Matilda ha vinto gli 80 m personale invece per Pauline, Elody, Marco\u00a0 e per concludere per Morena sui 600\u2026","rel":"","context":"In &quot;Pista&quot;","block_context":{"text":"Pista","link":"https:\/\/uscatletica.ch\/wp\/?cat=4"},"img":{"alt_text":"","src":"https:\/\/i0.wp.com\/uscatletica.ch\/wp\/wp-content\/uploads\/2020\/08\/4x100m2020.jpg?fit=410%2C308&ssl=1&resize=350%2C200","width":350,"height":200},"classes":[]},{"id":12086,"url":"https:\/\/uscatletica.ch\/wp\/?p=12086","url_meta":{"origin":17806,"position":3},"title":"Giada record Ticinese  U20 a Sarnen e due argenti A Biasca","author":"Leonida Stampanoni","date":"24 Aprile 2021","format":false,"excerpt":"La stagione all\u2019aperto 2021 parte col Botto per gli USCini. Il doppio impegno ci regala immense soddisfazioni. infatti a Sarnen Giada demolisce il primato ticinese U20 nel lancio del disco raggiungendo la quota di 44.13, mentre al Vallone di Biasca le nostre ragazze ottengono ottime prestazioni nelle staffette veloci cogliendo\u2026","rel":"","context":"In &quot;Pista&quot;","block_context":{"text":"Pista","link":"https:\/\/uscatletica.ch\/wp\/?cat=4"},"img":{"alt_text":"","src":"https:\/\/i0.wp.com\/uscatletica.ch\/wp\/wp-content\/uploads\/2021\/04\/P10702624x100medaglie.jpg?resize=350%2C200","width":350,"height":200},"classes":[]},{"id":17859,"url":"https:\/\/uscatletica.ch\/wp\/?p=17859","url_meta":{"origin":17806,"position":4},"title":"CAMPIONATI TICINESI ASSOLUTI A BIASCA","author":"Leonida Stampanoni","date":"25 Agosto 2023","format":false,"excerpt":"Nel fine settimana ci sar\u00e0 la massima rassegna atletica cantonale. il Vallone di Biasca ospiter\u00e0 i campionati ticinesi assoluti l'USC sar\u00e0 presente con sei ragazze che proveranno a cogliere l'exploit.\u00a0 In pista scenderanno Matilda Federica e Lea mentre nei lancio avremo Lara, Morena e Kora.\u00a0 Venerd\u00ec in serata \u00a0sar\u00e0 Kora\u2026","rel":"","context":"In &quot;Pista&quot;","block_context":{"text":"Pista","link":"https:\/\/uscatletica.ch\/wp\/?cat=4"},"img":{"alt_text":"","src":"https:\/\/i0.wp.com\/uscatletica.ch\/wp\/wp-content\/uploads\/2022\/10\/220110podiogiave.jpg?fit=324%2C432&ssl=1&resize=350%2C200","width":350,"height":200},"classes":[]},{"id":9771,"url":"https:\/\/uscatletica.ch\/wp\/?p=9771","url_meta":{"origin":17806,"position":5},"title":"Buon debutto per gli USCini  al Palexpo","author":"Leonida Stampanoni","date":"15 Gennaio 2020","format":false,"excerpt":"La prima gara in pista della stagione 2020 ha accolto al Palexpo un buon numero di sprinter e pesisti. La chicca \u00e8 stato certamente il primato ticinese U20 uguagliato in 6\"03 da Simon Calderari che iscrive il suo nome accanto al compagno di societ\u00e0 Gregory Bianchi (SFG Chiasso). Ottime le\u2026","rel":"","context":"In &quot;Pista&quot;","block_context":{"text":"Pista","link":"https:\/\/uscatletica.ch\/wp\/?cat=4"},"img":{"alt_text":"","src":"https:\/\/i0.wp.com\/uscatletica.ch\/wp\/wp-content\/uploads\/2019\/04\/riveraukc2019u16.jpg?fit=432%2C210&ssl=1&resize=350%2C200","width":350,"height":200},"classes":[]}],"_links":{"self":[{"href":"https:\/\/uscatletica.ch\/wp\/index.php?rest_route=\/wp\/v2\/posts\/17806","targetHints":{"allow":["GET"]}}],"collection":[{"href":"https:\/\/uscatletica.ch\/wp\/index.php?rest_route=\/wp\/v2\/posts"}],"about":[{"href":"https:\/\/uscatletica.ch\/wp\/index.php?rest_route=\/wp\/v2\/types\/post"}],"author":[{"embeddable":true,"href":"https:\/\/uscatletica.ch\/wp\/index.php?rest_route=\/wp\/v2\/users\/3"}],"replies":[{"embeddable":true,"href":"https:\/\/uscatletica.ch\/wp\/index.php?rest_route=%2Fwp%2Fv2%2Fcomments&post=17806"}],"version-history":[{"count":6,"href":"https:\/\/uscatletica.ch\/wp\/index.php?rest_route=\/wp\/v2\/posts\/17806\/revisions"}],"predecessor-version":[{"id":17814,"href":"https:\/\/uscatletica.ch\/wp\/index.php?rest_route=\/wp\/v2\/posts\/17806\/revisions\/17814"}],"wp:featuredmedia":[{"embeddable":true,"href":"https:\/\/uscatletica.ch\/wp\/index.php?rest_route=\/wp\/v2\/media\/13147"}],"wp:attachment":[{"href":"https:\/\/uscatletica.ch\/wp\/index.php?rest_route=%2Fwp%2Fv2%2Fmedia&parent=17806"}],"wp:term":[{"taxonomy":"category","embeddable":true,"href":"https:\/\/uscatletica.ch\/wp\/index.php?rest_route=%2Fwp%2Fv2%2Fcategories&post=17806"},{"taxonomy":"post_tag","embeddable":true,"href":"https:\/\/uscatletica.ch\/wp\/index.php?rest_route=%2Fwp%2Fv2%2Ftags&post=17806"}],"curies":[{"name":"wp","href":"https:\/\/api.w.org\/{rel}","templated":true}]}}