{"id":17815,"date":"2023-07-30T21:25:07","date_gmt":"2023-07-30T19:25:07","guid":{"rendered":"https:\/\/uscatletica.ch\/wp\/?p=17815"},"modified":"2023-07-30T21:49:31","modified_gmt":"2023-07-30T19:49:31","slug":"tre-podi-usc-al-nara","status":"publish","type":"post","link":"https:\/\/uscatletica.ch\/wp\/?p=17815","title":{"rendered":"Tre podi USC al NARA"},"content":{"rendered":"\n<p>Domenica 30 luglio s\u2019\u00e8 corsa la 26esima Cronometro del Nara, sul percorso da Prugiasco a Add\u00ec (5.75 km, + 985 m).<\/p>\n\n\n\n<p>Terzo tempo di giornata per Elia S., che in 45\u201945\u2019\u2019 s\u2019\u00e8 cos\u00ec imposto tra gli M40, dove ha preceduto Alex D. che ha chiuso la fatica in 50\u201933\u2019\u2019 (9\u00b0 assoluto).<\/p>\n\n\n\n<p>Sul podio degli M60 Giancarlo F., terzo in 55\u201944\u2019\u2019, mentre Alessandro F. ha chiuso in 1h5\u201933\u2019\u2019, 47\u00b0 assoluto (e 11\u00b0 M40) della gara vinta da Lukas Oehen (GAB). Tra le donne vittoria Paola Stampanoni del GAB in 47\u201906\u2019\u2019, quinto tempo di giornata.<\/p>\n\n\n\n<blockquote>\n<p>Foto: il podio degli M40 al Nara con Elia e Alex (foto: Domeniconi)<\/p>\n<\/blockquote>\n<p><a href=\"https:\/\/i0.wp.com\/uscatletica.ch\/wp\/wp-content\/uploads\/2023\/07\/0c835845-e52e-4abb-bd18-52d999e34229.jpg?ssl=1\"><img data-recalc-dims=\"1\" loading=\"lazy\" decoding=\"async\" data-attachment-id=\"17816\" data-permalink=\"https:\/\/uscatletica.ch\/wp\/?attachment_id=17816\" data-orig-file=\"https:\/\/i0.wp.com\/uscatletica.ch\/wp\/wp-content\/uploads\/2023\/07\/0c835845-e52e-4abb-bd18-52d999e34229-e1690745204395.jpg?fit=732%2C716&amp;ssl=1\" data-orig-size=\"732,716\" data-comments-opened=\"0\" data-image-meta=\"{&quot;aperture&quot;:&quot;0&quot;,&quot;credit&quot;:&quot;&quot;,&quot;camera&quot;:&quot;&quot;,&quot;caption&quot;:&quot;&quot;,&quot;created_timestamp&quot;:&quot;1690740797&quot;,&quot;copyright&quot;:&quot;&quot;,&quot;focal_length&quot;:&quot;0&quot;,&quot;iso&quot;:&quot;0&quot;,&quot;shutter_speed&quot;:&quot;0&quot;,&quot;title&quot;:&quot;&quot;,&quot;orientation&quot;:&quot;1&quot;}\" data-image-title=\"podio Nara M40, foto Domeniconi\" data-image-description=\"\" data-image-caption=\"\" data-large-file=\"https:\/\/i0.wp.com\/uscatletica.ch\/wp\/wp-content\/uploads\/2023\/07\/0c835845-e52e-4abb-bd18-52d999e34229-e1690745204395.jpg?fit=640%2C626&amp;ssl=1\" class=\"alignnone  wp-image-17816\" src=\"https:\/\/i0.wp.com\/uscatletica.ch\/wp\/wp-content\/uploads\/2023\/07\/0c835845-e52e-4abb-bd18-52d999e34229.jpg?resize=204%2C286&#038;ssl=1\" alt=\"\" width=\"204\" height=\"286\" \/><\/a><\/p>\n","protected":false},"excerpt":{"rendered":"<p>Domenica 30 luglio s\u2019\u00e8 corsa la 26esima Cronometro del Nara, sul percorso da Prugiasco a Add\u00ec (5.75 km, + 985 m). Terzo tempo di giornata per Elia S., che in 45\u201945\u2019\u2019 s\u2019\u00e8 cos\u00ec imposto tra gli M40, dove ha preceduto Alex D. che ha chiuso la fatica in 50\u201933\u2019\u2019 (9\u00b0 assoluto). Sul podio degli M60 Giancarlo F., terzo in 55\u201944\u2019\u2019, mentre Alessandro F. ha chiuso in 1h5\u201933\u2019\u2019, 47\u00b0 assoluto (e 11\u00b0 M40) della gara vinta&#8230;<\/p>\n","protected":false},"author":3,"featured_media":17816,"comment_status":"closed","ping_status":"closed","sticky":false,"template":"","format":"standard","meta":{"jetpack_post_was_ever_published":false,"_jetpack_newsletter_access":"","_jetpack_dont_email_post_to_subs":false,"_jetpack_newsletter_tier_id":0,"_jetpack_memberships_contains_paywalled_content":false,"_jetpack_memberships_contains_paid_content":false,"footnotes":"","jetpack_publicize_message":"","jetpack_publicize_feature_enabled":true,"jetpack_social_post_already_shared":true,"jetpack_social_options":{"image_generator_settings":{"template":"highway","default_image_id":0,"font":"","enabled":false},"version":2}},"categories":[16,9],"tags":[],"class_list":["post-17815","post","type-post","status-publish","format-standard","has-post-thumbnail","hentry","category-montagna","category-sport"],"jetpack_publicize_connections":[],"jetpack_featured_media_url":"https:\/\/i0.wp.com\/uscatletica.ch\/wp\/wp-content\/uploads\/2023\/07\/0c835845-e52e-4abb-bd18-52d999e34229-e1690745204395.jpg?fit=732%2C716&ssl=1","jetpack_sharing_enabled":true,"jetpack_shortlink":"https:\/\/wp.me\/p6V7Ck-4Dl","jetpack-related-posts":[{"id":21069,"url":"https:\/\/uscatletica.ch\/wp\/?p=21069","url_meta":{"origin":17815,"position":0},"title":"Elia e Alex \u201csul podio\u201d al Nara","author":"Stampa E","date":"28 Luglio 2025","format":false,"excerpt":"Domenica al Nara s\u2019\u00e8 svolta la 28\u00b0 edizione della Cronometro del Nara, da Prugiasco ad Add\u00ec, lungo una ripida salita di 5,75 chilometri con 960 metri di dislivello. La prova ha assegnato pure i titoli ASTi di montagna con un argento per Elia e un bronzo per Alex tra gli\u2026","rel":"","context":"In &quot;Montagna&quot;","block_context":{"text":"Montagna","link":"https:\/\/uscatletica.ch\/wp\/?cat=16"},"img":{"alt_text":"","src":"https:\/\/i0.wp.com\/uscatletica.ch\/wp\/wp-content\/uploads\/2025\/07\/CronoNara2025-Foto-Andreazzi-3.jpg?fit=1200%2C800&ssl=1&resize=350%2C200","width":350,"height":200,"srcset":"https:\/\/i0.wp.com\/uscatletica.ch\/wp\/wp-content\/uploads\/2025\/07\/CronoNara2025-Foto-Andreazzi-3.jpg?fit=1200%2C800&ssl=1&resize=350%2C200 1x, https:\/\/i0.wp.com\/uscatletica.ch\/wp\/wp-content\/uploads\/2025\/07\/CronoNara2025-Foto-Andreazzi-3.jpg?fit=1200%2C800&ssl=1&resize=525%2C300 1.5x, https:\/\/i0.wp.com\/uscatletica.ch\/wp\/wp-content\/uploads\/2025\/07\/CronoNara2025-Foto-Andreazzi-3.jpg?fit=1200%2C800&ssl=1&resize=700%2C400 2x, https:\/\/i0.wp.com\/uscatletica.ch\/wp\/wp-content\/uploads\/2025\/07\/CronoNara2025-Foto-Andreazzi-3.jpg?fit=1200%2C800&ssl=1&resize=1050%2C600 3x"},"classes":[]},{"id":15658,"url":"https:\/\/uscatletica.ch\/wp\/?p=15658","url_meta":{"origin":17815,"position":1},"title":"Due podi USC al Nara: Elia e Giancarlo","author":"Stampa E","date":"1 Agosto 2022","format":false,"excerpt":"La 25a edizione della CRONOMETRO DEL NARA, valida per la COPPA ASTI di montagna, s\u2019\u00e8 corsa domenica su un nuovo tracciato molto impegnativo di 5.3 km circa: partenza da Prugiasco (607 m\/sm), arrivo a Add\u00ec (1568 m\/sm), con un dislivello di 961 m racchiusi in circa 4.5 km, dato che\u2026","rel":"","context":"In &quot;Montagna&quot;","block_context":{"text":"Montagna","link":"https:\/\/uscatletica.ch\/wp\/?cat=16"},"img":{"alt_text":"","src":"https:\/\/i0.wp.com\/uscatletica.ch\/wp\/wp-content\/uploads\/2022\/08\/Nara-2022-premiazione-trattore-2-Foto-PS.jpg?fit=480%2C640&ssl=1&resize=350%2C200","width":350,"height":200},"classes":[]},{"id":2514,"url":"https:\/\/uscatletica.ch\/wp\/?p=2514","url_meta":{"origin":17815,"position":2},"title":"DAL NARA A FOROGLIO LA COPPA TICINO (Risultati Nara)","author":"Leonida Stampanoni","date":"1 Agosto 2016","format":false,"excerpt":"Domenica al Nara si \u00e8 chiusa la coppa Ticino di corsa in Montagna \u00a0una settantina gli atleti al via .Silvano Turati in 35'28 ha vinto la gara davanti al primo M50 \u00a0Massimo Maffi \u00a036'11, terzo di categoria il nostro Giancarlo in 41'40. Maria in 54'21 ha ottenuto il quarto posto\u2026","rel":"","context":"In &quot;Montagna&quot;","block_context":{"text":"Montagna","link":"https:\/\/uscatletica.ch\/wp\/?cat=16"},"img":{"alt_text":"","src":"https:\/\/i0.wp.com\/uscatletica.ch\/wp\/wp-content\/uploads\/2016\/08\/alexpodiofrda16.jpg?fit=556%2C353&ssl=1&resize=350%2C200","width":350,"height":200,"srcset":"https:\/\/i0.wp.com\/uscatletica.ch\/wp\/wp-content\/uploads\/2016\/08\/alexpodiofrda16.jpg?fit=556%2C353&ssl=1&resize=350%2C200 1x, https:\/\/i0.wp.com\/uscatletica.ch\/wp\/wp-content\/uploads\/2016\/08\/alexpodiofrda16.jpg?fit=556%2C353&ssl=1&resize=525%2C300 1.5x"},"classes":[]},{"id":21876,"url":"https:\/\/uscatletica.ch\/wp\/?p=21876","url_meta":{"origin":17815,"position":3},"title":"LEGGENDARIA T-GDL, ELIA E BONZI DA PRIMATO","author":"Leonida Stampanoni","date":"18 Aprile 2026","format":false,"excerpt":"Una splendida giornata primaverile \u00e8 stata la cornice della 44 edizione della Tesserete Gola di Lago con 127 atleti al traguardo. Il nostro nuovo presidente Jonathan alla sua prima uscita ha potuto celebrare un edizione leggendaria riuscita perfettamente grazie al prezioso contributo dei nostri collaboratori. La nazionale italiana di corsa\u2026","rel":"","context":"In &quot;Altro&quot;","block_context":{"text":"Altro","link":"https:\/\/uscatletica.ch\/wp\/?cat=11"},"img":{"alt_text":"","src":"https:\/\/i0.wp.com\/uscatletica.ch\/wp\/wp-content\/uploads\/2026\/04\/20260418TGDLPRIM.jpg?fit=432%2C292&ssl=1&resize=350%2C200","width":350,"height":200},"classes":[]},{"id":17971,"url":"https:\/\/uscatletica.ch\/wp\/?p=17971","url_meta":{"origin":17815,"position":4},"title":"Coppa ASTi montagna: di nuovo Elia e Giancarlo sul podio","author":"Stampa E","date":"3 Settembre 2023","format":false,"excerpt":"S\u2019\u00e8 corsa sabato la penultima prova della Coppa ASTi BancaStato di montagna, con la ripida salita ai Monti della Ganna, la CronoverticalCDO. Dopo 1'050 metri di dislivello in soli 4.9 km, hanno vinto Paola Stampanoni (GAB) e Ga\u00ebl Droz (GhSk), mentre per l\u2019USC erano presenti i \u201csoliti\u201d Elia S. e\u2026","rel":"","context":"In &quot;Montagna&quot;","block_context":{"text":"Montagna","link":"https:\/\/uscatletica.ch\/wp\/?cat=16"},"img":{"alt_text":"","src":"https:\/\/i0.wp.com\/uscatletica.ch\/wp\/wp-content\/uploads\/2023\/09\/CDO.jpg?fit=638%2C498&ssl=1&resize=350%2C200","width":350,"height":200,"srcset":"https:\/\/i0.wp.com\/uscatletica.ch\/wp\/wp-content\/uploads\/2023\/09\/CDO.jpg?fit=638%2C498&ssl=1&resize=350%2C200 1x, https:\/\/i0.wp.com\/uscatletica.ch\/wp\/wp-content\/uploads\/2023\/09\/CDO.jpg?fit=638%2C498&ssl=1&resize=525%2C300 1.5x"},"classes":[]},{"id":19673,"url":"https:\/\/uscatletica.ch\/wp\/?p=19673","url_meta":{"origin":17815,"position":5},"title":"Cronometro del Nara","author":"Stampa E","date":"28 Luglio 2024","format":false,"excerpt":"In una torrida mattinata s\u2019\u00e8 corsa domenica la Cronometro del Nara, con partenza individuale da Prugiasco e arrivo a Add\u00ec. Sul ripido percorso di 5.8 km con 960 metri di salita, miglior tempo maschile per Elia che ha cos\u00ec incamerato altri 30 punti per la Coppa montagna, dove consolida il\u2026","rel":"","context":"In &quot;Montagna&quot;","block_context":{"text":"Montagna","link":"https:\/\/uscatletica.ch\/wp\/?cat=16"},"img":{"alt_text":"","src":"https:\/\/i0.wp.com\/uscatletica.ch\/wp\/wp-content\/uploads\/2024\/07\/EliaPaolaNara2024.png?fit=707%2C708&ssl=1&resize=350%2C200","width":350,"height":200,"srcset":"https:\/\/i0.wp.com\/uscatletica.ch\/wp\/wp-content\/uploads\/2024\/07\/EliaPaolaNara2024.png?fit=707%2C708&ssl=1&resize=350%2C200 1x, https:\/\/i0.wp.com\/uscatletica.ch\/wp\/wp-content\/uploads\/2024\/07\/EliaPaolaNara2024.png?fit=707%2C708&ssl=1&resize=525%2C300 1.5x, https:\/\/i0.wp.com\/uscatletica.ch\/wp\/wp-content\/uploads\/2024\/07\/EliaPaolaNara2024.png?fit=707%2C708&ssl=1&resize=700%2C400 2x"},"classes":[]}],"_links":{"self":[{"href":"https:\/\/uscatletica.ch\/wp\/index.php?rest_route=\/wp\/v2\/posts\/17815","targetHints":{"allow":["GET"]}}],"collection":[{"href":"https:\/\/uscatletica.ch\/wp\/index.php?rest_route=\/wp\/v2\/posts"}],"about":[{"href":"https:\/\/uscatletica.ch\/wp\/index.php?rest_route=\/wp\/v2\/types\/post"}],"author":[{"embeddable":true,"href":"https:\/\/uscatletica.ch\/wp\/index.php?rest_route=\/wp\/v2\/users\/3"}],"replies":[{"embeddable":true,"href":"https:\/\/uscatletica.ch\/wp\/index.php?rest_route=%2Fwp%2Fv2%2Fcomments&post=17815"}],"version-history":[{"count":3,"href":"https:\/\/uscatletica.ch\/wp\/index.php?rest_route=\/wp\/v2\/posts\/17815\/revisions"}],"predecessor-version":[{"id":17821,"href":"https:\/\/uscatletica.ch\/wp\/index.php?rest_route=\/wp\/v2\/posts\/17815\/revisions\/17821"}],"wp:featuredmedia":[{"embeddable":true,"href":"https:\/\/uscatletica.ch\/wp\/index.php?rest_route=\/wp\/v2\/media\/17816"}],"wp:attachment":[{"href":"https:\/\/uscatletica.ch\/wp\/index.php?rest_route=%2Fwp%2Fv2%2Fmedia&parent=17815"}],"wp:term":[{"taxonomy":"category","embeddable":true,"href":"https:\/\/uscatletica.ch\/wp\/index.php?rest_route=%2Fwp%2Fv2%2Fcategories&post=17815"},{"taxonomy":"post_tag","embeddable":true,"href":"https:\/\/uscatletica.ch\/wp\/index.php?rest_route=%2Fwp%2Fv2%2Ftags&post=17815"}],"curies":[{"name":"wp","href":"https:\/\/api.w.org\/{rel}","templated":true}]}}