{"id":17823,"date":"2023-08-01T15:19:12","date_gmt":"2023-08-01T13:19:12","guid":{"rendered":"https:\/\/uscatletica.ch\/wp\/?p=17823"},"modified":"2023-08-02T10:40:04","modified_gmt":"2023-08-02T08:40:04","slug":"robi-campione-svizzero-di-corsa-in-montagna","status":"publish","type":"post","link":"https:\/\/uscatletica.ch\/wp\/?p=17823","title":{"rendered":"Robi Campione Svizzero di Corsa in Montagna"},"content":{"rendered":"\n<p>Il primo d&#8217;agosto ha regalato all&#8217;USC il primo titolo nazionale assoluto, ai campionati svizzeri di corsa in salita svoltisi a Schwarzsee Roberto Delorenzi ha dominato la gara aggiudicandosi il titolo con 44 secondi di vantaggio su Fabian Aebersold. Nel fine settimana Bellinzona ha ospitato una splendida edizione dei campionati svizzeri assoluti in pista. L&#8217;USC nello storico appuntamento su suolo cantonale aveva due atlete al via Matilda Rosa sui 100 e Giada Battaini nel disco. entrambe hanno gareggiato sabato.<\/p>\n<p><a href=\"https:\/\/slv.laportal.net\/Competitions\/Details\/10697\" target=\"_blank\" rel=\"noopener\">Risultati da Bellinzona <\/a>\u00a0<a href=\"https:\/\/live.mso-chrono.ch\/live\/glive\/g-live.html?f=..\/2023\/stierenberglauf\/Stierenberglauf.clax\" target=\"_blank\" rel=\"noopener\">Risultati dai campionati svizzeri di Corsa in Montagna <\/a><\/p>\n<blockquote>\n<figure id=\"attachment_17825\" aria-describedby=\"caption-attachment-17825\" style=\"width: 300px\" class=\"wp-caption alignnone\"><a href=\"https:\/\/uscatletica.ch\/wp\/?attachment_id=17825\" rel=\"attachment wp-att-17825\"><img data-recalc-dims=\"1\" loading=\"lazy\" decoding=\"async\" data-attachment-id=\"17825\" data-permalink=\"https:\/\/uscatletica.ch\/wp\/?attachment_id=17825\" data-orig-file=\"https:\/\/i0.wp.com\/uscatletica.ch\/wp\/wp-content\/uploads\/2023\/08\/230801robioro.jpg?fit=1024%2C768&amp;ssl=1\" data-orig-size=\"1024,768\" data-comments-opened=\"0\" data-image-meta=\"{&quot;aperture&quot;:&quot;0&quot;,&quot;credit&quot;:&quot;&quot;,&quot;camera&quot;:&quot;&quot;,&quot;caption&quot;:&quot;&quot;,&quot;created_timestamp&quot;:&quot;0&quot;,&quot;copyright&quot;:&quot;&quot;,&quot;focal_length&quot;:&quot;0&quot;,&quot;iso&quot;:&quot;0&quot;,&quot;shutter_speed&quot;:&quot;0&quot;,&quot;title&quot;:&quot;&quot;,&quot;orientation&quot;:&quot;0&quot;}\" data-image-title=\"230801robioro\" data-image-description=\"\" data-image-caption=\"&lt;p&gt;Foto Swiss Athletics &lt;\/p&gt;\n\" data-large-file=\"https:\/\/i0.wp.com\/uscatletica.ch\/wp\/wp-content\/uploads\/2023\/08\/230801robioro.jpg?fit=640%2C480&amp;ssl=1\" class=\"wp-image-17825 size-medium\" src=\"https:\/\/i0.wp.com\/uscatletica.ch\/wp\/wp-content\/uploads\/2023\/08\/230801robioro.jpg?resize=300%2C225&#038;ssl=1\" alt=\"\" width=\"300\" height=\"225\" srcset=\"https:\/\/i0.wp.com\/uscatletica.ch\/wp\/wp-content\/uploads\/2023\/08\/230801robioro.jpg?resize=300%2C225&amp;ssl=1 300w, https:\/\/i0.wp.com\/uscatletica.ch\/wp\/wp-content\/uploads\/2023\/08\/230801robioro.jpg?resize=768%2C576&amp;ssl=1 768w, https:\/\/i0.wp.com\/uscatletica.ch\/wp\/wp-content\/uploads\/2023\/08\/230801robioro.jpg?w=1024&amp;ssl=1 1024w\" sizes=\"auto, (max-width: 300px) 100vw, 300px\" \/><\/a><figcaption id=\"caption-attachment-17825\" class=\"wp-caption-text\">Judith Wyder e Roberto Delorenzi, Foto: Swiss Athletics<\/figcaption><\/figure>\n<\/blockquote>\n<p>Nel giorno del primo d&#8217;agosto su di un percorso di 12.3 km con 818 m di dislivello Robi dopo aver lasciato sfogare \u00a0gli avversari nel primo tratto rapido ha allungato successivamente andando a vincere in 52&#8217;00 con 44 secondi su Fabian Aebersold. Il titolo femminile \u00e8 andato a Judith Wyder. Il Ticino si \u00e8 assicurato anche la medaglia d&#8217;argento nelle W70 con la nostra ex atleta Maria Soldini.\u00a0<\/p>\n<p>Nel fine settimana il comunale di Bellinzona ha ospitato i campionati svizzeri assoluti un successo organizzativo e tecnico per la FTAL. Tra le grandi stelle dell&#8217;atletica svizzera c&#8217;erano anche Giada Battaini che ha lanciato il disco a 36.69 fine tredicesima. Nel disco \u00e8 arrivato l&#8217;unico oro ticinese grazie a Gian Vetterli. Nei 100m Matilda in 12&#8243;94 non \u00e8 riuscita ad ottenere il pass per la semifinale<\/p>\n<p><blockquote class=\"wp-embedded-content\" data-secret=\"G16S0WkkHF\"><a href=\"https:\/\/swiss-athletics.ch\/de\/blog\/2023\/08\/01\/titel-premieren-fuer-judith-wyder-und-roberto-delorenzi\/\">Titel-Premieren f\u00fcr Judith Wyder und Roberto Delorenzi<\/a><\/blockquote><iframe loading=\"lazy\" class=\"wp-embedded-content\" sandbox=\"allow-scripts\" security=\"restricted\" style=\"position: absolute; visibility: hidden;\" title=\"&#8222;Titel-Premieren f\u00fcr Judith Wyder und Roberto Delorenzi&#8220; &#8212; Swiss Athletics\" src=\"https:\/\/swiss-athletics.ch\/de\/blog\/2023\/08\/01\/titel-premieren-fuer-judith-wyder-und-roberto-delorenzi\/embed\/#?secret=GH1j6RIGN1#?secret=G16S0WkkHF\" data-secret=\"G16S0WkkHF\" width=\"600\" height=\"338\" frameborder=\"0\" marginwidth=\"0\" marginheight=\"0\" scrolling=\"no\"><\/iframe><\/p>\n<p>https:\/\/ftal.ch\/gian-vetterli-trionfa-nel-disco-ricky-petrucciani-conquista-largento-nei-400-metri\/<\/p>\n<p>\u00a0<\/p>\n","protected":false},"excerpt":{"rendered":"<p>Il primo d&#8217;agosto ha regalato all&#8217;USC il primo titolo nazionale assoluto, ai campionati svizzeri di corsa in salita svoltisi a Schwarzsee Roberto Delorenzi ha dominato la gara aggiudicandosi il titolo con 44 secondi di vantaggio su Fabian Aebersold. Nel fine settimana Bellinzona ha ospitato una splendida edizione dei campionati svizzeri assoluti in pista. L&#8217;USC nello storico appuntamento su suolo cantonale aveva due atlete al via Matilda Rosa sui 100 e Giada Battaini nel disco. entrambe&#8230;<\/p>\n","protected":false},"author":4,"featured_media":17830,"comment_status":"closed","ping_status":"closed","sticky":false,"template":"","format":"standard","meta":{"jetpack_post_was_ever_published":false,"_jetpack_newsletter_access":"","_jetpack_dont_email_post_to_subs":false,"_jetpack_newsletter_tier_id":0,"_jetpack_memberships_contains_paywalled_content":false,"_jetpack_memberships_contains_paid_content":false,"footnotes":"","jetpack_publicize_message":"","jetpack_publicize_feature_enabled":true,"jetpack_social_post_already_shared":true,"jetpack_social_options":{"image_generator_settings":{"template":"highway","default_image_id":0,"font":"","enabled":false},"version":2}},"categories":[4,5,9],"tags":[],"class_list":["post-17823","post","type-post","status-publish","format-standard","has-post-thumbnail","hentry","category-pista","category-podismo","category-sport"],"jetpack_publicize_connections":[],"jetpack_featured_media_url":"https:\/\/i0.wp.com\/uscatletica.ch\/wp\/wp-content\/uploads\/2023\/08\/230801delooromini.jpg?fit=432%2C275&ssl=1","jetpack_sharing_enabled":true,"jetpack_shortlink":"https:\/\/wp.me\/p6V7Ck-4Dt","jetpack-related-posts":[{"id":13441,"url":"https:\/\/uscatletica.ch\/wp\/?p=13441","url_meta":{"origin":17823,"position":0},"title":"TEMPO DI FINALI DA APPENZELLO A BELLINZONA","author":"Leonida Stampanoni","date":"24 Settembre 2021","format":false,"excerpt":"Nel fine settimana il calendario prevede tre impegni, due finali ed il meeting dedicato ai masters. In Ticino sar\u00e0 il comunale di Bellinzona il centro dell'azione: sabato in pista saranno i Masters (Meeting master valido anche come Campionato svizzero), domenica ci sar\u00e0 la tappa finale del BancaStato Grand Prix Ticino,\u2026","rel":"","context":"In &quot;Pista&quot;","block_context":{"text":"Pista","link":"https:\/\/uscatletica.ch\/wp\/?cat=4"},"img":{"alt_text":"","src":"https:\/\/i0.wp.com\/uscatletica.ch\/wp\/wp-content\/uploads\/2021\/05\/210513100ma.jpg?fit=432%2C324&ssl=1&resize=350%2C200","width":350,"height":200},"classes":[]},{"id":2765,"url":"https:\/\/uscatletica.ch\/wp\/?p=2765","url_meta":{"origin":17823,"position":1},"title":"Fine settimana Da Aarau a Sportissima","author":"Leonida Stampanoni","date":"9 Settembre 2016","format":false,"excerpt":"Nel fine settimana in programma i campionati svizzeri giovanili \u00a0l'USC sar\u00e0 ad Aarau con SImone e Giada. In Ticino sabato ci sar\u00e0 la Stramassagno prova valida per la coppa Ticino di podismo. Domenica all'Arena Sportiva ci sar\u00e0 Sportissima \u00a0con la premiazione al merito sportivo del comune di Capriasca con Roberto,\u2026","rel":"","context":"In &quot;Diversi&quot;","block_context":{"text":"Diversi","link":"https:\/\/uscatletica.ch\/wp\/?cat=30"},"img":{"alt_text":"","src":"https:\/\/i0.wp.com\/uscatletica.ch\/wp\/wp-content\/uploads\/2016\/08\/IMG_7139.jpg?fit=563%2C422&ssl=1&resize=350%2C200","width":350,"height":200,"srcset":"https:\/\/i0.wp.com\/uscatletica.ch\/wp\/wp-content\/uploads\/2016\/08\/IMG_7139.jpg?fit=563%2C422&ssl=1&resize=350%2C200 1x, https:\/\/i0.wp.com\/uscatletica.ch\/wp\/wp-content\/uploads\/2016\/08\/IMG_7139.jpg?fit=563%2C422&ssl=1&resize=525%2C300 1.5x"},"classes":[]},{"id":8482,"url":"https:\/\/uscatletica.ch\/wp\/?p=8482","url_meta":{"origin":17823,"position":2},"title":"GIADA IN FORMA IN VISTA DEI CT TITOLI IN PALIO TRA LOCARNO E MOLESON","author":"Leonida Stampanoni","date":"13 Giugno 2019","format":false,"excerpt":"Nell'ulitmo meeting prima dei campionati ticinesi ottima gara per Giada che passa i 30 nel disco e si conferma oltre i 13.50 con i 3 kg di peso. Nel fine settimana lo stadio del Lido ospiter\u00e0 i campionati ticinesi assoluti dove Giada e C\u00e9line partiranno da favorite nel getto del\u2026","rel":"","context":"In &quot;Montagna&quot;","block_context":{"text":"Montagna","link":"https:\/\/uscatletica.ch\/wp\/?cat=16"},"img":{"alt_text":"","src":"https:\/\/i0.wp.com\/uscatletica.ch\/wp\/wp-content\/uploads\/2018\/06\/podiofiva2018ct.jpg?fit=432%2C323&ssl=1&resize=350%2C200","width":350,"height":200},"classes":[]},{"id":15083,"url":"https:\/\/uscatletica.ch\/wp\/?p=15083","url_meta":{"origin":17823,"position":3},"title":"Il fine settimana USC 40 TGDL CT STAFFETTE E SOLA","author":"Leonida Stampanoni","date":"7 Maggio 2022","format":false,"excerpt":"Il fine settimana della 40 edizione della Tesserete Gola di Lago offre agli appassionati due altri appuntamenti le nostre ragazze saranno a Bellinzona per i campionati ticinesi giovanili di Staffette\u00a0 tre le squadre al via la 4x100 m e l'olimpionica U18 con Matilda reduce dal raduno con la nazionale a\u2026","rel":"","context":"In &quot;Montagna&quot;","block_context":{"text":"Montagna","link":"https:\/\/uscatletica.ch\/wp\/?cat=16"},"img":{"alt_text":"","src":"https:\/\/i0.wp.com\/uscatletica.ch\/wp\/wp-content\/uploads\/2021\/06\/P1110468.jpeg?fit=432%2C324&ssl=1&resize=350%2C200","width":350,"height":200},"classes":[]},{"id":4819,"url":"https:\/\/uscatletica.ch\/wp\/?p=4819","url_meta":{"origin":17823,"position":4},"title":"Camignolo TAS e Podismo Bellinzona GP Ticino","author":"Leonida Stampanoni","date":"31 Agosto 2017","format":false,"excerpt":"Il primo fine settimana scolastico sar\u00e0 particolarmente per gli atleti USC ; Sabato a Camignolo ci sar\u00e0 la festa del podismo si parte alle 14.00 con la staffetta scolari dell'ASM che rilancer\u00e0 il TAS. Nel tardo pomeriggio penultima tappa della Coppa ASTi podismo una gara di 12 km . Domenica\u2026","rel":"","context":"In &quot;Pista&quot;","block_context":{"text":"Pista","link":"https:\/\/uscatletica.ch\/wp\/?cat=4"},"img":{"alt_text":"","src":"https:\/\/i0.wp.com\/uscatletica.ch\/wp\/wp-content\/uploads\/2017\/08\/gruppliam2017.jpg?fit=562%2C422&ssl=1&resize=350%2C200","width":350,"height":200,"srcset":"https:\/\/i0.wp.com\/uscatletica.ch\/wp\/wp-content\/uploads\/2017\/08\/gruppliam2017.jpg?fit=562%2C422&ssl=1&resize=350%2C200 1x, https:\/\/i0.wp.com\/uscatletica.ch\/wp\/wp-content\/uploads\/2017\/08\/gruppliam2017.jpg?fit=562%2C422&ssl=1&resize=525%2C300 1.5x"},"classes":[]},{"id":9109,"url":"https:\/\/uscatletica.ch\/wp\/?p=9109","url_meta":{"origin":17823,"position":5},"title":"Bellinzona Isone Basodino Locarno Uster USC a 360 gradi","author":"Leonida Stampanoni","date":"20 Settembre 2019","format":false,"excerpt":"Il primo fine settimana autunnale sar\u00e0 veramente ricco di impegni per gli atleti USC. In pista si chiude il Gran Prix FTAL al comunale di Bellinzona con i palio pure i titoli suo 5000 m e 3000 m prima di ospitare il classico meeting Masters giunto alla 19 edizioni. Locarno\u2026","rel":"","context":"In &quot;Montagna&quot;","block_context":{"text":"Montagna","link":"https:\/\/uscatletica.ch\/wp\/?cat=16"},"img":{"alt_text":"","src":"https:\/\/i0.wp.com\/uscatletica.ch\/wp\/wp-content\/uploads\/2019\/08\/caratschlausc190815.jpg?fit=432%2C324&ssl=1&resize=350%2C200","width":350,"height":200},"classes":[]}],"_links":{"self":[{"href":"https:\/\/uscatletica.ch\/wp\/index.php?rest_route=\/wp\/v2\/posts\/17823","targetHints":{"allow":["GET"]}}],"collection":[{"href":"https:\/\/uscatletica.ch\/wp\/index.php?rest_route=\/wp\/v2\/posts"}],"about":[{"href":"https:\/\/uscatletica.ch\/wp\/index.php?rest_route=\/wp\/v2\/types\/post"}],"author":[{"embeddable":true,"href":"https:\/\/uscatletica.ch\/wp\/index.php?rest_route=\/wp\/v2\/users\/4"}],"replies":[{"embeddable":true,"href":"https:\/\/uscatletica.ch\/wp\/index.php?rest_route=%2Fwp%2Fv2%2Fcomments&post=17823"}],"version-history":[{"count":5,"href":"https:\/\/uscatletica.ch\/wp\/index.php?rest_route=\/wp\/v2\/posts\/17823\/revisions"}],"predecessor-version":[{"id":20364,"href":"https:\/\/uscatletica.ch\/wp\/index.php?rest_route=\/wp\/v2\/posts\/17823\/revisions\/20364"}],"wp:featuredmedia":[{"embeddable":true,"href":"https:\/\/uscatletica.ch\/wp\/index.php?rest_route=\/wp\/v2\/media\/17830"}],"wp:attachment":[{"href":"https:\/\/uscatletica.ch\/wp\/index.php?rest_route=%2Fwp%2Fv2%2Fmedia&parent=17823"}],"wp:term":[{"taxonomy":"category","embeddable":true,"href":"https:\/\/uscatletica.ch\/wp\/index.php?rest_route=%2Fwp%2Fv2%2Fcategories&post=17823"},{"taxonomy":"post_tag","embeddable":true,"href":"https:\/\/uscatletica.ch\/wp\/index.php?rest_route=%2Fwp%2Fv2%2Ftags&post=17823"}],"curies":[{"name":"wp","href":"https:\/\/api.w.org\/{rel}","templated":true}]}}