{"id":17845,"date":"2023-08-19T20:50:14","date_gmt":"2023-08-19T18:50:14","guid":{"rendered":"https:\/\/uscatletica.ch\/wp\/?p=17845"},"modified":"2023-08-19T20:50:18","modified_gmt":"2023-08-19T18:50:18","slug":"brave-le-giavellottiste-a-locarno","status":"publish","type":"post","link":"https:\/\/uscatletica.ch\/wp\/?p=17845","title":{"rendered":"Brave le giavellottiste a Locarno"},"content":{"rendered":"\n<p>Reduci dal capo di allenamento &#8220;Ova Cotschna&#8221; a St Moritz Lara e Morena sono scese in pedana al Meeting del Verbano al Lido di Locarno, ottenendo il limite per i campionati ticinesi assoluti in programma settimana prossima a Biasca.\u00a0<\/p>\n<p><a href=\"https:\/\/slv.laportal.net\/Competitions\/CurrentList\/565795\/10891\" target=\"_blank\" rel=\"noopener\">Risultati Live<\/a><\/p>\n<p>Nella pedana del giavellotto \u00a0Morena con 32.64 al primo lancio a chiuso al secondo rango battuta solo da Maria Wurz (FGM) che ha portato il suo personale a 37.50. Lara al debutto con il giavellotto da 600 g ha piazzato un bel 27.77 m che la piazza al quarto rango. Nella pedana del Peso reduce dai campionati europei U20 Giada Borin con 41.36 ha firmato il primato ticinese U20.\u00a0<\/p>\n","protected":false},"excerpt":{"rendered":"<p>Reduci dal capo di allenamento &#8220;Ova Cotschna&#8221; a St Moritz Lara e Morena sono scese in pedana al Meeting del Verbano al Lido di Locarno, ottenendo il limite per i campionati ticinesi assoluti in programma settimana prossima a Biasca.\u00a0 Risultati Live Nella pedana del giavellotto \u00a0Morena con 32.64 al primo lancio a chiuso al secondo rango battuta solo da Maria Wurz (FGM) che ha portato il suo personale a 37.50. Lara al debutto con il&#8230;<\/p>\n","protected":false},"author":4,"featured_media":10566,"comment_status":"closed","ping_status":"closed","sticky":false,"template":"","format":"standard","meta":{"jetpack_post_was_ever_published":false,"_jetpack_newsletter_access":"","_jetpack_dont_email_post_to_subs":false,"_jetpack_newsletter_tier_id":0,"_jetpack_memberships_contains_paywalled_content":false,"_jetpack_memberships_contains_paid_content":false,"footnotes":"","jetpack_publicize_message":"","jetpack_publicize_feature_enabled":true,"jetpack_social_post_already_shared":true,"jetpack_social_options":{"image_generator_settings":{"template":"highway","default_image_id":0,"font":"","enabled":false},"version":2}},"categories":[4,9],"tags":[],"class_list":["post-17845","post","type-post","status-publish","format-standard","has-post-thumbnail","hentry","category-pista","category-sport"],"jetpack_publicize_connections":[],"jetpack_featured_media_url":"https:\/\/i0.wp.com\/uscatletica.ch\/wp\/wp-content\/uploads\/2020\/07\/mhgiav200807.png?fit=318%2C432&ssl=1","jetpack_sharing_enabled":true,"jetpack_shortlink":"https:\/\/wp.me\/p6V7Ck-4DP","jetpack-related-posts":[{"id":17859,"url":"https:\/\/uscatletica.ch\/wp\/?p=17859","url_meta":{"origin":17845,"position":0},"title":"CAMPIONATI TICINESI ASSOLUTI A BIASCA","author":"Leonida Stampanoni","date":"25 Agosto 2023","format":false,"excerpt":"Nel fine settimana ci sar\u00e0 la massima rassegna atletica cantonale. il Vallone di Biasca ospiter\u00e0 i campionati ticinesi assoluti l'USC sar\u00e0 presente con sei ragazze che proveranno a cogliere l'exploit.\u00a0 In pista scenderanno Matilda Federica e Lea mentre nei lancio avremo Lara, Morena e Kora.\u00a0 Venerd\u00ec in serata \u00a0sar\u00e0 Kora\u2026","rel":"","context":"In &quot;Pista&quot;","block_context":{"text":"Pista","link":"https:\/\/uscatletica.ch\/wp\/?cat=4"},"img":{"alt_text":"","src":"https:\/\/i0.wp.com\/uscatletica.ch\/wp\/wp-content\/uploads\/2022\/10\/220110podiogiave.jpg?fit=324%2C432&ssl=1&resize=350%2C200","width":350,"height":200},"classes":[]},{"id":10574,"url":"https:\/\/uscatletica.ch\/wp\/?p=10574","url_meta":{"origin":17845,"position":1},"title":"Al Lido in forma i lanciatori","author":"Leonida Stampanoni","date":"9 Luglio 2020","format":false,"excerpt":"Buona serata per i nostri lanciatori a Locarno nel secondo meeting salti e lanci \u00a0dove Joanne Hartmeier \u00a0con 37.60 m ha firmato il nuovo primato U20 con il giavellotto da 600 g. Morena sua coetanea con il giavellotto da 400 g ha ritoccato il primato sociale. Nella pedana del peso\u2026","rel":"","context":"In &quot;Pista&quot;","block_context":{"text":"Pista","link":"https:\/\/uscatletica.ch\/wp\/?cat=4"},"img":{"alt_text":"","src":"https:\/\/i0.wp.com\/uscatletica.ch\/wp\/wp-content\/uploads\/2020\/07\/mhgiavor200807.png?fit=1200%2C902&ssl=1&resize=350%2C200","width":350,"height":200,"srcset":"https:\/\/i0.wp.com\/uscatletica.ch\/wp\/wp-content\/uploads\/2020\/07\/mhgiavor200807.png?fit=1200%2C902&ssl=1&resize=350%2C200 1x, https:\/\/i0.wp.com\/uscatletica.ch\/wp\/wp-content\/uploads\/2020\/07\/mhgiavor200807.png?fit=1200%2C902&ssl=1&resize=525%2C300 1.5x, https:\/\/i0.wp.com\/uscatletica.ch\/wp\/wp-content\/uploads\/2020\/07\/mhgiavor200807.png?fit=1200%2C902&ssl=1&resize=700%2C400 2x, https:\/\/i0.wp.com\/uscatletica.ch\/wp\/wp-content\/uploads\/2020\/07\/mhgiavor200807.png?fit=1200%2C902&ssl=1&resize=1050%2C600 3x"},"classes":[]},{"id":9165,"url":"https:\/\/uscatletica.ch\/wp\/?p=9165","url_meta":{"origin":17845,"position":2},"title":"CAMPIONATI TICINESI U16 U18 23 USCINI ALLA CARICA","author":"Leonida Stampanoni","date":"27 Settembre 2019","format":false,"excerpt":"l Domenica il nuovo stadio comunale di Bellinzona accoglier\u00e0 i campionati ticinesi U16-U18, sotto la direzione del GAB \u00a0ci saranno quasi 200 adolescenti a lottare per i 34 titoli. L'USC con 23 atleti al via sar\u00e0 la seconda societ\u00e0 pi\u00f9 numerosa al via. I nostri atleti Capitanati dalla vice campionessa\u2026","rel":"","context":"In &quot;Pista&quot;","block_context":{"text":"Pista","link":"https:\/\/uscatletica.ch\/wp\/?cat=4"},"img":{"alt_text":"","src":"https:\/\/i0.wp.com\/uscatletica.ch\/wp\/wp-content\/uploads\/2019\/08\/caratschlausc190815.jpg?fit=432%2C324&ssl=1&resize=350%2C200","width":350,"height":200},"classes":[]},{"id":19282,"url":"https:\/\/uscatletica.ch\/wp\/?p=19282","url_meta":{"origin":17845,"position":3},"title":"LEA PRIMATO SOCIALE SUI 300 A Bellinzona","author":"Leonida Stampanoni","date":"1 Maggio 2024","format":false,"excerpt":"\u00a0Al comunale di Bellinzona erano 5 gli USCIni al via del classico meeting del primo maggio. Giada \u00e8 scesa in pedana nel disco dove Giada Borin con 48.40 ha firmato il nuovo primato ticinese assoluto ed U20. Elia B. era la via nel giavellotto. Lea sui 300 m ha polverizzato\u2026","rel":"","context":"In &quot;Pista&quot;","block_context":{"text":"Pista","link":"https:\/\/uscatletica.ch\/wp\/?cat=4"},"img":{"alt_text":"","src":"https:\/\/i0.wp.com\/uscatletica.ch\/wp\/wp-content\/uploads\/2022\/09\/Gala.jpg?fit=753%2C257&ssl=1&resize=350%2C200","width":350,"height":200,"srcset":"https:\/\/i0.wp.com\/uscatletica.ch\/wp\/wp-content\/uploads\/2022\/09\/Gala.jpg?fit=753%2C257&ssl=1&resize=350%2C200 1x, https:\/\/i0.wp.com\/uscatletica.ch\/wp\/wp-content\/uploads\/2022\/09\/Gala.jpg?fit=753%2C257&ssl=1&resize=525%2C300 1.5x, https:\/\/i0.wp.com\/uscatletica.ch\/wp\/wp-content\/uploads\/2022\/09\/Gala.jpg?fit=753%2C257&ssl=1&resize=700%2C400 2x"},"classes":[]},{"id":16106,"url":"https:\/\/uscatletica.ch\/wp\/?p=16106","url_meta":{"origin":17845,"position":4},"title":"CT GIOVANILI E TAS SAGNO IL FINE SETTIMANA USC","author":"Leonida Stampanoni","date":"30 Settembre 2022","format":false,"excerpt":"Nel fine settimana si chiuder\u00e0 la stagione ticinese in pista con un doppio l'ultimo appuntamento sar\u00e0 a Mendrisio con tutte le prove di corsa dai 100 agli 800 mentre sabato al comunale di Bellinzona si disputeranno i campionati ticinesi giovanili di atletica leggera. \u00a0Domenica sar\u00e0 idealmente il trofeo ASTi BancaStato\u2026","rel":"","context":"In &quot;Non catalogato&quot;","block_context":{"text":"Non catalogato","link":"https:\/\/uscatletica.ch\/wp\/?cat=6"},"img":{"alt_text":"","src":"https:\/\/i0.wp.com\/uscatletica.ch\/wp\/wp-content\/uploads\/2022\/09\/22o.jpg?fit=432%2C411&ssl=1&resize=350%2C200","width":350,"height":200},"classes":[]},{"id":10697,"url":"https:\/\/uscatletica.ch\/wp\/?p=10697","url_meta":{"origin":17845,"position":5},"title":"DOMENICA ASSOLUTI 2 MEDAGLIE E DUE TITOLI U20 PER Giada ed Erik","author":"Leonida Stampanoni","date":"30 Agosto 2020","format":false,"excerpt":"La domenica degli assoluti, segnata da forti folate di vento, ha portato molte soddisfazione ai lanciatori USC. Dalla pedana del peso sono arrivati un oro assoluto e due titoli U20 grazie a Giada ed Erik. Nella pedana del disco Giada ha vinto un argento e nella stessa pedana \u00e8 arrivato\u2026","rel":"","context":"In &quot;Pista&quot;","block_context":{"text":"Pista","link":"https:\/\/uscatletica.ch\/wp\/?cat=4"},"img":{"alt_text":"","src":"https:\/\/i0.wp.com\/uscatletica.ch\/wp\/wp-content\/uploads\/2020\/08\/IMG_0188.jpg?fit=640%2C480&ssl=1&resize=350%2C200","width":350,"height":200,"srcset":"https:\/\/i0.wp.com\/uscatletica.ch\/wp\/wp-content\/uploads\/2020\/08\/IMG_0188.jpg?fit=640%2C480&ssl=1&resize=350%2C200 1x, https:\/\/i0.wp.com\/uscatletica.ch\/wp\/wp-content\/uploads\/2020\/08\/IMG_0188.jpg?fit=640%2C480&ssl=1&resize=525%2C300 1.5x"},"classes":[]}],"_links":{"self":[{"href":"https:\/\/uscatletica.ch\/wp\/index.php?rest_route=\/wp\/v2\/posts\/17845","targetHints":{"allow":["GET"]}}],"collection":[{"href":"https:\/\/uscatletica.ch\/wp\/index.php?rest_route=\/wp\/v2\/posts"}],"about":[{"href":"https:\/\/uscatletica.ch\/wp\/index.php?rest_route=\/wp\/v2\/types\/post"}],"author":[{"embeddable":true,"href":"https:\/\/uscatletica.ch\/wp\/index.php?rest_route=\/wp\/v2\/users\/4"}],"replies":[{"embeddable":true,"href":"https:\/\/uscatletica.ch\/wp\/index.php?rest_route=%2Fwp%2Fv2%2Fcomments&post=17845"}],"version-history":[{"count":1,"href":"https:\/\/uscatletica.ch\/wp\/index.php?rest_route=\/wp\/v2\/posts\/17845\/revisions"}],"predecessor-version":[{"id":17846,"href":"https:\/\/uscatletica.ch\/wp\/index.php?rest_route=\/wp\/v2\/posts\/17845\/revisions\/17846"}],"wp:featuredmedia":[{"embeddable":true,"href":"https:\/\/uscatletica.ch\/wp\/index.php?rest_route=\/wp\/v2\/media\/10566"}],"wp:attachment":[{"href":"https:\/\/uscatletica.ch\/wp\/index.php?rest_route=%2Fwp%2Fv2%2Fmedia&parent=17845"}],"wp:term":[{"taxonomy":"category","embeddable":true,"href":"https:\/\/uscatletica.ch\/wp\/index.php?rest_route=%2Fwp%2Fv2%2Fcategories&post=17845"},{"taxonomy":"post_tag","embeddable":true,"href":"https:\/\/uscatletica.ch\/wp\/index.php?rest_route=%2Fwp%2Fv2%2Ftags&post=17845"}],"curies":[{"name":"wp","href":"https:\/\/api.w.org\/{rel}","templated":true}]}}