{"id":17859,"date":"2023-08-25T15:15:07","date_gmt":"2023-08-25T13:15:07","guid":{"rendered":"https:\/\/uscatletica.ch\/wp\/?p=17859"},"modified":"2023-08-25T15:15:12","modified_gmt":"2023-08-25T13:15:12","slug":"campionati-ticinesi-assoluti-a-biasca","status":"publish","type":"post","link":"https:\/\/uscatletica.ch\/wp\/?p=17859","title":{"rendered":"CAMPIONATI TICINESI ASSOLUTI A BIASCA"},"content":{"rendered":"\n<p>Nel fine settimana ci sar\u00e0 la massima rassegna atletica cantonale. il Vallone di Biasca ospiter\u00e0 i campionati ticinesi assoluti l&#8217;USC sar\u00e0 presente con sei ragazze che proveranno a cogliere l&#8217;exploit.\u00a0<\/p>\n<p>In pista scenderanno Matilda Federica e Lea mentre nei lancio avremo Lara, Morena e Kora.\u00a0<\/p>\n<p>Venerd\u00ec in serata \u00a0sar\u00e0 Kora ad inaugurare le danze nella pedana del getto del Peso alle 19.15. Matilda correr\u00e0 i 200 m alle 20.30 m cercare un posto in finale. Federica alle 20.50 sugli 800 m cercher\u00e0 il suo personale..\u00a0<\/p>\n<p>Sabato pomeriggio alle 16.20 Lea e Matilda si lanceranno sui 100 m per un posto in semifinale, Lea \u00fc iscritta anche sui 400 cheti disputeranno tra le semifinali e le finali dei 100 m. \u00a0Federica sabato potr\u00e0 gareggiare sui 1500 m sua disciplina prediletta. Lara e Morena alle 17.30 nel giavellotto cercheranno il colpo a sorpresa.\u00a0<\/p>\n<p><blockquote class=\"wp-embedded-content\" data-secret=\"qLWsNMbIrv\"><a href=\"https:\/\/ftal.ch\/a-biasca-i-campionati-ticinesi-assoluti\/\">A Biasca i Campionati ticinesi assoluti<\/a><\/blockquote><iframe loading=\"lazy\" class=\"wp-embedded-content\" sandbox=\"allow-scripts\" security=\"restricted\" style=\"position: absolute; clip: rect(1px, 1px, 1px, 1px);\" title=\"&#8220;A Biasca i Campionati ticinesi assoluti&#8221; &#8212; FTAL\" src=\"https:\/\/ftal.ch\/a-biasca-i-campionati-ticinesi-assoluti\/embed\/#?secret=hZpzShm286#?secret=qLWsNMbIrv\" data-secret=\"qLWsNMbIrv\" width=\"600\" height=\"338\" frameborder=\"0\" marginwidth=\"0\" marginheight=\"0\" scrolling=\"no\"><\/iframe><\/p>\n<p>\u00a0<\/p>\n<p>\u00a0<\/p>\n<p>Venerd\u00ec e sabato l\u2019importante appuntamento atletico cantonale torna al vallone di Biasca, dove s\u2019assegneranno titoli e medaglie, assoluti e U20<\/p>\n<p><strong>FTAL\/elista<\/strong> \u2013 I Campionati ticinesi di atletica leggera rappresentano uno dei primi appuntamenti di spicco della seconda parte del calendario atletico cantonale. L\u2019evento \u00e8 in programma venerd\u00ec sera e sabato pomeriggio al Centro sportivo al Vallone di Biasca, per organizzazione della locale SFG.<\/p>\n<p>Sono previste gare e concorsi in 29 discipline (16 concorsi e 13 corse), con quasi 250 partecipazioni, mentre i 3&#8217;000 femminili e i 5&#8217;000 maschili si sono gi\u00e0 svolti in sede separata. La prima giornata inizier\u00e0 alle 19.15 con il concorso del peso e la gara sui 400 ostacoli maschili, per terminare attorno alle 21.30 con le finali sui 200 metri, una delle discipline pi\u00f9 frequentate assieme ai 100 e ai 400 metri piani.<\/p>\n<p>La seconda giornata \u00e8 invece in programma dalle 15 alle 18.45 circa (con l\u2019appendice del lancio del martello, che si disputer\u00e0 a Locarno alle 10.30) \u00e8 avr\u00e0 pure al via il meglio o quasi dell\u2019atletica ticinese. Molti atleti di spicco sono di fatto annunciati al via e garantiranno quindi una due giorni atletica di buon livello, con corse e concorsi all\u2019insegna della sana rivalit\u00e0. Non ci sar\u00e0 il \u201cfresco\u201d Campione svizzero Gian Vetterli, che ha deciso di concludere la sua stagione dopo la vittoria al Comunale di Bellinzona a fine luglio, e neppure di Ricky Petrucciani, reduce dall\u2019esperienza ai Mondiali di Budapest, dove ha corso nella staffetta 4&#215;400 metri mista prima di rinunciare alla prova individuale per un problema fisico, ma che dovremmo rivedere in pista al Weltklasse di Zurigo e al Gal\u00e0 dei Castelli. Assente come noto Ajla Del Ponte, saranno altri i nomi noti o nuovi che sapranno mettersi in evidenza al Vallone di Biasca, come il gi\u00e0 plurititolato Angelella oppure Tajana, Barandun, Torino-Imberti, Erdmann o Oberti, solo per citare alcuni dei protagonisti degli ultimi Campionati svizzeri, ma anche i molti giovani che lotteranno sia per i titoli assoluti, sia per quelli delle categorie U20 maschili e femminili. Citiamo per esempio i tre U20 e U23 che hanno vestito in questo 2023 la maglia della selezione svizzera in alcuni eventi internazionali: Ma\u00ebva Tahou (Europei U23, 100 ostacoli), Giada Borin (Europei U20, disco) o Noah Crescini (Festival olimpico della giovent\u00f9 europea, 400 metri), ma anche chi vi \u00e8 arrivato molto vicino o chi, con impegno e allenamenti, \u00e8 riuscito ad ottenere il limite minimo richiesto per partecipare all\u2019importante evento cantonale.<\/p>\n<p>Dopo la due giorni di Biasca di venerd\u00ec 25 e sabato 26 agosto, in settembre, oltre al Gal\u00e0 dei Castelli tra Locarno e Bellinzona (3-4 settembre), ci saranno poi altri importanti eventi del calendario FTAL, con anche altri titoli e medaglie in palio: il 13 il meeting Capriaschese con i Campionati ticinesi staffetta olimpionica, il 16 il Meeting internazionale master citta di Bellinzona (valido anche come Campionato svizzero master per 12 discipline), il 17 il BancaStato Grand prix FTAL 2 a Locarno e quindi il meeting Arge Alp (selezione Ticino attivi) il 23-24 settembre a Bressanone e i Campionati ticinesi giovanili il 30 settembre a Bellinzona (GAB).<\/p>\n<p>Orario, liste di partenza, informazioni e dettagli su <a href=\"http:\/\/www.ftal.ch\/\">www.ftal.ch<\/a> e su <a href=\"https:\/\/slv.laportal.net\/Competitions\/Details\/10921\">https:\/\/slv.laportal.net\/Competitions\/Details\/10921.<\/a><\/p>\n<blockquote>\n<p><strong>FTAL\/elista<\/strong><\/p>\n<\/blockquote>\n","protected":false},"excerpt":{"rendered":"<p>Nel fine settimana ci sar\u00e0 la massima rassegna atletica cantonale. il Vallone di Biasca ospiter\u00e0 i campionati ticinesi assoluti l&#8217;USC sar\u00e0 presente con sei ragazze che proveranno a cogliere l&#8217;exploit.\u00a0 In pista scenderanno Matilda Federica e Lea mentre nei lancio avremo Lara, Morena e Kora.\u00a0 Venerd\u00ec in serata \u00a0sar\u00e0 Kora ad inaugurare le danze nella pedana del getto del Peso alle 19.15. Matilda correr\u00e0 i 200 m alle 20.30 m cercare un posto in finale&#8230;.<\/p>\n","protected":false},"author":4,"featured_media":16123,"comment_status":"closed","ping_status":"closed","sticky":false,"template":"","format":"standard","meta":{"jetpack_post_was_ever_published":false,"_jetpack_newsletter_access":"","_jetpack_dont_email_post_to_subs":false,"_jetpack_newsletter_tier_id":0,"_jetpack_memberships_contains_paywalled_content":false,"_jetpack_memberships_contains_paid_content":false,"footnotes":"","jetpack_publicize_message":"","jetpack_publicize_feature_enabled":true,"jetpack_social_post_already_shared":true,"jetpack_social_options":{"image_generator_settings":{"template":"highway","default_image_id":0,"font":"","enabled":false},"version":2}},"categories":[4,9],"tags":[],"class_list":["post-17859","post","type-post","status-publish","format-standard","has-post-thumbnail","hentry","category-pista","category-sport"],"jetpack_publicize_connections":[],"jetpack_featured_media_url":"https:\/\/i0.wp.com\/uscatletica.ch\/wp\/wp-content\/uploads\/2022\/10\/220110podiogiave.jpg?fit=324%2C432&ssl=1","jetpack_sharing_enabled":true,"jetpack_shortlink":"https:\/\/wp.me\/p6V7Ck-4E3","jetpack-related-posts":[{"id":13515,"url":"https:\/\/uscatletica.ch\/wp\/?p=13515","url_meta":{"origin":17859,"position":0},"title":"Locarno Giornico Sagno chiude la pista con i CT Giovanili partono le staffette","author":"Leonida Stampanoni","date":"1 Ottobre 2021","format":false,"excerpt":"A due anni di distanza torna un classico fine settimana autunnale carico di impegni agonistici per l'USC. Al Lido di Locarno saranno una quindicina le presenze USC ai campionati ticinesi giovanili ultimo appuntamento FTAL su suolo cantonale. Tra i favoriti possiamo citare Matilda, Lara S, Pietro, Morena. \u00a0I Podisti faranno\u2026","rel":"","context":"In &quot;Pista&quot;","block_context":{"text":"Pista","link":"https:\/\/uscatletica.ch\/wp\/?cat=4"},"img":{"alt_text":"","src":"https:\/\/i0.wp.com\/uscatletica.ch\/wp\/wp-content\/uploads\/2021\/09\/TASSagno20211002-724x1024.jpg?resize=350%2C200&ssl=1","width":350,"height":200,"srcset":"https:\/\/i0.wp.com\/uscatletica.ch\/wp\/wp-content\/uploads\/2021\/09\/TASSagno20211002-724x1024.jpg?resize=350%2C200&ssl=1 1x, https:\/\/i0.wp.com\/uscatletica.ch\/wp\/wp-content\/uploads\/2021\/09\/TASSagno20211002-724x1024.jpg?resize=525%2C300&ssl=1 1.5x"},"classes":[]},{"id":12086,"url":"https:\/\/uscatletica.ch\/wp\/?p=12086","url_meta":{"origin":17859,"position":1},"title":"Giada record Ticinese  U20 a Sarnen e due argenti A Biasca","author":"Leonida Stampanoni","date":"24 Aprile 2021","format":false,"excerpt":"La stagione all\u2019aperto 2021 parte col Botto per gli USCini. Il doppio impegno ci regala immense soddisfazioni. infatti a Sarnen Giada demolisce il primato ticinese U20 nel lancio del disco raggiungendo la quota di 44.13, mentre al Vallone di Biasca le nostre ragazze ottengono ottime prestazioni nelle staffette veloci cogliendo\u2026","rel":"","context":"In &quot;Pista&quot;","block_context":{"text":"Pista","link":"https:\/\/uscatletica.ch\/wp\/?cat=4"},"img":{"alt_text":"","src":"https:\/\/i0.wp.com\/uscatletica.ch\/wp\/wp-content\/uploads\/2021\/04\/P10702624x100medaglie.jpg?resize=350%2C200","width":350,"height":200},"classes":[]},{"id":17869,"url":"https:\/\/uscatletica.ch\/wp\/?p=17869","url_meta":{"origin":17859,"position":2},"title":"Federica e Morena doppia medaglia domenica a Biasca","author":"Leonida Stampanoni","date":"27 Agosto 2023","format":false,"excerpt":"Il pomeriggio conclusivo dei campionati ticinesi assoluti 2023 di Biasca \u00e8 stato segnato fortmente dal maltempo le nostre 4 atlete hanno per\u00f2 saputo distinguersi in pedana Morena ha vinto il bronzo nel giavellotto assicurandosi pure il titolo U20, mentre Federica ha colto l'argento sui 1500 m. Sui 100 m bene\u2026","rel":"","context":"In &quot;Pista&quot;","block_context":{"text":"Pista","link":"https:\/\/uscatletica.ch\/wp\/?cat=4"},"img":{"alt_text":"","src":"https:\/\/i0.wp.com\/uscatletica.ch\/wp\/wp-content\/uploads\/2022\/08\/P1210657fede-1.jpg?fit=324%2C432&ssl=1&resize=350%2C200","width":350,"height":200},"classes":[]},{"id":15207,"url":"https:\/\/uscatletica.ch\/wp\/?p=15207","url_meta":{"origin":17859,"position":3},"title":"Bene le USCine ai CSI brava Giada ad Horw tutti i risultati CSI","author":"Leonida Stampanoni","date":"16 Maggio 2022","format":false,"excerpt":"Nel fine settimana sono scese in pista le nostre ragazze, le U18 con la supervisione di Lorenzo, Marco e Loris \u00a0ed il sostegno di Leila e Tracy \u00a0hanno gareggiato ai CSI di Biasca da dove ancora non sono trapelati i risultati. \u00a0Carolina, Gaia, Lara S, Lea, Martina, Matilda, Morena, Pauline\u2026","rel":"","context":"In &quot;Pista&quot;","block_context":{"text":"Pista","link":"https:\/\/uscatletica.ch\/wp\/?cat=4"},"img":{"alt_text":"","src":"https:\/\/i0.wp.com\/uscatletica.ch\/wp\/wp-content\/uploads\/2022\/05\/CSI20220514.jpg?fit=432%2C323&ssl=1&resize=350%2C200","width":350,"height":200},"classes":[]},{"id":9165,"url":"https:\/\/uscatletica.ch\/wp\/?p=9165","url_meta":{"origin":17859,"position":4},"title":"CAMPIONATI TICINESI U16 U18 23 USCINI ALLA CARICA","author":"Leonida Stampanoni","date":"27 Settembre 2019","format":false,"excerpt":"l Domenica il nuovo stadio comunale di Bellinzona accoglier\u00e0 i campionati ticinesi U16-U18, sotto la direzione del GAB \u00a0ci saranno quasi 200 adolescenti a lottare per i 34 titoli. L'USC con 23 atleti al via sar\u00e0 la seconda societ\u00e0 pi\u00f9 numerosa al via. I nostri atleti Capitanati dalla vice campionessa\u2026","rel":"","context":"In &quot;Pista&quot;","block_context":{"text":"Pista","link":"https:\/\/uscatletica.ch\/wp\/?cat=4"},"img":{"alt_text":"","src":"https:\/\/i0.wp.com\/uscatletica.ch\/wp\/wp-content\/uploads\/2019\/08\/caratschlausc190815.jpg?fit=432%2C324&ssl=1&resize=350%2C200","width":350,"height":200},"classes":[]},{"id":13520,"url":"https:\/\/uscatletica.ch\/wp\/?p=13520","url_meta":{"origin":17859,"position":5},"title":"Locarno Matilda doppio argento Jennis e  Pietro di Bronzo","author":"Leonida Stampanoni","date":"2 Ottobre 2021","format":false,"excerpt":"Una tipica giornata autunnale ha accolto la decina di USCini\/e al Lido di Locarno per le 33 gare deii campionati ticinesi giovanili. La delegazione USC torna in Capriasca con 5 belle medaglie e diverse buone prestazioni, la squadra sia battuta con grinta e determinazione. Matilda ha vinto due argenti nei\u2026","rel":"","context":"In &quot;Pista&quot;","block_context":{"text":"Pista","link":"https:\/\/uscatletica.ch\/wp\/?cat=4"},"img":{"alt_text":"","src":"https:\/\/i0.wp.com\/uscatletica.ch\/wp\/wp-content\/uploads\/2021\/10\/211002ctgiovmr100spod.jpg?fit=432%2C324&ssl=1&resize=350%2C200","width":350,"height":200},"classes":[]}],"_links":{"self":[{"href":"https:\/\/uscatletica.ch\/wp\/index.php?rest_route=\/wp\/v2\/posts\/17859","targetHints":{"allow":["GET"]}}],"collection":[{"href":"https:\/\/uscatletica.ch\/wp\/index.php?rest_route=\/wp\/v2\/posts"}],"about":[{"href":"https:\/\/uscatletica.ch\/wp\/index.php?rest_route=\/wp\/v2\/types\/post"}],"author":[{"embeddable":true,"href":"https:\/\/uscatletica.ch\/wp\/index.php?rest_route=\/wp\/v2\/users\/4"}],"replies":[{"embeddable":true,"href":"https:\/\/uscatletica.ch\/wp\/index.php?rest_route=%2Fwp%2Fv2%2Fcomments&post=17859"}],"version-history":[{"count":2,"href":"https:\/\/uscatletica.ch\/wp\/index.php?rest_route=\/wp\/v2\/posts\/17859\/revisions"}],"predecessor-version":[{"id":17861,"href":"https:\/\/uscatletica.ch\/wp\/index.php?rest_route=\/wp\/v2\/posts\/17859\/revisions\/17861"}],"wp:featuredmedia":[{"embeddable":true,"href":"https:\/\/uscatletica.ch\/wp\/index.php?rest_route=\/wp\/v2\/media\/16123"}],"wp:attachment":[{"href":"https:\/\/uscatletica.ch\/wp\/index.php?rest_route=%2Fwp%2Fv2%2Fmedia&parent=17859"}],"wp:term":[{"taxonomy":"category","embeddable":true,"href":"https:\/\/uscatletica.ch\/wp\/index.php?rest_route=%2Fwp%2Fv2%2Fcategories&post=17859"},{"taxonomy":"post_tag","embeddable":true,"href":"https:\/\/uscatletica.ch\/wp\/index.php?rest_route=%2Fwp%2Fv2%2Ftags&post=17859"}],"curies":[{"name":"wp","href":"https:\/\/api.w.org\/{rel}","templated":true}]}}