{"id":17865,"date":"2023-08-26T10:18:43","date_gmt":"2023-08-26T08:18:43","guid":{"rendered":"https:\/\/uscatletica.ch\/wp\/?p=17865"},"modified":"2023-10-04T12:55:13","modified_gmt":"2023-10-04T10:55:13","slug":"kora-bronzo-e-titolo-u20-nel-getto-del-peso","status":"publish","type":"post","link":"https:\/\/uscatletica.ch\/wp\/?p=17865","title":{"rendered":"Kora bronzo e titolo U20 nel Getto del peso"},"content":{"rendered":"\n<p>La prima giornata dei campionati ticinesi assoluti ha regalato all&#8217;USC l&#8217;argento nel getto del peso nel segno della tradizione \u00a0dopo la lunga serie di medaglie iniziate da C\u00e8line (2016-2019) e Giada (2018-2022). Venerd\u00ec sera \u00e8 arrivato il turno di Kora che ha vinto pure il titolo U20. Matilda invece sfiora la finale dei 200 m. \u00a0Federica si conferma al termine degli 800 m\u00a0<\/p>\n<p><a href=\"https:\/\/slv.laportal.net\/Competitions\/Details\/10921\/2\" target=\"_blank\" rel=\"noopener\">RISULTATI LIVE <\/a><\/p>\n<p>La prima a scendere in pedana \u00e8 Kora che con 7.61 \u00a0si assicura l&#8217;argento ed il titolo U20, la nostra atleta dovr\u00e0 poi pazientare tutta la sera per ricevere la meritata medaglia. Titolo per Maria W\u00fcrz con 9.76 m al maschile vince invece Jan Colombini del GAB titolo U20 per Remo Piffaretti che vince pure il titolo nell&#8217;alto.\u00a0<\/p>\n<p>Le gare in pista si aprono sotto la pioggia con Matilda che corre in 27&#8243;71 arrivando al nono rango a 0&#8243;24 centesimi dalla finale. attendiamo la nostra atleta sabato sui 100 m. Il titolo femminile \u00fc per Petra Crescini con il personale di 25&#8243;58 tra gli uomini Daniele Angelella in 21&#8243;81 precede i giovani rampanti Giovanni Pirolli \u00a0(campione U20)e Noah Crescini.<\/p>\n<p>Splendide le gare negli 800 al femminile Federica dopo un avvio coraggioso \u00a0ai 200 trova il passo e finisce quinta in 2&#8217;27&#8243;06.Sara Salvad\u00e8 vince il titolo in 2&#8217;13&#8243;63. AL maschile il GAB firma la tripletta con il titolo a Siro Gentilini bronzo a parimerito per il campione U20 Eric Huanca Quispe che a soli 14 anni abbatte le barriera dei 2&#8242;.\u00a0<\/p>\n<p>La gara d&#8217;apertura dei 400 m ostacoli di grande livello con il titolo per Mattia Tajana in 51&#8243;97 \u00a0<\/p>\n","protected":false},"excerpt":{"rendered":"<p>La prima giornata dei campionati ticinesi assoluti ha regalato all&#8217;USC l&#8217;argento nel getto del peso nel segno della tradizione \u00a0dopo la lunga serie di medaglie iniziate da C\u00e8line (2016-2019) e Giada (2018-2022). Venerd\u00ec sera \u00e8 arrivato il turno di Kora che ha vinto pure il titolo U20. Matilda invece sfiora la finale dei 200 m. \u00a0Federica si conferma al termine degli 800 m\u00a0 RISULTATI LIVE La prima a scendere in pedana \u00e8 Kora che con&#8230;<\/p>\n","protected":false},"author":4,"featured_media":17867,"comment_status":"closed","ping_status":"closed","sticky":false,"template":"","format":"standard","meta":{"jetpack_post_was_ever_published":false,"_jetpack_newsletter_access":"","_jetpack_dont_email_post_to_subs":false,"_jetpack_newsletter_tier_id":0,"_jetpack_memberships_contains_paywalled_content":false,"_jetpack_memberships_contains_paid_content":false,"footnotes":"","jetpack_publicize_message":"","jetpack_publicize_feature_enabled":true,"jetpack_social_post_already_shared":true,"jetpack_social_options":{"image_generator_settings":{"template":"highway","default_image_id":0,"font":"","enabled":false},"version":2}},"categories":[4,9],"tags":[],"class_list":["post-17865","post","type-post","status-publish","format-standard","has-post-thumbnail","hentry","category-pista","category-sport"],"jetpack_publicize_connections":[],"jetpack_featured_media_url":"https:\/\/i0.wp.com\/uscatletica.ch\/wp\/wp-content\/uploads\/2023\/08\/230825kora.jpg?fit=352%2C284&ssl=1","jetpack_sharing_enabled":true,"jetpack_shortlink":"https:\/\/wp.me\/p6V7Ck-4E9","jetpack-related-posts":[{"id":12086,"url":"https:\/\/uscatletica.ch\/wp\/?p=12086","url_meta":{"origin":17865,"position":0},"title":"Giada record Ticinese  U20 a Sarnen e due argenti A Biasca","author":"Leonida Stampanoni","date":"24 Aprile 2021","format":false,"excerpt":"La stagione all\u2019aperto 2021 parte col Botto per gli USCini. Il doppio impegno ci regala immense soddisfazioni. infatti a Sarnen Giada demolisce il primato ticinese U20 nel lancio del disco raggiungendo la quota di 44.13, mentre al Vallone di Biasca le nostre ragazze ottengono ottime prestazioni nelle staffette veloci cogliendo\u2026","rel":"","context":"In &quot;Pista&quot;","block_context":{"text":"Pista","link":"https:\/\/uscatletica.ch\/wp\/?cat=4"},"img":{"alt_text":"","src":"https:\/\/i0.wp.com\/uscatletica.ch\/wp\/wp-content\/uploads\/2021\/04\/P10702624x100medaglie.jpg?resize=350%2C200","width":350,"height":200},"classes":[]},{"id":17859,"url":"https:\/\/uscatletica.ch\/wp\/?p=17859","url_meta":{"origin":17865,"position":1},"title":"CAMPIONATI TICINESI ASSOLUTI A BIASCA","author":"Leonida Stampanoni","date":"25 Agosto 2023","format":false,"excerpt":"Nel fine settimana ci sar\u00e0 la massima rassegna atletica cantonale. il Vallone di Biasca ospiter\u00e0 i campionati ticinesi assoluti l'USC sar\u00e0 presente con sei ragazze che proveranno a cogliere l'exploit.\u00a0 In pista scenderanno Matilda Federica e Lea mentre nei lancio avremo Lara, Morena e Kora.\u00a0 Venerd\u00ec in serata \u00a0sar\u00e0 Kora\u2026","rel":"","context":"In &quot;Pista&quot;","block_context":{"text":"Pista","link":"https:\/\/uscatletica.ch\/wp\/?cat=4"},"img":{"alt_text":"","src":"https:\/\/i0.wp.com\/uscatletica.ch\/wp\/wp-content\/uploads\/2022\/10\/220110podiogiave.jpg?fit=324%2C432&ssl=1&resize=350%2C200","width":350,"height":200},"classes":[]},{"id":17799,"url":"https:\/\/uscatletica.ch\/wp\/?p=17799","url_meta":{"origin":17865,"position":2},"title":"BENE LE USCINE AL COMUNALE DI BELLINZONA","author":"Leonida Stampanoni","date":"22 Luglio 2023","format":false,"excerpt":"Alla prova generale dei campionati Svizzera di Bellinzona al via si \u00e8 presentato un sestetto di USCine molto motivate. La serata ha offerto gare di ottimo livello con diversi atleti di livello internazionale e diversi ticinesi in gran forma. Nella velocit\u00e0 brillano Matilda(100-400), Lea (100-400), Gaia 400 m Kora \u00a0e\u2026","rel":"","context":"In &quot;Pista&quot;","block_context":{"text":"Pista","link":"https:\/\/uscatletica.ch\/wp\/?cat=4"},"img":{"alt_text":"","src":"https:\/\/i0.wp.com\/uscatletica.ch\/wp\/wp-content\/uploads\/2023\/07\/230722chiarayeni.jpg?fit=432%2C243&ssl=1&resize=350%2C200","width":350,"height":200},"classes":[]},{"id":3592,"url":"https:\/\/uscatletica.ch\/wp\/?p=3592","url_meta":{"origin":17865,"position":3},"title":"CS GIOVANILI INDOOR GRANDE USC ( Classifche, Cross Luzern)","author":"Leonida Stampanoni","date":"11 Febbraio 2017","format":false,"excerpt":"Buon fine settimana per gli USCini ai campionati svizzeri Indoor di San Gallo . Simone sui 400 m sfiora la medaglia in una finale concitata alla fine di un gran gara mancano solo 5 ct al bronzo.Due atleti USC erano impegnati al cross di Luzern \u00a0Rachele ha chiuso al terzo\u2026","rel":"","context":"In &quot;Cross&quot;","block_context":{"text":"Cross","link":"https:\/\/uscatletica.ch\/wp\/?cat=7"},"img":{"alt_text":"","src":"https:\/\/i0.wp.com\/uscatletica.ch\/wp\/wp-content\/uploads\/2016\/09\/P1430671.jpg?fit=563%2C422&ssl=1&resize=350%2C200","width":350,"height":200,"srcset":"https:\/\/i0.wp.com\/uscatletica.ch\/wp\/wp-content\/uploads\/2016\/09\/P1430671.jpg?fit=563%2C422&ssl=1&resize=350%2C200 1x, https:\/\/i0.wp.com\/uscatletica.ch\/wp\/wp-content\/uploads\/2016\/09\/P1430671.jpg?fit=563%2C422&ssl=1&resize=525%2C300 1.5x"},"classes":[]},{"id":9986,"url":"https:\/\/uscatletica.ch\/wp\/?p=9986","url_meta":{"origin":17865,"position":4},"title":"GIADA ARGENTO E PRIMATO TICINESE U20 (aggiornamenti continui)","author":"Leonida Stampanoni","date":"22 Febbraio 2020","format":false,"excerpt":"Ottima giornata per le USCine ai Campionati svizzeri giovanili indoor di Macolin \u00a0Giada vince la medaglia d'argento con il nuovo primato ticinese U20 mentre Matilda si guadagna la finale B sui 60 m con un ottimo 8\"13 \u00a0Nella finale B Matilda corre in 8\"15 per chiudere al 14 rango .\u00a0\u2026","rel":"","context":"In &quot;Pista&quot;","block_context":{"text":"Pista","link":"https:\/\/uscatletica.ch\/wp\/?cat=4"},"img":{"alt_text":"","src":"https:\/\/i0.wp.com\/uscatletica.ch\/wp\/wp-content\/uploads\/2020\/01\/10.jpg?fit=432%2C288&ssl=1&resize=350%2C200","width":350,"height":200},"classes":[]},{"id":10526,"url":"https:\/\/uscatletica.ch\/wp\/?p=10526","url_meta":{"origin":17865,"position":5},"title":"Matilda Vola al comunale","author":"Leonida Stampanoni","date":"24 Giugno 2020","format":false,"excerpt":"Il primo meeting della stagione 2020 ha riservato una gran bella soddisfazione per la nostra giovane sprinter Matilda bene anche Leila \u00a0nella pedana del peso solita vittoria per Giada. Nella Swiss Athletics Junior Challenge buone prestazioni anche a Rivera. Alla sua terza uscita sui 100 m Matilda abbatte la barriera\u2026","rel":"","context":"In &quot;Pista&quot;","block_context":{"text":"Pista","link":"https:\/\/uscatletica.ch\/wp\/?cat=4"},"img":{"alt_text":"","src":"https:\/\/i0.wp.com\/uscatletica.ch\/wp\/wp-content\/uploads\/2019\/05\/rvmatilda190529.jpg?fit=432%2C231&ssl=1&resize=350%2C200","width":350,"height":200},"classes":[]}],"_links":{"self":[{"href":"https:\/\/uscatletica.ch\/wp\/index.php?rest_route=\/wp\/v2\/posts\/17865","targetHints":{"allow":["GET"]}}],"collection":[{"href":"https:\/\/uscatletica.ch\/wp\/index.php?rest_route=\/wp\/v2\/posts"}],"about":[{"href":"https:\/\/uscatletica.ch\/wp\/index.php?rest_route=\/wp\/v2\/types\/post"}],"author":[{"embeddable":true,"href":"https:\/\/uscatletica.ch\/wp\/index.php?rest_route=\/wp\/v2\/users\/4"}],"replies":[{"embeddable":true,"href":"https:\/\/uscatletica.ch\/wp\/index.php?rest_route=%2Fwp%2Fv2%2Fcomments&post=17865"}],"version-history":[{"count":1,"href":"https:\/\/uscatletica.ch\/wp\/index.php?rest_route=\/wp\/v2\/posts\/17865\/revisions"}],"predecessor-version":[{"id":17866,"href":"https:\/\/uscatletica.ch\/wp\/index.php?rest_route=\/wp\/v2\/posts\/17865\/revisions\/17866"}],"wp:featuredmedia":[{"embeddable":true,"href":"https:\/\/uscatletica.ch\/wp\/index.php?rest_route=\/wp\/v2\/media\/17867"}],"wp:attachment":[{"href":"https:\/\/uscatletica.ch\/wp\/index.php?rest_route=%2Fwp%2Fv2%2Fmedia&parent=17865"}],"wp:term":[{"taxonomy":"category","embeddable":true,"href":"https:\/\/uscatletica.ch\/wp\/index.php?rest_route=%2Fwp%2Fv2%2Fcategories&post=17865"},{"taxonomy":"post_tag","embeddable":true,"href":"https:\/\/uscatletica.ch\/wp\/index.php?rest_route=%2Fwp%2Fv2%2Ftags&post=17865"}],"curies":[{"name":"wp","href":"https:\/\/api.w.org\/{rel}","templated":true}]}}