{"id":17927,"date":"2023-08-31T19:00:04","date_gmt":"2023-08-31T17:00:04","guid":{"rendered":"https:\/\/uscatletica.ch\/wp\/?p=17927"},"modified":"2023-09-03T14:38:51","modified_gmt":"2023-09-03T12:38:51","slug":"weltklasse-zurich-live","status":"publish","type":"post","link":"https:\/\/uscatletica.ch\/wp\/?p=17927","title":{"rendered":"Weltklasse Zurich live"},"content":{"rendered":"\n<p>In diretta dal Letzigrund gli aggiornamenti della seconda tappa Svizzera della Diamond League Weltklasse Z\u00fcrich. Un avvicinamento ideale in vista del Gal\u00e0 dei Castelli che domenica e luned\u00ec porter\u00e0 il meglio dell&#8217;atletica mondiale in Ticino.\u00a0<\/p>\n<p><span style=\"color: #ff0000;\">Mitiadis Tentoglu piazza la zampata finale con 8.20 per aggiudicarsi il salto in lungo in pista volano i campioni del mondo Danielle Williams 12&#8243;53 sui 100 m ostacoli con il12.72 \u00a0di Ditaji Kambundji . Sui 200 m Noah Lyles doma gli avversari in 12&#8243;80 quattro sotto i venti Erryon Knighton, Zharnel Hughes, Kenneth Bendarek. William Reais chiude in 20&#8243;66<\/span><\/p>\n<p><span style=\"color: #99cc00;\">Jonas Raess all&#8217;attacco del primato svizzero de Markus Ryffel. La vittoria in solitaria \u00a0\u00e8 per Yomif Kejelcha in 12&#8217;46&#8243;91 dopo una decisa accelerazione dopo i 3000 m, Dominic Lobalu termina in 13&#8217;07&#8243;22 mentre Raess in 13&#8217;24&#8243;24<\/span><\/p>\n<p><span style=\"color: #333333;\">Nei 200 m piacevole sorpresa con Mujinga Kambundji che si presenta al via vince la campionessa del mondo Shericka Jackson 21&#8243;82 \u00a0bene la nostra primatista nazionale in 22&#8243;46.\u00a0<\/span><\/p>\n<p><span style=\"color: #333333;\">Negli 800 m femminile vinti da Laura Muir le due svizzere con due tattiche completamente opposte chiudono quasi appaiate; la giovane Werro correndo in testa chiude in 1&#8217;59&#8243;50 resistendo alla volata di Lore Hoffmann 2&#8217;00&#8243;09 . \u00a0 Duplantis sorvola i 6.00 m nell&#8217;asta e si prepara all&#8217;attacco del primato mondiale .<\/span><\/p>\n<p><span style=\"color: #333333;\">In pedana Duplantis e Kendricks sorvolano 5.95 m, nel Lungo Simon Ehammer \u00e8 quarto . Ehammer con 7.93 scivola a quinto rango dopo tre tentativi.\u00a0<\/span><\/p>\n<p><span style=\"color: #333333;\">In pista gran bel 1500 con Josh Kerr che dopo aver inseguito il primato britannico cede solo all&#8217;ultimo metro a Jared Nuguse 3&#8217;30&#8243;49 \u00a0a 3&#8217;30&#8243;51<\/span><\/p>\n<p><span style=\"color: #333333;\">Nelle pedane nulli per Mondo Duplantis 5.85 asta e Loic Gasch 2.28 alto Duplantis si riscatta \u00a0Loic Gasch chiude la carriera \u00a0con un settimo posto nel catino bollente del Letzigrund.\u00a0<\/span><\/p>\n<p>La Diamond League inizia con una grande sorpresa Kyron McMaster 47&#8243;27 brucia sul filo di lana il campione del mondo e primatista mondiale Karsten Warholm 47&#8243;30 terzo Alison Dos Santos che ritroveremo a Bellinzona\u00a0<\/p>\n<p>Jason Joseph chiude il programma pre DiamondLeague. Il finalista mondiale e campione europeo indoor infiamma il Letzigrund con il nuovo primato nazionale \u00a013&#8243;08 che vale anche la vittoria, 13&#8243;77 per il decathleta Finley Gaio.\u00a0<\/p>\n<p>Marcel Hug vince la gara dei 1500 m in carrozzina in 3&#8217;08&#8243;45, Al femminile la nuova stella rossocrociata Katherine Debrunner \u00a0sconfitta al fotofinish dalla Britannica Semmi Kinghorn 3&#8217;23&#8243;57.<\/p>\n<p>Ricky Petrucciani chiude la gara al sesto rango in 46&#8217;66 vittoria per il norvegese Ingvaldsen 45&#8243;28 \u00a0su Davide Re 45.49. Quarto il campione svizzero Lionel Spitz 45.83<\/p>\n<p>Nelle serie nazionali dei 100 m vince Isabel Posch 11&#8243;57. La svizzera Geraldine Frey vince la seconda in 11&#8243;25 terza Melissa Gutschmidt 11&#8243;39 Salom\u00e8 Kora 11&#8243;42<\/p>\n<p>Sui 400m della serie nazionale \u00a0vince la campionessa olimpica e mondiale Shaunae Miller Uibo su Annina Fahr .\u00a0<\/p>\n<p>Le prime gare sono in corso Yulimar Rojas \u00a0ha gi\u00e0 timbrato i 15.00 metri nel triplo. Nel primo salto di finale la primatista del mondo venezuelana vola a 15.15 stessa misura del primo salto della finale a tre. \u00a0Vittoria finale per Yulimar Rojas<\/p>\n<p>In pista Tiziana Rosamilia \u00a0settima nella gara ad inseguimento del MilLe Gruy\u00e8re \u00e8 la prima ticinese che calca il palco del Weltklasse. Prima Aimie Decrausaz sul fenomeno giovanile Fiona von Fl\u00fce. Al maschile vince Noah Collioud<\/p>\n<p>\u00a0<\/p>\n<p>\u00a0<\/p>\n<p>\u00a0<\/p>\n<p>\u00a0<\/p>\n<p>\u00a0<\/p>\n<p>\u00a0<\/p>\n<p>\u00a0<\/p>\n<p>\u00a0<\/p>\n<p>\u00a0<\/p>\n<p>\u00a0<\/p>\n","protected":false},"excerpt":{"rendered":"<p>In diretta dal Letzigrund gli aggiornamenti della seconda tappa Svizzera della Diamond League Weltklasse Z\u00fcrich. Un avvicinamento ideale in vista del Gal\u00e0 dei Castelli che domenica e luned\u00ec porter\u00e0 il meglio dell&#8217;atletica mondiale in Ticino.\u00a0 Mitiadis Tentoglu piazza la zampata finale con 8.20 per aggiudicarsi il salto in lungo in pista volano i campioni del mondo Danielle Williams 12&#8243;53 sui 100 m ostacoli con il12.72 \u00a0di Ditaji Kambundji . Sui 200 m Noah Lyles doma&#8230;<\/p>\n","protected":false},"author":4,"featured_media":2741,"comment_status":"closed","ping_status":"closed","sticky":false,"template":"","format":"standard","meta":{"jetpack_post_was_ever_published":false,"_jetpack_newsletter_access":"","_jetpack_dont_email_post_to_subs":false,"_jetpack_newsletter_tier_id":0,"_jetpack_memberships_contains_paywalled_content":false,"_jetpack_memberships_contains_paid_content":false,"footnotes":"","jetpack_publicize_message":"","jetpack_publicize_feature_enabled":true,"jetpack_social_post_already_shared":true,"jetpack_social_options":{"image_generator_settings":{"template":"highway","default_image_id":0,"font":"","enabled":false},"version":2}},"categories":[6],"tags":[],"class_list":["post-17927","post","type-post","status-publish","format-standard","has-post-thumbnail","hentry","category-non-catalogato"],"jetpack_publicize_connections":[],"jetpack_featured_media_url":"https:\/\/i0.wp.com\/uscatletica.ch\/wp\/wp-content\/uploads\/2016\/09\/20160903_112600-e1472936223978.jpg?fit=640%2C360&ssl=1","jetpack_sharing_enabled":true,"jetpack_shortlink":"https:\/\/wp.me\/p6V7Ck-4F9","jetpack-related-posts":[{"id":8865,"url":"https:\/\/uscatletica.ch\/wp\/?p=8865","url_meta":{"origin":17927,"position":0},"title":"Gli USCini dalla KIDS CUP al Gal\u00e0 dei Castelli","author":"Leonida Stampanoni","date":"31 Agosto 2019","format":false,"excerpt":"l'ultimo fine settimana di Vacanza \u00e8 sinonimo di grande atletica giovedi sera il Weltklasse ha portato in svizzera il meglio dell'atletica mondiale, sabato alcuni dei protagonisti saranno con Chiara alla sue ultima finale della UBS KIDS CUP. Domenica la grande atletica sbarcher\u00e0 in Ticino con l'inaugurazione del nuovo comunale in\u2026","rel":"","context":"In &quot;Montagna&quot;","block_context":{"text":"Montagna","link":"https:\/\/uscatletica.ch\/wp\/?cat=16"},"img":{"alt_text":"","src":"https:\/\/i0.wp.com\/uscatletica.ch\/wp\/wp-content\/uploads\/2018\/08\/chiarakidscup.jpg?fit=423%2C297&ssl=1&resize=350%2C200","width":350,"height":200},"classes":[]},{"id":4787,"url":"https:\/\/uscatletica.ch\/wp\/?p=4787","url_meta":{"origin":17927,"position":1},"title":"UBS KIDS CUP Chiara Vince","author":"Leonida Stampanoni","date":"26 Agosto 2017","format":false,"excerpt":"Splendida giornata alla finale nazionale della Kids Cup al Letzigrund di Zurich addobbato a con le atterzzature del Weltklasse Zurich partecipazione da primato per l'USC con tre atleti. Chiara ha confermato la vittoria nella categoria special Olympics \u00a0con 11\"06 nei 60 m 23.90 m nella pallina e 2.84 nel lungo.\u2026","rel":"","context":"In &quot;Pista&quot;","block_context":{"text":"Pista","link":"https:\/\/uscatletica.ch\/wp\/?cat=4"},"img":{"alt_text":"","src":"https:\/\/i0.wp.com\/uscatletica.ch\/wp\/wp-content\/uploads\/2017\/06\/chiararoma2.jpg?fit=563%2C317&ssl=1&resize=350%2C200","width":350,"height":200,"srcset":"https:\/\/i0.wp.com\/uscatletica.ch\/wp\/wp-content\/uploads\/2017\/06\/chiararoma2.jpg?fit=563%2C317&ssl=1&resize=350%2C200 1x, https:\/\/i0.wp.com\/uscatletica.ch\/wp\/wp-content\/uploads\/2017\/06\/chiararoma2.jpg?fit=563%2C317&ssl=1&resize=525%2C300 1.5x"},"classes":[]},{"id":4350,"url":"https:\/\/uscatletica.ch\/wp\/?p=4350","url_meta":{"origin":17927,"position":2},"title":"KIDS CUP Ottimi USCini Morena vola alla finale del Letzigrund (Video 60 m Rassegna Stampa)","author":"Leonida Stampanoni","date":"28 Maggio 2017","format":false,"excerpt":"L'atletica svizzera ha vissuto una fine settimana storico con 4 nuovi primati svizzeri assoluti migliorati da Alex Wilson (100,200) e G\u00e9raldine Ruckstuhl (eptathlon e giavellotto), Il Ticino che ha avuto da Ajla Del Ponte il suo primato cantonale sui 200 m celebrava invece la festa dell'atletica giovanili con la finale\u2026","rel":"","context":"In &quot;Pista&quot;","block_context":{"text":"Pista","link":"https:\/\/uscatletica.ch\/wp\/?cat=4"},"img":{"alt_text":"","src":"https:\/\/i0.wp.com\/uscatletica.ch\/wp\/wp-content\/uploads\/2017\/05\/P1470012.jpg?fit=563%2C422&ssl=1&resize=350%2C200","width":350,"height":200,"srcset":"https:\/\/i0.wp.com\/uscatletica.ch\/wp\/wp-content\/uploads\/2017\/05\/P1470012.jpg?fit=563%2C422&ssl=1&resize=350%2C200 1x, https:\/\/i0.wp.com\/uscatletica.ch\/wp\/wp-content\/uploads\/2017\/05\/P1470012.jpg?fit=563%2C422&ssl=1&resize=525%2C300 1.5x"},"classes":[]},{"id":2722,"url":"https:\/\/uscatletica.ch\/wp\/?p=2722","url_meta":{"origin":17927,"position":3},"title":"Dal Letzi all&#8217;Arena Sportiva di Capriasca (Orari Letzigrund Morena Chiara)","author":"Leonida Stampanoni","date":"2 Settembre 2016","format":false,"excerpt":"Sabato Morena e Chiara torneranno a calcare\u00a0\u00a0 le piste del Letzigrund in occasione della Finale Svizzera\u00a0\u00a0UBS KIDS CUP.potranno cos\u00ec gustarsi la magica atmosfera del Weltklasse. All'arena Sportiva di Capriasca \u00a0ospiteremo la decima edizione del Meeting Capriasschese a partire dalle 16.00. Per il gran finale in palio ci saranno i titoli\u2026","rel":"","context":"In &quot;Pista&quot;","block_context":{"text":"Pista","link":"https:\/\/uscatletica.ch\/wp\/?cat=4"},"img":{"alt_text":"","src":"https:\/\/i0.wp.com\/uscatletica.ch\/wp\/wp-content\/uploads\/2016\/08\/ct4x100.jpg?fit=561%2C371&ssl=1&resize=350%2C200","width":350,"height":200,"srcset":"https:\/\/i0.wp.com\/uscatletica.ch\/wp\/wp-content\/uploads\/2016\/08\/ct4x100.jpg?fit=561%2C371&ssl=1&resize=350%2C200 1x, https:\/\/i0.wp.com\/uscatletica.ch\/wp\/wp-content\/uploads\/2016\/08\/ct4x100.jpg?fit=561%2C371&ssl=1&resize=525%2C300 1.5x"},"classes":[]},{"id":21121,"url":"https:\/\/uscatletica.ch\/wp\/?p=21121","url_meta":{"origin":17927,"position":4},"title":"Lo spirito di Squadra per i campionati svizzeri del fine settimana","author":"Leonida Stampanoni","date":"30 Agosto 2025","format":false,"excerpt":"L'ultimo fine settimana di agosto sar\u00e0 dedicato ai campionati svizzeri con lo spirito di squadra a farla da padrone. Sabato a Martigny in pedana saranno gli specialisti delle discipline tecniche con i campionati svizzeri Team, nel triplo ci sar\u00e0 la Comunit\u00e0 atletica Sottoceneri con al via la nostra Marta.\u00a0 Domenica\u2026","rel":"","context":"In &quot;Pista&quot;","block_context":{"text":"Pista","link":"https:\/\/uscatletica.ch\/wp\/?cat=4"},"img":{"alt_text":"","src":"https:\/\/i0.wp.com\/uscatletica.ch\/wp\/wp-content\/uploads\/2024\/09\/202409084x400mx.jpeg?fit=1200%2C900&ssl=1&resize=350%2C200","width":350,"height":200,"srcset":"https:\/\/i0.wp.com\/uscatletica.ch\/wp\/wp-content\/uploads\/2024\/09\/202409084x400mx.jpeg?fit=1200%2C900&ssl=1&resize=350%2C200 1x, https:\/\/i0.wp.com\/uscatletica.ch\/wp\/wp-content\/uploads\/2024\/09\/202409084x400mx.jpeg?fit=1200%2C900&ssl=1&resize=525%2C300 1.5x, https:\/\/i0.wp.com\/uscatletica.ch\/wp\/wp-content\/uploads\/2024\/09\/202409084x400mx.jpeg?fit=1200%2C900&ssl=1&resize=700%2C400 2x, https:\/\/i0.wp.com\/uscatletica.ch\/wp\/wp-content\/uploads\/2024\/09\/202409084x400mx.jpeg?fit=1200%2C900&ssl=1&resize=1050%2C600 3x"},"classes":[]},{"id":12891,"url":"https:\/\/uscatletica.ch\/wp\/?p=12891","url_meta":{"origin":17927,"position":5},"title":"CAMPIONATI SVIZZERI GIADA  BRONZO e PRIMATO TICINESE U20, ROBY PERSONALE","author":"Leonida Stampanoni","date":"27 Giugno 2021","format":false,"excerpt":"Nella prima spumeggiante giornata dei campionati svizzeri assoluti allo stadio Hard di Langenthal. Ottima prestazione di Roby nel 5000 m \u00a0con il personale che lo porta a soli due secondi dai primi dieci risultati di sempre in Ticino. La serata \u00e8 stata illuminata dalla storica finale dei 100 m femminili\u2026","rel":"","context":"In &quot;Pista&quot;","block_context":{"text":"Pista","link":"https:\/\/uscatletica.ch\/wp\/?cat=4"},"img":{"alt_text":"","src":"https:\/\/i0.wp.com\/uscatletica.ch\/wp\/wp-content\/uploads\/2021\/06\/GIADAPODIOCS21B.jpg?fit=640%2C480&ssl=1&resize=350%2C200","width":350,"height":200,"srcset":"https:\/\/i0.wp.com\/uscatletica.ch\/wp\/wp-content\/uploads\/2021\/06\/GIADAPODIOCS21B.jpg?fit=640%2C480&ssl=1&resize=350%2C200 1x, https:\/\/i0.wp.com\/uscatletica.ch\/wp\/wp-content\/uploads\/2021\/06\/GIADAPODIOCS21B.jpg?fit=640%2C480&ssl=1&resize=525%2C300 1.5x"},"classes":[]}],"_links":{"self":[{"href":"https:\/\/uscatletica.ch\/wp\/index.php?rest_route=\/wp\/v2\/posts\/17927","targetHints":{"allow":["GET"]}}],"collection":[{"href":"https:\/\/uscatletica.ch\/wp\/index.php?rest_route=\/wp\/v2\/posts"}],"about":[{"href":"https:\/\/uscatletica.ch\/wp\/index.php?rest_route=\/wp\/v2\/types\/post"}],"author":[{"embeddable":true,"href":"https:\/\/uscatletica.ch\/wp\/index.php?rest_route=\/wp\/v2\/users\/4"}],"replies":[{"embeddable":true,"href":"https:\/\/uscatletica.ch\/wp\/index.php?rest_route=%2Fwp%2Fv2%2Fcomments&post=17927"}],"version-history":[{"count":19,"href":"https:\/\/uscatletica.ch\/wp\/index.php?rest_route=\/wp\/v2\/posts\/17927\/revisions"}],"predecessor-version":[{"id":17961,"href":"https:\/\/uscatletica.ch\/wp\/index.php?rest_route=\/wp\/v2\/posts\/17927\/revisions\/17961"}],"wp:featuredmedia":[{"embeddable":true,"href":"https:\/\/uscatletica.ch\/wp\/index.php?rest_route=\/wp\/v2\/media\/2741"}],"wp:attachment":[{"href":"https:\/\/uscatletica.ch\/wp\/index.php?rest_route=%2Fwp%2Fv2%2Fmedia&parent=17927"}],"wp:term":[{"taxonomy":"category","embeddable":true,"href":"https:\/\/uscatletica.ch\/wp\/index.php?rest_route=%2Fwp%2Fv2%2Fcategories&post=17927"},{"taxonomy":"post_tag","embeddable":true,"href":"https:\/\/uscatletica.ch\/wp\/index.php?rest_route=%2Fwp%2Fv2%2Ftags&post=17927"}],"curies":[{"name":"wp","href":"https:\/\/api.w.org\/{rel}","templated":true}]}}