{"id":17964,"date":"2023-09-02T09:38:55","date_gmt":"2023-09-02T07:38:55","guid":{"rendered":"https:\/\/uscatletica.ch\/wp\/?p=17964"},"modified":"2023-09-03T11:55:07","modified_gmt":"2023-09-03T09:55:07","slug":"dai-cs-di-staffette-al-gala-dei-castelli-passando-dalla-stramassagno","status":"publish","type":"post","link":"https:\/\/uscatletica.ch\/wp\/?p=17964","title":{"rendered":"Dai CS di Staffette al Gal\u00e0 dei Castelli passando dalla Stramassagno"},"content":{"rendered":"\n<p>Fine settimana intenso per l&#8217;USC pur senza nessun presente alla finale nazionale del UBS Kids Cup al Letzigrund le maglie USC avranno diverse occasioni di brillare domenica la prima uscita in grande stile della comunit\u00e0 atletica sottoceneri che porter\u00e0 ben cinque squadre ai campionati svizzeri di staffetta l&#8217;USC sar\u00e0 al via nella 3&#215;1000 U16m con No\u00e9 mentre Federica e Matilda comporranno l&#8217;ossatura dell&#8217;olimpionica U20 Alice sar\u00e0 al via nella 5&#215;80 m\u00a0 U16. Domenica si correr\u00e0 anche per la Coppa ASTi BancaStato podismo e giovanile con la classica Stramassagno con le nostre giovani leve in piena corsa nelle rispettive classifiche, il circuito ASTi far\u00e0 poi tappa all&#8217;Arena sportiva di Capriasca mercoled\u00ec 6 settembre. \u00a0Il fine settimana si prolungher\u00e0 fino a luned\u00ec con il maggior evento sportivo ticinese il Gal\u00e0 dei Castelli accanto alle grandi stelle dell&#8217;atletica mondiale ci saranno anche tre USCini Matilda nei 100 m mentre sui 600 m gareggeranno No\u00e9 ed Eliott. Giada purtroppo infortunata si era qualificata con la comunit\u00e0 atletica ai campionati svizzeri di Team \u00a0nel lancio del Disco in programma oggi.\u00a0<\/p>\n<p><a href=\"https:\/\/slv.laportal.net\/Competitions\/Details\/10943\" target=\"_blank\" rel=\"noopener\">Live dei CS Staffette<\/a>\u00a0<a href=\"https:\/\/www.endu.net\/it\/events\/cross-sam-massagno-2\/results\">Stramassagno Su Endu <\/a>\u00a0<a href=\"https:\/\/slv.laportal.net\/Competitions\/Details\/10981\" target=\"_blank\" rel=\"noopener\">Gal\u00e0 dei Castelli<\/a> \u00a0 \u00a0 \u00a0 \u00a0 \u00a0 \u00a0 \u00a0 \u00a0 \u00a0 \u00a0 \u00a0 \u00a0 \u00a0 \u00a0 \u00a0 \u00a0\u00a0\u00a0<\/p>\n<p>\u00a0<\/p>\n<p>\u00a0<\/p>\n","protected":false},"excerpt":{"rendered":"<p>Fine settimana intenso per l&#8217;USC pur senza nessun presente alla finale nazionale del UBS Kids Cup al Letzigrund le maglie USC avranno diverse occasioni di brillare domenica la prima uscita in grande stile della comunit\u00e0 atletica sottoceneri che porter\u00e0 ben cinque squadre ai campionati svizzeri di staffetta l&#8217;USC sar\u00e0 al via nella 3&#215;1000 U16m con No\u00e9 mentre Federica e Matilda comporranno l&#8217;ossatura dell&#8217;olimpionica U20 Alice sar\u00e0 al via nella 5&#215;80 m\u00a0 U16. Domenica si correr\u00e0&#8230;<\/p>\n","protected":false},"author":4,"featured_media":13075,"comment_status":"closed","ping_status":"closed","sticky":false,"template":"","format":"standard","meta":{"jetpack_post_was_ever_published":false,"_jetpack_newsletter_access":"","_jetpack_dont_email_post_to_subs":false,"_jetpack_newsletter_tier_id":0,"_jetpack_memberships_contains_paywalled_content":false,"_jetpack_memberships_contains_paid_content":false,"footnotes":"","jetpack_publicize_message":"","jetpack_publicize_feature_enabled":true,"jetpack_social_post_already_shared":true,"jetpack_social_options":{"image_generator_settings":{"template":"highway","default_image_id":0,"font":"","enabled":false},"version":2}},"categories":[4,5,9],"tags":[],"class_list":["post-17964","post","type-post","status-publish","format-standard","has-post-thumbnail","hentry","category-pista","category-podismo","category-sport"],"jetpack_publicize_connections":[],"jetpack_featured_media_url":"https:\/\/i0.wp.com\/uscatletica.ch\/wp\/wp-content\/uploads\/2021\/08\/4x100210821.jpeg?fit=432%2C324&ssl=1","jetpack_sharing_enabled":true,"jetpack_shortlink":"https:\/\/wp.me\/p6V7Ck-4FK","jetpack-related-posts":[{"id":8291,"url":"https:\/\/uscatletica.ch\/wp\/?p=8291","url_meta":{"origin":17964,"position":0},"title":"ASTi  USCini in strada tra Massagno e Ligornetto","author":"Leonida Stampanoni","date":"1 Giugno 2019","format":false,"excerpt":"Doppio appuntamento per il calendario ASTi nel fine settimana a Ligornetto si correva la 63 edizione della Staffetta Vigor con solo una ventina di atleti USC al via ed un podio per le attive. La coppa ASTi podismo e giovanili erano invece di scena alla Stramassagno. Roby ha vinto la\u2026","rel":"","context":"In &quot;Podismo&quot;","block_context":{"text":"Podismo","link":"https:\/\/uscatletica.ch\/wp\/?cat=5"},"img":{"alt_text":"","src":"","width":0,"height":0},"classes":[]},{"id":21187,"url":"https:\/\/uscatletica.ch\/wp\/?p=21187","url_meta":{"origin":17964,"position":1},"title":"Nel fine settimana i Campionati Ticinesi assoluti la Stramassagno ed il cronovertical","author":"Leonida Stampanoni","date":"5 Settembre 2025","format":false,"excerpt":"Nel primo settimana di settembre tre gli appuntamenti in programma nel panorama ticinese. L'appuntamento principale saranno i campionati ticinesi assoluti al Lido di Locarno con ben \u00a0cinque USCine al via Marta sar\u00e0 tra le favorite nei salti alto, lungo e triplo dove trover\u00e0 anche Lana. Nel Disco ci sar\u00e0 Romina\u2026","rel":"","context":"In &quot;Montagna&quot;","block_context":{"text":"Montagna","link":"https:\/\/uscatletica.ch\/wp\/?cat=16"},"img":{"alt_text":"","src":"https:\/\/i0.wp.com\/uscatletica.ch\/wp\/wp-content\/uploads\/2024\/09\/20240915mamuctaspodio.jpg?fit=432%2C369&ssl=1&resize=350%2C200","width":350,"height":200},"classes":[]},{"id":13188,"url":"https:\/\/uscatletica.ch\/wp\/?p=13188","url_meta":{"origin":17964,"position":2},"title":"Fine settimana da Massagno ai campionati svizzeri giovanili","author":"Leonida Stampanoni","date":"2 Settembre 2021","format":false,"excerpt":"Fine settimana intenso per l'USC \u00a0che sar\u00e0 impegnata su pi\u00f9 fronti \u00a0Venerd\u00ec sera alla Stramassagno in palio ci saranno i primi titoli di campione ASTi, mentre nel fine settimana ci saranno i campionati svizzeri giovanili \u00a0tra Winterthur e Nottwil sei atlete ed atleti USC saranno in pista con ambizioni di\u2026","rel":"","context":"In &quot;Non catalogato&quot;","block_context":{"text":"Non catalogato","link":"https:\/\/uscatletica.ch\/wp\/?cat=6"},"img":{"alt_text":"","src":"https:\/\/i0.wp.com\/uscatletica.ch\/wp\/wp-content\/uploads\/2021\/06\/GIADAPODIOCS21.jpg?fit=640%2C480&ssl=1&resize=350%2C200","width":350,"height":200,"srcset":"https:\/\/i0.wp.com\/uscatletica.ch\/wp\/wp-content\/uploads\/2021\/06\/GIADAPODIOCS21.jpg?fit=640%2C480&ssl=1&resize=350%2C200 1x, https:\/\/i0.wp.com\/uscatletica.ch\/wp\/wp-content\/uploads\/2021\/06\/GIADAPODIOCS21.jpg?fit=640%2C480&ssl=1&resize=525%2C300 1.5x"},"classes":[]},{"id":14189,"url":"https:\/\/uscatletica.ch\/wp\/?p=14189","url_meta":{"origin":17964,"position":3},"title":"Le prime novit\u00e0 ASTi per il 2022","author":"Stampa E","date":"25 Gennaio 2022","format":false,"excerpt":"In attesa degli ultimi cross del 2022, ecco le prime novit\u00e0 ASTi per il 2022 --- 2 gare USC valide per la Coppa ASTi di podismo nella stagione 2022: - Giro podistico di Stabio - Stralosone - BancaStato Comano Run - Gran Premio Rossa - SanBeRun - StraMassagno - StraLugano\u2026","rel":"","context":"In &quot;I nostri appuntamenti&quot;","block_context":{"text":"I nostri appuntamenti","link":"https:\/\/uscatletica.ch\/wp\/?cat=12"},"img":{"alt_text":"","src":"https:\/\/i0.wp.com\/uscatletica.ch\/wp\/wp-content\/uploads\/2021\/04\/CalAsti21.jpg?fit=1079%2C749&ssl=1&resize=350%2C200","width":350,"height":200,"srcset":"https:\/\/i0.wp.com\/uscatletica.ch\/wp\/wp-content\/uploads\/2021\/04\/CalAsti21.jpg?fit=1079%2C749&ssl=1&resize=350%2C200 1x, https:\/\/i0.wp.com\/uscatletica.ch\/wp\/wp-content\/uploads\/2021\/04\/CalAsti21.jpg?fit=1079%2C749&ssl=1&resize=525%2C300 1.5x, https:\/\/i0.wp.com\/uscatletica.ch\/wp\/wp-content\/uploads\/2021\/04\/CalAsti21.jpg?fit=1079%2C749&ssl=1&resize=700%2C400 2x, https:\/\/i0.wp.com\/uscatletica.ch\/wp\/wp-content\/uploads\/2021\/04\/CalAsti21.jpg?fit=1079%2C749&ssl=1&resize=1050%2C600 3x"},"classes":[]},{"id":15835,"url":"https:\/\/uscatletica.ch\/wp\/?p=15835","url_meta":{"origin":17964,"position":4},"title":"Stramassagno e Locarno: USC in evidenza","author":"Leonida Stampanoni","date":"3 Settembre 2022","format":false,"excerpt":"La prima gara \"autunnale\" della Coppa ASTi BancaStato giovanile ha regalato all'USC un buon numero di podi e di buoni risultati. Alla Stramassagno erano una decina i giovani USC al via, con la tripletta nelle U16, la doppietta delle U14, la vittoria di No\u00e8 e il secondo posto per Dalia.\u2026","rel":"","context":"In &quot;Podismo&quot;","block_context":{"text":"Podismo","link":"https:\/\/uscatletica.ch\/wp\/?cat=5"},"img":{"alt_text":"","src":"https:\/\/i0.wp.com\/uscatletica.ch\/wp\/wp-content\/uploads\/2022\/09\/podioutti220903.jpg?fit=432%2C324&ssl=1&resize=350%2C200","width":350,"height":200},"classes":[]},{"id":13515,"url":"https:\/\/uscatletica.ch\/wp\/?p=13515","url_meta":{"origin":17964,"position":5},"title":"Locarno Giornico Sagno chiude la pista con i CT Giovanili partono le staffette","author":"Leonida Stampanoni","date":"1 Ottobre 2021","format":false,"excerpt":"A due anni di distanza torna un classico fine settimana autunnale carico di impegni agonistici per l'USC. Al Lido di Locarno saranno una quindicina le presenze USC ai campionati ticinesi giovanili ultimo appuntamento FTAL su suolo cantonale. Tra i favoriti possiamo citare Matilda, Lara S, Pietro, Morena. \u00a0I Podisti faranno\u2026","rel":"","context":"In &quot;Pista&quot;","block_context":{"text":"Pista","link":"https:\/\/uscatletica.ch\/wp\/?cat=4"},"img":{"alt_text":"","src":"https:\/\/i0.wp.com\/uscatletica.ch\/wp\/wp-content\/uploads\/2021\/09\/TASSagno20211002-724x1024.jpg?resize=350%2C200&ssl=1","width":350,"height":200,"srcset":"https:\/\/i0.wp.com\/uscatletica.ch\/wp\/wp-content\/uploads\/2021\/09\/TASSagno20211002-724x1024.jpg?resize=350%2C200&ssl=1 1x, https:\/\/i0.wp.com\/uscatletica.ch\/wp\/wp-content\/uploads\/2021\/09\/TASSagno20211002-724x1024.jpg?resize=525%2C300&ssl=1 1.5x"},"classes":[]}],"_links":{"self":[{"href":"https:\/\/uscatletica.ch\/wp\/index.php?rest_route=\/wp\/v2\/posts\/17964","targetHints":{"allow":["GET"]}}],"collection":[{"href":"https:\/\/uscatletica.ch\/wp\/index.php?rest_route=\/wp\/v2\/posts"}],"about":[{"href":"https:\/\/uscatletica.ch\/wp\/index.php?rest_route=\/wp\/v2\/types\/post"}],"author":[{"embeddable":true,"href":"https:\/\/uscatletica.ch\/wp\/index.php?rest_route=\/wp\/v2\/users\/4"}],"replies":[{"embeddable":true,"href":"https:\/\/uscatletica.ch\/wp\/index.php?rest_route=%2Fwp%2Fv2%2Fcomments&post=17964"}],"version-history":[{"count":2,"href":"https:\/\/uscatletica.ch\/wp\/index.php?rest_route=\/wp\/v2\/posts\/17964\/revisions"}],"predecessor-version":[{"id":17969,"href":"https:\/\/uscatletica.ch\/wp\/index.php?rest_route=\/wp\/v2\/posts\/17964\/revisions\/17969"}],"wp:featuredmedia":[{"embeddable":true,"href":"https:\/\/uscatletica.ch\/wp\/index.php?rest_route=\/wp\/v2\/media\/13075"}],"wp:attachment":[{"href":"https:\/\/uscatletica.ch\/wp\/index.php?rest_route=%2Fwp%2Fv2%2Fmedia&parent=17964"}],"wp:term":[{"taxonomy":"category","embeddable":true,"href":"https:\/\/uscatletica.ch\/wp\/index.php?rest_route=%2Fwp%2Fv2%2Fcategories&post=17964"},{"taxonomy":"post_tag","embeddable":true,"href":"https:\/\/uscatletica.ch\/wp\/index.php?rest_route=%2Fwp%2Fv2%2Ftags&post=17964"}],"curies":[{"name":"wp","href":"https:\/\/api.w.org\/{rel}","templated":true}]}}