{"id":17981,"date":"2023-09-03T20:46:39","date_gmt":"2023-09-03T18:46:39","guid":{"rendered":"https:\/\/uscatletica.ch\/wp\/?p=17981"},"modified":"2023-09-04T19:44:17","modified_gmt":"2023-09-04T17:44:17","slug":"brilla-la-comunita-atletica-sottoceneri-ai-cs-staffette","status":"publish","type":"post","link":"https:\/\/uscatletica.ch\/wp\/?p=17981","title":{"rendered":"BRILLA LA COMUNITA ATLETICA SOTTOCENERI AI CS STAFFETTE"},"content":{"rendered":"\n<p>Buona la prima, la comunit\u00e0 atletica sottoceneri centra il debutto storico ai campionati svizzeri di staffetta. L&#8217;olimpionica U18\u00a0 si prende il titolo nazionalecon\u00a0 Marcoli,Crescini, Ambiveri, Vismara, . Le ragazze della 5x80m dopo aver vinto i primi due turni chiudono con un ottimo bronzo Alice con E. Levi, A Gaggiano, E. Margnetti, L Raggi. le ragazze U20 chiudono quarte con \u00a0 Federica, P. Crescini, A. Baggi, e Matilda .\u00a0 Ottimo esperienza per i ragazzi U16 che chiudono 10 la 3&#215;1000 m No\u00e9 F. Codevilla L Shkodra.<\/p>\n<p><a href=\"https:\/\/slv.laportal.net\/Competitions\/Details\/10943\" target=\"_blank\" rel=\"noopener\">risultati da Widen <\/a><\/p>\n<p><a href=\"https:\/\/uscatletica.ch\/wp\/?attachment_id=18022\" rel=\"attachment wp-att-18022\"><img data-recalc-dims=\"1\" loading=\"lazy\" decoding=\"async\" data-attachment-id=\"18022\" data-permalink=\"https:\/\/uscatletica.ch\/wp\/?attachment_id=18022\" data-orig-file=\"https:\/\/i0.wp.com\/uscatletica.ch\/wp\/wp-content\/uploads\/2023\/09\/230903widencoas.jpg?fit=432%2C287&amp;ssl=1\" data-orig-size=\"432,287\" data-comments-opened=\"0\" data-image-meta=\"{&quot;aperture&quot;:&quot;0&quot;,&quot;credit&quot;:&quot;&quot;,&quot;camera&quot;:&quot;&quot;,&quot;caption&quot;:&quot;&quot;,&quot;created_timestamp&quot;:&quot;0&quot;,&quot;copyright&quot;:&quot;&quot;,&quot;focal_length&quot;:&quot;0&quot;,&quot;iso&quot;:&quot;0&quot;,&quot;shutter_speed&quot;:&quot;0&quot;,&quot;title&quot;:&quot;&quot;,&quot;orientation&quot;:&quot;1&quot;}\" data-image-title=\"230903widencoas\" data-image-description=\"\" data-image-caption=\"\" data-large-file=\"https:\/\/i0.wp.com\/uscatletica.ch\/wp\/wp-content\/uploads\/2023\/09\/230903widencoas.jpg?fit=432%2C287&amp;ssl=1\" class=\"alignnone size-full wp-image-18022\" src=\"https:\/\/i0.wp.com\/uscatletica.ch\/wp\/wp-content\/uploads\/2023\/09\/230903widencoas.jpg?resize=432%2C287&#038;ssl=1\" alt=\"\" width=\"432\" height=\"287\" srcset=\"https:\/\/i0.wp.com\/uscatletica.ch\/wp\/wp-content\/uploads\/2023\/09\/230903widencoas.jpg?w=432&amp;ssl=1 432w, https:\/\/i0.wp.com\/uscatletica.ch\/wp\/wp-content\/uploads\/2023\/09\/230903widencoas.jpg?resize=300%2C199&amp;ssl=1 300w, https:\/\/i0.wp.com\/uscatletica.ch\/wp\/wp-content\/uploads\/2023\/09\/230903widencoas.jpg?resize=95%2C62&amp;ssl=1 95w\" sizes=\"auto, (max-width: 432px) 100vw, 432px\" \/><\/a> <a href=\"https:\/\/uscatletica.ch\/wp\/?attachment_id=17984\" rel=\"attachment wp-att-17984\"><img data-recalc-dims=\"1\" loading=\"lazy\" decoding=\"async\" data-attachment-id=\"17984\" data-permalink=\"https:\/\/uscatletica.ch\/wp\/?attachment_id=17984\" data-orig-file=\"https:\/\/i0.wp.com\/uscatletica.ch\/wp\/wp-content\/uploads\/2023\/09\/230903OCAS.jpg?fit=461%2C428&amp;ssl=1\" data-orig-size=\"461,428\" data-comments-opened=\"0\" data-image-meta=\"{&quot;aperture&quot;:&quot;0&quot;,&quot;credit&quot;:&quot;&quot;,&quot;camera&quot;:&quot;&quot;,&quot;caption&quot;:&quot;&quot;,&quot;created_timestamp&quot;:&quot;0&quot;,&quot;copyright&quot;:&quot;&quot;,&quot;focal_length&quot;:&quot;0&quot;,&quot;iso&quot;:&quot;0&quot;,&quot;shutter_speed&quot;:&quot;0&quot;,&quot;title&quot;:&quot;&quot;,&quot;orientation&quot;:&quot;1&quot;}\" data-image-title=\"230903OCAS\" data-image-description=\"\" data-image-caption=\"\" data-large-file=\"https:\/\/i0.wp.com\/uscatletica.ch\/wp\/wp-content\/uploads\/2023\/09\/230903OCAS.jpg?fit=461%2C428&amp;ssl=1\" class=\"alignnone size-full wp-image-17984\" src=\"https:\/\/i0.wp.com\/uscatletica.ch\/wp\/wp-content\/uploads\/2023\/09\/230903OCAS.jpg?resize=461%2C428&#038;ssl=1\" alt=\"\" width=\"461\" height=\"428\" srcset=\"https:\/\/i0.wp.com\/uscatletica.ch\/wp\/wp-content\/uploads\/2023\/09\/230903OCAS.jpg?w=461&amp;ssl=1 461w, https:\/\/i0.wp.com\/uscatletica.ch\/wp\/wp-content\/uploads\/2023\/09\/230903OCAS.jpg?resize=300%2C279&amp;ssl=1 300w\" sizes=\"auto, (max-width: 461px) 100vw, 461px\" \/><\/a>il commento a caldo del nostro allenatore Loris<\/p>\n<p>Oggi campionati Svizzeri in Argovia con la comunit\u00e0;\u00a0<br \/>3&#215;1000 con No\u00e9; ottima gara e arrivati decimi.<br \/>Nell\u2019olimpionica U18F con Federica e Matilda; gara stupenda e quarto posto finale.<br \/>Super le Ragazze della 5x 80m; U16 con Alice Petralli; a suon di record sono arrivate in finale dove hanno strappato bronzo dietro LC Zurich ed Aarau.<br \/>Dramma sportivo per la nostra 4x100m U18m; al secondo cambio si sono scontrati perdendo il testimone; quindi piano B ed hanno corso l\u2019olimpionica U18m; li scaricando la rabbia; hanno fatto il miracolo e si sono laureati campioni svizzeri; super ragazzi.<br \/>Una prima uscita nazionale veramente super &#x1f947;&#x1f949;&#x1f4aa;&#x1f4aa;<\/p>\n<p>\u00a0<\/p>\n<p><span style=\"font-family: Calibri, serif;\">Comunicato FTAL 03.09.23- CAMPIONATI SVIZZERI STAFFETTE <\/span><\/p>\n<p class=\"western\"><span style=\"color: #000000;\"><span style=\"font-size: large;\">GAB E SOTTOCENERI ORO U18 BRONZO PER ASCONA-LOCARNO NELLA 4X400 ELITE<\/span><\/span><\/p>\n<p class=\"western\"><span lang=\"it-IT\">Leonida Stampanoni<\/span><\/p>\n<p class=\"western\"><span style=\"color: #000000;\"><span style=\"font-size: large;\"><span lang=\"it-IT\">Nel fine settimana erano in programma i campionati svizzeri di staffette a Widen nel canton Argovia. <\/span><\/span><\/span><\/p>\n<p class=\"western\"><span style=\"color: #000000;\"><span style=\"font-size: large;\"><span lang=\"it-IT\">Sette le squadre ticinesi al via che hanno raccolto il pingue bottino di due titoli e due medaglie di bronzo. <\/span><\/span><\/span><\/p>\n<p class=\"western\"><span style=\"color: #000000;\"><span style=\"font-size: large;\"><span lang=\"it-IT\">Nel solco della tradizione il titolo GAB nella 3&#215;1000 m e la medaglia della comunit\u00e0 atletica Ascona Locarno tra gli \u00e9lite, mentre la grossa novit\u00e0 2023 \u00e8 il successo dell\u2019idea SA Lugano, AS Monteceneri, Atletica Mendrisiotto, Frecce Gialle Malcantone, US Capriaschese ed ASSPO Riva San Vitale di collaborare nella Comunit\u00e0 Atletica Sottoceneri che ha regalato all\u2019affiatato team di allenatori ed atleti un titolo nell\u2019olimpionica U18M e la medaglia di bronzo nella 5&#215;80 m U16W. <\/span><\/span><\/span><\/p>\n<p class=\"western\"><span style=\"color: #000000;\"><span style=\"font-size: large;\"><span lang=\"it-IT\">Il finale ideale della lunga giornata di gare arriva nella 4&#215;400 m dove Matteo D\u2019Anna, Oreste Garbani, Daniele Angelella e Silvio Barandun, correndo in un ottimo 3\u201914\u201d81, hanno regalato alla comunit\u00e0 atletica Ascona Locarno un prezioso bronzo alle spalle delle intrattabili zurighesi LCZ e TVU. <\/span><\/span><\/span><\/p>\n<p class=\"western\"><span style=\"color: #000000;\"><span style=\"font-size: large;\"><span lang=\"it-IT\">I grandi protagonisti della giornata sono stati i ragazzi U18M capaci di aggiudicarsi due titoli su tre gare. In mattinata nella 3&#215;1000 m il GAB ha arricchito la sua serie di medaglie con l\u2019oro per Leonard Haller, Nicola Fattorini Gioele De Marco chiari vincitori con un buon 7\u201955\u201d87. La comunit\u00e0 atletica Sottoceneri, che si presentava per la prima volta su palcoscenico nazionale, ha subito centrato il bersaglio nella staffetta olimpionica. Elia Marcoli, Noah Crescini, Leonardo Ambiveri e Carlo Vismara hanno vinto chiaramente in 3\u201928\u201d88 riscattandosi cos\u00ec dalla delusione della 4&#215;100 m dove hanno sbagliato il cambio. Passaggi del testimone che hanno funzionato a meraviglia nella 5&#215;80 m U16 femminile della COAS. Eliane Levi, Anna Caggiano, Alice Petralli, Elena Margnetti, Lia Raggi hanno conquistato il bronzo in 49\u201d73 battute da LCZ con nella frazione finale la ticinese Valentina Locatelli. Le ragazze sottocenerine avevano vinto sia l\u2019eliminatoria (49\u201d56) che la semifinale (49\u201d29), dove si sono fermate invece le ragazze della SAM (Casanovas Marti, De Lucia, Berger, Visetti, Tricarico<\/span><\/span><\/span><span style=\"color: #000000;\"><span style=\"font-size: large;\"><span lang=\"it-IT\">)<\/span><\/span><\/span><span style=\"color: #000000;\"><span style=\"font-size: large;\"><span lang=\"it-IT\">. Nell\u2019olimpionica U20 il quartetto sottocenerino, formato da Federica Baldi, Petra Crescini, Alice Baggi, Matilda Rosa, ha sfiorato il bronzo in 4\u201901\u201d95 con il titolo andato al LG <\/span><\/span><\/span><span style=\"color: #000000;\"><span style=\"font-size: large;\"><span lang=\"it-IT\">Unterwalden<\/span><\/span><\/span><span style=\"color: #000000;\"><span style=\"font-size: large;\"><span lang=\"it-IT\"> guidata dal bronzo europeo Shirin Kerber. Nella 3&#215;1000 m U16M Volger, Shkodra, Codevilla hanno chiuso decimi per la COAS.<\/span><\/span><\/span><\/p>\n<p class=\"western\"><span style=\"color: #000000;\"><span style=\"font-size: large;\"><span lang=\"it-IT\">Nel fine settimana ci saranno in programma tra Losanna e Frauenfeld i campionati svizzeri giovanili, mentre mercoled\u00ec 16 settembre sulla pista di Tesserete, nell\u2019ambito del meeting Capriaschese, si assegneranno anche i titoli cantonali nella staffetta olimpionica. <\/span><\/span><\/span><\/p>\n<p class=\"western\"><br \/><br \/><\/p>\n<p class=\"western\"><span lang=\"it-IT\">Leonida Stampanoni<\/span><\/p>\n<p class=\"western\"><br \/><br \/><\/p>\n<p class=\"western\"><br \/><br \/><\/p>\n<p class=\"western\"><br \/><br \/><\/p>\n<p class=\"western\"><br \/><br \/><\/p>\n<p>\u00a0<\/p>\n","protected":false},"excerpt":{"rendered":"<p>Buona la prima, la comunit\u00e0 atletica sottoceneri centra il debutto storico ai campionati svizzeri di staffetta. L&#8217;olimpionica U18\u00a0 si prende il titolo nazionalecon\u00a0 Marcoli,Crescini, Ambiveri, Vismara, . Le ragazze della 5x80m dopo aver vinto i primi due turni chiudono con un ottimo bronzo Alice con E. Levi, A Gaggiano, E. Margnetti, L Raggi. le ragazze U20 chiudono quarte con \u00a0 Federica, P. Crescini, A. Baggi, e Matilda .\u00a0 Ottimo esperienza per i ragazzi U16 che&#8230;<\/p>\n","protected":false},"author":4,"featured_media":18022,"comment_status":"closed","ping_status":"closed","sticky":false,"template":"","format":"standard","meta":{"jetpack_post_was_ever_published":false,"_jetpack_newsletter_access":"","_jetpack_dont_email_post_to_subs":false,"_jetpack_newsletter_tier_id":0,"_jetpack_memberships_contains_paywalled_content":false,"_jetpack_memberships_contains_paid_content":false,"footnotes":"","jetpack_publicize_message":"","jetpack_publicize_feature_enabled":true,"jetpack_social_post_already_shared":true,"jetpack_social_options":{"image_generator_settings":{"template":"highway","default_image_id":0,"font":"","enabled":false},"version":2}},"categories":[4,9],"tags":[],"class_list":["post-17981","post","type-post","status-publish","format-standard","has-post-thumbnail","hentry","category-pista","category-sport"],"jetpack_publicize_connections":[],"jetpack_featured_media_url":"https:\/\/i0.wp.com\/uscatletica.ch\/wp\/wp-content\/uploads\/2023\/09\/230903widencoas.jpg?fit=432%2C287&ssl=1","jetpack_sharing_enabled":true,"jetpack_shortlink":"https:\/\/wp.me\/p6V7Ck-4G1","jetpack-related-posts":[{"id":21135,"url":"https:\/\/uscatletica.ch\/wp\/?p=21135","url_meta":{"origin":17981,"position":0},"title":"Melissa ed Alice sfiorano il podio un titolo per la COAS","author":"Leonida Stampanoni","date":"31 Agosto 2025","format":false,"excerpt":"Domenica intensa al centro paraplegico di Nottwil dove in palio c'erano i titoli nazionali di staffetta. La nostra Comunit\u00e0 atletica Sottoceneri era presente con dieci squadre sulle dodici arrivate dal Ticino. A rappresentare l'USC Melissa ed Alice che ha sfiorato il podio nella 4x100 m U18, Amelie, Marta e No\u00e9\u2026","rel":"","context":"In &quot;Pista&quot;","block_context":{"text":"Pista","link":"https:\/\/uscatletica.ch\/wp\/?cat=4"},"img":{"alt_text":"","src":"https:\/\/i0.wp.com\/uscatletica.ch\/wp\/wp-content\/uploads\/2025\/08\/2025csstaffel.jpg?fit=432%2C324&ssl=1&resize=350%2C200","width":350,"height":200},"classes":[]},{"id":19852,"url":"https:\/\/uscatletica.ch\/wp\/?p=19852","url_meta":{"origin":17981,"position":1},"title":"LEA BRONZO CON LA COAS AI CS DI STAFFETTA","author":"Leonida Stampanoni","date":"8 Settembre 2024","format":false,"excerpt":"Tra le fine di agosto e l'inizio settembre \u00a0ai campionati svizzeri di Lausanne \u00a0U16 Alice si \u00e8 ben difesa chiudendo gli 80 m in 10\"63 non lontano dalle semifinali. Domenica 8 settembre la comunit\u00e0 atletica sottoceneri ha portato tre squadre ai campionati svizzeri di staffette in ogni squadra c'era un\u2026","rel":"","context":"In &quot;Pista&quot;","block_context":{"text":"Pista","link":"https:\/\/uscatletica.ch\/wp\/?cat=4"},"img":{"alt_text":"","src":"https:\/\/i0.wp.com\/uscatletica.ch\/wp\/wp-content\/uploads\/2024\/09\/202409084x400mx.jpeg?fit=1200%2C900&ssl=1&resize=350%2C200","width":350,"height":200,"srcset":"https:\/\/i0.wp.com\/uscatletica.ch\/wp\/wp-content\/uploads\/2024\/09\/202409084x400mx.jpeg?fit=1200%2C900&ssl=1&resize=350%2C200 1x, https:\/\/i0.wp.com\/uscatletica.ch\/wp\/wp-content\/uploads\/2024\/09\/202409084x400mx.jpeg?fit=1200%2C900&ssl=1&resize=525%2C300 1.5x, https:\/\/i0.wp.com\/uscatletica.ch\/wp\/wp-content\/uploads\/2024\/09\/202409084x400mx.jpeg?fit=1200%2C900&ssl=1&resize=700%2C400 2x, https:\/\/i0.wp.com\/uscatletica.ch\/wp\/wp-content\/uploads\/2024\/09\/202409084x400mx.jpeg?fit=1200%2C900&ssl=1&resize=1050%2C600 3x"},"classes":[]},{"id":20901,"url":"https:\/\/uscatletica.ch\/wp\/?p=20901","url_meta":{"origin":17981,"position":2},"title":"CT 4&#215;100 4 USCINE AL COMUNALE","author":"Leonida Stampanoni","date":"21 Maggio 2025","format":false,"excerpt":"\u00a0In una serata frizzante il comunale di Bellinzona ha ospitato i campionati ticinesi della staffetta 4x100 m la comunit\u00e0 atletica sottoceneri era presente con quattro squadre due al maschile e due al femminile dove erano presenti quattro atlete USC Lana, nella seconda squadra Lea,Melissa, Alice nella prima. Lana ha chiuso\u2026","rel":"","context":"In &quot;Pista&quot;","block_context":{"text":"Pista","link":"https:\/\/uscatletica.ch\/wp\/?cat=4"},"img":{"alt_text":"","src":"https:\/\/i0.wp.com\/uscatletica.ch\/wp\/wp-content\/uploads\/2024\/08\/20240817leacocconi.jpg?fit=432%2C324&ssl=1&resize=350%2C200","width":350,"height":200},"classes":[]},{"id":18105,"url":"https:\/\/uscatletica.ch\/wp\/?p=18105","url_meta":{"origin":17981,"position":3},"title":"MEETING CAPRIASCHESE, UNA GRAN SERATA DI ATLETICA","author":"Leonida Stampanoni","date":"13 Settembre 2023","format":false,"excerpt":"In una serata autunnale un po' afosa, il terzo meeting meeting stagionale all'arena sportiva assegnava i titoli cantonali della staffetta olimpionica. Nella sfida tra GA Bellinzona e Comunit\u00e0 atletica Sottoceneri, la societ\u00e0 della capitale \u00e8 riuscita a conquistare due ori. Al maschile Siro Gentilini, Nicola Fumagalli, Nathan Oberti, Leonardi Lafranchi\u2026","rel":"","context":"In &quot;Podismo&quot;","block_context":{"text":"Podismo","link":"https:\/\/uscatletica.ch\/wp\/?cat=5"},"img":{"alt_text":"","src":"https:\/\/i0.wp.com\/uscatletica.ch\/wp\/wp-content\/uploads\/2020\/09\/Arena-sportiva-pista.jpg?fit=800%2C600&ssl=1&resize=350%2C200","width":350,"height":200,"srcset":"https:\/\/i0.wp.com\/uscatletica.ch\/wp\/wp-content\/uploads\/2020\/09\/Arena-sportiva-pista.jpg?fit=800%2C600&ssl=1&resize=350%2C200 1x, https:\/\/i0.wp.com\/uscatletica.ch\/wp\/wp-content\/uploads\/2020\/09\/Arena-sportiva-pista.jpg?fit=800%2C600&ssl=1&resize=525%2C300 1.5x, https:\/\/i0.wp.com\/uscatletica.ch\/wp\/wp-content\/uploads\/2020\/09\/Arena-sportiva-pista.jpg?fit=800%2C600&ssl=1&resize=700%2C400 2x"},"classes":[]},{"id":19744,"url":"https:\/\/uscatletica.ch\/wp\/?p=19744","url_meta":{"origin":17981,"position":4},"title":"A LOCARNO BRILLANTI RISULTATI PER USC E COAS","author":"Leonida Stampanoni","date":"24 Agosto 2024","format":false,"excerpt":"Al Lido di Locarno sabato nel tardo pomeriggio si gareggiava per i campionati ticinesi della 4x100 m e un bel meeting. Al via diversi USCini a fare parte integrante delle staffette della Comunit\u00e0 atletica Sottoceneri che ha dominato la staffetta femminile con un storica tripletta Alice e Lea hanno lanciato\u2026","rel":"","context":"In &quot;Pista&quot;","block_context":{"text":"Pista","link":"https:\/\/uscatletica.ch\/wp\/?cat=4"},"img":{"alt_text":"","src":"https:\/\/i0.wp.com\/uscatletica.ch\/wp\/wp-content\/uploads\/2022\/10\/220110mmlungo.jpg?fit=324%2C432&ssl=1&resize=350%2C200","width":350,"height":200},"classes":[]},{"id":15348,"url":"https:\/\/uscatletica.ch\/wp\/?p=15348","url_meta":{"origin":17981,"position":5},"title":"STAFFETTA VIGOR USC A PODIO NEL TAS","author":"Leonida Stampanoni","date":"30 Maggio 2022","format":false,"excerpt":"la 65 edizione della Staffetta Vigor ha chiuso domenica la fase primaverile del Trofeo ASTi BancaStato Staffette (TAS), L'USC era a Ligornetto con una delegazione ridotta all'osso tre sole staffette e 5 bambini\/e nelle gare individuali Risultati staffetta Vigor Classifica del Trofeo ASTi BancaStato Staffette Nella gara delle U16, \u00a0dominata\u2026","rel":"","context":"In &quot;Sport&quot;","block_context":{"text":"Sport","link":"https:\/\/uscatletica.ch\/wp\/?cat=9"},"img":{"alt_text":"","src":"https:\/\/i0.wp.com\/uscatletica.ch\/wp\/wp-content\/uploads\/2022\/05\/220105stralos.png?fit=432%2C288&ssl=1&resize=350%2C200","width":350,"height":200},"classes":[]}],"_links":{"self":[{"href":"https:\/\/uscatletica.ch\/wp\/index.php?rest_route=\/wp\/v2\/posts\/17981","targetHints":{"allow":["GET"]}}],"collection":[{"href":"https:\/\/uscatletica.ch\/wp\/index.php?rest_route=\/wp\/v2\/posts"}],"about":[{"href":"https:\/\/uscatletica.ch\/wp\/index.php?rest_route=\/wp\/v2\/types\/post"}],"author":[{"embeddable":true,"href":"https:\/\/uscatletica.ch\/wp\/index.php?rest_route=\/wp\/v2\/users\/4"}],"replies":[{"embeddable":true,"href":"https:\/\/uscatletica.ch\/wp\/index.php?rest_route=%2Fwp%2Fv2%2Fcomments&post=17981"}],"version-history":[{"count":9,"href":"https:\/\/uscatletica.ch\/wp\/index.php?rest_route=\/wp\/v2\/posts\/17981\/revisions"}],"predecessor-version":[{"id":18182,"href":"https:\/\/uscatletica.ch\/wp\/index.php?rest_route=\/wp\/v2\/posts\/17981\/revisions\/18182"}],"wp:featuredmedia":[{"embeddable":true,"href":"https:\/\/uscatletica.ch\/wp\/index.php?rest_route=\/wp\/v2\/media\/18022"}],"wp:attachment":[{"href":"https:\/\/uscatletica.ch\/wp\/index.php?rest_route=%2Fwp%2Fv2%2Fmedia&parent=17981"}],"wp:term":[{"taxonomy":"category","embeddable":true,"href":"https:\/\/uscatletica.ch\/wp\/index.php?rest_route=%2Fwp%2Fv2%2Fcategories&post=17981"},{"taxonomy":"post_tag","embeddable":true,"href":"https:\/\/uscatletica.ch\/wp\/index.php?rest_route=%2Fwp%2Fv2%2Ftags&post=17981"}],"curies":[{"name":"wp","href":"https:\/\/api.w.org\/{rel}","templated":true}]}}