{"id":18017,"date":"2023-09-04T19:42:23","date_gmt":"2023-09-04T17:42:23","guid":{"rendered":"https:\/\/uscatletica.ch\/wp\/?p=18017"},"modified":"2023-09-04T19:42:27","modified_gmt":"2023-09-04T17:42:27","slug":"gala-dei-castelli-live-2","status":"publish","type":"post","link":"https:\/\/uscatletica.ch\/wp\/?p=18017","title":{"rendered":"Gal\u00e0 dei Castelli Live"},"content":{"rendered":"","protected":false},"excerpt":{"rendered":"","protected":false},"author":4,"featured_media":18021,"comment_status":"closed","ping_status":"closed","sticky":false,"template":"","format":"standard","meta":{"jetpack_post_was_ever_published":false,"_jetpack_newsletter_access":"","_jetpack_dont_email_post_to_subs":false,"_jetpack_newsletter_tier_id":0,"_jetpack_memberships_contains_paywalled_content":false,"_jetpack_memberships_contains_paid_content":false,"footnotes":"","jetpack_publicize_message":"","jetpack_publicize_feature_enabled":true,"jetpack_social_post_already_shared":true,"jetpack_social_options":{"image_generator_settings":{"template":"highway","default_image_id":0,"font":"","enabled":false},"version":2}},"categories":[4],"tags":[],"class_list":["post-18017","post","type-post","status-publish","format-standard","has-post-thumbnail","hentry","category-pista"],"jetpack_publicize_connections":[],"jetpack_featured_media_url":"https:\/\/i0.wp.com\/uscatletica.ch\/wp\/wp-content\/uploads\/2023\/09\/230903gala.jpg?fit=432%2C180&ssl=1","jetpack_sharing_enabled":true,"jetpack_shortlink":"https:\/\/wp.me\/p6V7Ck-4GB","jetpack-related-posts":[{"id":13345,"url":"https:\/\/uscatletica.ch\/wp\/?p=13345","url_meta":{"origin":18017,"position":0},"title":"Gal\u00e0 dei Castelli una decina di atlete USC al via","author":"Leonida Stampanoni","date":"14 Settembre 2021","format":false,"excerpt":"La chiusura della stagione per la grande atletica svizzera sar\u00e0 stasera al Gal\u00e0 dei Castelli \u00a0uno dei maggiori appuntamenti sportivi del cantone. L'USC sar\u00e0 presenti con 8 atlete ed un atleta . Reduci dai campionati svizzeri di staffette con la finale raggiunta nella 4x100 m Sofia e Matilda gareggeranno sui\u2026","rel":"","context":"In &quot;Non catalogato&quot;","block_context":{"text":"Non catalogato","link":"https:\/\/uscatletica.ch\/wp\/?cat=6"},"img":{"alt_text":"","src":"https:\/\/i0.wp.com\/uscatletica.ch\/wp\/wp-content\/uploads\/2021\/06\/P1110468.jpeg?fit=432%2C324&ssl=1&resize=350%2C200","width":350,"height":200},"classes":[]},{"id":6360,"url":"https:\/\/uscatletica.ch\/wp\/?p=6360","url_meta":{"origin":18017,"position":1},"title":"Gal\u00e0 deI Castelli live","author":"Leonida Stampanoni","date":"18 Luglio 2018","format":false,"excerpt":"Live dal Gal\u00e0 dei Castelli risultati 600 m U16W 600 m\u00a0 U16 Sui 600 m grande gara di Gaia che abbassa il personale a'146\"92 chiudendo quarta ai piedi del podio . vince Petra Crescini, tra i ragazzi doppietta del GAB con Siro Gentilini che in 1'33\"57 piega Filippo Balestra 80\u2026","rel":"","context":"In &quot;Pista&quot;","block_context":{"text":"Pista","link":"https:\/\/uscatletica.ch\/wp\/?cat=4"},"img":{"alt_text":"","src":"https:\/\/i0.wp.com\/uscatletica.ch\/wp\/wp-content\/uploads\/2018\/06\/altoP1510460.jpg?fit=432%2C324&ssl=1&resize=350%2C200","width":350,"height":200},"classes":[]},{"id":19897,"url":"https:\/\/uscatletica.ch\/wp\/?p=19897","url_meta":{"origin":18017,"position":2},"title":"USCINI E USCINE AL GALA DEI CASTELLI","author":"Leonida Stampanoni","date":"8 Settembre 2024","format":false,"excerpt":"Luned\u00ec \u00a0a Bellinzona ci sar\u00e0 l'evento sportivo ticinese dell'anno il comunale ospiter\u00e0 il Gal\u00e0 dei Castelli con molti campioni mondiali ed olimpici avvia nel segno della tradizione l'USC sar\u00e0 sulla linea di partenza nelle gare presentate dalla FTAL. Mattia e No\u00e9 reduci dai campionati svizzeri di staffette a Ginevra correranno\u2026","rel":"","context":"In &quot;Pista&quot;","block_context":{"text":"Pista","link":"https:\/\/uscatletica.ch\/wp\/?cat=4"},"img":{"alt_text":"","src":"https:\/\/i0.wp.com\/uscatletica.ch\/wp\/wp-content\/uploads\/2021\/09\/210914U118podio-1.png?fit=432%2C324&ssl=1&resize=350%2C200","width":350,"height":200},"classes":[]},{"id":10919,"url":"https:\/\/uscatletica.ch\/wp\/?p=10919","url_meta":{"origin":18017,"position":3},"title":"Gal\u00e0 Dei Castelli 7 USCINE tra le stelle","author":"Leonida Stampanoni","date":"14 Settembre 2020","format":false,"excerpt":"La decima edizione del Gal\u00e0 dei Castelli che avr\u00e0 protagonisti tutti i migliori svizzeri ed 80 medaglie \u00a0olimpiche e mondiali. La FTAL ha arricchito il preprogramma con una 5x80 m U14 \u00a0che si aggiunge ai 600 m \u00a0U16 ed ai 100 m U18-U20. Jennis, Elsa, Cecilia, Melissa,Olivia \u00a0saranno al via\u2026","rel":"","context":"In &quot;Pista&quot;","block_context":{"text":"Pista","link":"https:\/\/uscatletica.ch\/wp\/?cat=4"},"img":{"alt_text":"","src":"https:\/\/i0.wp.com\/uscatletica.ch\/wp\/wp-content\/uploads\/2020\/09\/P1030367.jpeg?fit=420%2C315&ssl=1&resize=350%2C200","width":350,"height":200},"classes":[]},{"id":17964,"url":"https:\/\/uscatletica.ch\/wp\/?p=17964","url_meta":{"origin":18017,"position":4},"title":"Dai CS di Staffette al Gal\u00e0 dei Castelli passando dalla Stramassagno","author":"Leonida Stampanoni","date":"2 Settembre 2023","format":false,"excerpt":"Fine settimana intenso per l'USC pur senza nessun presente alla finale nazionale del UBS Kids Cup al Letzigrund le maglie USC avranno diverse occasioni di brillare domenica la prima uscita in grande stile della comunit\u00e0 atletica sottoceneri che porter\u00e0 ben cinque squadre ai campionati svizzeri di staffetta l'USC sar\u00e0 al\u2026","rel":"","context":"In &quot;Pista&quot;","block_context":{"text":"Pista","link":"https:\/\/uscatletica.ch\/wp\/?cat=4"},"img":{"alt_text":"","src":"https:\/\/i0.wp.com\/uscatletica.ch\/wp\/wp-content\/uploads\/2021\/08\/4x100210821.jpeg?fit=432%2C324&ssl=1&resize=350%2C200","width":350,"height":200},"classes":[]},{"id":4631,"url":"https:\/\/uscatletica.ch\/wp\/?p=4631","url_meta":{"origin":18017,"position":5},"title":"Poker di USCine convocate per il Gal\u00e0 dei Castelli (Elisa agli Eyoc)","author":"Leonida Stampanoni","date":"28 Giugno 2017","format":false,"excerpt":"Il mese di luglio sar\u00e0 un mese di grande atletica in Ticino ed in svizzera si partir\u00e0 giovedi con Athletissima a Lausanne dove al via ci sar\u00e0 Rachele nei 1500 m della Cross Cup, seguir\u00e0 la prova dello Spitzenleichtatletik Luzern martedi 11 . In Ticino l'appuntamento con Asafa Powell e\u2026","rel":"","context":"In &quot;CO&quot;","block_context":{"text":"CO","link":"https:\/\/uscatletica.ch\/wp\/?cat=19"},"img":{"alt_text":"","src":"https:\/\/i0.wp.com\/uscatletica.ch\/wp\/wp-content\/uploads\/2017\/05\/P1470011.jpg?fit=563%2C422&ssl=1&resize=350%2C200","width":350,"height":200,"srcset":"https:\/\/i0.wp.com\/uscatletica.ch\/wp\/wp-content\/uploads\/2017\/05\/P1470011.jpg?fit=563%2C422&ssl=1&resize=350%2C200 1x, https:\/\/i0.wp.com\/uscatletica.ch\/wp\/wp-content\/uploads\/2017\/05\/P1470011.jpg?fit=563%2C422&ssl=1&resize=525%2C300 1.5x"},"classes":[]}],"_links":{"self":[{"href":"https:\/\/uscatletica.ch\/wp\/index.php?rest_route=\/wp\/v2\/posts\/18017","targetHints":{"allow":["GET"]}}],"collection":[{"href":"https:\/\/uscatletica.ch\/wp\/index.php?rest_route=\/wp\/v2\/posts"}],"about":[{"href":"https:\/\/uscatletica.ch\/wp\/index.php?rest_route=\/wp\/v2\/types\/post"}],"author":[{"embeddable":true,"href":"https:\/\/uscatletica.ch\/wp\/index.php?rest_route=\/wp\/v2\/users\/4"}],"replies":[{"embeddable":true,"href":"https:\/\/uscatletica.ch\/wp\/index.php?rest_route=%2Fwp%2Fv2%2Fcomments&post=18017"}],"version-history":[{"count":1,"href":"https:\/\/uscatletica.ch\/wp\/index.php?rest_route=\/wp\/v2\/posts\/18017\/revisions"}],"predecessor-version":[{"id":18023,"href":"https:\/\/uscatletica.ch\/wp\/index.php?rest_route=\/wp\/v2\/posts\/18017\/revisions\/18023"}],"wp:featuredmedia":[{"embeddable":true,"href":"https:\/\/uscatletica.ch\/wp\/index.php?rest_route=\/wp\/v2\/media\/18021"}],"wp:attachment":[{"href":"https:\/\/uscatletica.ch\/wp\/index.php?rest_route=%2Fwp%2Fv2%2Fmedia&parent=18017"}],"wp:term":[{"taxonomy":"category","embeddable":true,"href":"https:\/\/uscatletica.ch\/wp\/index.php?rest_route=%2Fwp%2Fv2%2Fcategories&post=18017"},{"taxonomy":"post_tag","embeddable":true,"href":"https:\/\/uscatletica.ch\/wp\/index.php?rest_route=%2Fwp%2Fv2%2Ftags&post=18017"}],"curies":[{"name":"wp","href":"https:\/\/api.w.org\/{rel}","templated":true}]}}