{"id":18042,"date":"2023-09-06T08:34:56","date_gmt":"2023-09-06T06:34:56","guid":{"rendered":"https:\/\/uscatletica.ch\/wp\/?p=18042"},"modified":"2023-09-07T09:32:11","modified_gmt":"2023-09-07T07:32:11","slug":"tutti-in-pista","status":"publish","type":"post","link":"https:\/\/uscatletica.ch\/wp\/?p=18042","title":{"rendered":"TUTTI IN PISTA"},"content":{"rendered":"\n<p><a href=\"https:\/\/uscatletica.ch\/wp\/?page_id=297\" target=\"_blank\" rel=\"noreferrer noopener\"><strong>Tutti in pista, Capriasca, ASTi<\/strong><\/a><\/p>\n\n\n\n<p>mercoled\u00ec 6 settembre 2023<\/p>\n\n\n\n<blockquote>\n<p><em>Foto: Archivio USC<\/em><\/p>\n<\/blockquote>\n<p>Grande successo per la serata Tutti in pista, con 100 partecipanti che hanno corso le distanze proposte dalla tappa capriaschese della coppa ASTi BancaStato di podismo. Il miglior tempo di giornata sui 5&#8217;000 metri \u00e8 stato per Andrea Alagona, 15&#8217;13&#8243;65, mentre Manuela Maffongelliha vinto tra le donne in 19&#8217;18&#8243;28. Sui 1000 m giovanili, Aris Bomio Pacciorini ha vinto in 2&#8217;56&#8243;76, mentre la migliore ragazza\u00a0 \u00e9 stata Aline Oliva in 3&#8217;21&#8243;71.<\/p>\n<p><a href=\"https:\/\/uscatletica.ch\/wp\/?attachment_id=18050\" rel=\"attachment wp-att-18050\">Classifica<\/a><\/p>\n<p><a href=\"https:\/\/uscatletica.ch\/wp\/wp-content\/uploads\/2023\/09\/20230906tuttiinpistaclas.pdf\" rel=\"attachment wp-att-18049\"><img data-recalc-dims=\"1\" loading=\"lazy\" decoding=\"async\" data-attachment-id=\"18049\" data-permalink=\"https:\/\/uscatletica.ch\/wp\/?attachment_id=18049\" data-orig-file=\"https:\/\/i0.wp.com\/uscatletica.ch\/wp\/wp-content\/uploads\/2023\/09\/20230906tuttiinpistaclas.jpg?fit=595%2C841&amp;ssl=1\" data-orig-size=\"595,841\" data-comments-opened=\"0\" data-image-meta=\"{&quot;aperture&quot;:&quot;0&quot;,&quot;credit&quot;:&quot;&quot;,&quot;camera&quot;:&quot;&quot;,&quot;caption&quot;:&quot;&quot;,&quot;created_timestamp&quot;:&quot;0&quot;,&quot;copyright&quot;:&quot;&quot;,&quot;focal_length&quot;:&quot;0&quot;,&quot;iso&quot;:&quot;0&quot;,&quot;shutter_speed&quot;:&quot;0&quot;,&quot;title&quot;:&quot;&quot;,&quot;orientation&quot;:&quot;0&quot;}\" data-image-title=\"20230906tuttiinpistaclas\" data-image-description=\"\" data-image-caption=\"\" data-large-file=\"https:\/\/i0.wp.com\/uscatletica.ch\/wp\/wp-content\/uploads\/2023\/09\/20230906tuttiinpistaclas.jpg?fit=595%2C841&amp;ssl=1\" class=\"alignnone wp-image-18049 size-medium\" src=\"https:\/\/i0.wp.com\/uscatletica.ch\/wp\/wp-content\/uploads\/2023\/09\/20230906tuttiinpistaclas.jpg?resize=212%2C300&#038;ssl=1\" alt=\"\" width=\"212\" height=\"300\" srcset=\"https:\/\/i0.wp.com\/uscatletica.ch\/wp\/wp-content\/uploads\/2023\/09\/20230906tuttiinpistaclas.jpg?resize=212%2C300&amp;ssl=1 212w, https:\/\/i0.wp.com\/uscatletica.ch\/wp\/wp-content\/uploads\/2023\/09\/20230906tuttiinpistaclas.jpg?w=595&amp;ssl=1 595w\" sizes=\"auto, (max-width: 212px) 100vw, 212px\" \/><\/a><\/p>\n<p>Nei 1000 m \u00a0una quindicina le maglie USC al via. Al femminile la pi\u00f9 veloce \u00e9 stata Anais 3&#8217;39&#8243;31 seguita da Am\u00e9lie 3&#8217;44&#8243;66 vicinissime Selina 3&#8217;47&#8243;78 e Asia 3&#8217;48&#8243;80 Camilla A. 4&#8217;09.90. Viola prima U12 chiude in 4&#8217;11&#8243;82 seguita da Michelle 4&#8217;24&#8243;05, Noemi 4&#8217;35&#8243;83 e Agata 4&#8217;52&#8243;54. Tra i ragazzi il pi\u00f9 veloce \u00e8 Mattia 3&#8217;30&#8243;08 seguito da Martino 3&#8217;33&#8243;04. Secondo U12 Remo 3&#8217;58&#8243;18 seguito da Giosu\u00e8 4&#8217;06&#8243;94 Nicol\u00f2 4&#8217;16&#8243;28 e Jacopo 4&#8217;19&#8243;77<\/p>\n<p>Sui 5000 m Vittoria tra gli M40 per Alex 17&#8217;17&#8243;69 quinto tempo assoluto seguito da Alessandro 17&#8217;24&#8243;36 e Aleksandar primo della seconda batteria 18&#8217;17&#8243;68. Ralf corre in 19&#8217;22&#8243;97 David 20&#8217;06&#8243;22. Al femminile tre atlete la debutto Selina regolarissima chiude in un ottimo 23&#8217;26&#8243;23 secondo tempo della categoria U18-U20, Cecilia con molta grinta \u00a0\u00e8 quarta in 25&#8217;28&#8243;30, Tra le F20 \u00a0Giulia chiude in 26&#8217;45&#8243;95.<\/p>\n<p>Primi a scendere in pista gli U10 sui 600 m 2&#8217;05&#8243;79 seguita dalla giovanissima Linda 2&#8217;21&#8243;14 poi le sorelle Irene 2&#8217;41&#8243;25 E Zoe 3&#8217;04&#8243;65 bravissima Lina alla sua prima gara 3&#8217;09&#8243;95.<\/p>\n<p>\u00a0<\/p>\n<p>\u00a0<\/p>\n","protected":false},"excerpt":{"rendered":"<p>Tutti in pista, Capriasca, ASTi mercoled\u00ec 6 settembre 2023 Foto: Archivio USC Grande successo per la serata Tutti in pista, con 100 partecipanti che hanno corso le distanze proposte dalla tappa capriaschese della coppa ASTi BancaStato di podismo. Il miglior tempo di giornata sui 5&#8217;000 metri \u00e8 stato per Andrea Alagona, 15&#8217;13&#8243;65, mentre Manuela Maffongelliha vinto tra le donne in 19&#8217;18&#8243;28. Sui 1000 m giovanili, Aris Bomio Pacciorini ha vinto in 2&#8217;56&#8243;76, mentre la migliore&#8230;<\/p>\n","protected":false},"author":3,"featured_media":10856,"comment_status":"closed","ping_status":"closed","sticky":false,"template":"","format":"standard","meta":{"jetpack_post_was_ever_published":false,"_jetpack_newsletter_access":"","_jetpack_dont_email_post_to_subs":false,"_jetpack_newsletter_tier_id":0,"_jetpack_memberships_contains_paywalled_content":false,"_jetpack_memberships_contains_paid_content":false,"footnotes":"","jetpack_publicize_message":"","jetpack_publicize_feature_enabled":true,"jetpack_social_post_already_shared":true,"jetpack_social_options":{"image_generator_settings":{"template":"highway","default_image_id":0,"font":"","enabled":false},"version":2}},"categories":[12,10,4,9],"tags":[],"class_list":["post-18042","post","type-post","status-publish","format-standard","has-post-thumbnail","hentry","category-nostregare","category-info","category-pista","category-sport"],"jetpack_publicize_connections":[],"jetpack_featured_media_url":"https:\/\/i0.wp.com\/uscatletica.ch\/wp\/wp-content\/uploads\/2020\/09\/Arena-sportiva-pista.jpg?fit=800%2C600&ssl=1","jetpack_sharing_enabled":true,"jetpack_shortlink":"https:\/\/wp.me\/p6V7Ck-4H0","jetpack-related-posts":[{"id":4985,"url":"https:\/\/uscatletica.ch\/wp\/?p=4985","url_meta":{"origin":18042,"position":0},"title":"Al comunale di Bellinzona mezzofondisti in forma","author":"Leonida Stampanoni","date":"20 Settembre 2017","format":false,"excerpt":"In serata meeting di chiusura per attivi ed U20 abbinato all'ultimo appuntamento in pista della coppa ASTi Podismo una settantina in totale gli atleti scesi sulla pista del comunale in in fresca serata di fine estate . Una dozzina gli USCini al via con una equa suddivisione nelle varie specialit\u00e0\u2026","rel":"","context":"In &quot;Pista&quot;","block_context":{"text":"Pista","link":"https:\/\/uscatletica.ch\/wp\/?cat=4"},"img":{"alt_text":"","src":"https:\/\/i0.wp.com\/uscatletica.ch\/wp\/wp-content\/uploads\/2017\/05\/start5000mastiusc2017.jpg?fit=564%2C266&ssl=1&resize=350%2C200","width":350,"height":200,"srcset":"https:\/\/i0.wp.com\/uscatletica.ch\/wp\/wp-content\/uploads\/2017\/05\/start5000mastiusc2017.jpg?fit=564%2C266&ssl=1&resize=350%2C200 1x, https:\/\/i0.wp.com\/uscatletica.ch\/wp\/wp-content\/uploads\/2017\/05\/start5000mastiusc2017.jpg?fit=564%2C266&ssl=1&resize=525%2C300 1.5x"},"classes":[]},{"id":6289,"url":"https:\/\/uscatletica.ch\/wp\/?p=6289","url_meta":{"origin":18042,"position":1},"title":"I run to you Trail USCini dominano in Valmaggia doppietta di Hassan","author":"Leonida Stampanoni","date":"29 Giugno 2018","format":false,"excerpt":"La prima tappa dell'I run to you trail, da Maggia a Coglio, ha inaugurato il trittico valmaggese dedicato al Trail.\u00a0 Domenica n la Gordevio Brunescio\u00a0 Vertical valido per la coppa ASTi salita montagna e vertical chiuder\u00e0 la prova a tappa.\u00a0 Nella prima tappa, 23 km 2419 m di dislivello, gli\u2026","rel":"","context":"In &quot;Montagna&quot;","block_context":{"text":"Montagna","link":"https:\/\/uscatletica.ch\/wp\/?cat=16"},"img":{"alt_text":"","src":"https:\/\/i0.wp.com\/uscatletica.ch\/wp\/wp-content\/uploads\/2018\/04\/bct2018rdee.jpg?fit=532%2C354&ssl=1&resize=350%2C200","width":350,"height":200,"srcset":"https:\/\/i0.wp.com\/uscatletica.ch\/wp\/wp-content\/uploads\/2018\/04\/bct2018rdee.jpg?fit=532%2C354&ssl=1&resize=350%2C200 1x, https:\/\/i0.wp.com\/uscatletica.ch\/wp\/wp-content\/uploads\/2018\/04\/bct2018rdee.jpg?fit=532%2C354&ssl=1&resize=525%2C300 1.5x"},"classes":[]},{"id":4392,"url":"https:\/\/uscatletica.ch\/wp\/?p=4392","url_meta":{"origin":18042,"position":2},"title":"TUTTI IN PISTA MERCOLED\u00ec CON LA NUOVA TORRETTA DI CRONOMETRAGGIO (FOTO TORRETTA)","author":"Leonida Stampanoni","date":"29 Maggio 2017","format":false,"excerpt":"\u00a0 \u00a0 In Capriasca una serata di corsa ASTI e FTAL a braccetto: mercoled\u00ec sera sulla pista di Tesserete l\u2019USC Capriasca organizza un meeting FTAL con i 2'000 e i 5'000 ASTi asat- \u00c8 un mercoled\u00ec sera intenso quello proposto dalla locale USC Capriaschese sulle piste d\u2019atletica di Teserete. L\u2019Arena\u2026","rel":"","context":"In &quot;I nostri appuntamenti&quot;","block_context":{"text":"I nostri appuntamenti","link":"https:\/\/uscatletica.ch\/wp\/?cat=12"},"img":{"alt_text":"","src":"https:\/\/i0.wp.com\/uscatletica.ch\/wp\/wp-content\/uploads\/2016\/06\/P1400750.jpg?fit=563%2C422&ssl=1&resize=350%2C200","width":350,"height":200,"srcset":"https:\/\/i0.wp.com\/uscatletica.ch\/wp\/wp-content\/uploads\/2016\/06\/P1400750.jpg?fit=563%2C422&ssl=1&resize=350%2C200 1x, https:\/\/i0.wp.com\/uscatletica.ch\/wp\/wp-content\/uploads\/2016\/06\/P1400750.jpg?fit=563%2C422&ssl=1&resize=525%2C300 1.5x"},"classes":[]},{"id":8200,"url":"https:\/\/uscatletica.ch\/wp\/?p=8200","url_meta":{"origin":18042,"position":3},"title":"Tutti in pista grande serata","author":"Leonida Stampanoni","date":"22 Maggio 2019","format":false,"excerpt":"In una serata piacevole di primavera quasi 200 atleti si sono trovati per l'edizione 2019 di tutti in pista che ha festeggiato due grandi prime. Daniele Angelella ha corso il primo tempo sotto gli 11\"00 sui 100 m ed il nostro quartetto ha siglato la miglior prestazione svizzera per societ\u00e4\u2026","rel":"","context":"In &quot;Informazioni&quot;","block_context":{"text":"Informazioni","link":"https:\/\/uscatletica.ch\/wp\/?cat=10"},"img":{"alt_text":"","src":"https:\/\/i0.wp.com\/uscatletica.ch\/wp\/wp-content\/uploads\/2016\/05\/P1400140.jpg?fit=563%2C422&ssl=1&resize=350%2C200","width":350,"height":200,"srcset":"https:\/\/i0.wp.com\/uscatletica.ch\/wp\/wp-content\/uploads\/2016\/05\/P1400140.jpg?fit=563%2C422&ssl=1&resize=350%2C200 1x, https:\/\/i0.wp.com\/uscatletica.ch\/wp\/wp-content\/uploads\/2016\/05\/P1400140.jpg?fit=563%2C422&ssl=1&resize=525%2C300 1.5x"},"classes":[]},{"id":6058,"url":"https:\/\/uscatletica.ch\/wp\/?p=6058","url_meta":{"origin":18042,"position":4},"title":"Tutti in pista una serata di festa Elazzazoui vince (Stampa)","author":"Leonida Stampanoni","date":"23 Maggio 2018","format":false,"excerpt":"In una bella serata estiva erano oltre 150 gli atleti al via della seconda edizione di Tutti in pista meeting che abbina il 13 5000 m ASTi ad un meeting FTAL. Sui 100 m femminili erano una cinquantina le ragazze al via la pi$ veloce Sabrina Innocenti in 12\"99. Tra\u2026","rel":"","context":"In &quot;Altro&quot;","block_context":{"text":"Altro","link":"https:\/\/uscatletica.ch\/wp\/?cat=11"},"img":{"alt_text":"","src":"https:\/\/i0.wp.com\/uscatletica.ch\/wp\/wp-content\/uploads\/2018\/05\/STHPR3018.jpg?fit=532%2C399&ssl=1&resize=350%2C200","width":350,"height":200,"srcset":"https:\/\/i0.wp.com\/uscatletica.ch\/wp\/wp-content\/uploads\/2018\/05\/STHPR3018.jpg?fit=532%2C399&ssl=1&resize=350%2C200 1x, https:\/\/i0.wp.com\/uscatletica.ch\/wp\/wp-content\/uploads\/2018\/05\/STHPR3018.jpg?fit=532%2C399&ssl=1&resize=525%2C300 1.5x"},"classes":[]},{"id":16024,"url":"https:\/\/uscatletica.ch\/wp\/?p=16024","url_meta":{"origin":18042,"position":5},"title":"Grande successo per Tutti in pista","author":"Leonida Stampanoni","date":"21 Settembre 2022","format":false,"excerpt":"I risultati Classifica completa Classifica generale 5000 m Risultati Tutti in pista 2022, 5000m_categoria Risultati Tutti in pista 2022,_1000m_categoria Risultati Tutti in pista 2022,_600m_categoria \u00a0 \u00a0 La prima serata dell'autunno 2022 si \u00e8 rivelata fresca ed ha offerto condizioni ideali per i 75 atleti al via di Tutti in Pista\u2026","rel":"","context":"In &quot;I nostri appuntamenti&quot;","block_context":{"text":"I nostri appuntamenti","link":"https:\/\/uscatletica.ch\/wp\/?cat=12"},"img":{"alt_text":"","src":"https:\/\/i0.wp.com\/uscatletica.ch\/wp\/wp-content\/uploads\/2022\/09\/Intestaziontuttiasti20220921b-724x1024.jpg?resize=350%2C200&ssl=1","width":350,"height":200},"classes":[]}],"_links":{"self":[{"href":"https:\/\/uscatletica.ch\/wp\/index.php?rest_route=\/wp\/v2\/posts\/18042","targetHints":{"allow":["GET"]}}],"collection":[{"href":"https:\/\/uscatletica.ch\/wp\/index.php?rest_route=\/wp\/v2\/posts"}],"about":[{"href":"https:\/\/uscatletica.ch\/wp\/index.php?rest_route=\/wp\/v2\/types\/post"}],"author":[{"embeddable":true,"href":"https:\/\/uscatletica.ch\/wp\/index.php?rest_route=\/wp\/v2\/users\/3"}],"replies":[{"embeddable":true,"href":"https:\/\/uscatletica.ch\/wp\/index.php?rest_route=%2Fwp%2Fv2%2Fcomments&post=18042"}],"version-history":[{"count":8,"href":"https:\/\/uscatletica.ch\/wp\/index.php?rest_route=\/wp\/v2\/posts\/18042\/revisions"}],"predecessor-version":[{"id":18061,"href":"https:\/\/uscatletica.ch\/wp\/index.php?rest_route=\/wp\/v2\/posts\/18042\/revisions\/18061"}],"wp:featuredmedia":[{"embeddable":true,"href":"https:\/\/uscatletica.ch\/wp\/index.php?rest_route=\/wp\/v2\/media\/10856"}],"wp:attachment":[{"href":"https:\/\/uscatletica.ch\/wp\/index.php?rest_route=%2Fwp%2Fv2%2Fmedia&parent=18042"}],"wp:term":[{"taxonomy":"category","embeddable":true,"href":"https:\/\/uscatletica.ch\/wp\/index.php?rest_route=%2Fwp%2Fv2%2Fcategories&post=18042"},{"taxonomy":"post_tag","embeddable":true,"href":"https:\/\/uscatletica.ch\/wp\/index.php?rest_route=%2Fwp%2Fv2%2Ftags&post=18042"}],"curies":[{"name":"wp","href":"https:\/\/api.w.org\/{rel}","templated":true}]}}