{"id":18075,"date":"2023-09-08T10:02:08","date_gmt":"2023-09-08T08:02:08","guid":{"rendered":"https:\/\/uscatletica.ch\/wp\/?p=18075"},"modified":"2023-09-08T10:02:12","modified_gmt":"2023-09-08T08:02:12","slug":"alice-federica-matilda-ai-campionati-svizzeri-giovanili","status":"publish","type":"post","link":"https:\/\/uscatletica.ch\/wp\/?p=18075","title":{"rendered":"ALICE FEDERICA MATILDA AI CAMPIONATI SVIZZERI GIOVANILI"},"content":{"rendered":"\n<p>Nel fine settimana tra <a href=\"https:\/\/www.stade-lausanne.ch\/events\/championnats-suisses-u20-u23-2023\/\" target=\"_blank\" rel=\"noopener\">Losanna (U23\/U20)<\/a> e <a href=\"https:\/\/event.lcfrauenfeld.ch\" target=\"_blank\" rel=\"noopener\">Frauenfeld (U18 U16)<\/a>si correranno i campionati svizzeri giovanili. L&#8217;USC sar\u00e0 presente con tre ragazze; \u00a0Federica e Matilda \u00a0a Losanna dove al via ci saranno 600 atleti ed un trentina di ticinesi. Alice garegger\u00e0 Frauenfeld con 800 atleti ed una cinquantina di ticinesi al via.\u00a0<\/p>\n<p><a href=\"https:\/\/slv.laportal.net\/Competitions\/Details\/10982\" target=\"_blank\" rel=\"noopener\">risultati live da Losanna<\/a> <a href=\"https:\/\/slv.laportal.net\/Competitions\/Details\/10235\" target=\"_blank\" rel=\"noopener\">risultati live da Frauenfeld<\/a><\/p>\n<p>A Losanna Matilda sar\u00e0 al via sui 100 m e cercher\u00e0 di migliorare il suo tempo stagionale come Federica sui 1500 m.\u00a0<\/p>\n<p>A Frauenfeld Alice affronter\u00e0 gli 80 m e potr\u00e0 tastare il polso delle avversarie che trover\u00e0 settimana prossima a Friborgo per la finale Visana Sprint.\u00a0<\/p>\n<p>\u00a0<\/p>\n<p><blockquote class=\"wp-embedded-content\" data-secret=\"AjZnlTwWpW\"><a href=\"https:\/\/ftal.ch\/oltre-600-junior-e-speranze-a-losanna\/\">Oltre 600 junior e speranze a Losanna<\/a><\/blockquote><iframe loading=\"lazy\" class=\"wp-embedded-content\" sandbox=\"allow-scripts\" security=\"restricted\" style=\"position: absolute; clip: rect(1px, 1px, 1px, 1px);\" title=\"&#8220;Oltre 600 junior e speranze a Losanna&#8221; &#8212; FTAL\" src=\"https:\/\/ftal.ch\/oltre-600-junior-e-speranze-a-losanna\/embed\/#?secret=M9IVh10yLc#?secret=AjZnlTwWpW\" data-secret=\"AjZnlTwWpW\" width=\"600\" height=\"338\" frameborder=\"0\" marginwidth=\"0\" marginheight=\"0\" scrolling=\"no\"><\/iframe><\/p>\n<p>\u00a0<\/p>\n","protected":false},"excerpt":{"rendered":"<p>Nel fine settimana tra Losanna (U23\/U20) e Frauenfeld (U18 U16)si correranno i campionati svizzeri giovanili. L&#8217;USC sar\u00e0 presente con tre ragazze; \u00a0Federica e Matilda \u00a0a Losanna dove al via ci saranno 600 atleti ed un trentina di ticinesi. Alice garegger\u00e0 Frauenfeld con 800 atleti ed una cinquantina di ticinesi al via.\u00a0 risultati live da Losanna risultati live da Frauenfeld A Losanna Matilda sar\u00e0 al via sui 100 m e cercher\u00e0 di migliorare il suo tempo&#8230;<\/p>\n","protected":false},"author":4,"featured_media":18022,"comment_status":"closed","ping_status":"closed","sticky":false,"template":"","format":"standard","meta":{"jetpack_post_was_ever_published":false,"_jetpack_newsletter_access":"","_jetpack_dont_email_post_to_subs":false,"_jetpack_newsletter_tier_id":0,"_jetpack_memberships_contains_paywalled_content":false,"_jetpack_memberships_contains_paid_content":false,"footnotes":"","jetpack_publicize_message":"","jetpack_publicize_feature_enabled":true,"jetpack_social_post_already_shared":true,"jetpack_social_options":{"image_generator_settings":{"template":"highway","default_image_id":0,"font":"","enabled":false},"version":2}},"categories":[4,9],"tags":[],"class_list":["post-18075","post","type-post","status-publish","format-standard","has-post-thumbnail","hentry","category-pista","category-sport"],"jetpack_publicize_connections":[],"jetpack_featured_media_url":"https:\/\/i0.wp.com\/uscatletica.ch\/wp\/wp-content\/uploads\/2023\/09\/230903widencoas.jpg?fit=432%2C287&ssl=1","jetpack_sharing_enabled":true,"jetpack_shortlink":"https:\/\/wp.me\/p6V7Ck-4Hx","jetpack-related-posts":[{"id":18081,"url":"https:\/\/uscatletica.ch\/wp\/?p=18081","url_meta":{"origin":18075,"position":0},"title":"Brave Federica e Alice ai campionati svizzeri","author":"Leonida Stampanoni","date":"10 Settembre 2023","format":false,"excerpt":"Nella due giorni di campionati svizzeri giovanili tra Losanna (U20\/23) e Frauenfeld (U16\/U18) \u00a0il Ticino si \u00e8 ben comportato raccogliendo bene quattro titoli \u00a0con le internazionali Maeva Tahou.e Giada Borin sulle rive del Lemano mentre nel Canton Turgovia sono stati Noah Crescini e Eric Huanca Quispe. \u00a0Brave le nostre ragazze\u2026","rel":"","context":"In &quot;Pista&quot;","block_context":{"text":"Pista","link":"https:\/\/uscatletica.ch\/wp\/?cat=4"},"img":{"alt_text":"","src":"https:\/\/i0.wp.com\/uscatletica.ch\/wp\/wp-content\/uploads\/2017\/09\/argealp2017TICINO.jpeg?fit=960%2C720&ssl=1&resize=350%2C200","width":350,"height":200,"srcset":"https:\/\/i0.wp.com\/uscatletica.ch\/wp\/wp-content\/uploads\/2017\/09\/argealp2017TICINO.jpeg?fit=960%2C720&ssl=1&resize=350%2C200 1x, https:\/\/i0.wp.com\/uscatletica.ch\/wp\/wp-content\/uploads\/2017\/09\/argealp2017TICINO.jpeg?fit=960%2C720&ssl=1&resize=525%2C300 1.5x, https:\/\/i0.wp.com\/uscatletica.ch\/wp\/wp-content\/uploads\/2017\/09\/argealp2017TICINO.jpeg?fit=960%2C720&ssl=1&resize=700%2C400 2x"},"classes":[]},{"id":17981,"url":"https:\/\/uscatletica.ch\/wp\/?p=17981","url_meta":{"origin":18075,"position":1},"title":"BRILLA LA COMUNITA ATLETICA SOTTOCENERI AI CS STAFFETTE","author":"Leonida Stampanoni","date":"3 Settembre 2023","format":false,"excerpt":"Buona la prima, la comunit\u00e0 atletica sottoceneri centra il debutto storico ai campionati svizzeri di staffetta. L'olimpionica U18\u00a0 si prende il titolo nazionalecon\u00a0 Marcoli,Crescini, Ambiveri, Vismara, . Le ragazze della 5x80m dopo aver vinto i primi due turni chiudono con un ottimo bronzo Alice con E. Levi, A Gaggiano, E.\u2026","rel":"","context":"In &quot;Pista&quot;","block_context":{"text":"Pista","link":"https:\/\/uscatletica.ch\/wp\/?cat=4"},"img":{"alt_text":"","src":"https:\/\/i0.wp.com\/uscatletica.ch\/wp\/wp-content\/uploads\/2023\/09\/230903widencoas.jpg?fit=432%2C287&ssl=1&resize=350%2C200","width":350,"height":200},"classes":[]},{"id":19801,"url":"https:\/\/uscatletica.ch\/wp\/?p=19801","url_meta":{"origin":18075,"position":2},"title":"Alice ai Campionati svizzeri, le coppe ASTi in Calanca","author":"Leonida Stampanoni","date":"30 Agosto 2024","format":false,"excerpt":"Nel fine settimana diversi gli appuntamenti per le atlete e gli atleti USC. Oltre Gottardo ci saranno i campionati svizzeri U16-U18, dove Alice sar\u00e0 al via alla Pontaise di Losanna sui 100 m. Al via pure una cinquantina di atleti ed atlete ticinesi. L'ASTi invece propone per podisti e podiste\u2026","rel":"","context":"In &quot;Montagna&quot;","block_context":{"text":"Montagna","link":"https:\/\/uscatletica.ch\/wp\/?cat=16"},"img":{"alt_text":"","src":"https:\/\/i0.wp.com\/uscatletica.ch\/wp\/wp-content\/uploads\/2024\/08\/IMG_2185-2.jpg?fit=432%2C324&ssl=1&resize=350%2C200","width":350,"height":200},"classes":[]},{"id":6486,"url":"https:\/\/uscatletica.ch\/wp\/?p=6486","url_meta":{"origin":18075,"position":3},"title":"Campionati svizzeri giovanili una mezza dozzina di USCini tra Aarau e Frauenfeld","author":"Leonida Stampanoni","date":"8 Settembre 2018","format":false,"excerpt":"Il primo fine settimana di settembre\u00a0 da tradizione \u00e8 dedicato ai campionati svizzeri giovanili, il 2018 vedr\u00e0 gli u20 u23 impegnati in quel di Aarau e tra diversi campioni mondiali ed europei giovanili\u00a0 e reduci dagli europei di Berlino ci saranno anche Simone con grandi ambizioni sui 400 m\u00a0ostacoli ,\u2026","rel":"","context":"In &quot;Pista&quot;","block_context":{"text":"Pista","link":"https:\/\/uscatletica.ch\/wp\/?cat=4"},"img":{"alt_text":"","src":"https:\/\/i0.wp.com\/uscatletica.ch\/wp\/wp-content\/uploads\/2018\/06\/CTASS2018400mmaschili.jpg?fit=422%2C316&ssl=1&resize=350%2C200","width":350,"height":200},"classes":[]},{"id":8281,"url":"https:\/\/uscatletica.ch\/wp\/?p=8281","url_meta":{"origin":18075,"position":4},"title":"Swiss Athletics Sprint Matilda e Alice seconde","author":"Leonida Stampanoni","date":"30 Maggio 2019","format":false,"excerpt":"Lo stadio di Cornaredo riscaldato da una piacevole giornata primaverile ha accolto la finale del ragazzo pi\u00f9 veloce del Ticino. Una delle migliori edizioni per l'USC che con 7 atleti al via ha conquistatato ben tre podi. Matilda seconda nella finale valida per Swiss Athletics Sprint ha pure conquistato il\u2026","rel":"","context":"In &quot;Non catalogato&quot;","block_context":{"text":"Non catalogato","link":"https:\/\/uscatletica.ch\/wp\/?cat=6"},"img":{"alt_text":"","src":"https:\/\/i0.wp.com\/uscatletica.ch\/wp\/wp-content\/uploads\/2019\/05\/rvmatilda190529.jpg?fit=432%2C231&ssl=1&resize=350%2C200","width":350,"height":200},"classes":[]},{"id":10662,"url":"https:\/\/uscatletica.ch\/wp\/?p=10662","url_meta":{"origin":18075,"position":5},"title":"Campionati Svizzeri Giada Sofia ed Enea a Frauenfeld","author":"Leonida Stampanoni","date":"20 Agosto 2020","format":false,"excerpt":"Nel fine settimana si terrano a Frauenfeld i Campionati svizzeri U20 U23 Tra la quarantina di Ticinesi ci saranno tre USCini Giada nei lanci , Sofia nella velocit\u00e0 tra le U20 e nel mezzofondo ci sar\u00e0 Enea tra gli U23. Alla Kleine Allmend ci saranno anche quattro campioni europei giovanili\u2026","rel":"","context":"In &quot;Pista&quot;","block_context":{"text":"Pista","link":"https:\/\/uscatletica.ch\/wp\/?cat=4"},"img":{"alt_text":"","src":"https:\/\/i0.wp.com\/uscatletica.ch\/wp\/wp-content\/uploads\/2020\/01\/11.jpg?fit=432%2C288&ssl=1&resize=350%2C200","width":350,"height":200},"classes":[]}],"_links":{"self":[{"href":"https:\/\/uscatletica.ch\/wp\/index.php?rest_route=\/wp\/v2\/posts\/18075","targetHints":{"allow":["GET"]}}],"collection":[{"href":"https:\/\/uscatletica.ch\/wp\/index.php?rest_route=\/wp\/v2\/posts"}],"about":[{"href":"https:\/\/uscatletica.ch\/wp\/index.php?rest_route=\/wp\/v2\/types\/post"}],"author":[{"embeddable":true,"href":"https:\/\/uscatletica.ch\/wp\/index.php?rest_route=\/wp\/v2\/users\/4"}],"replies":[{"embeddable":true,"href":"https:\/\/uscatletica.ch\/wp\/index.php?rest_route=%2Fwp%2Fv2%2Fcomments&post=18075"}],"version-history":[{"count":2,"href":"https:\/\/uscatletica.ch\/wp\/index.php?rest_route=\/wp\/v2\/posts\/18075\/revisions"}],"predecessor-version":[{"id":18181,"href":"https:\/\/uscatletica.ch\/wp\/index.php?rest_route=\/wp\/v2\/posts\/18075\/revisions\/18181"}],"wp:featuredmedia":[{"embeddable":true,"href":"https:\/\/uscatletica.ch\/wp\/index.php?rest_route=\/wp\/v2\/media\/18022"}],"wp:attachment":[{"href":"https:\/\/uscatletica.ch\/wp\/index.php?rest_route=%2Fwp%2Fv2%2Fmedia&parent=18075"}],"wp:term":[{"taxonomy":"category","embeddable":true,"href":"https:\/\/uscatletica.ch\/wp\/index.php?rest_route=%2Fwp%2Fv2%2Fcategories&post=18075"},{"taxonomy":"post_tag","embeddable":true,"href":"https:\/\/uscatletica.ch\/wp\/index.php?rest_route=%2Fwp%2Fv2%2Ftags&post=18075"}],"curies":[{"name":"wp","href":"https:\/\/api.w.org\/{rel}","templated":true}]}}