{"id":18105,"date":"2023-09-13T23:25:01","date_gmt":"2023-09-13T21:25:01","guid":{"rendered":"https:\/\/uscatletica.ch\/wp\/?p=18105"},"modified":"2023-10-04T12:41:50","modified_gmt":"2023-10-04T10:41:50","slug":"meeting-capriaschese-un-gran-serata-di-atletica","status":"publish","type":"post","link":"https:\/\/uscatletica.ch\/wp\/?p=18105","title":{"rendered":"MEETING CAPRIASCHESE, UNA GRAN SERATA DI ATLETICA"},"content":{"rendered":"\n<p>In una serata autunnale un po&#8217; afosa, il terzo meeting meeting stagionale all&#8217;arena sportiva assegnava i titoli cantonali della staffetta olimpionica. Nella sfida tra GA Bellinzona e Comunit\u00e0 atletica Sottoceneri, la societ\u00e0 della capitale \u00e8 riuscita a conquistare due ori. Al maschile Siro Gentilini, Nicola Fumagalli, Nathan Oberti, Leonardi Lafranchi hanno dominato concedendosi pure un errore al terzo cambio, chiudendo comunque in un ottimo 3&#8217;21&#8243;72, davanti ai compagni di squadra e alla CoAS.<\/p>\n<p>Tr ale donne, Aurora De Marco, Zoe Rossi, Carol Brechbuhl, Gaia Ferrari hanno dominato la gara, davanti a due squadre CoAS. Nei 100 m successi per Joao Sepulveda Moreira in 10&#8243;99 e Alessia Pinciroli \u00a012&#8243;97. Nel pedana del peso vince Jan Colombini 12.06. Al femminile Maria W\u00fcrz domina con 9.93 m. Sui 600 m Lorenzo Duse in 1&#8217;42&#8243;20 precede in volata No\u00e9. Emelie Poncia in 1&#8217;48&#8243;20 domina tra le U16. Sugli 80 m, Aris Fornasier 9&#8243;90 e Lia Raggi 9&#8243;44 sono i pi\u00f9 veloci.<\/p>\n<p>Manifestazione perfettamente riuscita grazie al prezioso e competente contributo dell&#8217;affiatato gruppo di collaboratori USC.\u00a0<\/p>\n<p><a href=\"https:\/\/uscatletica.ch\/wp\/?attachment_id=18106\" rel=\"attachment wp-att-18106\">\u00a0Classifiche<\/a><\/p>\n<p><a href=\"https:\/\/uscatletica.ch\/wp\/wp-content\/uploads\/2023\/09\/230913CLASSIFICACTOLI.pdf\" rel=\"attachment wp-att-18107\"><img data-recalc-dims=\"1\" loading=\"lazy\" decoding=\"async\" data-attachment-id=\"18107\" data-permalink=\"https:\/\/uscatletica.ch\/wp\/?attachment_id=18107\" data-orig-file=\"https:\/\/i0.wp.com\/uscatletica.ch\/wp\/wp-content\/uploads\/2023\/09\/230610IntestazionETITOLO.doc.jpg?fit=595%2C841&amp;ssl=1\" data-orig-size=\"595,841\" data-comments-opened=\"0\" data-image-meta=\"{&quot;aperture&quot;:&quot;0&quot;,&quot;credit&quot;:&quot;&quot;,&quot;camera&quot;:&quot;&quot;,&quot;caption&quot;:&quot;&quot;,&quot;created_timestamp&quot;:&quot;0&quot;,&quot;copyright&quot;:&quot;&quot;,&quot;focal_length&quot;:&quot;0&quot;,&quot;iso&quot;:&quot;0&quot;,&quot;shutter_speed&quot;:&quot;0&quot;,&quot;title&quot;:&quot;&quot;,&quot;orientation&quot;:&quot;0&quot;}\" data-image-title=\"13.09.23\" data-image-description=\"\" data-image-caption=\"\" data-large-file=\"https:\/\/i0.wp.com\/uscatletica.ch\/wp\/wp-content\/uploads\/2023\/09\/230610IntestazionETITOLO.doc.jpg?fit=595%2C841&amp;ssl=1\" class=\"alignnone wp-image-18107 size-medium\" src=\"https:\/\/i0.wp.com\/uscatletica.ch\/wp\/wp-content\/uploads\/2023\/09\/230610IntestazionETITOLO.doc.jpg?resize=212%2C300&#038;ssl=1\" alt=\"\" width=\"212\" height=\"300\" srcset=\"https:\/\/i0.wp.com\/uscatletica.ch\/wp\/wp-content\/uploads\/2023\/09\/230610IntestazionETITOLO.doc.jpg?resize=212%2C300&amp;ssl=1 212w, https:\/\/i0.wp.com\/uscatletica.ch\/wp\/wp-content\/uploads\/2023\/09\/230610IntestazionETITOLO.doc.jpg?w=595&amp;ssl=1 595w\" sizes=\"auto, (max-width: 212px) 100vw, 212px\" \/><\/a><\/p>\n<p>Nell&#8217;olimpionica femminile erano tre le atlete USC in pista per la comunit\u00e0 atletica sottoceneri che hanno terminato la gara dietro le neocampionesse ticinese del GAB. \u00a0Federica con un buon 800 m ha lanciato Petra Crescini, Alice Baggi e Lia Patriarca verso l&#8217;argento in 4&#8217;04&#8243;47. \u00a0Lea ha corso i 400 m con Maria Vittoria Mucci, Caterina Wolgemuth e Anna Caggiano per vincere il bronzo in 4&#8217;25&#8243;85, d&#8217;un soffio su Matilda che ha chiuso la staffetta di Benedetta Bettega, Siria Di Domenico ed Ashli Levi in 4&#8217;26&#8243;16. \u00a0<\/p>\n<p>Nella gara maschile il GAB ha dominato con Siro Gentilini, Nicola Fumagalli, Nathan Oberti e Leonardo Laffranchi che hanno chiuso in 3&#8217;21&#8243;72 (senza un piccolo incidente al cambio il primato della pista avrebbe potuto cadere). All&#8217;ultimo cambio due squadre GAB e la prima squadra della comunit\u00e0 si sono giocate le due medaglie restanti. Il GAB 2 con Balestra, Fattorini, Favarel, De Biasio in 3&#8217;24&#8243;60 si \u00e8 preso l&#8217;argento sulla comunit\u00e0 con Noah Crescini, Leonardo Ambiveri, Carlo Vismara, Joao Sepulveda Moreira in 3&#8217;25&#8243;05. Gabriel, con Lorik Shkodra, Marco Cabra e Mattia Schenk, ha chiuso quinto alle spalle dei compagni di squadra Codevilla, Codevilla, Marcoli, Baehler.\u00a0<\/p>\n<p>Sui 100 m vinti in 10&#8243;99 da Joao Sepulveda Moreira, Gabriel ha corso il personale in 12&#8243;65. Tra le ragazze Alessia Piccioli 12&#8243;97 \u00e8 stata la migliore. Alice in vista della finale Visana sprint chiude i 100 m in 13&#8243;27 seguita a ruota da Matilda 13&#8243;31. Marta corre in 14&#8243;18 e Chiara \u00e8 sempre bravissima correndo in 15&#8243;56. \u00a0<\/p>\n<p>Nella pedana del peso vince Jan Colombini con 12.09 m, Elia scaglia i 5 kg per la prima volta sopra i 10 m \u00a0a 10.02m. Al femminile vince Maria W\u00fcrz con 9.93 m.\u00a0<\/p>\n<p>Moltissimi U12-U14-U16 al via dei 600 m: No\u00e9 ha corso in 1&#8217;42&#8243;40 sfiorando la vittoria dietro Lorenzo Duse 1&#8217;42&#8243;20. Mattia ha chiuso in 1&#8217;52&#8243;10, seguito da Noah in 1&#8217;55&#8243;44 e Giosu\u00e8 in 2&#8217;11&#8243;80. Emelie Poncia 1&#8217;49&#8243;82 ha vinto tra le ragazze, dove Asia in 1&#8217;57&#8221; \u00e8 stata l&#8217;USCina pi\u00f9 veloce davanti a Am\u00e9lie in 1&#8217;59&#8243;95, Viola in 2&#8217;10&#8243;72, Olivia S. in 2&#8217;10&#8243;92, Alicia in 2&#8217;11&#8243;64, Camilla A. in 2&#8217;15&#8243;00 e Noemi in 2&#8217;29&#8243;87.\u00a0<\/p>\n<p>Sugli 80 m miglior tempo per Lia Raggi in 10&#8243;44, seguita da Camilla B. in 12&#8243;06 e Giorgia S. 13&#8243;12. Tra i maschi Aris Fornasier ha corso in 9&#8243;90.<\/p>\n","protected":false},"excerpt":{"rendered":"<p>In una serata autunnale un po&#8217; afosa, il terzo meeting meeting stagionale all&#8217;arena sportiva assegnava i titoli cantonali della staffetta olimpionica. Nella sfida tra GA Bellinzona e Comunit\u00e0 atletica Sottoceneri, la societ\u00e0 della capitale \u00e8 riuscita a conquistare due ori. Al maschile Siro Gentilini, Nicola Fumagalli, Nathan Oberti, Leonardi Lafranchi hanno dominato concedendosi pure un errore al terzo cambio, chiudendo comunque in un ottimo 3&#8217;21&#8243;72, davanti ai compagni di squadra e alla CoAS. Tr ale&#8230;<\/p>\n","protected":false},"author":4,"featured_media":10856,"comment_status":"closed","ping_status":"closed","sticky":false,"template":"","format":"standard","meta":{"jetpack_post_was_ever_published":false,"_jetpack_newsletter_access":"","_jetpack_dont_email_post_to_subs":false,"_jetpack_newsletter_tier_id":0,"_jetpack_memberships_contains_paywalled_content":false,"_jetpack_memberships_contains_paid_content":false,"footnotes":"","jetpack_publicize_message":"","jetpack_publicize_feature_enabled":true,"jetpack_social_post_already_shared":true,"jetpack_social_options":{"image_generator_settings":{"template":"highway","default_image_id":0,"font":"","enabled":false},"version":2}},"categories":[5,9],"tags":[],"class_list":["post-18105","post","type-post","status-publish","format-standard","has-post-thumbnail","hentry","category-podismo","category-sport"],"jetpack_publicize_connections":[],"jetpack_featured_media_url":"https:\/\/i0.wp.com\/uscatletica.ch\/wp\/wp-content\/uploads\/2020\/09\/Arena-sportiva-pista.jpg?fit=800%2C600&ssl=1","jetpack_sharing_enabled":true,"jetpack_shortlink":"https:\/\/wp.me\/p6V7Ck-4I1","jetpack-related-posts":[{"id":19744,"url":"https:\/\/uscatletica.ch\/wp\/?p=19744","url_meta":{"origin":18105,"position":0},"title":"A LOCARNO BRILLANTI RISULTATI PER USC E COAS","author":"Leonida Stampanoni","date":"24 Agosto 2024","format":false,"excerpt":"Al Lido di Locarno sabato nel tardo pomeriggio si gareggiava per i campionati ticinesi della 4x100 m e un bel meeting. Al via diversi USCini a fare parte integrante delle staffette della Comunit\u00e0 atletica Sottoceneri che ha dominato la staffetta femminile con un storica tripletta Alice e Lea hanno lanciato\u2026","rel":"","context":"In &quot;Pista&quot;","block_context":{"text":"Pista","link":"https:\/\/uscatletica.ch\/wp\/?cat=4"},"img":{"alt_text":"","src":"https:\/\/i0.wp.com\/uscatletica.ch\/wp\/wp-content\/uploads\/2022\/10\/220110mmlungo.jpg?fit=324%2C432&ssl=1&resize=350%2C200","width":350,"height":200},"classes":[]},{"id":19304,"url":"https:\/\/uscatletica.ch\/wp\/?p=19304","url_meta":{"origin":18105,"position":1},"title":"CSI LE U14 VOLANO SUL PODIO BENE LE SQUADRE COAS","author":"Leonida Stampanoni","date":"4 Maggio 2024","format":false,"excerpt":"Al Lido di Locarno la lunga giornata dei CSI. \u00e8 cominciata presto per concludersi nel tardo pomeriggio con i campionati ticinesi di staffetta Olimpionica. Asia, Anais Camilla, Maja, Matilde Viola . nel CSI U14 hanno chiuso al terzo posto l'affollata sfida tra ben dodici squadre. Alice. dal canto suo ha\u2026","rel":"","context":"In &quot;Pista&quot;","block_context":{"text":"Pista","link":"https:\/\/uscatletica.ch\/wp\/?cat=4"},"img":{"alt_text":"","src":"https:\/\/i0.wp.com\/uscatletica.ch\/wp\/wp-content\/uploads\/2024\/05\/20240504csiuscu14.jpg?fit=432%2C324&ssl=1&resize=350%2C200","width":350,"height":200},"classes":[]},{"id":2722,"url":"https:\/\/uscatletica.ch\/wp\/?p=2722","url_meta":{"origin":18105,"position":2},"title":"Dal Letzi all&#8217;Arena Sportiva di Capriasca (Orari Letzigrund Morena Chiara)","author":"Leonida Stampanoni","date":"2 Settembre 2016","format":false,"excerpt":"Sabato Morena e Chiara torneranno a calcare\u00a0\u00a0 le piste del Letzigrund in occasione della Finale Svizzera\u00a0\u00a0UBS KIDS CUP.potranno cos\u00ec gustarsi la magica atmosfera del Weltklasse. All'arena Sportiva di Capriasca \u00a0ospiteremo la decima edizione del Meeting Capriasschese a partire dalle 16.00. Per il gran finale in palio ci saranno i titoli\u2026","rel":"","context":"In &quot;Pista&quot;","block_context":{"text":"Pista","link":"https:\/\/uscatletica.ch\/wp\/?cat=4"},"img":{"alt_text":"","src":"https:\/\/i0.wp.com\/uscatletica.ch\/wp\/wp-content\/uploads\/2016\/08\/ct4x100.jpg?fit=561%2C371&ssl=1&resize=350%2C200","width":350,"height":200,"srcset":"https:\/\/i0.wp.com\/uscatletica.ch\/wp\/wp-content\/uploads\/2016\/08\/ct4x100.jpg?fit=561%2C371&ssl=1&resize=350%2C200 1x, https:\/\/i0.wp.com\/uscatletica.ch\/wp\/wp-content\/uploads\/2016\/08\/ct4x100.jpg?fit=561%2C371&ssl=1&resize=525%2C300 1.5x"},"classes":[]},{"id":19257,"url":"https:\/\/uscatletica.ch\/wp\/?p=19257","url_meta":{"origin":18105,"position":3},"title":"A BELLINZONA PIOGGIA DI MEDAGLIE PER COAS","author":"Leonida Stampanoni","date":"27 Aprile 2024","format":false,"excerpt":"In un pomeriggio decisamente invernale il comunale di Bellinzona ha ospitato i campionati ticinesi giovanili di staffette svoltisi sotto l'ottima regia del GA Bellinzona. Ai nastri di partenza c'erano 58 squadre. La COAS era presente con 22 squadre con la presenza di ben 11 atlete ed atleti USC. Nella categoria\u2026","rel":"","context":"In &quot;Pista&quot;","block_context":{"text":"Pista","link":"https:\/\/uscatletica.ch\/wp\/?cat=4"},"img":{"alt_text":"","src":"https:\/\/i0.wp.com\/uscatletica.ch\/wp\/wp-content\/uploads\/2022\/09\/Gala.jpg?fit=753%2C257&ssl=1&resize=350%2C200","width":350,"height":200,"srcset":"https:\/\/i0.wp.com\/uscatletica.ch\/wp\/wp-content\/uploads\/2022\/09\/Gala.jpg?fit=753%2C257&ssl=1&resize=350%2C200 1x, https:\/\/i0.wp.com\/uscatletica.ch\/wp\/wp-content\/uploads\/2022\/09\/Gala.jpg?fit=753%2C257&ssl=1&resize=525%2C300 1.5x, https:\/\/i0.wp.com\/uscatletica.ch\/wp\/wp-content\/uploads\/2022\/09\/Gala.jpg?fit=753%2C257&ssl=1&resize=700%2C400 2x"},"classes":[]},{"id":10648,"url":"https:\/\/uscatletica.ch\/wp\/?p=10648","url_meta":{"origin":18105,"position":4},"title":"Buon rientro alle gare per gli USCini","author":"Leonida Stampanoni","date":"18 Agosto 2020","format":false,"excerpt":"In una serata dal clima ideale erano una decina gli USCini al via del Meeting di Lugano e del campionato ticinese della 4x100 m\u00a0 diversi i personali\u00a0 ottenuti dalle nostre ragazze. Matilda ha vinto gli 80 m personale invece per Pauline, Elody, Marco\u00a0 e per concludere per Morena sui 600\u2026","rel":"","context":"In &quot;Pista&quot;","block_context":{"text":"Pista","link":"https:\/\/uscatletica.ch\/wp\/?cat=4"},"img":{"alt_text":"","src":"https:\/\/i0.wp.com\/uscatletica.ch\/wp\/wp-content\/uploads\/2020\/08\/4x100m2020.jpg?fit=410%2C308&ssl=1&resize=350%2C200","width":350,"height":200},"classes":[]},{"id":21929,"url":"https:\/\/uscatletica.ch\/wp\/?p=21929","url_meta":{"origin":18105,"position":5},"title":"No\u00e8 guida la COAS all&#8217;argento nell&#8217;olimpionica","author":"Leonida Stampanoni","date":"25 Aprile 2026","format":false,"excerpt":"Sabato al Lido di Locarno erano in palio le prime medaglie della stagione atletica 2026 all'aperto. Ai campionati ticinesi giovanili di staffette due le presenze USC nelle squadre COAS. No\u00e9 con un ottimo 800 m ha lanciato il COAS verso la medaglia d'argento. Amelie ha corso un buon 400 nell'olimpionica\u2026","rel":"","context":"In &quot;Pista&quot;","block_context":{"text":"Pista","link":"https:\/\/uscatletica.ch\/wp\/?cat=4"},"img":{"alt_text":"","src":"","width":0,"height":0},"classes":[]}],"_links":{"self":[{"href":"https:\/\/uscatletica.ch\/wp\/index.php?rest_route=\/wp\/v2\/posts\/18105","targetHints":{"allow":["GET"]}}],"collection":[{"href":"https:\/\/uscatletica.ch\/wp\/index.php?rest_route=\/wp\/v2\/posts"}],"about":[{"href":"https:\/\/uscatletica.ch\/wp\/index.php?rest_route=\/wp\/v2\/types\/post"}],"author":[{"embeddable":true,"href":"https:\/\/uscatletica.ch\/wp\/index.php?rest_route=\/wp\/v2\/users\/4"}],"replies":[{"embeddable":true,"href":"https:\/\/uscatletica.ch\/wp\/index.php?rest_route=%2Fwp%2Fv2%2Fcomments&post=18105"}],"version-history":[{"count":9,"href":"https:\/\/uscatletica.ch\/wp\/index.php?rest_route=\/wp\/v2\/posts\/18105\/revisions"}],"predecessor-version":[{"id":18180,"href":"https:\/\/uscatletica.ch\/wp\/index.php?rest_route=\/wp\/v2\/posts\/18105\/revisions\/18180"}],"wp:featuredmedia":[{"embeddable":true,"href":"https:\/\/uscatletica.ch\/wp\/index.php?rest_route=\/wp\/v2\/media\/10856"}],"wp:attachment":[{"href":"https:\/\/uscatletica.ch\/wp\/index.php?rest_route=%2Fwp%2Fv2%2Fmedia&parent=18105"}],"wp:term":[{"taxonomy":"category","embeddable":true,"href":"https:\/\/uscatletica.ch\/wp\/index.php?rest_route=%2Fwp%2Fv2%2Fcategories&post=18105"},{"taxonomy":"post_tag","embeddable":true,"href":"https:\/\/uscatletica.ch\/wp\/index.php?rest_route=%2Fwp%2Fv2%2Ftags&post=18105"}],"curies":[{"name":"wp","href":"https:\/\/api.w.org\/{rel}","templated":true}]}}