{"id":18140,"date":"2023-09-24T00:46:42","date_gmt":"2023-09-23T22:46:42","guid":{"rendered":"https:\/\/uscatletica.ch\/wp\/?p=18140"},"modified":"2023-09-25T14:20:19","modified_gmt":"2023-09-25T12:20:19","slug":"bene-lusc-alla-stralunano-bravo-noe-al-mille-gruyere","status":"publish","type":"post","link":"https:\/\/uscatletica.ch\/wp\/?p=18140","title":{"rendered":"Bene l&#8217;USC alla Stralugano bravo No\u00e9 al MilLe Gruy\u00e8re"},"content":{"rendered":"\n<p>Sabato intenso per l&#8217;USC a Lugano c&#8217;era la prima giornata della Stralugano con la 10 km e la 5 km mentre No\u00e9 ha corso la finale del MilLe Gruy\u00e8re a Regensdorf \u00a0cogliendo il suo nuovo primato personale. A Lugano erano una decina i podisti e le podiste USC \u00a0con quattro donne che si sono meritate il podio Selina nella 10 km Martina, Ramona ed Alessia nella 5 km. Federica \u00e8 \u00a0in trasferta a Bressanone con la selezione Ticino e domani correr\u00e0 i 3000 m .\u00a0<\/p>\n<p><a href=\"https:\/\/mille.slv.laportal.net\/Competitions\/Details\/10679\" target=\"_blank\" rel=\"noopener\">Risultati da Regensdorf\u00a0<\/a>\u00a0<a href=\"https:\/\/youtube.com\/playlist?list=PLU0QXrsJEEelb3Hvi50AF_3uAushRm3_9&amp;si=1aUlWfnTRvgg-WKj\" target=\"_blank\" rel=\"noopener\">I video delle finali \u00a0<\/a>\u00a0<a href=\"https:\/\/athletix.ch\/photos-2023\/mille-gruyre-final-regensdorf-23092023\/\" target=\"_blank\" rel=\"noopener\">le foto di athletix.ch\u00a0<\/a>\u00a0<a href=\"https:\/\/www.endu.net\/it\/events\/stralugano-2\/results\/2023\" target=\"_blank\" rel=\"noopener\">Risultati Stralugano<\/a> <a href=\"https:\/\/www.fidal.it\/risultati\/2023\/REG31970\/Index.htm\" target=\"_blank\" rel=\"noopener\">Risultati Bressanone\u00a0<\/a><\/p>\n<p>A \u00a0Regensdorf No\u00e9 per la quinta volta consecutiva corre la finale MilLe Gruy\u00e8re e firma il personale nella storica edizione che saluta il primo successo ticinese grazie ad Eric Huanca Quispe (Vigor). Tiziana Rosamilia in 2&#8217;49&#8243;14 firma il nuovo primato ticinese U20. finendo seconda.\u00a0<\/p>\n<h2>Domenica alla Stralugano\u00a0<\/h2>\n<p><span style=\"color: #339966;\">Nella mezza maratona vinta dal Kenyano Elvis Chebor e dal bronzo europeo della maratona Niente Brinkmann due USCini al traguardo dopo una gara parallela Ralf 1h26&#8217;17 e Aleksandar 1h26&#8243;55 nel pomeriggio folto il gruppo di giovani USCine\/i.<\/span><\/p>\n<p><span style=\"color: #339966;\">Nella gara U16 tre podi per No\u00e9 che dopo le fatiche del MilLe Gruy\u00e8re ha chiuso al secondo posto dopo una lunga volata tra le ragazze Elsa \u00e8 seconda davanti ad Olivia. Tra gli U14 \u00a0Mattia \u00e8 quinto mentre tra le ragazze Anais \u00e8 sesta seguita da Am\u00e9lie (10), Asia (12) Dalia (14). Nelle U12 Viola \u00e8 sesta seguita da Michelle (11) ed Agata (19). Tra i ragazzi un bel terzetto al via Giosu\u00e8 (12) Nicol\u00f2 (14) e Jacopo (24) \u00a0mostrano costanti progressi. Alicia vince la gara U10 dove Anna arriva quarta Bravissime anche le piccola Lena.\u00a0<\/span><\/p>\n<p>\u00a0<\/p>\n<p><span style=\"color: #339966;\">\u00a0<\/span><\/p>\n<h2>Sabato Stralugano\u00a0<\/h2>\n<p>Sabato nella 10 km \u00a0La vittoria \u00e8 per Elhousine Elazzaoui \u00a0che corre in 29&#8243;26 miglior ticinese Tommaso Marani 31&#8217;58. Alex in 35&#8243;37 \u00e8 sesto M40 e migliore USC seguito da Alessandro 36&#8217;08. Jonathan \u00e8 quinto M50 in \u00a038&#8243;20, Gionata corre in 39&#8243;04 David 39&#8217;54. Sigi arriva ancora poco sopra i 40 in 40&#8243;18.<\/p>\n<p>La donna pi\u00f9 veloce \u00e8 Nathalie in 45&#8217;06. Selina \u00e8 seconda U20 in 46&#8217;08 abbassando il proprio primato di oltre 2&#8242;. \u00a0<\/p>\n<p>Gli altri USCini sulla 10 km Erik 45&#8217;24, Nicola 47&#8217;02, \u00a0Davide J. 59&#8217;58, Carola 1&#8217;02&#8243;21.\u00a0<\/p>\n<p>Nella 5 km \u00a0al femminile vince Emma Lucchina \u00a0in 17&#8217;43 a due minuti esatti Martina vince le U20 in 19&#8243;43 migliorandosi di 30&#8243;. Lila chiude la sua prima gara USC \u00a0in 23&#8217;23 nuovo personale. \u00a0Ramona in 25&#8217;04 \u00e8 terza W40. Alessia corre in 27&#8217;45 \u00e8 la terza W20. Al maschile Omar corre in Omar corre in 24&#8217;03 Cornelio in 25&#8217;35.<\/p>\n","protected":false},"excerpt":{"rendered":"<p>Sabato intenso per l&#8217;USC a Lugano c&#8217;era la prima giornata della Stralugano con la 10 km e la 5 km mentre No\u00e9 ha corso la finale del MilLe Gruy\u00e8re a Regensdorf \u00a0cogliendo il suo nuovo primato personale. A Lugano erano una decina i podisti e le podiste USC \u00a0con quattro donne che si sono meritate il podio Selina nella 10 km Martina, Ramona ed Alessia nella 5 km. Federica \u00e8 \u00a0in trasferta a Bressanone con&#8230;<\/p>\n","protected":false},"author":4,"featured_media":15875,"comment_status":"closed","ping_status":"closed","sticky":false,"template":"","format":"standard","meta":{"jetpack_post_was_ever_published":false,"_jetpack_newsletter_access":"","_jetpack_dont_email_post_to_subs":false,"_jetpack_newsletter_tier_id":0,"_jetpack_memberships_contains_paywalled_content":false,"_jetpack_memberships_contains_paid_content":false,"footnotes":"","jetpack_publicize_message":"","jetpack_publicize_feature_enabled":true,"jetpack_social_post_already_shared":true,"jetpack_social_options":{"image_generator_settings":{"template":"highway","default_image_id":0,"font":"","enabled":false},"version":2}},"categories":[4,5,9],"tags":[],"class_list":["post-18140","post","type-post","status-publish","format-standard","has-post-thumbnail","hentry","category-pista","category-podismo","category-sport"],"jetpack_publicize_connections":[],"jetpack_featured_media_url":"https:\/\/i0.wp.com\/uscatletica.ch\/wp\/wp-content\/uploads\/2022\/09\/martina220910stra-e1730451714638.png?fit=324%2C298&ssl=1","jetpack_sharing_enabled":true,"jetpack_shortlink":"https:\/\/wp.me\/p6V7Ck-4IA","jetpack-related-posts":[{"id":20216,"url":"https:\/\/uscatletica.ch\/wp\/?p=20216","url_meta":{"origin":18140,"position":0},"title":"CT GIOVANILI E STRALUGANO GLI APPUNTAMENTI DEL FINE SETTIMANA","author":"Leonida Stampanoni","date":"27 Settembre 2024","format":false,"excerpt":"Intenso fine settimana per chiudere il mese di settembre la Stralunano accender\u00e0 il luganese mentre in pista saranno i giovani a chiudere la stagione con i campionati ticinesi giovanili che vantano ben 217 iscritti sette le presenze USC Marta, Alice e No\u00e9 sono i pi\u00f9 esperti ma Melissa, Am\u00e9lie, Mattia\u2026","rel":"","context":"In &quot;Pista&quot;","block_context":{"text":"Pista","link":"https:\/\/uscatletica.ch\/wp\/?cat=4"},"img":{"alt_text":"","src":"https:\/\/i0.wp.com\/uscatletica.ch\/wp\/wp-content\/uploads\/2022\/09\/NOah22.jpg?fit=432%2C242&ssl=1&resize=350%2C200","width":350,"height":200},"classes":[]},{"id":21295,"url":"https:\/\/uscatletica.ch\/wp\/?p=21295","url_meta":{"origin":18140,"position":1},"title":"Il fine settimana tra Bellinzona e Lugano","author":"Leonida Stampanoni","date":"26 Settembre 2025","format":false,"excerpt":"Nel fine settimana \u00a0doppio impegni per l'USC i podisti saranno impegnati alla Stralunano la manifestazione pi\u00f9 popolare del cantone sabato si garegger\u00e0 sui 5 e 10 km mentre domenica la coppa Giovanile accompagner\u00e0 la gara in salita e la mezza maratona. Sabato al comunale di Bellinzonasaranno quasi. 300 gli atleti\u2026","rel":"","context":"In &quot;Pista&quot;","block_context":{"text":"Pista","link":"https:\/\/uscatletica.ch\/wp\/?cat=4"},"img":{"alt_text":"","src":"https:\/\/i0.wp.com\/uscatletica.ch\/wp\/wp-content\/uploads\/2022\/09\/Gala.jpg?fit=753%2C257&ssl=1&resize=350%2C200","width":350,"height":200,"srcset":"https:\/\/i0.wp.com\/uscatletica.ch\/wp\/wp-content\/uploads\/2022\/09\/Gala.jpg?fit=753%2C257&ssl=1&resize=350%2C200 1x, https:\/\/i0.wp.com\/uscatletica.ch\/wp\/wp-content\/uploads\/2022\/09\/Gala.jpg?fit=753%2C257&ssl=1&resize=525%2C300 1.5x, https:\/\/i0.wp.com\/uscatletica.ch\/wp\/wp-content\/uploads\/2022\/09\/Gala.jpg?fit=753%2C257&ssl=1&resize=700%2C400 2x"},"classes":[]},{"id":15854,"url":"https:\/\/uscatletica.ch\/wp\/?p=15854","url_meta":{"origin":18140,"position":2},"title":"DA Zurigo a Bellinzona passando per Lugano il fine settimana USC","author":"Leonida Stampanoni","date":"9 Settembre 2022","format":false,"excerpt":"Quattro appuntamenti agonistici per l'USC nel fine settimana \u00a0si parte sabato Mattina con la finale UBS Kids Cup \u00a0sulla mitica pista del Letzigrund fresca della finale della Diamond League con Alice, che raccoglie il testimone di Flavie, C\u00e9line, Giada, Morena \u00a0e Chiara capace anche di vincere. \u00a0Sabato a Lugano ci\u2026","rel":"","context":"In &quot;Pista&quot;","block_context":{"text":"Pista","link":"https:\/\/uscatletica.ch\/wp\/?cat=4"},"img":{"alt_text":"","src":"https:\/\/i0.wp.com\/uscatletica.ch\/wp\/wp-content\/uploads\/2021\/09\/210914U118eajla.jpg?fit=432%2C324&ssl=1&resize=350%2C200","width":350,"height":200},"classes":[]},{"id":13104,"url":"https:\/\/uscatletica.ch\/wp\/?p=13104","url_meta":{"origin":18140,"position":3},"title":"StraLugano 2021, Roberto Campione sui 10 km e primo al Br\u00e9. Sui 5 km altra vittoria USC","author":"Stampa E","date":"30 Agosto 2021","format":false,"excerpt":"Fine settimana di gare a Lugano con la 15ima edizione della StraLugano. Sabato le gare dei bambini e la 10 km Domenica la Monte Br\u00e9 challenge, la mezza maratona e la 5 km. --- 10 km e Kids. Una decina gli USCini al via e brilla il titolo ticinese di\u2026","rel":"","context":"In &quot;Montagna&quot;","block_context":{"text":"Montagna","link":"https:\/\/uscatletica.ch\/wp\/?cat=16"},"img":{"alt_text":"","src":"https:\/\/i0.wp.com\/uscatletica.ch\/wp\/wp-content\/uploads\/2021\/08\/StraLugano2021.png?fit=603%2C276&ssl=1&resize=350%2C200","width":350,"height":200,"srcset":"https:\/\/i0.wp.com\/uscatletica.ch\/wp\/wp-content\/uploads\/2021\/08\/StraLugano2021.png?fit=603%2C276&ssl=1&resize=350%2C200 1x, https:\/\/i0.wp.com\/uscatletica.ch\/wp\/wp-content\/uploads\/2021\/08\/StraLugano2021.png?fit=603%2C276&ssl=1&resize=525%2C300 1.5x"},"classes":[]},{"id":20235,"url":"https:\/\/uscatletica.ch\/wp\/?p=20235","url_meta":{"origin":18140,"position":4},"title":"MARTINA VINCE LA 5 km STRALUGANO BENE I GIOVANI NELLA KIDSRUN","author":"Leonida Stampanoni","date":"29 Settembre 2024","format":false,"excerpt":"La prima giornata della Stralugano ha visto sulla linea di partenza podisti e podiste impegnate nella 10 km e nella 5 km \u00a0una dozzina gli USCini al via. Nella 5km vittoria femminile per Martina, che migliora il secondo posto dello scorso anno. Nella 10 km podio per di categoria per\u2026","rel":"","context":"In &quot;Podismo&quot;","block_context":{"text":"Podismo","link":"https:\/\/uscatletica.ch\/wp\/?cat=5"},"img":{"alt_text":"","src":"https:\/\/i0.wp.com\/uscatletica.ch\/wp\/wp-content\/uploads\/2022\/09\/martina220910stra-e1730451714638.png?fit=324%2C298&ssl=1&resize=350%2C200","width":350,"height":200},"classes":[]},{"id":21297,"url":"https:\/\/uscatletica.ch\/wp\/?p=21297","url_meta":{"origin":18140,"position":5},"title":"Letizia sfiora il primato ticinese alla Stralugano","author":"Leonida Stampanoni","date":"27 Settembre 2025","format":false,"excerpt":",","rel":"","context":"In &quot;Podismo&quot;","block_context":{"text":"Podismo","link":"https:\/\/uscatletica.ch\/wp\/?cat=5"},"img":{"alt_text":"","src":"","width":0,"height":0},"classes":[]}],"_links":{"self":[{"href":"https:\/\/uscatletica.ch\/wp\/index.php?rest_route=\/wp\/v2\/posts\/18140","targetHints":{"allow":["GET"]}}],"collection":[{"href":"https:\/\/uscatletica.ch\/wp\/index.php?rest_route=\/wp\/v2\/posts"}],"about":[{"href":"https:\/\/uscatletica.ch\/wp\/index.php?rest_route=\/wp\/v2\/types\/post"}],"author":[{"embeddable":true,"href":"https:\/\/uscatletica.ch\/wp\/index.php?rest_route=\/wp\/v2\/users\/4"}],"replies":[{"embeddable":true,"href":"https:\/\/uscatletica.ch\/wp\/index.php?rest_route=%2Fwp%2Fv2%2Fcomments&post=18140"}],"version-history":[{"count":6,"href":"https:\/\/uscatletica.ch\/wp\/index.php?rest_route=\/wp\/v2\/posts\/18140\/revisions"}],"predecessor-version":[{"id":18148,"href":"https:\/\/uscatletica.ch\/wp\/index.php?rest_route=\/wp\/v2\/posts\/18140\/revisions\/18148"}],"wp:featuredmedia":[{"embeddable":true,"href":"https:\/\/uscatletica.ch\/wp\/index.php?rest_route=\/wp\/v2\/media\/15875"}],"wp:attachment":[{"href":"https:\/\/uscatletica.ch\/wp\/index.php?rest_route=%2Fwp%2Fv2%2Fmedia&parent=18140"}],"wp:term":[{"taxonomy":"category","embeddable":true,"href":"https:\/\/uscatletica.ch\/wp\/index.php?rest_route=%2Fwp%2Fv2%2Fcategories&post=18140"},{"taxonomy":"post_tag","embeddable":true,"href":"https:\/\/uscatletica.ch\/wp\/index.php?rest_route=%2Fwp%2Fv2%2Ftags&post=18140"}],"curies":[{"name":"wp","href":"https:\/\/api.w.org\/{rel}","templated":true}]}}