{"id":18171,"date":"2023-09-29T12:39:35","date_gmt":"2023-09-29T10:39:35","guid":{"rendered":"https:\/\/uscatletica.ch\/wp\/?p=18171"},"modified":"2023-09-29T12:39:40","modified_gmt":"2023-09-29T10:39:40","slug":"uscini-ambiziosi-ai-ct-u16-u18","status":"publish","type":"post","link":"https:\/\/uscatletica.ch\/wp\/?p=18171","title":{"rendered":"USCini ambiziosi ai CT U16 U18"},"content":{"rendered":"\n<p>Sabato al comunale di Bellinzona a partire dalle 10.45 saranno 250 le giovane leve dell&#8217;atletica a sfidarsi in occasione dei campionati ticinesi U16 U18. Il GA Bellinzona mette in palio ben 31 titoli ed in pista di ci saranno tutti i campioni svizzeri 2023. \u00a0Sedici le presenze USC tre ragazzi e tredici ragazze. Nel peso ci sar\u00e0 la campionessa ticinese U20 Kora con Elia che garegger\u00e0 anche nel giavellotto. Nella velocit\u00e0 Alice nutre speranze di medaglie come Martina negli 800 m e Marta nel lungo. Diversi gli U14. che debuteranno nella categoria U16.<\/p>\n<p><a href=\"https:\/\/slv.laportal.net\/Competitions\/Details\/11183\" target=\"_blank\" rel=\"noopener\">Risultati Live<\/a><\/p>\n<p>\u00a0<\/p>\n<p>Nella gara con pi\u00f9 iscritte (60) gli 80 m Alice sar\u00e0 tra le candidate alle medaglie, mentre Melissa punta ad un posto in finale le giovanissime Camilla ed Asia saranno li per fare esperienza . Lea sar\u00e0 al via su 100 e 200 mentre Gabriel e Marta gareggeranno sui 100 m.\u00a0Marta nel lungo U18 punta al colpaccio Pauline sar\u00e0 al via nell&#8217;alto..Nei lanci Kora peso e Lara ed Elia giavellotto sono potenzialmente da podio.<\/p>\n<p>Nel lungo U16 (43) iscritte ben sei le USCine al via \u00a0Am\u00e9lie, Anais, Asia, Camilla e Melissa. No\u00e9 abbiner\u00e0 600 m all&#8217;alto. Nel mezzofondo femminile Martina punta alla medaglia negli 800 m. \u00a0Olivia e le giovani Am\u00e9lie, Anais, correranno i 600 m.\u00a0<\/p>\n<p><blockquote class=\"wp-embedded-content\" data-secret=\"skmF5I50C5\"><a href=\"https:\/\/ftal.ch\/9280-2\/\">CAMPIONI SVIZZERI E PRIMATISTI CANTONALI PROTAGONISTI AI TICINESI U16 U18<\/a><\/blockquote><iframe loading=\"lazy\" class=\"wp-embedded-content\" sandbox=\"allow-scripts\" security=\"restricted\" style=\"position: absolute; clip: rect(1px, 1px, 1px, 1px);\" title=\"&#8220;CAMPIONI SVIZZERI E PRIMATISTI CANTONALI PROTAGONISTI AI TICINESI U16 U18&#8221; &#8212; FTAL\" src=\"https:\/\/ftal.ch\/9280-2\/embed\/#?secret=XZCWz0lRMW#?secret=skmF5I50C5\" data-secret=\"skmF5I50C5\" width=\"600\" height=\"338\" frameborder=\"0\" marginwidth=\"0\" marginheight=\"0\" scrolling=\"no\"><\/iframe><\/p>\n<p>\u00a0<\/p>\n<p class=\"western\"><span style=\"color: #3465a4;\"><span style=\"font-size: medium;\"><span lang=\"it-IT\">Comunicato 28.09.23 \u2013 CAMPIONATI TICINESI U16 U18 <\/span><\/span><\/span><\/p>\n<p class=\"western\"><span style=\"color: #00000a;\"><span style=\"font-size: medium;\"><span lang=\"it-IT\">CAMPIONI SVIZZERI E PRIMATISTI CANTONALI PROTAGONISTI AI TICINESI U16 U18<\/span><\/span><\/span><\/p>\n<p class=\"western\"><span style=\"color: #000000;\"><span style=\"font-size: small;\"><span lang=\"it-IT\">Leonida Stampanoni<\/span><\/span><\/span><\/p>\n<p class=\"western\"><span style=\"color: #000000;\"><span style=\"font-size: small;\"><span lang=\"it-IT\">Sabato al comunale di Bellinzona la stagione in pista chiuder\u00e0 i battenti con i campionati ticinesi per le categorie U16 e U18. Sotto la direzione del GA Bellinzona 250 giovani talenti si contenderanno ben 31 titoli. Sei ore intense di gare con al via il meglio dell\u2019atletica giovanile ticinese a partire dai campioni svizzeri Gianmarco Bielli (SAM), Noah Crescini (ASM), Eric Huanca Quispe (VIGOR), Leonardo Ambiveri (SAL), Carlo Vismara (AM) e Elia Marcoli (FGM).Accanto ai grandi talenti del movimento cantonale scenderanno in pista moltissimi ragazzi che con passione stanno muovendo i primi passi nel mondo dell\u2019atletica scoprendone i segreti. <\/span><\/span><\/span><\/p>\n<p class=\"western\"><span style=\"color: #000000;\"><span style=\"font-size: small;\"><span lang=\"it-IT\">La giornata si chiuder\u00e0 con la gara pi\u00f9 attesa: i 200 m U18, con la sfida tra Leonardo Ambiveri (SAL), Carlo Vismara (AM), Noah Crescini (ASM) e Giulio Fugazzi (SFG Chiasso). Tutti freschi primatisti cantonali U20 nelle staffette, i primi tre hanno corso la 4&#215;100 m con Sepulveda Moreira, Crescini e Fugazzi la 4&#215;400 m con Elia Marcoli e Nikolas Tognetti. Ambiveri, Crescini e Vismara saranno i favoriti anche sui 100 m. Il velocista della ASM risulta iscritto anche sugli 800 m dove trover\u00e0 i due medagliati svizzeri del GAB Gioele De Marco e Nicola Fattorini. <\/span><\/span><\/span><\/p>\n<p class=\"western\"><span style=\"color: #000000;\"><span style=\"font-size: small;\"><span lang=\"it-IT\">Al femminile, sempre sugli 800 m, Aurora De Marco (GAB) \u00e8 la chiara favorita. Sui 100 m Ivana Pirolli (USA) e Carol Brechb\u00fchl (GAB) sono le migliori in stagione con la Bellinzonese che sui 200 trover\u00e0 Lea Rossi (SAB) ed Eliane Levi (SAL) a contenderle il titolo. <\/span><\/span><\/span><\/p>\n<p class=\"western\"><span style=\"color: #000000;\"><span style=\"font-size: small;\"><span lang=\"it-IT\">Sugli ostacoli Gaia Ferrari (GAB) ed Emma Rosa (SAM) regaleranno una sfida appassionante. Rosa, medagliata agli svizzeri, sar\u00e0 la favorita nell\u2019alto. Al maschile Joas Kneub\u00fchler (SFG Biasca) se la vedr\u00e0 con il polivalente Matteo De Biasio (GAB) che nel giavellotto sfider\u00e0 Matteo Cavalli (Virtus). Ilva Bay (USA) potrebbe essere la protagonista nei lanci femminili.<\/span><\/span><\/span><\/p>\n<p class=\"western\"><span style=\"color: #000000;\"><span style=\"font-size: small;\"><span lang=\"it-IT\">Nella categoria U16 saranno ben 156 le giovani leve al via. Sessanta ragazze, la met\u00e0 delle iscritte, sar\u00e0 al via degli 80 m gara, dove Lia Raggi (ASSPO) \u00e8 stata la pi\u00f9 veloce in stagione con 10\u201d39, ma con altre quattro ragazze che hanno corso sotto i 10\u201d50. Alle 10.45 saranno 43 le saltatrici in lungo ad aprire le danze: Elisa Tricarico (SAM) \u00e8 l\u2019unica oltre i 5 m e sar\u00e0 la favorita anche sugli ostacoli. Tosca Del Siro (GAD) sar\u00e0 la l\u2019atleta da battere sui 600 m. Nella gara maschile il campione svizzero Eric Huanca Quispe (Vigor), che la scorsa settimana \u00e8 diventato il primo vincitore ticinese del MilLe Gruy\u00e8re, dovrebbe imporsi, ma le sorprese sono sempre possibili. Milo Vigani (Virtus) cerca la tripletta nei lanci: nel disco trover\u00e0 Matteo Squicciarini (GAB) che ai campionati svizzeri lo ha preceduto vincendo la medaglia di bronzo. Nel lungo Ilian Pirotta (USA) e Aris Fornasier (SAM) sono gli unici oltre i 6 m. Fornasier condivide il ruolo di favorito con Floriano Barbaresco (Virtus) sia negli ostacoli che nell\u2019alto. Gianmarco Bielli (SAM) sar\u00e0 il favorito sugli 80 m.<\/span><\/span><\/span><\/p>\n<p class=\"western\"><span style=\"color: #000000;\"><span style=\"font-size: small;\"><span lang=\"it-IT\">Il mese di ottobre sar\u00e0 dedicato agli ultimi titoli cantonalo fuori dallo stadio. La Ascona Locarno Run ospiter\u00e0 i campionati svizzeri di mezza maratona abbinati ai campionati ticinesi sia sulla mezza che sulla 10 km. <\/span><\/span><\/span><\/p>\n<p class=\"western\"><span style=\"color: #000000;\"><span style=\"font-size: small;\"><span lang=\"it-IT\">La stagione 2023 verr\u00e0 celebrata il 17 novembre con la Festa degli atleti al centro sportivo nazionale di Tenero. <\/span><\/span><\/span><\/p>\n<p class=\"western\" lang=\"it-IT\"><br \/><br \/><\/p>\n<p class=\"western\"><span style=\"color: #000000;\"><span style=\"font-size: small;\"><span lang=\"it-IT\">Leonida Stampanoni<\/span><\/span><\/span><\/p>\n<p class=\"western\" lang=\"it-IT\"><br \/><br \/><\/p>\n<p class=\"western\"><br \/><br \/><\/p>\n<p class=\"western\"><br \/><br \/><\/p>\n<p class=\"western\"><br \/><br \/><\/p>\n<p>\u00a0<\/p>\n","protected":false},"excerpt":{"rendered":"<p>Sabato al comunale di Bellinzona a partire dalle 10.45 saranno 250 le giovane leve dell&#8217;atletica a sfidarsi in occasione dei campionati ticinesi U16 U18. Il GA Bellinzona mette in palio ben 31 titoli ed in pista di ci saranno tutti i campioni svizzeri 2023. \u00a0Sedici le presenze USC tre ragazzi e tredici ragazze. Nel peso ci sar\u00e0 la campionessa ticinese U20 Kora con Elia che garegger\u00e0 anche nel giavellotto. Nella velocit\u00e0 Alice nutre speranze di&#8230;<\/p>\n","protected":false},"author":4,"featured_media":2773,"comment_status":"closed","ping_status":"closed","sticky":false,"template":"","format":"standard","meta":{"jetpack_post_was_ever_published":false,"_jetpack_newsletter_access":"","_jetpack_dont_email_post_to_subs":false,"_jetpack_newsletter_tier_id":0,"_jetpack_memberships_contains_paywalled_content":false,"_jetpack_memberships_contains_paid_content":false,"footnotes":"","jetpack_publicize_message":"","jetpack_publicize_feature_enabled":true,"jetpack_social_post_already_shared":true,"jetpack_social_options":{"image_generator_settings":{"template":"highway","default_image_id":0,"font":"","enabled":false},"version":2}},"categories":[4,9],"tags":[],"class_list":["post-18171","post","type-post","status-publish","format-standard","has-post-thumbnail","hentry","category-pista","category-sport"],"jetpack_publicize_connections":[],"jetpack_featured_media_url":"https:\/\/i0.wp.com\/uscatletica.ch\/wp\/wp-content\/uploads\/2016\/09\/P1430921.jpg?fit=422%2C563&ssl=1","jetpack_sharing_enabled":true,"jetpack_shortlink":"https:\/\/wp.me\/p6V7Ck-4J5","jetpack-related-posts":[{"id":21256,"url":"https:\/\/uscatletica.ch\/wp\/?p=21256","url_meta":{"origin":18171,"position":0},"title":"Marta No\u00e9 ed Alice al via dei campionati svizzeri giovanili","author":"Leonida Stampanoni","date":"12 Settembre 2025","format":false,"excerpt":"Nel fine settimana il Canton Argovia ospiter\u00e0 i campionati svizzeri giovanili 900 talenti delle categorie U16\/U18 saranno al via a Zofingen, mentre nella capitale Aarau gareggeranno quasi 700 U20\/U23. Per il Ticino saranno un centinaio i partecipanti nelle due sedi. Tre gli USCini No\u00e9 ed Alice gareggeranno tra. gli \u00a0U18\u2026","rel":"","context":"In &quot;Pista&quot;","block_context":{"text":"Pista","link":"https:\/\/uscatletica.ch\/wp\/?cat=4"},"img":{"alt_text":"","src":"https:\/\/i0.wp.com\/uscatletica.ch\/wp\/wp-content\/uploads\/2024\/06\/Pista-Olgiate-Olona-1-scaled.jpg?fit=1200%2C900&ssl=1&resize=350%2C200","width":350,"height":200,"srcset":"https:\/\/i0.wp.com\/uscatletica.ch\/wp\/wp-content\/uploads\/2024\/06\/Pista-Olgiate-Olona-1-scaled.jpg?fit=1200%2C900&ssl=1&resize=350%2C200 1x, https:\/\/i0.wp.com\/uscatletica.ch\/wp\/wp-content\/uploads\/2024\/06\/Pista-Olgiate-Olona-1-scaled.jpg?fit=1200%2C900&ssl=1&resize=525%2C300 1.5x, https:\/\/i0.wp.com\/uscatletica.ch\/wp\/wp-content\/uploads\/2024\/06\/Pista-Olgiate-Olona-1-scaled.jpg?fit=1200%2C900&ssl=1&resize=700%2C400 2x, https:\/\/i0.wp.com\/uscatletica.ch\/wp\/wp-content\/uploads\/2024\/06\/Pista-Olgiate-Olona-1-scaled.jpg?fit=1200%2C900&ssl=1&resize=1050%2C600 3x"},"classes":[]},{"id":21261,"url":"https:\/\/uscatletica.ch\/wp\/?p=21261","url_meta":{"origin":18171,"position":1},"title":"Nel Canton Argovia Marta sfiora il podio","author":"Leonida Stampanoni","date":"14 Settembre 2025","format":false,"excerpt":"Nel fine settimana il Canton Argovia ha ospitato i campionati svizzeri giovanili nella capitale gareggiavano gli U20\/U23 mentre gli U16\/U18 gareggiavano a Zofingen. \u00a0Tra i 1500 partenti un centinaio i ticinesi . Tre le presenze USC. Marta ad Aarau ha sfiorato la medaglia nel triplo \u00a0e passato un turno sui\u2026","rel":"","context":"In &quot;Pista&quot;","block_context":{"text":"Pista","link":"https:\/\/uscatletica.ch\/wp\/?cat=4"},"img":{"alt_text":"","src":"https:\/\/i0.wp.com\/uscatletica.ch\/wp\/wp-content\/uploads\/2016\/09\/20160903_112600-e1472936223978.jpg?fit=640%2C360&ssl=1&resize=350%2C200","width":350,"height":200,"srcset":"https:\/\/i0.wp.com\/uscatletica.ch\/wp\/wp-content\/uploads\/2016\/09\/20160903_112600-e1472936223978.jpg?fit=640%2C360&ssl=1&resize=350%2C200 1x, https:\/\/i0.wp.com\/uscatletica.ch\/wp\/wp-content\/uploads\/2016\/09\/20160903_112600-e1472936223978.jpg?fit=640%2C360&ssl=1&resize=525%2C300 1.5x"},"classes":[]},{"id":20095,"url":"https:\/\/uscatletica.ch\/wp\/?p=20095","url_meta":{"origin":18171,"position":2},"title":"GIADA E MARTA TITOLI A Bellinzona  MILLE GRUY\u00c8RE bene Nicole e No\u00e8","author":"Leonida Stampanoni","date":"15 Settembre 2024","format":false,"excerpt":"Domenica doppio impegno USC a Bellinzona le ragazze erano impegnate nella seconda giornata dei Campionati Ticinesi assoluti, mentre ad Alle \u00a0Nicole e No\u00e8 erano al via della finale MilLE GRUYERE.\u00a0 Al comunale ottimi risultati per le 4 ragazze ai nastri di partenza Giada vince il titolo nel peso ed il\u2026","rel":"","context":"In &quot;Pista&quot;","block_context":{"text":"Pista","link":"https:\/\/uscatletica.ch\/wp\/?cat=4"},"img":{"alt_text":"","src":"https:\/\/i0.wp.com\/uscatletica.ch\/wp\/wp-content\/uploads\/2024\/09\/20240915millegruyere.jpg?fit=432%2C323&ssl=1&resize=350%2C200","width":350,"height":200},"classes":[]},{"id":10764,"url":"https:\/\/uscatletica.ch\/wp\/?p=10764","url_meta":{"origin":18171,"position":3},"title":"CS U16\/U18  MATILDA E MORENA A LAUSANNE","author":"Leonida Stampanoni","date":"4 Settembre 2020","format":false,"excerpt":"Nel fine settimana sar\u00e0 Lausanne ad ospitare \u00a0i campionati svizzeri \u00a0U16\/U18 nello stadio di Vidy proprio in riva al Lemano \u00a0tra i 650 iscritti (47 ticinesi) ci saranno anche due USCine Matilda sugli 80m e Morena nel Giavellotto e nel Peso.\u00a0 Il sito ufficiale\u00a0\u00a0\u00a0Risultati e liste di partenza live\u00a0\u00a0livstreaming Tutto\u2026","rel":"","context":"In &quot;Pista&quot;","block_context":{"text":"Pista","link":"https:\/\/uscatletica.ch\/wp\/?cat=4"},"img":{"alt_text":"","src":"https:\/\/i0.wp.com\/uscatletica.ch\/wp\/wp-content\/uploads\/2020\/07\/mhgiavor200807.png?fit=1200%2C902&ssl=1&resize=350%2C200","width":350,"height":200,"srcset":"https:\/\/i0.wp.com\/uscatletica.ch\/wp\/wp-content\/uploads\/2020\/07\/mhgiavor200807.png?fit=1200%2C902&ssl=1&resize=350%2C200 1x, https:\/\/i0.wp.com\/uscatletica.ch\/wp\/wp-content\/uploads\/2020\/07\/mhgiavor200807.png?fit=1200%2C902&ssl=1&resize=525%2C300 1.5x, https:\/\/i0.wp.com\/uscatletica.ch\/wp\/wp-content\/uploads\/2020\/07\/mhgiavor200807.png?fit=1200%2C902&ssl=1&resize=700%2C400 2x, https:\/\/i0.wp.com\/uscatletica.ch\/wp\/wp-content\/uploads\/2020\/07\/mhgiavor200807.png?fit=1200%2C902&ssl=1&resize=1050%2C600 3x"},"classes":[]},{"id":20549,"url":"https:\/\/uscatletica.ch\/wp\/?p=20549","url_meta":{"origin":18171,"position":4},"title":"A Gordola arrivano le prime medaglie del 2025","author":"Leonida Stampanoni","date":"1 Febbraio 2025","format":false,"excerpt":"Alla Regazzi di Gordola ha ospitato i campionati ticinesi giovanili e gli assoluti salti e lanci l'USC ha raccolto un ottimo bottino di medaglie. Marta ha vinto un argento nell'alto e un bronzo nel lungo agli assoluti. Ai giovanili medaglie per Mattia, No\u00e9 ed Alice.\u00a0 Prezioso anche il contributo \u00a0di\u2026","rel":"","context":"In &quot;Pista&quot;","block_context":{"text":"Pista","link":"https:\/\/uscatletica.ch\/wp\/?cat=4"},"img":{"alt_text":"","src":"https:\/\/i0.wp.com\/uscatletica.ch\/wp\/wp-content\/uploads\/2025\/02\/20250201magipodio.jpeg?fit=432%2C324&ssl=1&resize=350%2C200","width":350,"height":200},"classes":[]},{"id":18173,"url":"https:\/\/uscatletica.ch\/wp\/?p=18173","url_meta":{"origin":18171,"position":5},"title":"Poker di podi ai Giovanili","author":"Leonida Stampanoni","date":"30 Settembre 2023","format":false,"excerpt":"Una splendida giornata autunnale ha accolto al comunale di Bellinzona le oltre 200 giovani leve dell'atletica ticinese impegnate nei campionati ticinesi U16 U18. 14 le giovani promesse USC che ci hanno regalato ben 4 medaglie. \u00a0Tre nei lanci con Kora, Elia e Lara \u00a0ed una negli 800 m con Martina.\u2026","rel":"","context":"In &quot;Non catalogato&quot;","block_context":{"text":"Non catalogato","link":"https:\/\/uscatletica.ch\/wp\/?cat=6"},"img":{"alt_text":"","src":"https:\/\/i0.wp.com\/uscatletica.ch\/wp\/wp-content\/uploads\/2023\/08\/230815ovactoschna.jpg?fit=640%2C480&ssl=1&resize=350%2C200","width":350,"height":200,"srcset":"https:\/\/i0.wp.com\/uscatletica.ch\/wp\/wp-content\/uploads\/2023\/08\/230815ovactoschna.jpg?fit=640%2C480&ssl=1&resize=350%2C200 1x, https:\/\/i0.wp.com\/uscatletica.ch\/wp\/wp-content\/uploads\/2023\/08\/230815ovactoschna.jpg?fit=640%2C480&ssl=1&resize=525%2C300 1.5x"},"classes":[]}],"_links":{"self":[{"href":"https:\/\/uscatletica.ch\/wp\/index.php?rest_route=\/wp\/v2\/posts\/18171","targetHints":{"allow":["GET"]}}],"collection":[{"href":"https:\/\/uscatletica.ch\/wp\/index.php?rest_route=\/wp\/v2\/posts"}],"about":[{"href":"https:\/\/uscatletica.ch\/wp\/index.php?rest_route=\/wp\/v2\/types\/post"}],"author":[{"embeddable":true,"href":"https:\/\/uscatletica.ch\/wp\/index.php?rest_route=\/wp\/v2\/users\/4"}],"replies":[{"embeddable":true,"href":"https:\/\/uscatletica.ch\/wp\/index.php?rest_route=%2Fwp%2Fv2%2Fcomments&post=18171"}],"version-history":[{"count":1,"href":"https:\/\/uscatletica.ch\/wp\/index.php?rest_route=\/wp\/v2\/posts\/18171\/revisions"}],"predecessor-version":[{"id":18172,"href":"https:\/\/uscatletica.ch\/wp\/index.php?rest_route=\/wp\/v2\/posts\/18171\/revisions\/18172"}],"wp:featuredmedia":[{"embeddable":true,"href":"https:\/\/uscatletica.ch\/wp\/index.php?rest_route=\/wp\/v2\/media\/2773"}],"wp:attachment":[{"href":"https:\/\/uscatletica.ch\/wp\/index.php?rest_route=%2Fwp%2Fv2%2Fmedia&parent=18171"}],"wp:term":[{"taxonomy":"category","embeddable":true,"href":"https:\/\/uscatletica.ch\/wp\/index.php?rest_route=%2Fwp%2Fv2%2Fcategories&post=18171"},{"taxonomy":"post_tag","embeddable":true,"href":"https:\/\/uscatletica.ch\/wp\/index.php?rest_route=%2Fwp%2Fv2%2Ftags&post=18171"}],"curies":[{"name":"wp","href":"https:\/\/api.w.org\/{rel}","templated":true}]}}