{"id":18173,"date":"2023-09-30T20:47:39","date_gmt":"2023-09-30T18:47:39","guid":{"rendered":"https:\/\/uscatletica.ch\/wp\/?p=18173"},"modified":"2023-10-07T20:01:54","modified_gmt":"2023-10-07T18:01:54","slug":"poker-di-podi-ai-giovanili","status":"publish","type":"post","link":"https:\/\/uscatletica.ch\/wp\/?p=18173","title":{"rendered":"Poker di podi ai Giovanili"},"content":{"rendered":"\n<p>Una splendida giornata autunnale ha accolto al comunale di Bellinzona le oltre 200 giovani leve dell&#8217;atletica ticinese impegnate nei campionati ticinesi U16 U18. 14 le giovani promesse USC che ci hanno regalato ben 4 medaglie. \u00a0Tre nei lanci con Kora, Elia e Lara \u00a0ed una negli 800 m con Martina. Tutte e tutti hanno gareggiato con grinta e passione staccando diversi personali. Sempre prezioso il contributo degli allenatori presenti Loris, Marco, Elisa, Gionata e Leonida.\u00a0<\/p>\n<p><a href=\"https:\/\/drive.google.com\/drive\/u\/1\/folders\/1yyRbdEOSTIrn8ah_zX3TvuvIrRqvrvnI\" target=\"_blank\" rel=\"noopener\">La classifica<\/a>\u00a0<a href=\"https:\/\/slv.laportal.net\/Competitions\/Details\/11183\" target=\"_blank\" rel=\"noopener\">Risultati Live<\/a><\/p>\n<h3>U18 UN ARGENTO E TRIS DI BRONZI<\/h3>\n<p>Nella pedana del peso Kora con 9.64 m \u00e8 giunta al sesto lancio al comando ma la favorita Ylva Bay(USA) ha scagliato i 3 kg a \u00a09.80 per conquistare il titolo. Nel peso maschile Elia con 10.99 si migliora di quasi un metro ma lo scarso numero di partecipanti gli nega il titolo. Nel giavellotto con 35.61 m vince la medaglia di Bronzo nella gara vinta da triplice campione ticinese Matteo De Biasio (GAB). \u00a0Nel Giavellotto femminile Lara S. con 30.34 termina terza la migliore \u00e8 stata Sara Gianinazzi. Sugli 800 m Aurora De Marco (GAB) vola subito via verso il titolo. Martina, dopo un avvio velocissimo lotta fino sul traguardo e finisce terza in 2&#8217;32&#8243;41. \u00a0Nella pedana del lungo la medaglia a lungo cullata da Marta con 4.89 m svanisce all&#8217;ultimo salto quando Lea Rossi (SAB) atterra a 4.92 m. il titolo con 5.24 e per Ivana Pirolli (USA). \u00a0Sui 100 m arrivano due primati personali e due finali Lea chiude sesta in 13&#8243;28 seguita da Marta \u00a013&#8243;62. \u00a0Lea si conferma sui 200 m in 27&#8243;40 personale e quinto rango . Carol Brechb\u00fchl \u00a0(GAB)firma la doppietta 100 m -200 m<\/p>\n<p>Al maschile grande spettacolo e doppietta per Leonardo Ambiveri (SAL) con le due migliori prestazione tecniche di giornata. \u00a0<\/p>\n<h3>U16 TANTI PERSONALI ED ALCUNI PODI SFIORATI<\/h3>\n<p>Nella pedana del salto in alto No\u00e8 sale spedito fino a 1.51 migliorando il proprio personale e conquistando il quarto rango nulla da fare a 1.54m vittoria per Floriano Barbaresco (Virtus) con 1.63m . Sugli 80 m Alice in 10&#8243;67 \u00e8 sesta nella finale che regala la vittoria ad Azzurra Visetti (SAM) 10&#8243;36.Alice aveva ottenuto il miglior tempo di 10&#8243;56 al primo turno ed il sesto con 10&#8243;69 in semifinale. \u00a0Melissa in 11&#8243;07 firma il personale al primo turno poi si ferma in semifinale \u00a0con 11&#8243;19. \u00a0Bene anche le giovani Asia 11&#8243;69 e Camilla 12&#8243;05 il. \u00a0Sui 600 m maschili Eric Huanca Quispe (Vigor) vince in 1&#8217;22&#8243;53 quarta prestazione svizzera di ogni tempo No\u00e8 \u00e8 quinto con il nuovo personale di 1&#8217;40&#8243;19. Grande prestazione anche per Tosca Del Siro (GAD) in 1&#8217;36&#8243;04 personale per Am\u00e9lie 1&#8217;59&#8243;50 e Olivia 2&#8217;05&#8243;93. Nella pedana del salto in lungo vince la triplice campionessa \u00a0Elisa Tricarico (SAM) con 5.18 m. Melissa atterra a 4.37 m Asia a 4.07 m \u00a0 Camilla 3.92 m, Am\u00e9lie 3.83 m.<\/p>\n<p>La stagione in pista si chiude qua ora spazio alle ultime staffette e corse podistiche ASTi\u00a0<\/p>\n<table border=\"0\" cellspacing=\"0\"><colgroup width=\"188\"><\/colgroup><colgroup width=\"118\"><\/colgroup><colgroup span=\"2\" width=\"70\"><\/colgroup>\n<tbody>\n<tr>\n<td align=\"left\" height=\"23\"><span style=\"color: #000000; font-family: Geneva;\">\u00a0<\/span><\/td>\n<td align=\"right\" bgcolor=\"#FFBF00\"><span style=\"font-family: Geneva;\">1<\/span><\/td>\n<td align=\"right\" bgcolor=\"#999999\"><span style=\"font-family: Geneva;\">2<\/span><\/td>\n<td align=\"right\" bgcolor=\"#B47804\"><span style=\"font-family: Geneva;\">3<\/span><\/td>\n<\/tr>\n<tr>\n<td align=\"left\" height=\"23\"><span style=\"color: #000000; font-family: Geneva;\">GA Bellinzona<\/span><\/td>\n<td align=\"right\"><b><span style=\"font-family: Geneva;\">10<\/span><\/b><\/td>\n<td align=\"right\"><b><span style=\"font-family: Geneva;\">6<\/span><\/b><\/td>\n<td align=\"right\"><b><span style=\"font-family: Geneva;\">5<\/span><\/b><\/td>\n<\/tr>\n<tr>\n<td align=\"left\" height=\"23\"><span style=\"color: #000000; font-family: Geneva;\">SA Massagno<\/span><\/td>\n<td align=\"right\"><b><span style=\"font-family: Geneva;\">9<\/span><\/b><\/td>\n<td align=\"right\"><b><span style=\"font-family: Geneva;\">1<\/span><\/b><\/td>\n<td align=\"right\"><b><span style=\"font-family: Geneva;\">2<\/span><\/b><\/td>\n<\/tr>\n<tr>\n<td align=\"left\" height=\"23\"><span style=\"color: #000000; font-family: Geneva;\">US Ascona<\/span><\/td>\n<td align=\"right\"><b><span style=\"font-family: Geneva;\">5<\/span><\/b><\/td>\n<td align=\"right\"><b><span style=\"font-family: Geneva;\">5<\/span><\/b><\/td>\n<td align=\"right\"><b><span style=\"font-family: Geneva;\">2<\/span><\/b><\/td>\n<\/tr>\n<tr>\n<td align=\"left\" height=\"23\"><span style=\"color: #000000; font-family: Geneva;\">Virtus Locarno<\/span><\/td>\n<td align=\"right\"><b><span style=\"font-family: Geneva;\">3<\/span><\/b><\/td>\n<td align=\"right\"><b><span style=\"font-family: Geneva;\">4<\/span><\/b><\/td>\n<td align=\"right\"><b><span style=\"color: #ffffff; font-family: Geneva;\">0<\/span><\/b><\/td>\n<\/tr>\n<tr>\n<td align=\"left\" height=\"23\"><span style=\"color: #000000; font-family: Geneva;\">SA Lugano<\/span><\/td>\n<td align=\"right\"><b><span style=\"font-family: Geneva;\">2<\/span><\/b><\/td>\n<td align=\"right\"><b><span style=\"font-family: Geneva;\">2<\/span><\/b><\/td>\n<td align=\"right\"><b><span style=\"font-family: Geneva;\">2<\/span><\/b><\/td>\n<\/tr>\n<tr>\n<td align=\"left\" height=\"23\"><span style=\"color: #000000; font-family: Geneva;\">GA Dongio<\/span><\/td>\n<td align=\"right\"><b><span style=\"font-family: Geneva;\">1<\/span><\/b><\/td>\n<td align=\"right\"><b><span style=\"font-family: Geneva;\">1<\/span><\/b><\/td>\n<td align=\"right\"><b><span style=\"color: #ffffff; font-family: Geneva;\">0<\/span><\/b><\/td>\n<\/tr>\n<tr>\n<td align=\"left\" height=\"29\"><span style=\"color: #000000; font-family: Geneva;\">Vigor Ligornetto<\/span><\/td>\n<td align=\"right\"><b><span style=\"font-family: Geneva;\">1<\/span><\/b><\/td>\n<td align=\"right\"><b><span style=\"color: #ffffff; font-family: Geneva;\">0<\/span><\/b><\/td>\n<td align=\"right\"><b><span style=\"font-family: Geneva;\">1<\/span><\/b><\/td>\n<\/tr>\n<tr>\n<td align=\"left\" height=\"29\"><span style=\"color: #000000; font-family: Geneva;\">Atletica Mendrisiotto<\/span><\/td>\n<td align=\"right\"><b><span style=\"color: #ffffff; font-family: Geneva;\">0<\/span><\/b><\/td>\n<td align=\"right\"><b><span style=\"font-family: Geneva;\">4<\/span><\/b><\/td>\n<td align=\"right\"><b><span style=\"font-family: Geneva;\">5<\/span><\/b><\/td>\n<\/tr>\n<tr>\n<td align=\"left\" height=\"28\"><span style=\"color: #000000; font-family: Geneva;\">SFG Chiasso<\/span><\/td>\n<td align=\"right\"><b><span style=\"color: #ffffff; font-family: Geneva;\">0<\/span><\/b><\/td>\n<td align=\"right\"><b><span style=\"font-family: Geneva;\">2<\/span><\/b><\/td>\n<td align=\"right\"><b><span style=\"font-family: Geneva;\">2<\/span><\/b><\/td>\n<\/tr>\n<tr>\n<td align=\"left\" height=\"44\"><span style=\"color: #000000; font-family: Geneva;\">AS Monteceneri<\/span><\/td>\n<td align=\"right\"><b><span style=\"color: #ffffff; font-family: Geneva;\">0<\/span><\/b><\/td>\n<td align=\"right\"><b><span style=\"font-family: Geneva;\">2<\/span><\/b><\/td>\n<td align=\"right\"><b><span style=\"font-family: Geneva;\">1<\/span><\/b><\/td>\n<\/tr>\n<tr>\n<td align=\"left\" height=\"23\"><span style=\"color: #000000; font-family: Geneva;\">ASSPO Riva S. Vitale<\/span><\/td>\n<td align=\"right\"><b><span style=\"color: #ffffff; font-family: Geneva;\">0<\/span><\/b><\/td>\n<td align=\"right\"><b><span style=\"font-family: Geneva;\">2<\/span><\/b><\/td>\n<td align=\"right\"><b><span style=\"color: #ffffff; font-family: Geneva;\">0<\/span><\/b><\/td>\n<\/tr>\n<tr>\n<td align=\"left\" height=\"23\"><span style=\"color: #000000; font-family: Geneva;\">SFG Biasca<\/span><\/td>\n<td align=\"right\"><b><span style=\"color: #ffffff; font-family: Geneva;\">0<\/span><\/b><\/td>\n<td align=\"right\"><b><span style=\"font-family: Geneva;\">1<\/span><\/b><\/td>\n<td align=\"right\"><b><span style=\"font-family: Geneva;\">4<\/span><\/b><\/td>\n<\/tr>\n<tr>\n<td align=\"left\" height=\"23\"><span style=\"color: #000000; font-family: Geneva;\">US Capriaschese<\/span><\/td>\n<td align=\"right\"><b><span style=\"color: #ffffff; font-family: Geneva;\">0<\/span><\/b><\/td>\n<td align=\"right\"><b><span style=\"font-family: Geneva;\">1<\/span><\/b><\/td>\n<td align=\"right\"><b><span style=\"font-family: Geneva;\">3<\/span><\/b><\/td>\n<\/tr>\n<tr>\n<td align=\"left\" height=\"23\"><span style=\"color: #000000; font-family: Geneva;\">SA Bellinzona<\/span><\/td>\n<td align=\"right\"><b><span style=\"color: #ffffff; font-family: Geneva;\">0<\/span><\/b><\/td>\n<td align=\"right\"><b><span style=\"color: #ffffff; font-family: Geneva;\">0<\/span><\/b><\/td>\n<td align=\"right\"><b><span style=\"font-family: Geneva;\">4<\/span><\/b><\/td>\n<\/tr>\n<tr>\n<td align=\"left\" height=\"23\"><span style=\"color: #000000; font-family: Geneva;\">Atletica Tenero 90 <\/span><\/td>\n<td align=\"right\"><b><span style=\"color: #ffffff; font-family: Geneva;\">0<\/span><\/b><\/td>\n<td align=\"right\"><b><span style=\"color: #ffffff; font-family: Geneva;\">0<\/span><\/b><\/td>\n<td align=\"right\"><b><span style=\"font-family: Geneva;\">1<\/span><\/b><\/td>\n<\/tr>\n<\/tbody>\n<\/table>\n","protected":false},"excerpt":{"rendered":"<p>Una splendida giornata autunnale ha accolto al comunale di Bellinzona le oltre 200 giovani leve dell&#8217;atletica ticinese impegnate nei campionati ticinesi U16 U18. 14 le giovani promesse USC che ci hanno regalato ben 4 medaglie. \u00a0Tre nei lanci con Kora, Elia e Lara \u00a0ed una negli 800 m con Martina. Tutte e tutti hanno gareggiato con grinta e passione staccando diversi personali. Sempre prezioso il contributo degli allenatori presenti Loris, Marco, Elisa, Gionata e Leonida.\u00a0&#8230;<\/p>\n","protected":false},"author":4,"featured_media":17872,"comment_status":"closed","ping_status":"closed","sticky":false,"template":"","format":"standard","meta":{"jetpack_post_was_ever_published":false,"_jetpack_newsletter_access":"","_jetpack_dont_email_post_to_subs":false,"_jetpack_newsletter_tier_id":0,"_jetpack_memberships_contains_paywalled_content":false,"_jetpack_memberships_contains_paid_content":false,"footnotes":"","jetpack_publicize_message":"","jetpack_publicize_feature_enabled":true,"jetpack_social_post_already_shared":true,"jetpack_social_options":{"image_generator_settings":{"template":"highway","default_image_id":0,"font":"","enabled":false},"version":2}},"categories":[6,4,9],"tags":[],"class_list":["post-18173","post","type-post","status-publish","format-standard","has-post-thumbnail","hentry","category-non-catalogato","category-pista","category-sport"],"jetpack_publicize_connections":[],"jetpack_featured_media_url":"https:\/\/i0.wp.com\/uscatletica.ch\/wp\/wp-content\/uploads\/2023\/08\/230815ovactoschna.jpg?fit=640%2C480&ssl=1","jetpack_sharing_enabled":true,"jetpack_shortlink":"https:\/\/wp.me\/p6V7Ck-4J7","jetpack-related-posts":[{"id":18171,"url":"https:\/\/uscatletica.ch\/wp\/?p=18171","url_meta":{"origin":18173,"position":0},"title":"USCini ambiziosi ai CT U16 U18","author":"Leonida Stampanoni","date":"29 Settembre 2023","format":false,"excerpt":"Sabato al comunale di Bellinzona a partire dalle 10.45 saranno 250 le giovane leve dell'atletica a sfidarsi in occasione dei campionati ticinesi U16 U18. Il GA Bellinzona mette in palio ben 31 titoli ed in pista di ci saranno tutti i campioni svizzeri 2023. \u00a0Sedici le presenze USC tre ragazzi\u2026","rel":"","context":"In &quot;Pista&quot;","block_context":{"text":"Pista","link":"https:\/\/uscatletica.ch\/wp\/?cat=4"},"img":{"alt_text":"","src":"https:\/\/i0.wp.com\/uscatletica.ch\/wp\/wp-content\/uploads\/2016\/09\/P1430921.jpg?fit=422%2C563&ssl=1&resize=350%2C200","width":350,"height":200},"classes":[]},{"id":17354,"url":"https:\/\/uscatletica.ch\/wp\/?p=17354","url_meta":{"origin":18173,"position":1},"title":"Un gran bel Meeting Capriaschese sotto la pioggia","author":"Leonida Stampanoni","date":"24 Maggio 2023","format":false,"excerpt":"La pioggia e le folate di vento non hanno frenato l'entusiasmo dei 200 atleti scesi in pista al meeting Capriaschese, ottimamente riuscito grazie allo sforzo organizzativo appassionato dei collaboratori USC.\u00a0 A livello agonistico sono stati sfiorati due primati dello stadio con Simone Roberto sugli 800 m e con Niang Sokhna\u2026","rel":"","context":"In &quot;Altro&quot;","block_context":{"text":"Altro","link":"https:\/\/uscatletica.ch\/wp\/?cat=11"},"img":{"alt_text":"","src":"https:\/\/i0.wp.com\/uscatletica.ch\/wp\/wp-content\/uploads\/2023\/05\/Meeting-USC-24-maggio-Foto-EliSta-5-scaled.jpg?fit=1200%2C800&ssl=1&resize=350%2C200","width":350,"height":200,"srcset":"https:\/\/i0.wp.com\/uscatletica.ch\/wp\/wp-content\/uploads\/2023\/05\/Meeting-USC-24-maggio-Foto-EliSta-5-scaled.jpg?fit=1200%2C800&ssl=1&resize=350%2C200 1x, https:\/\/i0.wp.com\/uscatletica.ch\/wp\/wp-content\/uploads\/2023\/05\/Meeting-USC-24-maggio-Foto-EliSta-5-scaled.jpg?fit=1200%2C800&ssl=1&resize=525%2C300 1.5x, https:\/\/i0.wp.com\/uscatletica.ch\/wp\/wp-content\/uploads\/2023\/05\/Meeting-USC-24-maggio-Foto-EliSta-5-scaled.jpg?fit=1200%2C800&ssl=1&resize=700%2C400 2x, https:\/\/i0.wp.com\/uscatletica.ch\/wp\/wp-content\/uploads\/2023\/05\/Meeting-USC-24-maggio-Foto-EliSta-5-scaled.jpg?fit=1200%2C800&ssl=1&resize=1050%2C600 3x"},"classes":[]},{"id":10526,"url":"https:\/\/uscatletica.ch\/wp\/?p=10526","url_meta":{"origin":18173,"position":2},"title":"Matilda Vola al comunale","author":"Leonida Stampanoni","date":"24 Giugno 2020","format":false,"excerpt":"Il primo meeting della stagione 2020 ha riservato una gran bella soddisfazione per la nostra giovane sprinter Matilda bene anche Leila \u00a0nella pedana del peso solita vittoria per Giada. Nella Swiss Athletics Junior Challenge buone prestazioni anche a Rivera. Alla sua terza uscita sui 100 m Matilda abbatte la barriera\u2026","rel":"","context":"In &quot;Pista&quot;","block_context":{"text":"Pista","link":"https:\/\/uscatletica.ch\/wp\/?cat=4"},"img":{"alt_text":"","src":"https:\/\/i0.wp.com\/uscatletica.ch\/wp\/wp-content\/uploads\/2019\/05\/rvmatilda190529.jpg?fit=432%2C231&ssl=1&resize=350%2C200","width":350,"height":200},"classes":[]},{"id":12529,"url":"https:\/\/uscatletica.ch\/wp\/?p=12529","url_meta":{"origin":18173,"position":3},"title":"GRAND PRIX FTAL A LUGANO LA PRIMA TAPPA 2021","author":"Leonida Stampanoni","date":"12 Giugno 2021","format":false,"excerpt":"La stagione agonistica 2021 sta entrando nel vivo domenica 13 giugno si correr\u00e0 la prima tappa del GRAND PRIX BANCASTATO allo stadio di Cornaredo ben 14 gli USCini al via nell'ultima gara prima del nostro meeting casalingo.Per i pi\u00f9 giovani si avvicinano anche i campionati regionali di Zurich.\u00a0 La domani\u2026","rel":"","context":"In &quot;Pista&quot;","block_context":{"text":"Pista","link":"https:\/\/uscatletica.ch\/wp\/?cat=4"},"img":{"alt_text":"","src":"https:\/\/i0.wp.com\/uscatletica.ch\/wp\/wp-content\/uploads\/2021\/03\/P1060810.jpeg?fit=420%2C315&ssl=1&resize=350%2C200","width":350,"height":200},"classes":[]},{"id":17865,"url":"https:\/\/uscatletica.ch\/wp\/?p=17865","url_meta":{"origin":18173,"position":4},"title":"Kora bronzo e titolo U20 nel Getto del peso","author":"Leonida Stampanoni","date":"26 Agosto 2023","format":false,"excerpt":"La prima giornata dei campionati ticinesi assoluti ha regalato all'USC l'argento nel getto del peso nel segno della tradizione \u00a0dopo la lunga serie di medaglie iniziate da C\u00e8line (2016-2019) e Giada (2018-2022). Venerd\u00ec sera \u00e8 arrivato il turno di Kora che ha vinto pure il titolo U20. Matilda invece sfiora\u2026","rel":"","context":"In &quot;Pista&quot;","block_context":{"text":"Pista","link":"https:\/\/uscatletica.ch\/wp\/?cat=4"},"img":{"alt_text":"","src":"https:\/\/i0.wp.com\/uscatletica.ch\/wp\/wp-content\/uploads\/2023\/08\/230825kora.jpg?fit=352%2C284&ssl=1&resize=350%2C200","width":350,"height":200},"classes":[]},{"id":6641,"url":"https:\/\/uscatletica.ch\/wp\/?p=6641","url_meta":{"origin":18173,"position":5},"title":"CT U16 U18 5 Medaglie USC AL Lido  tris di Giada (Classifiche)","author":"Leonida Stampanoni","date":"29 Settembre 2018","format":false,"excerpt":"Al Lido di Locarno una calda giornata estiva d'inizio autunno, ha permesso un ideale svolgimento dei campionati ticinesi giovanili. Una quindicina gli USCini impegnati a correre saltare e lanciare. Quest'ultimo settore \u00e8 quello che ci ha regalato le maggiori soddisfazioni Giada ha vinto un set completo di medaglie con la\u2026","rel":"","context":"In &quot;Non catalogato&quot;","block_context":{"text":"Non catalogato","link":"https:\/\/uscatletica.ch\/wp\/?cat=6"},"img":{"alt_text":"","src":"https:\/\/i0.wp.com\/uscatletica.ch\/wp\/wp-content\/uploads\/2018\/09\/gidactu16.jpg?resize=350%2C200&ssl=1","width":350,"height":200},"classes":[]}],"_links":{"self":[{"href":"https:\/\/uscatletica.ch\/wp\/index.php?rest_route=\/wp\/v2\/posts\/18173","targetHints":{"allow":["GET"]}}],"collection":[{"href":"https:\/\/uscatletica.ch\/wp\/index.php?rest_route=\/wp\/v2\/posts"}],"about":[{"href":"https:\/\/uscatletica.ch\/wp\/index.php?rest_route=\/wp\/v2\/types\/post"}],"author":[{"embeddable":true,"href":"https:\/\/uscatletica.ch\/wp\/index.php?rest_route=\/wp\/v2\/users\/4"}],"replies":[{"embeddable":true,"href":"https:\/\/uscatletica.ch\/wp\/index.php?rest_route=%2Fwp%2Fv2%2Fcomments&post=18173"}],"version-history":[{"count":1,"href":"https:\/\/uscatletica.ch\/wp\/index.php?rest_route=\/wp\/v2\/posts\/18173\/revisions"}],"predecessor-version":[{"id":18174,"href":"https:\/\/uscatletica.ch\/wp\/index.php?rest_route=\/wp\/v2\/posts\/18173\/revisions\/18174"}],"wp:featuredmedia":[{"embeddable":true,"href":"https:\/\/uscatletica.ch\/wp\/index.php?rest_route=\/wp\/v2\/media\/17872"}],"wp:attachment":[{"href":"https:\/\/uscatletica.ch\/wp\/index.php?rest_route=%2Fwp%2Fv2%2Fmedia&parent=18173"}],"wp:term":[{"taxonomy":"category","embeddable":true,"href":"https:\/\/uscatletica.ch\/wp\/index.php?rest_route=%2Fwp%2Fv2%2Fcategories&post=18173"},{"taxonomy":"post_tag","embeddable":true,"href":"https:\/\/uscatletica.ch\/wp\/index.php?rest_route=%2Fwp%2Fv2%2Ftags&post=18173"}],"curies":[{"name":"wp","href":"https:\/\/api.w.org\/{rel}","templated":true}]}}