{"id":18187,"date":"2023-10-07T20:33:09","date_gmt":"2023-10-07T18:33:09","guid":{"rendered":"https:\/\/uscatletica.ch\/wp\/?p=18187"},"modified":"2023-10-07T20:33:14","modified_gmt":"2023-10-07T18:33:14","slug":"usc-bene-a-giornico","status":"publish","type":"post","link":"https:\/\/uscatletica.ch\/wp\/?p=18187","title":{"rendered":"USC Bene a Giornico"},"content":{"rendered":"\n<p>Erano quasi una ventina gli USCini al via della corsa delle 7 chiese di Giornico \u00a0penultima prova delle Coppe ASTi BancaStato \u00a0Podismo e Giovanile che si chiuderanno sabati 21 ottobre con il Gir dal Diavol.\u00a0<\/p>\n<p>Nelle gare giovanili doppietta tra le U16 con Lila ed Elsa, tra i ragazzi No\u00e9 a podio. Mattia (U14) e Viola (U12) vanno a podio nella gara agli 1.5 km . Nelle categorie fuori coppa vince Alicia mentre Linda \u00e9 seconda. Nella gara principale Jonathan e Selina sono secondi Alex e Cecilia terzi\u00a0<\/p>\n<p><a href=\"https:\/\/my.raceresult.com\/261467\/results#5_37E89A\" target=\"_blank\" rel=\"noopener\">I rsiultati<\/a><\/p>\n<p>Nella gara delle 7 chiese sui 7 km vince Lukas Oehen su Tommaso Marani . Alex in 25:46 \u00a0\u00e8 terzo M40 davanti a Alessandro 27&#8217;15. Jonathan in 27&#8217;01 chiude secondo degli M50. \u00a0All&#8217;ultimo anno tra gli M40 \u00a0Gionata 29&#8243;10 e Leonida 29&#8217;33 chiudono la top ten seguiti da Guido 33&#8217;15. La moglie Jana in 33&#8217;09 chiude quinta tra le F40. Selina 38&#8217;57 e Cecilia 42&#8217;07 sono seconde e terze tra le U18-U20F. Giancarlo in 33&#8217;53 \u00e8 quinto tra gli M60.<\/p>\n<p>Le categorie U16 gareggiavano su due giri \u00a0Alla prima gara con la maglia USC Lila (13&#8217;11) festeggia subito la vittoria vincendo la volata con Elsa (13&#8217;12), Olivia (14&#8217;12) chiude al quinto rango. No\u00e9 (11&#8243;09) tra i ragazzi chiude terzo nella scia di Aris Bomio Pacciorini.\u00a0<\/p>\n<p>Nella gara U14-U12 una marea di maglie USC. Mattia \u00e9 terzo tra gli U14 in 5&#8217;32 seguito da Noah 5&#8217;43. Viola chiudendo in 6&#8217;43 \u00a0chiude terza per pochi secondi quinta \u00e8 Agata (7&#8217;05).Tra le ragazze U14 Anais(6&#8217;23) \u00e8 quinta, Am\u00e9lie (6&#8217;25) settima, seguita da Dalia (6&#8217;30) e Asia (6&#8217;32). Nella gara U12 Giosu\u00e8 \u00e8 quinto in 6&#8217;28 seguono \u00a0Remo (6&#8217;30), Nicol\u00f2 (6&#8217;32), Jacopo (7&#8217;07)<\/p>\n<p>Alicia \u00e8 la pi\u00f9 veloce in assoluto della categoria U10 superando anche i ragazzi mentre Linda giunge seconda tra le U8.\u00a0<\/p>\n<p>T<\/p>\n<p>\u00a0<\/p>\n","protected":false},"excerpt":{"rendered":"<p>Erano quasi una ventina gli USCini al via della corsa delle 7 chiese di Giornico \u00a0penultima prova delle Coppe ASTi BancaStato \u00a0Podismo e Giovanile che si chiuderanno sabati 21 ottobre con il Gir dal Diavol.\u00a0 Nelle gare giovanili doppietta tra le U16 con Lila ed Elsa, tra i ragazzi No\u00e9 a podio. Mattia (U14) e Viola (U12) vanno a podio nella gara agli 1.5 km . Nelle categorie fuori coppa vince Alicia mentre Linda \u00e9&#8230;<\/p>\n","protected":false},"author":4,"featured_media":16134,"comment_status":"closed","ping_status":"closed","sticky":false,"template":"","format":"standard","meta":{"jetpack_post_was_ever_published":false,"_jetpack_newsletter_access":"","_jetpack_dont_email_post_to_subs":false,"_jetpack_newsletter_tier_id":0,"_jetpack_memberships_contains_paywalled_content":false,"_jetpack_memberships_contains_paid_content":false,"footnotes":"","jetpack_publicize_message":"","jetpack_publicize_feature_enabled":true,"jetpack_social_post_already_shared":true,"jetpack_social_options":{"image_generator_settings":{"template":"highway","default_image_id":0,"font":"","enabled":false},"version":2}},"categories":[5,9],"tags":[],"class_list":["post-18187","post","type-post","status-publish","format-standard","has-post-thumbnail","hentry","category-podismo","category-sport"],"jetpack_publicize_connections":[],"jetpack_featured_media_url":"https:\/\/i0.wp.com\/uscatletica.ch\/wp\/wp-content\/uploads\/2022\/10\/221992sagnoU14M.jpg?fit=480%2C640&ssl=1","jetpack_sharing_enabled":true,"jetpack_shortlink":"https:\/\/wp.me\/p6V7Ck-4Jl","jetpack-related-posts":[{"id":20279,"url":"https:\/\/uscatletica.ch\/wp\/?p=20279","url_meta":{"origin":18187,"position":0},"title":"USC BRILLANTE ALLE 7 CHIESE e a Locarno","author":"Leonida Stampanoni","date":"12 Ottobre 2024","format":false,"excerpt":"La corsa delle 7 Chiese Giornico ha chiuso la stagione delle Coppa ASTi BancaStato Podismo \u00a0e Giovanile. Una ventina gli USCini al via tra gli oltre 100 partecipanti presentatisi sulla linea di partenza in Leventina. Tre vittorie con Alex, Jonathan e Linda e podi per Giosu\u00e8, Remo, Anais, Viola, No\u00e9\u2026","rel":"","context":"In &quot;Podismo&quot;","block_context":{"text":"Podismo","link":"https:\/\/uscatletica.ch\/wp\/?cat=5"},"img":{"alt_text":"","src":"https:\/\/i0.wp.com\/uscatletica.ch\/wp\/wp-content\/uploads\/2024\/10\/20247CHIESELOGlogo.jpg?fit=218%2C224&ssl=1&resize=350%2C200","width":350,"height":200},"classes":[]},{"id":16179,"url":"https:\/\/uscatletica.ch\/wp\/?p=16179","url_meta":{"origin":18187,"position":1},"title":"ALLE 7 CHIESE PIOGGIA DI PODI GIOVANILI","author":"Leonida Stampanoni","date":"8 Ottobre 2022","format":false,"excerpt":"Una bella mattinata di mezz'autunno in Bassa Leventina per la dozzina di USCine e Uscini al Giro delle 7 Chiese di giornico, penultima prova delle Coppe ASTi BancaStato podismo e giovanile prima del gran finale al nostro Gir dal Diavol che chiuder\u00e0 la stagione ASTi di podismo. \u00a0Tra ponti, isole\u2026","rel":"","context":"In &quot;Podismo&quot;","block_context":{"text":"Podismo","link":"https:\/\/uscatletica.ch\/wp\/?cat=5"},"img":{"alt_text":"","src":"https:\/\/i0.wp.com\/uscatletica.ch\/wp\/wp-content\/uploads\/2022\/09\/NOah22.jpg?fit=432%2C242&ssl=1&resize=350%2C200","width":350,"height":200},"classes":[]},{"id":21326,"url":"https:\/\/uscatletica.ch\/wp\/?p=21326","url_meta":{"origin":18187,"position":2},"title":"Bella USC a Giornico","author":"Leonida Stampanoni","date":"5 Ottobre 2025","format":false,"excerpt":"La nona edizione della corsa delle 7 Chiese valida anche come campionato ASTi ha chiuso la coppa ASTi BancaStato podismo e giovanile. Quasi 150 i partenti in piazza del museo Leventina, come da tradizioni folta la presenza USC con una ventina di atleti. Olivia vince il titolo ASTi, mentre a\u2026","rel":"","context":"In &quot;Podismo&quot;","block_context":{"text":"Podismo","link":"https:\/\/uscatletica.ch\/wp\/?cat=5"},"img":{"alt_text":"","src":"https:\/\/i0.wp.com\/uscatletica.ch\/wp\/wp-content\/uploads\/2025\/10\/202510047chiesee.jpg?fit=1200%2C901&ssl=1&resize=350%2C200","width":350,"height":200,"srcset":"https:\/\/i0.wp.com\/uscatletica.ch\/wp\/wp-content\/uploads\/2025\/10\/202510047chiesee.jpg?fit=1200%2C901&ssl=1&resize=350%2C200 1x, https:\/\/i0.wp.com\/uscatletica.ch\/wp\/wp-content\/uploads\/2025\/10\/202510047chiesee.jpg?fit=1200%2C901&ssl=1&resize=525%2C300 1.5x, https:\/\/i0.wp.com\/uscatletica.ch\/wp\/wp-content\/uploads\/2025\/10\/202510047chiesee.jpg?fit=1200%2C901&ssl=1&resize=700%2C400 2x, https:\/\/i0.wp.com\/uscatletica.ch\/wp\/wp-content\/uploads\/2025\/10\/202510047chiesee.jpg?fit=1200%2C901&ssl=1&resize=1050%2C600 3x"},"classes":[]},{"id":16950,"url":"https:\/\/uscatletica.ch\/wp\/?p=16950","url_meta":{"origin":18187,"position":3},"title":"USC BRILLA AL GIRO MEDIA BLENIO","author":"Leonida Stampanoni","date":"10 Aprile 2023","format":false,"excerpt":"Il giro Media Blenio \u00e8 tornato dopo due anni di pausa forzata, oltre 500 atlete ed atlete si sono ritrovati sulle strade di Dongio per la 39 edizione.Una ventina abbondante gli USCini al via. Con la nuova fiammante divisa di KVPLUS i nostri atleti e le nostre atlete hanno brillato.\u2026","rel":"","context":"In &quot;Podismo&quot;","block_context":{"text":"Podismo","link":"https:\/\/uscatletica.ch\/wp\/?cat=5"},"img":{"alt_text":"","src":"https:\/\/i0.wp.com\/uscatletica.ch\/wp\/wp-content\/uploads\/2023\/04\/IMG_6940.jpeg?fit=1200%2C801&ssl=1&resize=350%2C200","width":350,"height":200,"srcset":"https:\/\/i0.wp.com\/uscatletica.ch\/wp\/wp-content\/uploads\/2023\/04\/IMG_6940.jpeg?fit=1200%2C801&ssl=1&resize=350%2C200 1x, https:\/\/i0.wp.com\/uscatletica.ch\/wp\/wp-content\/uploads\/2023\/04\/IMG_6940.jpeg?fit=1200%2C801&ssl=1&resize=525%2C300 1.5x, https:\/\/i0.wp.com\/uscatletica.ch\/wp\/wp-content\/uploads\/2023\/04\/IMG_6940.jpeg?fit=1200%2C801&ssl=1&resize=700%2C400 2x, https:\/\/i0.wp.com\/uscatletica.ch\/wp\/wp-content\/uploads\/2023\/04\/IMG_6940.jpeg?fit=1200%2C801&ssl=1&resize=1050%2C600 3x"},"classes":[]},{"id":20460,"url":"https:\/\/uscatletica.ch\/wp\/?p=20460","url_meta":{"origin":18187,"position":4},"title":"CORSA DA NATAL una buona chiusura per gli USCini","author":"Leonida Stampanoni","date":"23 Dicembre 2024","format":false,"excerpt":"Ultimo appuntamento del 2024 sul lungolago di Ascona con la classica Corsa da Natal \u00a0USCini in gran forma. Valerio e Gionata \u00a0firmano la doppietta tra gli M50, Alex chiude secondo tra gli M40, Elisa ed Elena finiscono ai piedi nel podio nella gara giovanile \u00a0No\u00e9 chiude secondo come Linda e\u2026","rel":"","context":"In &quot;Podismo&quot;","block_context":{"text":"Podismo","link":"https:\/\/uscatletica.ch\/wp\/?cat=5"},"img":{"alt_text":"","src":"https:\/\/i0.wp.com\/uscatletica.ch\/wp\/wp-content\/uploads\/2017\/12\/robadricnatal17.jpg?fit=529%2C365&ssl=1&resize=350%2C200","width":350,"height":200,"srcset":"https:\/\/i0.wp.com\/uscatletica.ch\/wp\/wp-content\/uploads\/2017\/12\/robadricnatal17.jpg?fit=529%2C365&ssl=1&resize=350%2C200 1x, https:\/\/i0.wp.com\/uscatletica.ch\/wp\/wp-content\/uploads\/2017\/12\/robadricnatal17.jpg?fit=529%2C365&ssl=1&resize=525%2C300 1.5x"},"classes":[]},{"id":6207,"url":"https:\/\/uscatletica.ch\/wp\/?p=6207","url_meta":{"origin":18187,"position":5},"title":"Faido Running night 18 USCini in forma","author":"Leonida Stampanoni","date":"8 Giugno 2018","format":false,"excerpt":"La 10 edizione della Faido Running Night ha accolto quasi 200 partecipanti tra cui una decina di USCini a caccia degli ultimi punti validi per le coppe ASTi podismo e giovanile. Jonathan ha ottenuto il secondo rango assoluto ai piedi del podio Valerio, Kalinka. John. Nelle gare giovanili podi per\u2026","rel":"","context":"In &quot;Podismo&quot;","block_context":{"text":"Podismo","link":"https:\/\/uscatletica.ch\/wp\/?cat=5"},"img":{"alt_text":"","src":"https:\/\/i0.wp.com\/uscatletica.ch\/wp\/wp-content\/uploads\/2017\/06\/P1470177.jpg?fit=563%2C422&ssl=1&resize=350%2C200","width":350,"height":200,"srcset":"https:\/\/i0.wp.com\/uscatletica.ch\/wp\/wp-content\/uploads\/2017\/06\/P1470177.jpg?fit=563%2C422&ssl=1&resize=350%2C200 1x, https:\/\/i0.wp.com\/uscatletica.ch\/wp\/wp-content\/uploads\/2017\/06\/P1470177.jpg?fit=563%2C422&ssl=1&resize=525%2C300 1.5x"},"classes":[]}],"_links":{"self":[{"href":"https:\/\/uscatletica.ch\/wp\/index.php?rest_route=\/wp\/v2\/posts\/18187","targetHints":{"allow":["GET"]}}],"collection":[{"href":"https:\/\/uscatletica.ch\/wp\/index.php?rest_route=\/wp\/v2\/posts"}],"about":[{"href":"https:\/\/uscatletica.ch\/wp\/index.php?rest_route=\/wp\/v2\/types\/post"}],"author":[{"embeddable":true,"href":"https:\/\/uscatletica.ch\/wp\/index.php?rest_route=\/wp\/v2\/users\/4"}],"replies":[{"embeddable":true,"href":"https:\/\/uscatletica.ch\/wp\/index.php?rest_route=%2Fwp%2Fv2%2Fcomments&post=18187"}],"version-history":[{"count":2,"href":"https:\/\/uscatletica.ch\/wp\/index.php?rest_route=\/wp\/v2\/posts\/18187\/revisions"}],"predecessor-version":[{"id":18189,"href":"https:\/\/uscatletica.ch\/wp\/index.php?rest_route=\/wp\/v2\/posts\/18187\/revisions\/18189"}],"wp:featuredmedia":[{"embeddable":true,"href":"https:\/\/uscatletica.ch\/wp\/index.php?rest_route=\/wp\/v2\/media\/16134"}],"wp:attachment":[{"href":"https:\/\/uscatletica.ch\/wp\/index.php?rest_route=%2Fwp%2Fv2%2Fmedia&parent=18187"}],"wp:term":[{"taxonomy":"category","embeddable":true,"href":"https:\/\/uscatletica.ch\/wp\/index.php?rest_route=%2Fwp%2Fv2%2Fcategories&post=18187"},{"taxonomy":"post_tag","embeddable":true,"href":"https:\/\/uscatletica.ch\/wp\/index.php?rest_route=%2Fwp%2Fv2%2Ftags&post=18187"}],"curies":[{"name":"wp","href":"https:\/\/api.w.org\/{rel}","templated":true}]}}